{"id":17910,"date":"2024-05-10T02:38:30","date_gmt":"2024-05-10T02:38:30","guid":{"rendered":"https:\/\/geziyoo.co\/blog\/?p=17910"},"modified":"2026-02-04T11:34:46","modified_gmt":"2026-02-04T11:34:46","slug":"bademli-koyu-kamp-alanlari-ve-karavan-alanlari","status":"publish","type":"post","link":"http:\/\/geziyoo.co\/blog\/bademli-koyu-kamp-alanlari-ve-karavan-alanlari\/","title":{"rendered":"Bademli K\u00f6y\u00fc ve \u00c7evresi Denize S\u0131f\u0131r 3 Kamp Noktas\u0131 (Konum ve \u0130pu\u00e7lar\u0131)"},"content":{"rendered":"\n<p><strong>Bademli K\u00f6y\u00fc<\/strong>, \u0130zmir\u2019in kuzeyinde, zeytin a\u011fa\u00e7lar\u0131n\u0131n turkuaz sulara e\u011fildi\u011fi, &#8220;T\u00fcrkiye\u2019nin Maldivleri&#8221; yak\u0131\u015ft\u0131rmas\u0131n\u0131 sonuna kadar hak eden sakl\u0131 bir cennettir. Buradaki kamp k\u00fclt\u00fcr\u00fc, g\u00fcneyin kalabal\u0131k plajlar\u0131ndan \u00e7ok farkl\u0131d\u0131r; y\u00fcksek sesli m\u00fczik yerine a\u011fustos b\u00f6ceklerinin sesi, beton yap\u0131lar yerine as\u0131rl\u0131k zeytin a\u011fa\u00e7lar\u0131n\u0131n g\u00f6lgesi vard\u0131r. K\u00f6y o kadar huzurludur ki, beyaz kumlara uzand\u0131\u011f\u0131n\u0131zda kar\u015f\u0131n\u0131zdaki <strong>Kalem<\/strong> ve <strong>Garip<\/strong> adalar\u0131n\u0131n manzaras\u0131yla zaman\u0131n durdu\u011funu hissedersiniz.<\/p>\n\n\n\n<p>B\u00f6lgedeki kamp alanlar\u0131 genellikle denize s\u0131f\u0131r koylarda ve zeytinliklerin aras\u0131nda yo\u011funla\u015f\u0131r. En pop\u00fcler rota, beyaz kumsal\u0131 ve cilde iyi gelen do\u011fal kiliyle me\u015fhur <strong>Killik Koyu<\/strong> b\u00f6lgesidir; buras\u0131 hem \u015fifa arayanlar\u0131n hem de deniz keyfi yapanlar\u0131n ortak noktas\u0131d\u0131r. Daha sakin ve izole bir deneyim arayanlar ise, r\u00fczgara kar\u015f\u0131 korunakl\u0131 yap\u0131s\u0131 ve akvaryumu and\u0131ran suyuyla <strong>Pissa Koyu<\/strong>\u2019nun bakir d\u00fczl\u00fcklerine ka\u00e7ar.<\/p>\n\n\n\n<p>Biz Geziyoo olarak, Dikili\u2019nin bu inci tanesi k\u00f6y\u00fcnde \u00e7ad\u0131r\u0131n\u0131z\u0131 en keyifli \u015fekilde kurabilece\u011finiz noktalar\u0131 se\u00e7tik. Listemizde, konforlu bir tatil arayanlar i\u00e7in d\u00fczenli i\u015fletmeleri de, sadece do\u011fan\u0131n oldu\u011fu \u00fccretsiz ve sessiz koylar\u0131 da bir araya getirdik.<\/p>\n\n\n\n<p>\u0130ster <strong>Killik\u2019te<\/strong> do\u011fal kil banyosu yap\u0131p cildinizi yenileyin, ister <strong>Pissa\u2019da<\/strong> g\u00fcn bat\u0131m\u0131n\u0131n k\u0131z\u0131la boyad\u0131\u011f\u0131 denizi izleyin; yola \u00e7\u0131kmadan \u00f6nce yan\u0131n\u0131za mutlaka g\u00f6lge yapacak bir \u015femsiye veya tarp almay\u0131 unutmay\u0131n (zeytin a\u011fa\u00e7lar\u0131 bazen yetmeyebilir). \u0130\u015fte Bademli\u2019nin en iyi 3 kamp dura\u011f\u0131:<\/p>\n\n\n\n<p>Bademli K\u00f6y\u00fcnde unuttu\u011fumuz veya bilmedi\u011fimiz&nbsp;\u00c7ad\u0131r ve Karavan Kamp alan\u0131&nbsp;var ise l\u00fctfen yorumlar k\u0131sm\u0131ndan bizlerle payla\u015f\u0131n.Bademli K\u00f6y\u00fc haricinde Kamp Alan\u0131, Bungalov veya Da\u011f evi ar\u0131yorsan\u0131z ,&nbsp;<a href=\"https:\/\/geziyoo.co\/?select=Karavan+Kamp%C4%B1&amp;lp_s_loc=&amp;lp_s_tag=&amp;lp_s_cat=229&amp;s=home&amp;post_type=listing\"><em><strong>500\u2019den fazla Kamp ve Karavan Yeri<\/strong><\/em><\/a>&nbsp;sayfam\u0131za bakman\u0131z\u0131 tavsiye diyoruz.Bu konuma yak\u0131nsan\u0131z ayr\u0131ca <strong><em><a href=\"https:\/\/geziyoo.co\/blog\/assos-kamp-alanlari-ve-karavan-alanlari\/\" data-type=\"post\" data-id=\"9146\">Assos Kamp Alanlar\u0131<\/a><\/em><\/strong> i\u00e7eri\u011fimizde ilginizi \u00e7ekebilir.<\/p>\n\n\n\n<p>Fazla uzatmadan&nbsp;<strong>Bademli K\u00f6y\u00fc Kamp Alanlar\u0131 ve Karavan Alanlar\u0131<\/strong>&nbsp;listemize ge\u00e7elim.Bu arada listemizde yer almayan kamp alanlar\u0131 var ise l\u00fctfen yorumlar k\u0131sm\u0131ndan bizlerle payla\u015f\u0131n.<\/p>\n\n\n\n<hr class=\"wp-block-separator has-alpha-channel-opacity is-style-wide\"\/>\n\n\n\n<h2 class=\"wp-block-heading\">1.Ta\u015f Camping<a href=\"https:\/\/geziyoo.co\/listing\/tas-camping\/\"><\/a><\/h2>\n\n\n\n<figure class=\"wp-block-image size-full\"><img decoding=\"async\" width=\"800\" height=\"600\" data-src=\"https:\/\/geziyoo.co\/blog\/wp-content\/uploads\/2024\/05\/Tas-Camping-3.jpg\" alt=\"Bademli K\u00f6y\u00fc Kamp Alanlar\u0131 ve Karavan Alanlar\u0131\" class=\"wp-image-17880 lazyload\" data-srcset=\"http:\/\/geziyoo.co\/blog\/wp-content\/uploads\/2024\/05\/Tas-Camping-3.jpg 800w, http:\/\/geziyoo.co\/blog\/wp-content\/uploads\/2024\/05\/Tas-Camping-3-300x225.jpg 300w, http:\/\/geziyoo.co\/blog\/wp-content\/uploads\/2024\/05\/Tas-Camping-3-768x576.jpg 768w, http:\/\/geziyoo.co\/blog\/wp-content\/uploads\/2024\/05\/Tas-Camping-3-150x113.jpg 150w\" data-sizes=\"(max-width: 800px) 100vw, 800px\" src=\"data:image\/gif;base64,R0lGODlhAQABAAAAACH5BAEKAAEALAAAAAABAAEAAAICTAEAOw==\" style=\"--smush-placeholder-width: 800px; --smush-placeholder-aspect-ratio: 800\/600;\" \/><\/figure>\n\n\n\n<p>Ta\u015f Camping, Ayvac\u0131k&#8217;\u0131n Bademli mevkiinde yer almakta ve denize s\u0131f\u0131r konumuyla dikkat \u00e7ekmektedir. Do\u011fayla uyumlu hizmet anlay\u0131\u015f\u0131 sayesinde, ziyaret\u00e7ilere unutulmaz bir kamp deneyimi vaat ediyor. Kamp alan\u0131, hem do\u011fal g\u00fczellikleri hem de konforlu imkanlar\u0131yla \u00f6ne \u00e7\u0131k\u0131yor.<\/p>\n\n\n\n<p>Ta\u015f Camping&#8217;e ula\u015f\u0131m olduk\u00e7a kolayd\u0131r. \u00d6zel ara\u00e7 sahipleri, Behram Yolu ve Ayvac\u0131k G\u00fclp\u0131nar Yolu&#8217;nu takip ederek kampa kolayl\u0131kla ula\u015fabilirler. Toplu ta\u015f\u0131ma kullanmay\u0131 tercih edenler i\u00e7in ise, minib\u00fcs se\u00e7enekleri mevcut. Minib\u00fcslerin son dura\u011f\u0131ndan sonra k\u0131sa bir y\u00fcr\u00fcy\u00fc\u015fle kamp alan\u0131na var\u0131labilir.<\/p>\n\n\n\n<p>Kamp alan\u0131nda konaklama se\u00e7enekleri \u00e7e\u015fitlilik g\u00f6steriyor. Ziyaret\u00e7iler kendi \u00e7ad\u0131rlar\u0131n\u0131 getirebilece\u011fi gibi, karavanlar\u0131 i\u00e7in ayr\u0131lm\u0131\u015f park alanlar\u0131n\u0131 kullanabilirler. Daha konforlu bir deneyim arayanlar i\u00e7in ise klima ve ki\u015fisel buzdolab\u0131 gibi imkanlarla donat\u0131lm\u0131\u015f yerle\u015fik \u00e7ad\u0131rlar bulunmaktad\u0131r.<\/p>\n\n\n\n<p>Ta\u015f Camping, denize s\u0131f\u0131r konumuyla g\u00fcn boyu deniz ve g\u00fcne\u015fin tad\u0131n\u0131 \u00e7\u0131karma imkan\u0131 sunar. Kamp alan\u0131, ziyaret\u00e7ilere \u00fccretsiz \u015fezlong ve \u015femsiye sa\u011flayarak rahat bir plaj deneyimi ya\u015fat\u0131r. Ayr\u0131ca, y\u00fczme, dal\u0131\u015f ve olta bal\u0131k\u00e7\u0131l\u0131\u011f\u0131 gibi su sporlar\u0131 aktivitelerine de ev sahipli\u011fi yapmaktad\u0131r.<\/p>\n\n\n\n<p>Kamp alan\u0131nda bir restoran bulunmakta ve lezzetli \u00f6\u011f\u00fcnler sunulmaktad\u0131r. Kendi yeme\u011fini haz\u0131rlamak isteyenler i\u00e7in ortak kullan\u0131m mutfaklar\u0131 mevcut olup, \u00f6zel mangal alanlar\u0131nda mangal yapma keyfi de ya\u015fanabilir.<\/p>\n\n\n\n<p>Do\u011faseverler i\u00e7in \u00e7e\u015fitli aktiviteler mevcuttur. Assos&#8217;un do\u011fal g\u00fczelliklerini ke\u015ffetmek i\u00e7in trekking yapabilir, bisiklet s\u00fcr\u00fc\u015f\u00fc gibi e\u011flenceli aktivitelerle zaman ge\u00e7irebilirsiniz. Kamp alan\u0131, ayn\u0131 zamanda foto\u011fraf\u00e7\u0131l\u0131k i\u00e7in de e\u015fsiz manzaralar sunar.<\/p>\n\n\n\n<hr class=\"wp-block-separator has-alpha-channel-opacity is-style-wide\"\/>\n\n\n\n<ul class=\"wp-block-list\">\n<li><strong>Ta\u015f Camping Adres<\/strong>&nbsp;:&nbsp;Bademli K\u00f6y\u00fc Sahil Yolu, 17860 Bademli\/Ayvac\u0131k\/\u00c7anakkale&nbsp;<strong><em><a href=\"https:\/\/www.google.com\/maps?daddr=39.45914673690294,26.150003231160184\">Konum Bilgisi<\/a><\/em><\/strong><\/li>\n\n\n\n<li><strong>Ta\u015f Camping<\/strong> <strong>Telefon<\/strong>&nbsp;: 0532 795 58 98<\/li>\n\n\n\n<li><strong>Ta\u015f Camping<\/strong> <strong>Detayl\u0131 Bilgi :&nbsp;<\/strong>Detayl\u0131 bilgiler ve merak ettikleriniz i\u00e7in <strong><em><strong><strong><a href=\"https:\/\/geziyoo.co\/listing\/tas-camping\/\">Ta\u015f Camping<\/a><\/strong><\/strong><\/em><\/strong> sayfam\u0131za bakabilirsiniz.<\/li>\n<\/ul>\n\n\n\n<hr class=\"wp-block-separator has-alpha-channel-opacity is-style-wide\"\/>\n\n\n\n<h2 class=\"wp-block-heading\">2.Bademli K\u00f6y\u00fc Sahil Yolu Kamp Alan\u0131<a href=\"https:\/\/geziyoo.co\/listing\/bademli-koyu-sahil-yolu-kamp-alani\/\"><\/a><\/h2>\n\n\n\n<figure class=\"wp-block-image size-large\"><img decoding=\"async\" width=\"1024\" height=\"720\" data-src=\"https:\/\/geziyoo.co\/blog\/wp-content\/uploads\/2024\/05\/Bademli-Koyu-Sahil-Yolu-Kamp-Alani-3-1024x720.webp\" alt=\"\" class=\"wp-image-17786 lazyload\" data-srcset=\"http:\/\/geziyoo.co\/blog\/wp-content\/uploads\/2024\/05\/Bademli-Koyu-Sahil-Yolu-Kamp-Alani-3-1024x720.webp 1024w, http:\/\/geziyoo.co\/blog\/wp-content\/uploads\/2024\/05\/Bademli-Koyu-Sahil-Yolu-Kamp-Alani-3-300x211.webp 300w, http:\/\/geziyoo.co\/blog\/wp-content\/uploads\/2024\/05\/Bademli-Koyu-Sahil-Yolu-Kamp-Alani-3-768x540.webp 768w, http:\/\/geziyoo.co\/blog\/wp-content\/uploads\/2024\/05\/Bademli-Koyu-Sahil-Yolu-Kamp-Alani-3-150x106.webp 150w, http:\/\/geziyoo.co\/blog\/wp-content\/uploads\/2024\/05\/Bademli-Koyu-Sahil-Yolu-Kamp-Alani-3.webp 1200w\" data-sizes=\"(max-width: 1024px) 100vw, 1024px\" src=\"data:image\/gif;base64,R0lGODlhAQABAAAAACH5BAEKAAEALAAAAAABAAEAAAICTAEAOw==\" style=\"--smush-placeholder-width: 1024px; --smush-placeholder-aspect-ratio: 1024\/720;\" \/><\/figure>\n\n\n\n<p>Assos&#8217;un gizli cennetlerinden biri olan Bademli K\u00f6y\u00fc Sahil Yolu, do\u011fayla i\u00e7 i\u00e7e olmak isteyen kamp\u00e7\u0131lar i\u00e7in ideal bir yer sunuyor. Hem \u00f6zel ara\u00e7 hem de toplu ta\u015f\u0131mayla kolayca ula\u015f\u0131labilen bu bakir alan, huzurlu bir kamp tatili arayanlar\u0131 bekliyor.<\/p>\n\n\n\n<p>Bademli K\u00f6y\u00fc Sahil Yolu&#8217;na Assos il\u00e7e merkezinden Ayvac\u0131k G\u00fclp\u0131nar Yolu \u00fczerinden yakla\u015f\u0131k yar\u0131m saatlik bir s\u00fcr\u00fc\u015fle ula\u015fabilirsiniz. Yolculuk boyunca Behram Yolu&#8217;ndan Assos Antik Liman Yolu&#8217;na bat\u0131ya ilerleyin ve ard\u0131ndan Ayvac\u0131k G\u00fclp\u0131nar Yolu ile Bademli K\u00f6y\u00fc Sahil Yolu y\u00f6n\u00fcnde sola d\u00f6n\u00fcn. Sahil boyunca d\u00fcmd\u00fcz devam etti\u011finizde arad\u0131\u011f\u0131n\u0131z kamp alan\u0131n\u0131 kolayca bulabilirsiniz. Toplu ta\u015f\u0131may\u0131 tercih edenler i\u00e7in ise Bademli minib\u00fcsleri d\u00fczenli olarak hizmet verir.<\/p>\n\n\n\n<p>Bademli K\u00f6y\u00fc Sahil Yolu kamp alan\u0131nda herhangi bir tesis veya i\u015fletme bulunmuyor. Bu nedenle kamp yapacaklar\u0131n yanlar\u0131nda yiyecek, su ve ihtiya\u00e7 duyabilecekleri di\u011fer malzemeleri getirmeleri gerekiyor. Tesis olmamas\u0131na ra\u011fmen, yak\u0131nlardaki otel ve kamp i\u015fletmeleri temel ihtiya\u00e7lar\u0131n kar\u015f\u0131lanmas\u0131nda yard\u0131mc\u0131 olabilir. \u00d6zel ara\u00e7la seyahat edenler ise tesislerin \u00fccretli otoparklar\u0131ndan veya yol kenar\u0131ndaki uygun noktalardan yararlanabilir.<\/p>\n\n\n\n<hr class=\"wp-block-separator has-alpha-channel-opacity is-style-wide\"\/>\n\n\n\n<ul class=\"wp-block-list\">\n<li><strong>Bademli K\u00f6y\u00fc Sahil Yolu Kamp Alan\u0131<\/strong> <strong>Adres<\/strong>&nbsp;:&nbsp;Bademli 17862 Bademli\/Ayvac\u0131k\/\u00c7anakkale&nbsp;<a href=\"https:\/\/www.google.com\/maps?daddr=39.496419282528976,26.168047042570095\" target=\"_blank\" rel=\"noreferrer noopener\"><strong><em>Konum Bilgisi<\/em><\/strong><\/a><\/li>\n\n\n\n<li><strong>Bademli K\u00f6y\u00fc Sahil Yolu Kamp Alan\u0131 Telefon<\/strong>&nbsp;: \u2014-<\/li>\n\n\n\n<li><strong>Bademli K\u00f6y\u00fc Sahil Yolu Kamp Alan\u0131 Detayl\u0131 Bilgi :<em>&nbsp;Detayl\u0131 bilgiler i\u00e7in <strong><a href=\"https:\/\/geziyoo.co\/listing\/bademli-koyu-sahil-yolu-kamp-alani\/\">Bademli K\u00f6y\u00fc Sahil Yolu Kamp Alan\u0131<\/a><\/strong><\/em><\/strong> <strong>i\u00e7eri\u011fimize bakabilirsiniz.<\/strong><\/li>\n<\/ul>\n\n\n\n<hr class=\"wp-block-separator has-alpha-channel-opacity is-style-wide\"\/>\n\n\n\n<h2 class=\"wp-block-heading\">3.Neverland Camping<\/h2>\n\n\n\n<figure class=\"wp-block-image size-full\"><img decoding=\"async\" width=\"800\" height=\"600\" data-src=\"https:\/\/geziyoo.co\/blog\/wp-content\/uploads\/2024\/05\/Neverland-Camping-6.jpg\" alt=\"\" class=\"wp-image-17903 lazyload\" data-srcset=\"http:\/\/geziyoo.co\/blog\/wp-content\/uploads\/2024\/05\/Neverland-Camping-6.jpg 800w, http:\/\/geziyoo.co\/blog\/wp-content\/uploads\/2024\/05\/Neverland-Camping-6-300x225.jpg 300w, http:\/\/geziyoo.co\/blog\/wp-content\/uploads\/2024\/05\/Neverland-Camping-6-768x576.jpg 768w, http:\/\/geziyoo.co\/blog\/wp-content\/uploads\/2024\/05\/Neverland-Camping-6-150x113.jpg 150w\" data-sizes=\"(max-width: 800px) 100vw, 800px\" src=\"data:image\/gif;base64,R0lGODlhAQABAAAAACH5BAEKAAEALAAAAAABAAEAAAICTAEAOw==\" style=\"--smush-placeholder-width: 800px; --smush-placeholder-aspect-ratio: 800\/600;\" \/><\/figure>\n\n\n\n<p>\u00c7anakkale&#8217;nin Assos b\u00f6lgesinde, Bademli K\u00f6y\u00fc&#8217;n\u00fcn nefes kesici manzaras\u0131na ev sahipli\u011fi yapan Neverland Camping, do\u011fa severler i\u00e7in unutulmaz bir ka\u00e7amak imkan\u0131 sunuyor. \u0130ster kendi \u00e7ad\u0131r\u0131n\u0131z\u0131 kurmak isteyin, ister konforlu bir glamping deneyimi ya\u015fay\u0131n, Neverland Camping&#8217;de herkese hitap eden bir se\u00e7enek mevcut.<\/p>\n\n\n\n<p><strong>Konaklama Se\u00e7enekleri:<\/strong><\/p>\n\n\n\n<ul class=\"wp-block-list\">\n<li><strong>Kendi \u00c7ad\u0131r\u0131n\u0131z:<\/strong> Aileniz ve arkada\u015flar\u0131n\u0131zla keyifli vakit ge\u00e7irebilece\u011finiz geni\u015f alanlarda kendi \u00e7ad\u0131r\u0131n\u0131z\u0131 kurabilirsiniz.<\/li>\n\n\n\n<li><strong>Yerle\u015fik \u00c7ad\u0131r:<\/strong> Daha az zahmetli bir tatil arayanlar i\u00e7in yerle\u015fik \u00e7ad\u0131r kiralama se\u00e7ene\u011fi mevcut. Bu \u00e7ad\u0131rlar, kamp\u0131n keyfini \u00e7\u0131kar\u0131rken konforunuzdan da \u00f6d\u00fcn vermemenizi sa\u011fl\u0131yor.<\/li>\n\n\n\n<li><strong>Glamping \u00c7ad\u0131rlar:<\/strong> L\u00fcks bir konaklama deneyimi arayanlar i\u00e7in Glamping \u00e7ad\u0131rlar ideal bir se\u00e7im. Otel odas\u0131 konforunda dekore edilmi\u015f bu \u00e7ad\u0131rlarda, do\u011fayla i\u00e7 i\u00e7e bir ortamda l\u00fcks\u00fcn keyfini \u00e7\u0131karabilirsiniz. Her Glamping \u00e7ad\u0131r\u0131, ortopedik yatak, yast\u0131k ve nevresimler gibi y\u00fcksek standartlarda konforlu olanaklarla donat\u0131lm\u0131\u015ft\u0131r.<\/li>\n<\/ul>\n\n\n\n<p>Neverland Camping&#8217;e \u00f6zel ara\u00e7la ula\u015f\u0131m m\u00fcmk\u00fcnd\u00fcr. Assos il\u00e7e merkezinden Behram Yolu ve Ayvac\u0131k G\u00fclp\u0131nar Yolu \u00fczerinden yakla\u015f\u0131k 20 dakika s\u00fcren bir yolculuk sonras\u0131 Bademli K\u00f6y\u00fc Sahil Yolu&#8217;nu takip ederek tesise ula\u015fabilirsiniz. Tesis alan\u0131na vard\u0131\u011f\u0131n\u0131zda arac\u0131n\u0131z i\u00e7in g\u00fcvenli ve rahat bir park yeri bulabilirsiniz.<\/p>\n\n\n\n<p>Neverland Camping&#8217;de g\u00fcnl\u00fck yeme ve i\u00e7me ihtiya\u00e7lar\u0131n\u0131z\u0131 kar\u015f\u0131layabilece\u011finiz bir restoran ve kafeterya mevcut. Lezzetli ve doyurucu \u00f6\u011f\u00fcnler sunan restoran, kamp\u0131n keyfini \u00e7\u0131kar\u0131rken ayn\u0131 zamanda damak zevkinize hitap edecek se\u00e7enekler sunuyor.<\/p>\n\n\n\n<p>Kamp alan\u0131nda mangal yapma imkan\u0131 da bulunuyor. D\u0131\u015far\u0131da yemek pi\u015firmeyi seven misafirler i\u00e7in ideal bir se\u00e7enek olan mangal keyfi, Neverland Camping&#8217;de kamp\u0131n keyfini tamamlayan bir unsur.<\/p>\n\n\n\n<hr class=\"wp-block-separator has-alpha-channel-opacity is-style-wide\"\/>\n\n\n\n<ul class=\"wp-block-list\">\n<li><strong>Neverland Camping Adres<\/strong>&nbsp;:Bademli K\u00f6y\u00fc Sahil Yolu, 17862 Bademli\/Ayvac\u0131k\/\u00c7anakkale&nbsp;<a href=\"https:\/\/www.google.com\/maps?daddr=39.459433244065345,26.150993804893865\" target=\"_blank\" rel=\"noreferrer noopener\"><strong><em>Konum Bilgisi<\/em><\/strong><\/a><\/li>\n\n\n\n<li><strong>Neverland Camping<\/strong> <strong>Telefon<\/strong>&nbsp;: 0545 359 96 34<\/li>\n\n\n\n<li><strong>Neverland Camping<\/strong> <strong>Detayl\u0131 Bilgi :<em>&nbsp;Detayl\u0131 bilgiler i\u00e7in <a href=\"https:\/\/geziyoo.co\/listing\/neverland-camping\/\">Neverland Camping<\/a><\/em><\/strong> <strong>i\u00e7eri\u011fimize bakabilirsiniz.<\/strong><\/li>\n<\/ul>\n\n\n\n<hr class=\"wp-block-separator has-alpha-channel-opacity is-style-wide\"\/>\n\n\n\n<p><strong>Bademli K\u00f6y\u00fcn&#8217;de kamp yapabilece\u011finiz yerlerin<\/strong>&nbsp;tamam\u0131na yak\u0131n\u0131 sizlerle payla\u015ft\u0131k.Belki kuytuda k\u00f6\u015fede bir ka\u00e7 tane daha vard\u0131r.Assos&#8217;da kamp yap\u0131lan ba\u015fka yerler var ise l\u00fctfen yorumlar k\u0131sm\u0131ndan bizlerle payla\u015fs\u0131n.Bizlerden \u015fimdilik bu kadar g\u00fczel bir kamp ge\u00e7irmeniz dile\u011fiyle ho\u015f\u00e7akal\u0131n\u2026<\/p>\n\n\n\n<hr class=\"wp-block-separator has-css-opacity is-style-wide\"\/>\n\n\n\n<h3 class=\"wp-block-heading\" id=\"bunlari-da-sevebilirsiniz\">Bunlar\u0131 da Sevebilirsiniz;<\/h3>\n\n\n<ul class=\"wp-block-latest-posts__list wp-block-latest-posts\"><li><a class=\"wp-block-latest-posts__post-title\" href=\"http:\/\/geziyoo.co\/blog\/batman-kamp-alanlari\/\">Batman ve \u00c7evresi Do\u011fa \u0130\u00e7inde 4 Kamp Noktas\u0131 (Konum ve \u0130pu\u00e7lar\u0131)<\/a><\/li>\n<li><a class=\"wp-block-latest-posts__post-title\" href=\"http:\/\/geziyoo.co\/blog\/ayder-yaylasi-kamp-alanlari-ve-karavan-alanlari\/\">Ayder Yaylas\u0131 ve \u00c7evresi 2 Kamp Noktas\u0131 (Konum ve \u0130pu\u00e7lar\u0131)<\/a><\/li>\n<li><a class=\"wp-block-latest-posts__post-title\" href=\"http:\/\/geziyoo.co\/blog\/ardesen-kamp-alanlari-ve-karavan-alanlari\/\">Arde\u015fen ve F\u0131rt\u0131na Vadisi Giri\u015fi 5 Kamp Noktas\u0131 (Konum ve \u0130pu\u00e7lar\u0131)<\/a><\/li>\n<\/ul>","protected":false},"excerpt":{"rendered":"<p>Bademli K\u00f6y\u00fc, \u0130zmir\u2019in kuzeyinde, zeytin a\u011fa\u00e7lar\u0131n\u0131n turkuaz sulara e\u011fildi\u011fi, &#8220;T\u00fcrkiye\u2019nin Maldivleri&#8221; yak\u0131\u015ft\u0131rmas\u0131n\u0131 sonuna kadar hak eden sakl\u0131 bir cennettir. Buradaki kamp k\u00fclt\u00fcr\u00fc, g\u00fcneyin kalabal\u0131k plajlar\u0131ndan \u00e7ok farkl\u0131d\u0131r; y\u00fcksek sesli m\u00fczik yerine a\u011fustos b\u00f6ceklerinin sesi, beton yap\u0131lar yerine as\u0131rl\u0131k zeytin a\u011fa\u00e7lar\u0131n\u0131n g\u00f6lgesi vard\u0131r. K\u00f6y o kadar huzurludur ki, beyaz kumlara uzand\u0131\u011f\u0131n\u0131zda kar\u015f\u0131n\u0131zdaki Kalem ve Garip adalar\u0131n\u0131n &hellip;<\/p>\n","protected":false},"author":1,"featured_media":17912,"comment_status":"open","ping_status":"closed","sticky":false,"template":"","format":"standard","meta":{"footnotes":""},"categories":[589,23],"tags":[],"class_list":["post-17910","post","type-post","status-publish","format-standard","has-post-thumbnail","hentry","category-kamp1","category-kamp-kamp-alanlari"],"yoast_head":"<!-- This site is optimized with the Yoast SEO plugin v26.9 - https:\/\/yoast.com\/product\/yoast-seo-wordpress\/ -->\n<title>Bademli\u2019de \u00dccretli ve \u00dccretsiz En \u0130yi 3 Kamp Alan\u0131: Pissa ve Killik | Geziyoo<\/title>\n<meta name=\"description\" content=\"\u0130zmir Dikili Bademli&#039;de denize s\u0131f\u0131r kamp keyfi! Turkuaz sular\u0131yla \u00fcnl\u00fc Pissa ve Killik Koyu ile konforlu kamping i\u015fletmelerini i\u00e7eren en iyi 3 kamp noktas\u0131n\u0131 listeledik.\" \/>\n<meta name=\"robots\" content=\"index, follow, max-snippet:-1, max-image-preview:large, max-video-preview:-1\" \/>\n<link rel=\"canonical\" href=\"http:\/\/geziyoo.co\/blog\/bademli-koyu-kamp-alanlari-ve-karavan-alanlari\/\" \/>\n<meta property=\"og:locale\" content=\"tr_TR\" \/>\n<meta property=\"og:type\" content=\"article\" \/>\n<meta property=\"og:title\" content=\"Bademli\u2019de \u00dccretli ve \u00dccretsiz En \u0130yi 3 Kamp Alan\u0131: Pissa ve Killik | Geziyoo\" \/>\n<meta property=\"og:description\" content=\"\u0130zmir Dikili Bademli&#039;de denize s\u0131f\u0131r kamp keyfi! Turkuaz sular\u0131yla \u00fcnl\u00fc Pissa ve Killik Koyu ile konforlu kamping i\u015fletmelerini i\u00e7eren en iyi 3 kamp noktas\u0131n\u0131 listeledik.\" \/>\n<meta property=\"og:url\" content=\"http:\/\/geziyoo.co\/blog\/bademli-koyu-kamp-alanlari-ve-karavan-alanlari\/\" \/>\n<meta property=\"og:site_name\" content=\"Geziyoo.co\" \/>\n<meta property=\"article:publisher\" content=\"https:\/\/www.facebook.com\/Geziyooco\" \/>\n<meta property=\"article:author\" content=\"https:\/\/www.facebook.com\/geziyoo.co\" \/>\n<meta property=\"article:published_time\" content=\"2024-05-10T02:38:30+00:00\" \/>\n<meta property=\"article:modified_time\" content=\"2026-02-04T11:34:46+00:00\" \/>\n<meta property=\"og:image\" content=\"http:\/\/geziyoo.co\/blog\/wp-content\/uploads\/2024\/05\/Bademli-Koyu-Kamp-Alanlari-ve-Karavan-Alanlari.jpg\" \/>\n\t<meta property=\"og:image:width\" content=\"800\" \/>\n\t<meta property=\"og:image:height\" content=\"600\" \/>\n\t<meta property=\"og:image:type\" content=\"image\/jpeg\" \/>\n<meta name=\"author\" content=\"Geziyoo\" \/>\n<meta name=\"twitter:card\" content=\"summary_large_image\" \/>\n<meta name=\"twitter:creator\" content=\"@https:\/\/twitter.com\/geziyoo\" \/>\n<meta name=\"twitter:site\" content=\"@geziyoo\" \/>\n<meta name=\"twitter:label1\" content=\"Yazan:\" \/>\n\t<meta name=\"twitter:data1\" content=\"Geziyoo\" \/>\n\t<meta name=\"twitter:label2\" content=\"Tahmini okuma s\u00fcresi\" \/>\n\t<meta name=\"twitter:data2\" content=\"7 dakika\" \/>\n<script type=\"application\/ld+json\" class=\"yoast-schema-graph\">{\"@context\":\"https:\/\/schema.org\",\"@graph\":[{\"@type\":\"Article\",\"@id\":\"http:\/\/geziyoo.co\/blog\/bademli-koyu-kamp-alanlari-ve-karavan-alanlari\/#article\",\"isPartOf\":{\"@id\":\"http:\/\/geziyoo.co\/blog\/bademli-koyu-kamp-alanlari-ve-karavan-alanlari\/\"},\"author\":{\"name\":\"Geziyoo\",\"@id\":\"https:\/\/geziyoo.co\/blog\/#\/schema\/person\/032acb2436540ed14784e7d978aef0e4\"},\"headline\":\"Bademli K\u00f6y\u00fc ve \u00c7evresi Denize S\u0131f\u0131r 3 Kamp Noktas\u0131 (Konum ve \u0130pu\u00e7lar\u0131)\",\"datePublished\":\"2024-05-10T02:38:30+00:00\",\"dateModified\":\"2026-02-04T11:34:46+00:00\",\"mainEntityOfPage\":{\"@id\":\"http:\/\/geziyoo.co\/blog\/bademli-koyu-kamp-alanlari-ve-karavan-alanlari\/\"},\"wordCount\":1433,\"commentCount\":0,\"publisher\":{\"@id\":\"https:\/\/geziyoo.co\/blog\/#organization\"},\"image\":{\"@id\":\"http:\/\/geziyoo.co\/blog\/bademli-koyu-kamp-alanlari-ve-karavan-alanlari\/#primaryimage\"},\"thumbnailUrl\":\"http:\/\/geziyoo.co\/blog\/wp-content\/uploads\/2024\/05\/Bademli-Koyu-Kamp-Alanlari-ve-Karavan-Alanlari.jpg\",\"articleSection\":[\"Kamp\",\"Kamp Alanlar\u0131\"],\"inLanguage\":\"tr\",\"potentialAction\":[{\"@type\":\"CommentAction\",\"name\":\"Comment\",\"target\":[\"http:\/\/geziyoo.co\/blog\/bademli-koyu-kamp-alanlari-ve-karavan-alanlari\/#respond\"]}]},{\"@type\":\"WebPage\",\"@id\":\"http:\/\/geziyoo.co\/blog\/bademli-koyu-kamp-alanlari-ve-karavan-alanlari\/\",\"url\":\"http:\/\/geziyoo.co\/blog\/bademli-koyu-kamp-alanlari-ve-karavan-alanlari\/\",\"name\":\"Bademli\u2019de \u00dccretli ve \u00dccretsiz En \u0130yi 3 Kamp Alan\u0131: Pissa ve Killik | Geziyoo\",\"isPartOf\":{\"@id\":\"https:\/\/geziyoo.co\/blog\/#website\"},\"primaryImageOfPage\":{\"@id\":\"http:\/\/geziyoo.co\/blog\/bademli-koyu-kamp-alanlari-ve-karavan-alanlari\/#primaryimage\"},\"image\":{\"@id\":\"http:\/\/geziyoo.co\/blog\/bademli-koyu-kamp-alanlari-ve-karavan-alanlari\/#primaryimage\"},\"thumbnailUrl\":\"http:\/\/geziyoo.co\/blog\/wp-content\/uploads\/2024\/05\/Bademli-Koyu-Kamp-Alanlari-ve-Karavan-Alanlari.jpg\",\"datePublished\":\"2024-05-10T02:38:30+00:00\",\"dateModified\":\"2026-02-04T11:34:46+00:00\",\"description\":\"\u0130zmir Dikili Bademli'de denize s\u0131f\u0131r kamp keyfi! Turkuaz sular\u0131yla \u00fcnl\u00fc Pissa ve Killik Koyu ile konforlu kamping i\u015fletmelerini i\u00e7eren en iyi 3 kamp noktas\u0131n\u0131 listeledik.\",\"breadcrumb\":{\"@id\":\"http:\/\/geziyoo.co\/blog\/bademli-koyu-kamp-alanlari-ve-karavan-alanlari\/#breadcrumb\"},\"inLanguage\":\"tr\",\"potentialAction\":[{\"@type\":\"ReadAction\",\"target\":[\"http:\/\/geziyoo.co\/blog\/bademli-koyu-kamp-alanlari-ve-karavan-alanlari\/\"]}]},{\"@type\":\"ImageObject\",\"inLanguage\":\"tr\",\"@id\":\"http:\/\/geziyoo.co\/blog\/bademli-koyu-kamp-alanlari-ve-karavan-alanlari\/#primaryimage\",\"url\":\"http:\/\/geziyoo.co\/blog\/wp-content\/uploads\/2024\/05\/Bademli-Koyu-Kamp-Alanlari-ve-Karavan-Alanlari.jpg\",\"contentUrl\":\"http:\/\/geziyoo.co\/blog\/wp-content\/uploads\/2024\/05\/Bademli-Koyu-Kamp-Alanlari-ve-Karavan-Alanlari.jpg\",\"width\":800,\"height\":600},{\"@type\":\"BreadcrumbList\",\"@id\":\"http:\/\/geziyoo.co\/blog\/bademli-koyu-kamp-alanlari-ve-karavan-alanlari\/#breadcrumb\",\"itemListElement\":[{\"@type\":\"ListItem\",\"position\":1,\"name\":\"Ana sayfa\",\"item\":\"https:\/\/geziyoo.co\/blog\/\"},{\"@type\":\"ListItem\",\"position\":2,\"name\":\"Bademli K\u00f6y\u00fc ve \u00c7evresi Denize S\u0131f\u0131r 3 Kamp Noktas\u0131 (Konum ve \u0130pu\u00e7lar\u0131)\"}]},{\"@type\":\"WebSite\",\"@id\":\"https:\/\/geziyoo.co\/blog\/#website\",\"url\":\"https:\/\/geziyoo.co\/blog\/\",\"name\":\"Geziyoo Blog\",\"description\":\"GeziYoo Blog&#039;da T\u00fcrkiye&#039;nin en iyi kamp alanlar\u0131ndan bungalov tatillerine, karavan ipu\u00e7lar\u0131ndan gezi rehberlerine kadar her t\u00fcrl\u00fc do\u011fa deneyimini ke\u015ffedin.\",\"publisher\":{\"@id\":\"https:\/\/geziyoo.co\/blog\/#organization\"},\"potentialAction\":[{\"@type\":\"SearchAction\",\"target\":{\"@type\":\"EntryPoint\",\"urlTemplate\":\"https:\/\/geziyoo.co\/blog\/?s={search_term_string}\"},\"query-input\":{\"@type\":\"PropertyValueSpecification\",\"valueRequired\":true,\"valueName\":\"search_term_string\"}}],\"inLanguage\":\"tr\"},{\"@type\":\"Organization\",\"@id\":\"https:\/\/geziyoo.co\/blog\/#organization\",\"name\":\"Geziyoo.co\",\"url\":\"https:\/\/geziyoo.co\/blog\/\",\"logo\":{\"@type\":\"ImageObject\",\"inLanguage\":\"tr\",\"@id\":\"https:\/\/geziyoo.co\/blog\/#\/schema\/logo\/image\/\",\"url\":\"https:\/\/geziyoo.co\/blog\/wp-content\/uploads\/2025\/01\/Paragraf-metniniz-3.png\",\"contentUrl\":\"https:\/\/geziyoo.co\/blog\/wp-content\/uploads\/2025\/01\/Paragraf-metniniz-3.png\",\"width\":270,\"height\":50,\"caption\":\"Geziyoo.co\"},\"image\":{\"@id\":\"https:\/\/geziyoo.co\/blog\/#\/schema\/logo\/image\/\"},\"sameAs\":[\"https:\/\/www.facebook.com\/Geziyooco\",\"https:\/\/x.com\/geziyoo\",\"https:\/\/tr.pinterest.com\/geziyooco\/\",\"https:\/\/www.youtube.com\/@geziyoo\",\"https:\/\/www.instagram.com\/geziyoo.co\/\"]},{\"@type\":\"Person\",\"@id\":\"https:\/\/geziyoo.co\/blog\/#\/schema\/person\/032acb2436540ed14784e7d978aef0e4\",\"name\":\"Geziyoo\",\"image\":{\"@type\":\"ImageObject\",\"inLanguage\":\"tr\",\"@id\":\"https:\/\/geziyoo.co\/blog\/#\/schema\/person\/image\/\",\"url\":\"https:\/\/secure.gravatar.com\/avatar\/ae212a4514471fdb8cab6e5af4f3c99b940a2d0a16713ea0392c8d7c8a64f30a?s=96&d=mm&r=g\",\"contentUrl\":\"https:\/\/secure.gravatar.com\/avatar\/ae212a4514471fdb8cab6e5af4f3c99b940a2d0a16713ea0392c8d7c8a64f30a?s=96&d=mm&r=g\",\"caption\":\"Geziyoo\"},\"description\":\"Do\u011fa ile i\u00e7 i\u00e7e olabilece\u011finiz yerler,do\u011fa aktivite alanlar\u0131,kamp alanlar\u0131,bungalov oteller,Tiny House Oteller, Galampingler ve da\u011f evlerinin herkes i\u00e7in ula\u015f\u0131labilir olmas\u0131n\u0131 sa\u011flamak amac\u0131yla Geziyoo\u2019ya 2019 y\u0131l\u0131nda ba\u015flad\u0131k.Do\u011fal Tatil konseptini uygulayan en geni\u015f kapsaml\u0131 sitedir.\",\"sameAs\":[\"https:\/\/geziyoo.co\/\",\"https:\/\/www.facebook.com\/geziyoo.co\",\"https:\/\/www.instagram.com\/geziyoo.co\/\",\"https:\/\/tr.pinterest.com\/geziyooco\/\",\"https:\/\/x.com\/https:\/\/twitter.com\/geziyoo\",\"https:\/\/www.youtube.com\/channel\/UCdiSMa6pe17KEY7DP1Ug4ag\"]}]}<\/script>\n<!-- \/ Yoast SEO plugin. -->","yoast_head_json":{"title":"Bademli\u2019de \u00dccretli ve \u00dccretsiz En \u0130yi 3 Kamp Alan\u0131: Pissa ve Killik | Geziyoo","description":"\u0130zmir Dikili Bademli'de denize s\u0131f\u0131r kamp keyfi! Turkuaz sular\u0131yla \u00fcnl\u00fc Pissa ve Killik Koyu ile konforlu kamping i\u015fletmelerini i\u00e7eren en iyi 3 kamp noktas\u0131n\u0131 listeledik.","robots":{"index":"index","follow":"follow","max-snippet":"max-snippet:-1","max-image-preview":"max-image-preview:large","max-video-preview":"max-video-preview:-1"},"canonical":"http:\/\/geziyoo.co\/blog\/bademli-koyu-kamp-alanlari-ve-karavan-alanlari\/","og_locale":"tr_TR","og_type":"article","og_title":"Bademli\u2019de \u00dccretli ve \u00dccretsiz En \u0130yi 3 Kamp Alan\u0131: Pissa ve Killik | Geziyoo","og_description":"\u0130zmir Dikili Bademli'de denize s\u0131f\u0131r kamp keyfi! Turkuaz sular\u0131yla \u00fcnl\u00fc Pissa ve Killik Koyu ile konforlu kamping i\u015fletmelerini i\u00e7eren en iyi 3 kamp noktas\u0131n\u0131 listeledik.","og_url":"http:\/\/geziyoo.co\/blog\/bademli-koyu-kamp-alanlari-ve-karavan-alanlari\/","og_site_name":"Geziyoo.co","article_publisher":"https:\/\/www.facebook.com\/Geziyooco","article_author":"https:\/\/www.facebook.com\/geziyoo.co","article_published_time":"2024-05-10T02:38:30+00:00","article_modified_time":"2026-02-04T11:34:46+00:00","og_image":[{"width":800,"height":600,"url":"http:\/\/geziyoo.co\/blog\/wp-content\/uploads\/2024\/05\/Bademli-Koyu-Kamp-Alanlari-ve-Karavan-Alanlari.jpg","type":"image\/jpeg"}],"author":"Geziyoo","twitter_card":"summary_large_image","twitter_creator":"@https:\/\/twitter.com\/geziyoo","twitter_site":"@geziyoo","twitter_misc":{"Yazan:":"Geziyoo","Tahmini okuma s\u00fcresi":"7 dakika"},"schema":{"@context":"https:\/\/schema.org","@graph":[{"@type":"Article","@id":"http:\/\/geziyoo.co\/blog\/bademli-koyu-kamp-alanlari-ve-karavan-alanlari\/#article","isPartOf":{"@id":"http:\/\/geziyoo.co\/blog\/bademli-koyu-kamp-alanlari-ve-karavan-alanlari\/"},"author":{"name":"Geziyoo","@id":"https:\/\/geziyoo.co\/blog\/#\/schema\/person\/032acb2436540ed14784e7d978aef0e4"},"headline":"Bademli K\u00f6y\u00fc ve \u00c7evresi Denize S\u0131f\u0131r 3 Kamp Noktas\u0131 (Konum ve \u0130pu\u00e7lar\u0131)","datePublished":"2024-05-10T02:38:30+00:00","dateModified":"2026-02-04T11:34:46+00:00","mainEntityOfPage":{"@id":"http:\/\/geziyoo.co\/blog\/bademli-koyu-kamp-alanlari-ve-karavan-alanlari\/"},"wordCount":1433,"commentCount":0,"publisher":{"@id":"https:\/\/geziyoo.co\/blog\/#organization"},"image":{"@id":"http:\/\/geziyoo.co\/blog\/bademli-koyu-kamp-alanlari-ve-karavan-alanlari\/#primaryimage"},"thumbnailUrl":"http:\/\/geziyoo.co\/blog\/wp-content\/uploads\/2024\/05\/Bademli-Koyu-Kamp-Alanlari-ve-Karavan-Alanlari.jpg","articleSection":["Kamp","Kamp Alanlar\u0131"],"inLanguage":"tr","potentialAction":[{"@type":"CommentAction","name":"Comment","target":["http:\/\/geziyoo.co\/blog\/bademli-koyu-kamp-alanlari-ve-karavan-alanlari\/#respond"]}]},{"@type":"WebPage","@id":"http:\/\/geziyoo.co\/blog\/bademli-koyu-kamp-alanlari-ve-karavan-alanlari\/","url":"http:\/\/geziyoo.co\/blog\/bademli-koyu-kamp-alanlari-ve-karavan-alanlari\/","name":"Bademli\u2019de \u00dccretli ve \u00dccretsiz En \u0130yi 3 Kamp Alan\u0131: Pissa ve Killik | Geziyoo","isPartOf":{"@id":"https:\/\/geziyoo.co\/blog\/#website"},"primaryImageOfPage":{"@id":"http:\/\/geziyoo.co\/blog\/bademli-koyu-kamp-alanlari-ve-karavan-alanlari\/#primaryimage"},"image":{"@id":"http:\/\/geziyoo.co\/blog\/bademli-koyu-kamp-alanlari-ve-karavan-alanlari\/#primaryimage"},"thumbnailUrl":"http:\/\/geziyoo.co\/blog\/wp-content\/uploads\/2024\/05\/Bademli-Koyu-Kamp-Alanlari-ve-Karavan-Alanlari.jpg","datePublished":"2024-05-10T02:38:30+00:00","dateModified":"2026-02-04T11:34:46+00:00","description":"\u0130zmir Dikili Bademli'de denize s\u0131f\u0131r kamp keyfi! Turkuaz sular\u0131yla \u00fcnl\u00fc Pissa ve Killik Koyu ile konforlu kamping i\u015fletmelerini i\u00e7eren en iyi 3 kamp noktas\u0131n\u0131 listeledik.","breadcrumb":{"@id":"http:\/\/geziyoo.co\/blog\/bademli-koyu-kamp-alanlari-ve-karavan-alanlari\/#breadcrumb"},"inLanguage":"tr","potentialAction":[{"@type":"ReadAction","target":["http:\/\/geziyoo.co\/blog\/bademli-koyu-kamp-alanlari-ve-karavan-alanlari\/"]}]},{"@type":"ImageObject","inLanguage":"tr","@id":"http:\/\/geziyoo.co\/blog\/bademli-koyu-kamp-alanlari-ve-karavan-alanlari\/#primaryimage","url":"http:\/\/geziyoo.co\/blog\/wp-content\/uploads\/2024\/05\/Bademli-Koyu-Kamp-Alanlari-ve-Karavan-Alanlari.jpg","contentUrl":"http:\/\/geziyoo.co\/blog\/wp-content\/uploads\/2024\/05\/Bademli-Koyu-Kamp-Alanlari-ve-Karavan-Alanlari.jpg","width":800,"height":600},{"@type":"BreadcrumbList","@id":"http:\/\/geziyoo.co\/blog\/bademli-koyu-kamp-alanlari-ve-karavan-alanlari\/#breadcrumb","itemListElement":[{"@type":"ListItem","position":1,"name":"Ana sayfa","item":"https:\/\/geziyoo.co\/blog\/"},{"@type":"ListItem","position":2,"name":"Bademli K\u00f6y\u00fc ve \u00c7evresi Denize S\u0131f\u0131r 3 Kamp Noktas\u0131 (Konum ve \u0130pu\u00e7lar\u0131)"}]},{"@type":"WebSite","@id":"https:\/\/geziyoo.co\/blog\/#website","url":"https:\/\/geziyoo.co\/blog\/","name":"Geziyoo Blog","description":"GeziYoo Blog&#039;da T\u00fcrkiye&#039;nin en iyi kamp alanlar\u0131ndan bungalov tatillerine, karavan ipu\u00e7lar\u0131ndan gezi rehberlerine kadar her t\u00fcrl\u00fc do\u011fa deneyimini ke\u015ffedin.","publisher":{"@id":"https:\/\/geziyoo.co\/blog\/#organization"},"potentialAction":[{"@type":"SearchAction","target":{"@type":"EntryPoint","urlTemplate":"https:\/\/geziyoo.co\/blog\/?s={search_term_string}"},"query-input":{"@type":"PropertyValueSpecification","valueRequired":true,"valueName":"search_term_string"}}],"inLanguage":"tr"},{"@type":"Organization","@id":"https:\/\/geziyoo.co\/blog\/#organization","name":"Geziyoo.co","url":"https:\/\/geziyoo.co\/blog\/","logo":{"@type":"ImageObject","inLanguage":"tr","@id":"https:\/\/geziyoo.co\/blog\/#\/schema\/logo\/image\/","url":"https:\/\/geziyoo.co\/blog\/wp-content\/uploads\/2025\/01\/Paragraf-metniniz-3.png","contentUrl":"https:\/\/geziyoo.co\/blog\/wp-content\/uploads\/2025\/01\/Paragraf-metniniz-3.png","width":270,"height":50,"caption":"Geziyoo.co"},"image":{"@id":"https:\/\/geziyoo.co\/blog\/#\/schema\/logo\/image\/"},"sameAs":["https:\/\/www.facebook.com\/Geziyooco","https:\/\/x.com\/geziyoo","https:\/\/tr.pinterest.com\/geziyooco\/","https:\/\/www.youtube.com\/@geziyoo","https:\/\/www.instagram.com\/geziyoo.co\/"]},{"@type":"Person","@id":"https:\/\/geziyoo.co\/blog\/#\/schema\/person\/032acb2436540ed14784e7d978aef0e4","name":"Geziyoo","image":{"@type":"ImageObject","inLanguage":"tr","@id":"https:\/\/geziyoo.co\/blog\/#\/schema\/person\/image\/","url":"https:\/\/secure.gravatar.com\/avatar\/ae212a4514471fdb8cab6e5af4f3c99b940a2d0a16713ea0392c8d7c8a64f30a?s=96&d=mm&r=g","contentUrl":"https:\/\/secure.gravatar.com\/avatar\/ae212a4514471fdb8cab6e5af4f3c99b940a2d0a16713ea0392c8d7c8a64f30a?s=96&d=mm&r=g","caption":"Geziyoo"},"description":"Do\u011fa ile i\u00e7 i\u00e7e olabilece\u011finiz yerler,do\u011fa aktivite alanlar\u0131,kamp alanlar\u0131,bungalov oteller,Tiny House Oteller, Galampingler ve da\u011f evlerinin herkes i\u00e7in ula\u015f\u0131labilir olmas\u0131n\u0131 sa\u011flamak amac\u0131yla Geziyoo\u2019ya 2019 y\u0131l\u0131nda ba\u015flad\u0131k.Do\u011fal Tatil konseptini uygulayan en geni\u015f kapsaml\u0131 sitedir.","sameAs":["https:\/\/geziyoo.co\/","https:\/\/www.facebook.com\/geziyoo.co","https:\/\/www.instagram.com\/geziyoo.co\/","https:\/\/tr.pinterest.com\/geziyooco\/","https:\/\/x.com\/https:\/\/twitter.com\/geziyoo","https:\/\/www.youtube.com\/channel\/UCdiSMa6pe17KEY7DP1Ug4ag"]}]}},"amp_enabled":true,"_links":{"self":[{"href":"http:\/\/geziyoo.co\/blog\/wp-json\/wp\/v2\/posts\/17910","targetHints":{"allow":["GET"]}}],"collection":[{"href":"http:\/\/geziyoo.co\/blog\/wp-json\/wp\/v2\/posts"}],"about":[{"href":"http:\/\/geziyoo.co\/blog\/wp-json\/wp\/v2\/types\/post"}],"author":[{"embeddable":true,"href":"http:\/\/geziyoo.co\/blog\/wp-json\/wp\/v2\/users\/1"}],"replies":[{"embeddable":true,"href":"http:\/\/geziyoo.co\/blog\/wp-json\/wp\/v2\/comments?post=17910"}],"version-history":[{"count":0,"href":"http:\/\/geziyoo.co\/blog\/wp-json\/wp\/v2\/posts\/17910\/revisions"}],"wp:featuredmedia":[{"embeddable":true,"href":"http:\/\/geziyoo.co\/blog\/wp-json\/wp\/v2\/media\/17912"}],"wp:attachment":[{"href":"http:\/\/geziyoo.co\/blog\/wp-json\/wp\/v2\/media?parent=17910"}],"wp:term":[{"taxonomy":"category","embeddable":true,"href":"http:\/\/geziyoo.co\/blog\/wp-json\/wp\/v2\/categories?post=17910"},{"taxonomy":"post_tag","embeddable":true,"href":"http:\/\/geziyoo.co\/blog\/wp-json\/wp\/v2\/tags?post=17910"}],"curies":[{"name":"wp","href":"https:\/\/api.w.org\/{rel}","templated":true}]}}