{"id":17313,"date":"2024-04-05T02:58:30","date_gmt":"2024-04-05T02:58:30","guid":{"rendered":"https:\/\/geziyoo.co\/blog\/?p=17313"},"modified":"2026-02-04T11:02:59","modified_gmt":"2026-02-04T11:02:59","slug":"kinik-kamp-alanlari-ve-karavan-alanlari","status":"publish","type":"post","link":"http:\/\/geziyoo.co\/blog\/kinik-kamp-alanlari-ve-karavan-alanlari\/","title":{"rendered":"Bilecik K\u0131n\u0131k K\u00f6y\u00fc ve \u00c7evresi Do\u011fa \u0130\u00e7inde \u00dccretsiz Kamp Noktas\u0131"},"content":{"rendered":"\n<p><strong>K\u0131n\u0131k K\u00f6y\u00fc<\/strong>, Bilecik&#8217;in Pazaryeri il\u00e7esine ba\u011fl\u0131, k\u00f6y halk\u0131n\u0131n neredeyse tamam\u0131n\u0131n \u00e7\u00f6mlek\u00e7ilikle u\u011fra\u015ft\u0131\u011f\u0131, bacalar\u0131ndan sanat t\u00fcten \u00e7ok \u00f6zel bir rotad\u0131r. Buras\u0131 bir il\u00e7e de\u011fil, ya\u015fayan bir a\u00e7\u0131k hava at\u00f6lyesidir. Kamp\u00e7\u0131lar i\u00e7in K\u0131n\u0131k, hem k\u00fclt\u00fcrel bir gezi yap\u0131p (\u00e7\u00f6mlek tezgah\u0131na oturup) hem de k\u00f6y\u00fcn etraf\u0131n\u0131 saran g\u00f6letler cennetinde kamp atma imkan\u0131 sunar.<\/p>\n\n\n\n<p>B\u00f6lge, Bilecik&#8217;in &#8220;G\u00f6letler Diyar\u0131&#8221; olarak bilinen Pazaryeri s\u0131n\u0131rlar\u0131ndad\u0131r. K\u0131n\u0131k K\u00f6y\u00fc&#8217;n\u00fcn hemen yan\u0131 ba\u015f\u0131nda, y\u00fcr\u00fcy\u00fc\u015f mesafesinde olan <strong>K\u00fc\u00e7\u00fckelmal\u0131 G\u00f6leti<\/strong>, \u00e7am ormanlar\u0131n\u0131n suya yans\u0131d\u0131\u011f\u0131, \u0130svi\u00e7re manzaralar\u0131n\u0131 aratmayan bir kamp alan\u0131d\u0131r. K\u00f6y\u00fcn di\u011fer taraf\u0131ndaki <strong>G\u00fcnyurdu (Bakraz) G\u00f6leti<\/strong> ise daha geni\u015f yap\u0131s\u0131yla karavanc\u0131lar\u0131n favorisidir.<\/p>\n\n\n\n<p>Biz Geziyoo olarak, Bilecik&#8217;in bu en sanatsal k\u00f6y\u00fcnde hem topra\u011fa dokunup hem de do\u011faya kar\u0131\u015fabilece\u011finiz noktalar\u0131 se\u00e7tik. Listemizde, k\u00f6y meralar\u0131n\u0131n samimiyetini de, g\u00f6l kenar\u0131ndaki sessizli\u011fi de bir araya getirdik.<\/p>\n\n\n\n<p>\u0130ster <strong>K\u0131n\u0131k K\u00f6y\u00fc&#8217;nde<\/strong> ustan\u0131n elinden toprak testi al\u0131n, ister <strong>K\u00fc\u00e7\u00fckelmal\u0131&#8217;da<\/strong> semaverinizi yak\u0131n; buran\u0131n rak\u0131m\u0131 y\u00fcksektir, ak\u015famlar\u0131 Bilecik ayaz\u0131na haz\u0131rl\u0131kl\u0131 olun. \u0130\u015fte Bilecik K\u0131n\u0131k\u2019\u0131n en iyi 3 kamp dura\u011f\u0131:<\/p>\n\n\n\n<p>Bu arada Bilecik&#8217;deki kamp alanlar\u0131na bakmak i\u00e7in <strong><em> <a href=\"https:\/\/geziyoo.co\/blog\/bilecik-kamp-alanlari-ve-karavan-alanlari\/\" data-type=\"post\" data-id=\"8760\">Bilecik Kamp Alanlar\u0131<\/a><\/em><\/strong> sayfam\u0131z\u0131da kullanabilirsiniz.Unuttu\u011fumuz veya bilmedi\u011fimiz <strong>\u00c7ad\u0131r ve Karavan Kamp alan\u0131<\/strong> var ise l\u00fctfen yorumlar k\u0131sm\u0131ndan bizlerle payla\u015fs\u0131n.<\/p>\n\n\n\n<p>Unutmadan Bilecik K\u0131n\u0131k haricinde Kamp Alan\u0131, Bungalov veya Da\u011f evi ar\u0131yorsan\u0131z , <a href=\"https:\/\/geziyoo.co\/?select=Karavan+Kamp%C4%B1&amp;lp_s_loc=&amp;lp_s_tag=&amp;lp_s_cat=229&amp;s=home&amp;post_type=listing\" target=\"_blank\" rel=\"noopener noreferrer\"><em><strong>500&#8217;den fazla Kamp ve Karavan Yeri<\/strong> <\/em><\/a>sayfam\u0131za bakman\u0131z\u0131 tavsiye diyoruz.<\/p>\n\n\n\n<hr class=\"wp-block-separator has-css-opacity is-style-wide\"\/>\n\n\n\n<h2 class=\"wp-block-heading\">1.K\u0131n\u0131k \u015eelalesi Kamp Alan\u0131<\/h2>\n\n\n\n<figure class=\"wp-block-image size-large\"><img decoding=\"async\" width=\"1024\" height=\"576\" data-src=\"https:\/\/geziyoo.co\/blog\/wp-content\/uploads\/2024\/04\/kinik-kamp-alanlari-1024x576.webp\" alt=\"K\u0131n\u0131k Kamp Alanlar\u0131 ve Karavan Alanlar\u0131\" class=\"wp-image-17314 lazyload\" data-srcset=\"http:\/\/geziyoo.co\/blog\/wp-content\/uploads\/2024\/04\/kinik-kamp-alanlari-1024x576.webp 1024w, http:\/\/geziyoo.co\/blog\/wp-content\/uploads\/2024\/04\/kinik-kamp-alanlari-300x169.webp 300w, http:\/\/geziyoo.co\/blog\/wp-content\/uploads\/2024\/04\/kinik-kamp-alanlari-768x432.webp 768w, http:\/\/geziyoo.co\/blog\/wp-content\/uploads\/2024\/04\/kinik-kamp-alanlari-390x220.webp 390w, http:\/\/geziyoo.co\/blog\/wp-content\/uploads\/2024\/04\/kinik-kamp-alanlari-150x84.webp 150w, http:\/\/geziyoo.co\/blog\/wp-content\/uploads\/2024\/04\/kinik-kamp-alanlari.webp 1200w\" data-sizes=\"(max-width: 1024px) 100vw, 1024px\" src=\"data:image\/gif;base64,R0lGODlhAQABAAAAACH5BAEKAAEALAAAAAABAAEAAAICTAEAOw==\" style=\"--smush-placeholder-width: 1024px; --smush-placeholder-aspect-ratio: 1024\/576;\" \/><\/figure>\n\n\n\n<p><strong>Bilecik merkezine yak\u0131n bir konumda bulunan K\u0131n\u0131k \u015eelalesi Kamp Alan\u0131, ye\u015fil ve do\u011fal ortam\u0131yla kamp severleri cezbeden bir yer.<\/strong> \u00dccretsiz kamp imkan\u0131 sunan bu kamp alan\u0131, hem \u00e7ad\u0131r kamp\u0131 hem de karavan kamp\u0131 i\u00e7in uygun.<\/p>\n\n\n\n<p>K\u0131n\u0131k \u015eelalesi Kamp Alan\u0131, do\u011fayla i\u00e7 i\u00e7e bir kamp deneyimi ya\u015famak isteyenler i\u00e7in ideal bir yer. Kamp alan\u0131n\u0131n etraf\u0131ndaki yemye\u015fil a\u011fa\u00e7lar ve tertemiz hava, do\u011fan\u0131n g\u00fczelli\u011fini doyas\u0131ya ya\u015faman\u0131z\u0131 sa\u011fl\u0131yor. \u015eelalenin serin sular\u0131 ve sesleri ise kamp\u0131n\u0131za e\u015flik ediyor.<\/p>\n\n\n\n<p>Kamp alan\u0131nda maalesef herhangi bir i\u015fletme bulunmuyor. Bu nedenle kamp yapmadan \u00f6nce t\u00fcm ihtiya\u00e7lar\u0131n\u0131z\u0131 kar\u015f\u0131laman\u0131z ve haz\u0131rl\u0131kl\u0131 gitmeniz gerekiyor. WC, du\u015f gibi olanaklar da mevcut de\u011fil. Do\u011fal bir alanda kamp yapmak isteyenler i\u00e7in daha uygun bir yer.<\/p>\n\n\n\n<p>K\u0131n\u0131k \u015eelalesi Kamp Alan\u0131&#8217;na ula\u015f\u0131m olduk\u00e7a kolayd\u0131r. Bilecik \u015fehir merkezinden kalkan otob\u00fcslerle veya \u00f6zel arac\u0131n\u0131zla kolayca kamp alan\u0131na ula\u015fabilirsiniz.<\/p>\n\n\n\n<hr class=\"wp-block-separator has-css-opacity is-style-wide\"\/>\n\n\n\n<ul id=\"block-ac4df02e-ceaf-47f7-a499-985a2bd13010\" class=\"wp-block-list\">\n<li><strong>K\u0131n\u0131k \u015eelalesi<\/strong> <strong>Adres<\/strong>&nbsp;:K\u0131n\u0131k, Bilecik<a href=\"https:\/\/www.google.com\/maps?daddr=40.229135109103744,29.824787616127836\" target=\"_blank\" rel=\"noreferrer noopener\">Yol Tarifi Al<\/a><\/li>\n\n\n\n<li><strong>K\u0131n\u0131k \u015eelalesi<\/strong>&nbsp;<strong>Detayl\u0131 Bilgi Fiyatlar:<\/strong>Detayl\u0131 Bilgiler i\u00e7in&nbsp;<a href=\"https:\/\/geziyoo.co\/listing\/kinik-selalesi-kamp-alani\/\"><strong><em><strong><strong><strong><strong>K\u0131n\u0131k \u015eelalesi<\/strong><\/strong><\/strong><\/strong><\/em><\/strong> <\/a>&nbsp;sayfas\u0131na bakabilirsiniz.<\/li>\n<\/ul>\n\n\n\n<hr class=\"wp-block-separator has-css-opacity is-style-wide\"\/>\n\n\n\n<h2 class=\"wp-block-heading\">2.\u00c7avu\u015fk\u00f6y G\u00f6leti Kamp Alan\u0131<\/h2>\n\n\n\n<figure class=\"wp-block-image size-large\"><img decoding=\"async\" width=\"800\" height=\"600\" data-src=\"https:\/\/geziyoo.co\/blog\/wp-content\/uploads\/2021\/11\/Cavuskoy-Goleti-Kamp-Alani-1.jpg\" alt=\"\" class=\"wp-image-8790 lazyload\" data-srcset=\"http:\/\/geziyoo.co\/blog\/wp-content\/uploads\/2021\/11\/Cavuskoy-Goleti-Kamp-Alani-1.jpg 800w, http:\/\/geziyoo.co\/blog\/wp-content\/uploads\/2021\/11\/Cavuskoy-Goleti-Kamp-Alani-1-300x225.jpg 300w, http:\/\/geziyoo.co\/blog\/wp-content\/uploads\/2021\/11\/Cavuskoy-Goleti-Kamp-Alani-1-768x576.jpg 768w\" data-sizes=\"(max-width: 800px) 100vw, 800px\" src=\"data:image\/gif;base64,R0lGODlhAQABAAAAACH5BAEKAAEALAAAAAABAAEAAAICTAEAOw==\" style=\"--smush-placeholder-width: 800px; --smush-placeholder-aspect-ratio: 800\/600;\" \/><\/figure>\n\n\n\n<p><strong>Bilecik il merkezine yakla\u015f\u0131k 20 kilometre uzakl\u0131kta bulunan \u00c7avu\u015fk\u00f6y G\u00f6leti Kamp Alan\u0131, do\u011fayla i\u00e7 i\u00e7e bir kamp deneyimi ya\u015famak isteyenler i\u00e7in ideal bir yer.<\/strong> Hem \u00e7ad\u0131r kamp\u0131 hem de karavan kamp\u0131 i\u00e7in uygun olan bu kamp alan\u0131, \u00f6zellikle bahar aylar\u0131nda muhte\u015fem bir manzaraya b\u00fcr\u00fcn\u00fcyor.<\/p>\n\n\n\n<p>\u00c7avu\u015fk\u00f6y G\u00f6leti Kamp Alan\u0131, etraf\u0131ndaki yemye\u015fil a\u011fa\u00e7lar ve tertemiz havas\u0131yla do\u011fan\u0131n g\u00fczelli\u011fini doyas\u0131ya ya\u015fayabilece\u011finiz bir yer. G\u00f6letin sakin sular\u0131 ve huzurlu atmosferi ise kamp\u0131n\u0131za e\u015flik ediyor.<\/p>\n\n\n\n<p>Kamp alan\u0131nda maalesef kamp\u00e7\u0131lar\u0131n ihtiya\u00e7lar\u0131n\u0131 kar\u015f\u0131layacak herhangi bir i\u015fletme bulunmuyor. Bu nedenle kamp yapmadan \u00f6nce t\u00fcm ihtiya\u00e7lar\u0131n\u0131z\u0131 kar\u015f\u0131laman\u0131z ve haz\u0131rl\u0131kl\u0131 gitmeniz gerekiyor. Market, restoran gibi imkanlar mevcut de\u011fil.<\/p>\n\n\n\n<p>\u00c7avu\u015fk\u00f6y G\u00f6leti Kamp Alan\u0131&#8217;na ula\u015f\u0131m olduk\u00e7a kolayd\u0131r. <strong>Bilecik \u015fehir merkezinden<\/strong> kalkan otob\u00fcslerle veya \u00f6zel arac\u0131n\u0131zla kolayca kamp alan\u0131na ula\u015fabilirsiniz.<\/p>\n\n\n\n<hr class=\"wp-block-separator has-css-opacity is-style-wide\"\/>\n\n\n\n<ul id=\"block-ac4df02e-ceaf-47f7-a499-985a2bd13010\" class=\"wp-block-list\">\n<li><strong>\u00c7avu\u015fk\u00f6y G\u00f6leti<\/strong> <strong>Adres<\/strong>&nbsp;:K\u0131n\u0131k, Bilecik<a href=\"https:\/\/www.google.com\/maps?daddr=40.229135109103744,29.824787616127836\" target=\"_blank\" rel=\"noreferrer noopener\">Yol Tarifi Al<\/a><\/li>\n\n\n\n<li><strong>\u00c7avu\u015fk\u00f6y G\u00f6leti<\/strong>&nbsp;<strong>Detayl\u0131 Bilgi Fiyatlar:<\/strong>Detayl\u0131 Bilgiler i\u00e7in&nbsp;<strong><em><strong><strong><strong><strong><a href=\"https:\/\/geziyoo.co\/listing\/cavuskoy-goleti-kamp-alani\/\">\u00c7avu\u015fk\u00f6y G\u00f6leti<\/a><\/strong><\/strong><\/strong><\/strong><\/em><\/strong> &nbsp;sayfas\u0131na bakabilirsiniz.<\/li>\n<\/ul>\n\n\n\n<hr class=\"wp-block-separator has-css-opacity is-style-wide\"\/>\n\n\n\n<p><strong>K\u0131n\u0131kl\u0131 Kamp Alanlar\u0131<\/strong> i\u00e7eri\u011fimizin sonuna geldik sizlere K\u0131n\u0131k&#8217;da kamp yapabilece\u011finiz \u00fccretli ve \u00fccretsiz kamp alanlar\u0131n\u0131 aktarmaya \u00e7al\u0131\u015ft\u0131k.Umar\u0131z i\u00e7eri\u011fimiz sizlere faydal\u0131 olabilmi\u015ftir.Bu kamp alanlar\u0131 ile ilgili detayl\u0131 bilgiler i\u00e7in <em><strong><a href=\"https:\/\/geziyoo.co\/location\/bilecik-dogal-tatil-yerleri\/\">Bilecik KAMP L\u0130STES\u0130<\/a><\/strong><\/em> sayfam\u0131za da bakman\u0131z\u0131 tavsiye eder g\u00fczel bir kamp ge\u00e7irmenizi dileriz.<\/p>\n\n\n\n<hr class=\"wp-block-separator has-css-opacity is-style-wide\"\/>\n\n\n\n<h3 class=\"wp-block-heading\">Bunlar\u0131 da Sevebilirsiniz;<\/h3>\n\n\n<ul class=\"wp-block-latest-posts__list wp-block-latest-posts\"><li><a class=\"wp-block-latest-posts__post-title\" href=\"http:\/\/geziyoo.co\/blog\/batman-kamp-alanlari\/\">Batman ve \u00c7evresi Do\u011fa \u0130\u00e7inde 4 Kamp Noktas\u0131 (Konum ve \u0130pu\u00e7lar\u0131)<\/a><\/li>\n<li><a class=\"wp-block-latest-posts__post-title\" href=\"http:\/\/geziyoo.co\/blog\/ayder-yaylasi-kamp-alanlari-ve-karavan-alanlari\/\">Ayder Yaylas\u0131 ve \u00c7evresi 2 Kamp Noktas\u0131 (Konum ve \u0130pu\u00e7lar\u0131)<\/a><\/li>\n<li><a class=\"wp-block-latest-posts__post-title\" href=\"http:\/\/geziyoo.co\/blog\/ardesen-kamp-alanlari-ve-karavan-alanlari\/\">Arde\u015fen ve F\u0131rt\u0131na Vadisi Giri\u015fi 5 Kamp Noktas\u0131 (Konum ve \u0130pu\u00e7lar\u0131)<\/a><\/li>\n<\/ul>","protected":false},"excerpt":{"rendered":"<p>K\u0131n\u0131k K\u00f6y\u00fc, Bilecik&#8217;in Pazaryeri il\u00e7esine ba\u011fl\u0131, k\u00f6y halk\u0131n\u0131n neredeyse tamam\u0131n\u0131n \u00e7\u00f6mlek\u00e7ilikle u\u011fra\u015ft\u0131\u011f\u0131, bacalar\u0131ndan sanat t\u00fcten \u00e7ok \u00f6zel bir rotad\u0131r. Buras\u0131 bir il\u00e7e de\u011fil, ya\u015fayan bir a\u00e7\u0131k hava at\u00f6lyesidir. Kamp\u00e7\u0131lar i\u00e7in K\u0131n\u0131k, hem k\u00fclt\u00fcrel bir gezi yap\u0131p (\u00e7\u00f6mlek tezgah\u0131na oturup) hem de k\u00f6y\u00fcn etraf\u0131n\u0131 saran g\u00f6letler cennetinde kamp atma imkan\u0131 sunar. B\u00f6lge, Bilecik&#8217;in &#8220;G\u00f6letler Diyar\u0131&#8221; olarak &hellip;<\/p>\n","protected":false},"author":1,"featured_media":17315,"comment_status":"open","ping_status":"closed","sticky":false,"template":"","format":"standard","meta":{"footnotes":""},"categories":[589,23],"tags":[],"class_list":["post-17313","post","type-post","status-publish","format-standard","has-post-thumbnail","hentry","category-kamp1","category-kamp-kamp-alanlari"],"yoast_head":"<!-- This site is optimized with the Yoast SEO plugin v26.9 - https:\/\/yoast.com\/product\/yoast-seo-wordpress\/ -->\n<title>Bilecik K\u0131n\u0131k\u2019ta (Pazaryeri) En \u0130yi \u00dccretsiz Kamp Alan\u0131: G\u00f6letler ve \u00c7\u00f6mlek K\u00f6y\u00fc | Geziyoo<\/title>\n<meta name=\"description\" content=\"Bilecik Pazaryeri K\u0131n\u0131k K\u00f6y\u00fc, \u00e7\u00f6mlek at\u00f6lyeleri \u00e7evresi, hemen yan\u0131ndaki do\u011fa harikas\u0131 K\u00fc\u00e7\u00fckelmal\u0131 G\u00f6leti ve G\u00fcnyurdu (Bakraz) G\u00f6leti dahil \u00fccretsiz kamp alan\u0131n\u0131 listeledik.\" \/>\n<meta name=\"robots\" content=\"index, follow, max-snippet:-1, max-image-preview:large, max-video-preview:-1\" \/>\n<link rel=\"canonical\" href=\"http:\/\/geziyoo.co\/blog\/kinik-kamp-alanlari-ve-karavan-alanlari\/\" \/>\n<meta property=\"og:locale\" content=\"tr_TR\" \/>\n<meta property=\"og:type\" content=\"article\" \/>\n<meta property=\"og:title\" content=\"Bilecik K\u0131n\u0131k\u2019ta (Pazaryeri) En \u0130yi \u00dccretsiz Kamp Alan\u0131: G\u00f6letler ve \u00c7\u00f6mlek K\u00f6y\u00fc | Geziyoo\" \/>\n<meta property=\"og:description\" content=\"Bilecik Pazaryeri K\u0131n\u0131k K\u00f6y\u00fc, \u00e7\u00f6mlek at\u00f6lyeleri \u00e7evresi, hemen yan\u0131ndaki do\u011fa harikas\u0131 K\u00fc\u00e7\u00fckelmal\u0131 G\u00f6leti ve G\u00fcnyurdu (Bakraz) G\u00f6leti dahil \u00fccretsiz kamp alan\u0131n\u0131 listeledik.\" \/>\n<meta property=\"og:url\" content=\"http:\/\/geziyoo.co\/blog\/kinik-kamp-alanlari-ve-karavan-alanlari\/\" \/>\n<meta property=\"og:site_name\" content=\"Geziyoo.co\" \/>\n<meta property=\"article:publisher\" content=\"https:\/\/www.facebook.com\/Geziyooco\" \/>\n<meta property=\"article:author\" content=\"https:\/\/www.facebook.com\/geziyoo.co\" \/>\n<meta property=\"article:published_time\" content=\"2024-04-05T02:58:30+00:00\" \/>\n<meta property=\"article:modified_time\" content=\"2026-02-04T11:02:59+00:00\" \/>\n<meta property=\"og:image\" content=\"http:\/\/geziyoo.co\/blog\/wp-content\/uploads\/2024\/04\/kinik-selale-scaled.jpeg\" \/>\n\t<meta property=\"og:image:width\" content=\"1200\" \/>\n\t<meta property=\"og:image:height\" content=\"787\" \/>\n\t<meta property=\"og:image:type\" content=\"image\/jpeg\" \/>\n<meta name=\"author\" content=\"Geziyoo\" \/>\n<meta name=\"twitter:card\" content=\"summary_large_image\" \/>\n<meta name=\"twitter:creator\" content=\"@https:\/\/twitter.com\/geziyoo\" \/>\n<meta name=\"twitter:site\" content=\"@geziyoo\" \/>\n<meta name=\"twitter:label1\" content=\"Yazan:\" \/>\n\t<meta name=\"twitter:data1\" content=\"Geziyoo\" \/>\n\t<meta name=\"twitter:label2\" content=\"Tahmini okuma s\u00fcresi\" \/>\n\t<meta name=\"twitter:data2\" content=\"4 dakika\" \/>\n<script type=\"application\/ld+json\" class=\"yoast-schema-graph\">{\"@context\":\"https:\/\/schema.org\",\"@graph\":[{\"@type\":\"Article\",\"@id\":\"http:\/\/geziyoo.co\/blog\/kinik-kamp-alanlari-ve-karavan-alanlari\/#article\",\"isPartOf\":{\"@id\":\"http:\/\/geziyoo.co\/blog\/kinik-kamp-alanlari-ve-karavan-alanlari\/\"},\"author\":{\"name\":\"Geziyoo\",\"@id\":\"https:\/\/geziyoo.co\/blog\/#\/schema\/person\/032acb2436540ed14784e7d978aef0e4\"},\"headline\":\"Bilecik K\u0131n\u0131k K\u00f6y\u00fc ve \u00c7evresi Do\u011fa \u0130\u00e7inde \u00dccretsiz Kamp Noktas\u0131\",\"datePublished\":\"2024-04-05T02:58:30+00:00\",\"dateModified\":\"2026-02-04T11:02:59+00:00\",\"mainEntityOfPage\":{\"@id\":\"http:\/\/geziyoo.co\/blog\/kinik-kamp-alanlari-ve-karavan-alanlari\/\"},\"wordCount\":841,\"commentCount\":0,\"publisher\":{\"@id\":\"https:\/\/geziyoo.co\/blog\/#organization\"},\"image\":{\"@id\":\"http:\/\/geziyoo.co\/blog\/kinik-kamp-alanlari-ve-karavan-alanlari\/#primaryimage\"},\"thumbnailUrl\":\"http:\/\/geziyoo.co\/blog\/wp-content\/uploads\/2024\/04\/kinik-selale-scaled.jpeg\",\"articleSection\":[\"Kamp\",\"Kamp Alanlar\u0131\"],\"inLanguage\":\"tr\",\"potentialAction\":[{\"@type\":\"CommentAction\",\"name\":\"Comment\",\"target\":[\"http:\/\/geziyoo.co\/blog\/kinik-kamp-alanlari-ve-karavan-alanlari\/#respond\"]}]},{\"@type\":\"WebPage\",\"@id\":\"http:\/\/geziyoo.co\/blog\/kinik-kamp-alanlari-ve-karavan-alanlari\/\",\"url\":\"http:\/\/geziyoo.co\/blog\/kinik-kamp-alanlari-ve-karavan-alanlari\/\",\"name\":\"Bilecik K\u0131n\u0131k\u2019ta (Pazaryeri) En \u0130yi \u00dccretsiz Kamp Alan\u0131: G\u00f6letler ve \u00c7\u00f6mlek K\u00f6y\u00fc | Geziyoo\",\"isPartOf\":{\"@id\":\"https:\/\/geziyoo.co\/blog\/#website\"},\"primaryImageOfPage\":{\"@id\":\"http:\/\/geziyoo.co\/blog\/kinik-kamp-alanlari-ve-karavan-alanlari\/#primaryimage\"},\"image\":{\"@id\":\"http:\/\/geziyoo.co\/blog\/kinik-kamp-alanlari-ve-karavan-alanlari\/#primaryimage\"},\"thumbnailUrl\":\"http:\/\/geziyoo.co\/blog\/wp-content\/uploads\/2024\/04\/kinik-selale-scaled.jpeg\",\"datePublished\":\"2024-04-05T02:58:30+00:00\",\"dateModified\":\"2026-02-04T11:02:59+00:00\",\"description\":\"Bilecik Pazaryeri K\u0131n\u0131k K\u00f6y\u00fc, \u00e7\u00f6mlek at\u00f6lyeleri \u00e7evresi, hemen yan\u0131ndaki do\u011fa harikas\u0131 K\u00fc\u00e7\u00fckelmal\u0131 G\u00f6leti ve G\u00fcnyurdu (Bakraz) G\u00f6leti dahil \u00fccretsiz kamp alan\u0131n\u0131 listeledik.\",\"breadcrumb\":{\"@id\":\"http:\/\/geziyoo.co\/blog\/kinik-kamp-alanlari-ve-karavan-alanlari\/#breadcrumb\"},\"inLanguage\":\"tr\",\"potentialAction\":[{\"@type\":\"ReadAction\",\"target\":[\"http:\/\/geziyoo.co\/blog\/kinik-kamp-alanlari-ve-karavan-alanlari\/\"]}]},{\"@type\":\"ImageObject\",\"inLanguage\":\"tr\",\"@id\":\"http:\/\/geziyoo.co\/blog\/kinik-kamp-alanlari-ve-karavan-alanlari\/#primaryimage\",\"url\":\"http:\/\/geziyoo.co\/blog\/wp-content\/uploads\/2024\/04\/kinik-selale-scaled.jpeg\",\"contentUrl\":\"http:\/\/geziyoo.co\/blog\/wp-content\/uploads\/2024\/04\/kinik-selale-scaled.jpeg\",\"width\":1200,\"height\":787},{\"@type\":\"BreadcrumbList\",\"@id\":\"http:\/\/geziyoo.co\/blog\/kinik-kamp-alanlari-ve-karavan-alanlari\/#breadcrumb\",\"itemListElement\":[{\"@type\":\"ListItem\",\"position\":1,\"name\":\"Ana sayfa\",\"item\":\"https:\/\/geziyoo.co\/blog\/\"},{\"@type\":\"ListItem\",\"position\":2,\"name\":\"Bilecik K\u0131n\u0131k K\u00f6y\u00fc ve \u00c7evresi Do\u011fa \u0130\u00e7inde \u00dccretsiz Kamp Noktas\u0131\"}]},{\"@type\":\"WebSite\",\"@id\":\"https:\/\/geziyoo.co\/blog\/#website\",\"url\":\"https:\/\/geziyoo.co\/blog\/\",\"name\":\"Geziyoo Blog\",\"description\":\"GeziYoo Blog&#039;da T\u00fcrkiye&#039;nin en iyi kamp alanlar\u0131ndan bungalov tatillerine, karavan ipu\u00e7lar\u0131ndan gezi rehberlerine kadar her t\u00fcrl\u00fc do\u011fa deneyimini ke\u015ffedin.\",\"publisher\":{\"@id\":\"https:\/\/geziyoo.co\/blog\/#organization\"},\"potentialAction\":[{\"@type\":\"SearchAction\",\"target\":{\"@type\":\"EntryPoint\",\"urlTemplate\":\"https:\/\/geziyoo.co\/blog\/?s={search_term_string}\"},\"query-input\":{\"@type\":\"PropertyValueSpecification\",\"valueRequired\":true,\"valueName\":\"search_term_string\"}}],\"inLanguage\":\"tr\"},{\"@type\":\"Organization\",\"@id\":\"https:\/\/geziyoo.co\/blog\/#organization\",\"name\":\"Geziyoo.co\",\"url\":\"https:\/\/geziyoo.co\/blog\/\",\"logo\":{\"@type\":\"ImageObject\",\"inLanguage\":\"tr\",\"@id\":\"https:\/\/geziyoo.co\/blog\/#\/schema\/logo\/image\/\",\"url\":\"https:\/\/geziyoo.co\/blog\/wp-content\/uploads\/2025\/01\/Paragraf-metniniz-3.png\",\"contentUrl\":\"https:\/\/geziyoo.co\/blog\/wp-content\/uploads\/2025\/01\/Paragraf-metniniz-3.png\",\"width\":270,\"height\":50,\"caption\":\"Geziyoo.co\"},\"image\":{\"@id\":\"https:\/\/geziyoo.co\/blog\/#\/schema\/logo\/image\/\"},\"sameAs\":[\"https:\/\/www.facebook.com\/Geziyooco\",\"https:\/\/x.com\/geziyoo\",\"https:\/\/tr.pinterest.com\/geziyooco\/\",\"https:\/\/www.youtube.com\/@geziyoo\",\"https:\/\/www.instagram.com\/geziyoo.co\/\"]},{\"@type\":\"Person\",\"@id\":\"https:\/\/geziyoo.co\/blog\/#\/schema\/person\/032acb2436540ed14784e7d978aef0e4\",\"name\":\"Geziyoo\",\"image\":{\"@type\":\"ImageObject\",\"inLanguage\":\"tr\",\"@id\":\"https:\/\/geziyoo.co\/blog\/#\/schema\/person\/image\/\",\"url\":\"https:\/\/secure.gravatar.com\/avatar\/ae212a4514471fdb8cab6e5af4f3c99b940a2d0a16713ea0392c8d7c8a64f30a?s=96&d=mm&r=g\",\"contentUrl\":\"https:\/\/secure.gravatar.com\/avatar\/ae212a4514471fdb8cab6e5af4f3c99b940a2d0a16713ea0392c8d7c8a64f30a?s=96&d=mm&r=g\",\"caption\":\"Geziyoo\"},\"description\":\"Do\u011fa ile i\u00e7 i\u00e7e olabilece\u011finiz yerler,do\u011fa aktivite alanlar\u0131,kamp alanlar\u0131,bungalov oteller,Tiny House Oteller, Galampingler ve da\u011f evlerinin herkes i\u00e7in ula\u015f\u0131labilir olmas\u0131n\u0131 sa\u011flamak amac\u0131yla Geziyoo\u2019ya 2019 y\u0131l\u0131nda ba\u015flad\u0131k.Do\u011fal Tatil konseptini uygulayan en geni\u015f kapsaml\u0131 sitedir.\",\"sameAs\":[\"https:\/\/geziyoo.co\/\",\"https:\/\/www.facebook.com\/geziyoo.co\",\"https:\/\/www.instagram.com\/geziyoo.co\/\",\"https:\/\/tr.pinterest.com\/geziyooco\/\",\"https:\/\/x.com\/https:\/\/twitter.com\/geziyoo\",\"https:\/\/www.youtube.com\/channel\/UCdiSMa6pe17KEY7DP1Ug4ag\"]}]}<\/script>\n<!-- \/ Yoast SEO plugin. -->","yoast_head_json":{"title":"Bilecik K\u0131n\u0131k\u2019ta (Pazaryeri) En \u0130yi \u00dccretsiz Kamp Alan\u0131: G\u00f6letler ve \u00c7\u00f6mlek K\u00f6y\u00fc | Geziyoo","description":"Bilecik Pazaryeri K\u0131n\u0131k K\u00f6y\u00fc, \u00e7\u00f6mlek at\u00f6lyeleri \u00e7evresi, hemen yan\u0131ndaki do\u011fa harikas\u0131 K\u00fc\u00e7\u00fckelmal\u0131 G\u00f6leti ve G\u00fcnyurdu (Bakraz) G\u00f6leti dahil \u00fccretsiz kamp alan\u0131n\u0131 listeledik.","robots":{"index":"index","follow":"follow","max-snippet":"max-snippet:-1","max-image-preview":"max-image-preview:large","max-video-preview":"max-video-preview:-1"},"canonical":"http:\/\/geziyoo.co\/blog\/kinik-kamp-alanlari-ve-karavan-alanlari\/","og_locale":"tr_TR","og_type":"article","og_title":"Bilecik K\u0131n\u0131k\u2019ta (Pazaryeri) En \u0130yi \u00dccretsiz Kamp Alan\u0131: G\u00f6letler ve \u00c7\u00f6mlek K\u00f6y\u00fc | Geziyoo","og_description":"Bilecik Pazaryeri K\u0131n\u0131k K\u00f6y\u00fc, \u00e7\u00f6mlek at\u00f6lyeleri \u00e7evresi, hemen yan\u0131ndaki do\u011fa harikas\u0131 K\u00fc\u00e7\u00fckelmal\u0131 G\u00f6leti ve G\u00fcnyurdu (Bakraz) G\u00f6leti dahil \u00fccretsiz kamp alan\u0131n\u0131 listeledik.","og_url":"http:\/\/geziyoo.co\/blog\/kinik-kamp-alanlari-ve-karavan-alanlari\/","og_site_name":"Geziyoo.co","article_publisher":"https:\/\/www.facebook.com\/Geziyooco","article_author":"https:\/\/www.facebook.com\/geziyoo.co","article_published_time":"2024-04-05T02:58:30+00:00","article_modified_time":"2026-02-04T11:02:59+00:00","og_image":[{"width":1200,"height":787,"url":"http:\/\/geziyoo.co\/blog\/wp-content\/uploads\/2024\/04\/kinik-selale-scaled.jpeg","type":"image\/jpeg"}],"author":"Geziyoo","twitter_card":"summary_large_image","twitter_creator":"@https:\/\/twitter.com\/geziyoo","twitter_site":"@geziyoo","twitter_misc":{"Yazan:":"Geziyoo","Tahmini okuma s\u00fcresi":"4 dakika"},"schema":{"@context":"https:\/\/schema.org","@graph":[{"@type":"Article","@id":"http:\/\/geziyoo.co\/blog\/kinik-kamp-alanlari-ve-karavan-alanlari\/#article","isPartOf":{"@id":"http:\/\/geziyoo.co\/blog\/kinik-kamp-alanlari-ve-karavan-alanlari\/"},"author":{"name":"Geziyoo","@id":"https:\/\/geziyoo.co\/blog\/#\/schema\/person\/032acb2436540ed14784e7d978aef0e4"},"headline":"Bilecik K\u0131n\u0131k K\u00f6y\u00fc ve \u00c7evresi Do\u011fa \u0130\u00e7inde \u00dccretsiz Kamp Noktas\u0131","datePublished":"2024-04-05T02:58:30+00:00","dateModified":"2026-02-04T11:02:59+00:00","mainEntityOfPage":{"@id":"http:\/\/geziyoo.co\/blog\/kinik-kamp-alanlari-ve-karavan-alanlari\/"},"wordCount":841,"commentCount":0,"publisher":{"@id":"https:\/\/geziyoo.co\/blog\/#organization"},"image":{"@id":"http:\/\/geziyoo.co\/blog\/kinik-kamp-alanlari-ve-karavan-alanlari\/#primaryimage"},"thumbnailUrl":"http:\/\/geziyoo.co\/blog\/wp-content\/uploads\/2024\/04\/kinik-selale-scaled.jpeg","articleSection":["Kamp","Kamp Alanlar\u0131"],"inLanguage":"tr","potentialAction":[{"@type":"CommentAction","name":"Comment","target":["http:\/\/geziyoo.co\/blog\/kinik-kamp-alanlari-ve-karavan-alanlari\/#respond"]}]},{"@type":"WebPage","@id":"http:\/\/geziyoo.co\/blog\/kinik-kamp-alanlari-ve-karavan-alanlari\/","url":"http:\/\/geziyoo.co\/blog\/kinik-kamp-alanlari-ve-karavan-alanlari\/","name":"Bilecik K\u0131n\u0131k\u2019ta (Pazaryeri) En \u0130yi \u00dccretsiz Kamp Alan\u0131: G\u00f6letler ve \u00c7\u00f6mlek K\u00f6y\u00fc | Geziyoo","isPartOf":{"@id":"https:\/\/geziyoo.co\/blog\/#website"},"primaryImageOfPage":{"@id":"http:\/\/geziyoo.co\/blog\/kinik-kamp-alanlari-ve-karavan-alanlari\/#primaryimage"},"image":{"@id":"http:\/\/geziyoo.co\/blog\/kinik-kamp-alanlari-ve-karavan-alanlari\/#primaryimage"},"thumbnailUrl":"http:\/\/geziyoo.co\/blog\/wp-content\/uploads\/2024\/04\/kinik-selale-scaled.jpeg","datePublished":"2024-04-05T02:58:30+00:00","dateModified":"2026-02-04T11:02:59+00:00","description":"Bilecik Pazaryeri K\u0131n\u0131k K\u00f6y\u00fc, \u00e7\u00f6mlek at\u00f6lyeleri \u00e7evresi, hemen yan\u0131ndaki do\u011fa harikas\u0131 K\u00fc\u00e7\u00fckelmal\u0131 G\u00f6leti ve G\u00fcnyurdu (Bakraz) G\u00f6leti dahil \u00fccretsiz kamp alan\u0131n\u0131 listeledik.","breadcrumb":{"@id":"http:\/\/geziyoo.co\/blog\/kinik-kamp-alanlari-ve-karavan-alanlari\/#breadcrumb"},"inLanguage":"tr","potentialAction":[{"@type":"ReadAction","target":["http:\/\/geziyoo.co\/blog\/kinik-kamp-alanlari-ve-karavan-alanlari\/"]}]},{"@type":"ImageObject","inLanguage":"tr","@id":"http:\/\/geziyoo.co\/blog\/kinik-kamp-alanlari-ve-karavan-alanlari\/#primaryimage","url":"http:\/\/geziyoo.co\/blog\/wp-content\/uploads\/2024\/04\/kinik-selale-scaled.jpeg","contentUrl":"http:\/\/geziyoo.co\/blog\/wp-content\/uploads\/2024\/04\/kinik-selale-scaled.jpeg","width":1200,"height":787},{"@type":"BreadcrumbList","@id":"http:\/\/geziyoo.co\/blog\/kinik-kamp-alanlari-ve-karavan-alanlari\/#breadcrumb","itemListElement":[{"@type":"ListItem","position":1,"name":"Ana sayfa","item":"https:\/\/geziyoo.co\/blog\/"},{"@type":"ListItem","position":2,"name":"Bilecik K\u0131n\u0131k K\u00f6y\u00fc ve \u00c7evresi Do\u011fa \u0130\u00e7inde \u00dccretsiz Kamp Noktas\u0131"}]},{"@type":"WebSite","@id":"https:\/\/geziyoo.co\/blog\/#website","url":"https:\/\/geziyoo.co\/blog\/","name":"Geziyoo Blog","description":"GeziYoo Blog&#039;da T\u00fcrkiye&#039;nin en iyi kamp alanlar\u0131ndan bungalov tatillerine, karavan ipu\u00e7lar\u0131ndan gezi rehberlerine kadar her t\u00fcrl\u00fc do\u011fa deneyimini ke\u015ffedin.","publisher":{"@id":"https:\/\/geziyoo.co\/blog\/#organization"},"potentialAction":[{"@type":"SearchAction","target":{"@type":"EntryPoint","urlTemplate":"https:\/\/geziyoo.co\/blog\/?s={search_term_string}"},"query-input":{"@type":"PropertyValueSpecification","valueRequired":true,"valueName":"search_term_string"}}],"inLanguage":"tr"},{"@type":"Organization","@id":"https:\/\/geziyoo.co\/blog\/#organization","name":"Geziyoo.co","url":"https:\/\/geziyoo.co\/blog\/","logo":{"@type":"ImageObject","inLanguage":"tr","@id":"https:\/\/geziyoo.co\/blog\/#\/schema\/logo\/image\/","url":"https:\/\/geziyoo.co\/blog\/wp-content\/uploads\/2025\/01\/Paragraf-metniniz-3.png","contentUrl":"https:\/\/geziyoo.co\/blog\/wp-content\/uploads\/2025\/01\/Paragraf-metniniz-3.png","width":270,"height":50,"caption":"Geziyoo.co"},"image":{"@id":"https:\/\/geziyoo.co\/blog\/#\/schema\/logo\/image\/"},"sameAs":["https:\/\/www.facebook.com\/Geziyooco","https:\/\/x.com\/geziyoo","https:\/\/tr.pinterest.com\/geziyooco\/","https:\/\/www.youtube.com\/@geziyoo","https:\/\/www.instagram.com\/geziyoo.co\/"]},{"@type":"Person","@id":"https:\/\/geziyoo.co\/blog\/#\/schema\/person\/032acb2436540ed14784e7d978aef0e4","name":"Geziyoo","image":{"@type":"ImageObject","inLanguage":"tr","@id":"https:\/\/geziyoo.co\/blog\/#\/schema\/person\/image\/","url":"https:\/\/secure.gravatar.com\/avatar\/ae212a4514471fdb8cab6e5af4f3c99b940a2d0a16713ea0392c8d7c8a64f30a?s=96&d=mm&r=g","contentUrl":"https:\/\/secure.gravatar.com\/avatar\/ae212a4514471fdb8cab6e5af4f3c99b940a2d0a16713ea0392c8d7c8a64f30a?s=96&d=mm&r=g","caption":"Geziyoo"},"description":"Do\u011fa ile i\u00e7 i\u00e7e olabilece\u011finiz yerler,do\u011fa aktivite alanlar\u0131,kamp alanlar\u0131,bungalov oteller,Tiny House Oteller, Galampingler ve da\u011f evlerinin herkes i\u00e7in ula\u015f\u0131labilir olmas\u0131n\u0131 sa\u011flamak amac\u0131yla Geziyoo\u2019ya 2019 y\u0131l\u0131nda ba\u015flad\u0131k.Do\u011fal Tatil konseptini uygulayan en geni\u015f kapsaml\u0131 sitedir.","sameAs":["https:\/\/geziyoo.co\/","https:\/\/www.facebook.com\/geziyoo.co","https:\/\/www.instagram.com\/geziyoo.co\/","https:\/\/tr.pinterest.com\/geziyooco\/","https:\/\/x.com\/https:\/\/twitter.com\/geziyoo","https:\/\/www.youtube.com\/channel\/UCdiSMa6pe17KEY7DP1Ug4ag"]}]}},"amp_enabled":true,"_links":{"self":[{"href":"http:\/\/geziyoo.co\/blog\/wp-json\/wp\/v2\/posts\/17313","targetHints":{"allow":["GET"]}}],"collection":[{"href":"http:\/\/geziyoo.co\/blog\/wp-json\/wp\/v2\/posts"}],"about":[{"href":"http:\/\/geziyoo.co\/blog\/wp-json\/wp\/v2\/types\/post"}],"author":[{"embeddable":true,"href":"http:\/\/geziyoo.co\/blog\/wp-json\/wp\/v2\/users\/1"}],"replies":[{"embeddable":true,"href":"http:\/\/geziyoo.co\/blog\/wp-json\/wp\/v2\/comments?post=17313"}],"version-history":[{"count":0,"href":"http:\/\/geziyoo.co\/blog\/wp-json\/wp\/v2\/posts\/17313\/revisions"}],"wp:featuredmedia":[{"embeddable":true,"href":"http:\/\/geziyoo.co\/blog\/wp-json\/wp\/v2\/media\/17315"}],"wp:attachment":[{"href":"http:\/\/geziyoo.co\/blog\/wp-json\/wp\/v2\/media?parent=17313"}],"wp:term":[{"taxonomy":"category","embeddable":true,"href":"http:\/\/geziyoo.co\/blog\/wp-json\/wp\/v2\/categories?post=17313"},{"taxonomy":"post_tag","embeddable":true,"href":"http:\/\/geziyoo.co\/blog\/wp-json\/wp\/v2\/tags?post=17313"}],"curies":[{"name":"wp","href":"https:\/\/api.w.org\/{rel}","templated":true}]}}