{"id":16523,"date":"2024-03-01T17:32:13","date_gmt":"2024-03-01T17:32:13","guid":{"rendered":"https:\/\/geziyoo.co\/blog\/?p=16523"},"modified":"2026-01-23T11:58:13","modified_gmt":"2026-01-23T11:58:13","slug":"dogada-ve-kamp-yaparken-ayi-goruldumu-ne-yapilmali","status":"publish","type":"post","link":"http:\/\/geziyoo.co\/blog\/dogada-ve-kamp-yaparken-ayi-goruldumu-ne-yapilmali\/","title":{"rendered":"Do\u011fada ve Kamp Yaparken Ay\u0131 G\u00f6r\u00fcld\u00fcm\u00fc Ne Yap\u0131lmal\u0131?"},"content":{"rendered":"\n<p><strong>Ay\u0131 sald\u0131r\u0131s\u0131 ihtimaline kar\u015f\u0131 al\u0131nabilecek \u00f6nlemler, genellikle bilinen &#8220;\u00f6l\u00fc taklidi&#8221; takti\u011finin aksine, daha proaktif yakla\u015f\u0131mlar gerektirir. E\u011fer bir ay\u0131 sald\u0131r\u0131s\u0131na u\u011frarsan\u0131z, \u00e7e\u015fitli stratejiler mevcuttur. \u00d6ncelikle, ay\u0131yla m\u00fccadele etmek \u00e7o\u011fu zaman en iyi se\u00e7enek de\u011fildir.<\/strong><\/p>\n\n\n\n<p>Kamp yaparken veya do\u011fada bir ay\u0131yla kar\u015f\u0131la\u015ft\u0131\u011f\u0131n\u0131zda, do\u011frudan ka\u00e7maya \u00e7al\u0131\u015fmak genellikle \u00f6nerilmez. Bunun yerine, ay\u0131ya s\u0131rt\u0131n\u0131z\u0131 d\u00f6nmeden ve do\u011frudan g\u00f6z temas\u0131ndan ka\u00e7\u0131narak, kendinizi oldu\u011funuzdan daha b\u00fcy\u00fck g\u00f6stermeye \u00e7al\u0131\u015f\u0131n. Bu esnada, g\u00fc\u00e7l\u00fc ve emin bir ses tonuyla ba\u011f\u0131rarak kendinizi tehditkar bir \u015fekilde ifade edebilirsiniz. Bu t\u00fcr davran\u0131\u015flar, sizin kolay bir av olmad\u0131\u011f\u0131n\u0131z\u0131 belirtmek i\u00e7in etkili olabilir.<\/p>\n\n\n\n<p>Biber gaz\u0131 kullan\u0131m\u0131 da, ay\u0131larla kar\u015f\u0131la\u015fmalarda etkili bir y\u00f6ntem olarak \u00f6ne \u00e7\u0131kar. \u00d6zellikle kolluk kuvvetleri taraf\u0131ndan kullan\u0131lan ve ay\u0131 spreyi olarak bilinen daha b\u00fcy\u00fck biber gaz\u0131 spreyleri, do\u011fru ve zaman\u0131nda kullan\u0131ld\u0131\u011f\u0131nda ay\u0131lar\u0131 etkisiz hale getirebilir. Bu t\u00fcr bir savunma arac\u0131, hem ki\u015fisel g\u00fcvenli\u011finizi sa\u011flamak hem de ay\u0131y\u0131 yaralamadan onu uzakla\u015ft\u0131rmak i\u00e7in iyi bir se\u00e7enektir.<\/p>\n\n\n\n<p>T\u00fcrkiye&#8217;nin zengin faunas\u0131 i\u00e7erisinde ay\u0131lar da \u00f6nemli bir yer tutar. \u00dclkenin ormanl\u0131k alanlar\u0131nda ya\u015fayan bu etkileyici memeliler, hem biyolojik \u00e7e\u015fitlili\u011fin korunmas\u0131nda hem de ekosistemlerin sa\u011fl\u0131kl\u0131 i\u015fleyi\u015finde kritik roller oynar. T\u00fcrkiye&#8217;de \u00f6zellikle iki t\u00fcr ay\u0131 bulunur: Kahverengi ay\u0131 (Ursus arctos) ve daha az yayg\u0131n olan Anadolu pars\u0131 (Panthera pardus tulliana) yan\u0131 s\u0131ra kar\u015f\u0131la\u015f\u0131lmas\u0131 nadir olan di\u011fer y\u0131rt\u0131c\u0131larla birlikte ekosistemin \u00f6nemli bir par\u00e7as\u0131n\u0131 olu\u015ftururlar. \u0130\u015fte T\u00fcrkiye&#8217;de bulunan ay\u0131lar hakk\u0131nda bilinmesi gerekenler:<\/p>\n\n\n\n<blockquote class=\"wp-block-quote quote-solid is-layout-flow wp-block-quote quote-solid-is-layout-flow\">\n<p>Burada araya girmek istedik,Do\u011fal kamp alanlar\u0131 m\u0131 ar\u0131yorsunuz? O halde&nbsp;<strong><em><a href=\"https:\/\/geziyoo.co\/\">Kamp Alanlar\u0131<\/a><\/em><\/strong>&nbsp;sayfam\u0131za bakman\u0131z\u0131 \u00f6neriyoruz.<\/p>\n<\/blockquote>\n\n\n\n<hr class=\"wp-block-separator has-alpha-channel-opacity is-style-wide\"\/>\n\n\n\n<h2 class=\"wp-block-heading\">T\u00fcrkiyede bulunan ay\u0131lar hakk\u0131nda bilinmesi gerekenler<\/h2>\n\n\n\n<figure class=\"wp-block-image size-large\"><img decoding=\"async\" width=\"1024\" height=\"683\" data-src=\"https:\/\/geziyoo.co\/blog\/wp-content\/uploads\/2024\/03\/Dogada-ve-Kamp-Yaparken-Ayi-Goruldumu-Ne-Yapilmali-4-1024x683.jpg\" alt=\"Do\u011fada ve Kamp Yaparken Ay\u0131 G\u00f6r\u00fcld\u00fcm\u00fc Ne Yap\u0131lmal\u0131?\" class=\"wp-image-16524 lazyload\" data-srcset=\"http:\/\/geziyoo.co\/blog\/wp-content\/uploads\/2024\/03\/Dogada-ve-Kamp-Yaparken-Ayi-Goruldumu-Ne-Yapilmali-4-1024x683.jpg 1024w, http:\/\/geziyoo.co\/blog\/wp-content\/uploads\/2024\/03\/Dogada-ve-Kamp-Yaparken-Ayi-Goruldumu-Ne-Yapilmali-4-300x200.jpg 300w, http:\/\/geziyoo.co\/blog\/wp-content\/uploads\/2024\/03\/Dogada-ve-Kamp-Yaparken-Ayi-Goruldumu-Ne-Yapilmali-4-768x512.jpg 768w, http:\/\/geziyoo.co\/blog\/wp-content\/uploads\/2024\/03\/Dogada-ve-Kamp-Yaparken-Ayi-Goruldumu-Ne-Yapilmali-4-150x100.jpg 150w, http:\/\/geziyoo.co\/blog\/wp-content\/uploads\/2024\/03\/Dogada-ve-Kamp-Yaparken-Ayi-Goruldumu-Ne-Yapilmali-4.jpg 1200w\" data-sizes=\"(max-width: 1024px) 100vw, 1024px\" src=\"data:image\/gif;base64,R0lGODlhAQABAAAAACH5BAEKAAEALAAAAAABAAEAAAICTAEAOw==\" style=\"--smush-placeholder-width: 1024px; --smush-placeholder-aspect-ratio: 1024\/683;\" \/><\/figure>\n\n\n\n<p>Kahverengi ay\u0131lar, T\u00fcrkiye&#8217;nin kuzey ve do\u011fu ormanlar\u0131nda, \u00f6zellikle Karadeniz b\u00f6lgesinin da\u011fl\u0131k alanlar\u0131nda ve Do\u011fu Anadolu&#8217;da yayg\u0131nd\u0131r. Farkl\u0131 habitatlarda ya\u015fayabilme yetenekleri nedeniyle ormanlardan, da\u011fl\u0131k alanlara kadar \u00e7e\u015fitli ekosistemlerde bulunurlar.<\/p>\n\n\n\n<p>Kahverengi ay\u0131lar genellikle yaln\u0131z dola\u015f\u0131rlar ve olduk\u00e7a iyi y\u00fcz\u00fcc\u00fc ve t\u0131rman\u0131c\u0131lard\u0131r. Onlar omnivor olup, diyetleri mevsime ba\u011fl\u0131 olarak de\u011fi\u015fkenlik g\u00f6sterir; bitkisel materyaller, bal, b\u00f6cekler ve k\u00fc\u00e7\u00fck memelilerle beslenirler.<\/p>\n\n\n\n<p>\u0130lkbahar aylar\u0131nda \u00e7iftle\u015firler, ancak d\u00f6llenmi\u015f yumurta sonbahara kadar geli\u015fmeyi durdurur. Di\u015fi, genellikle k\u0131\u015f uykusuna yatt\u0131\u011f\u0131 s\u0131rada 1 ila 4 yavru do\u011furur.<\/p>\n\n\n\n<p>Habitat kayb\u0131, insan kaynakl\u0131 \u00f6l\u00fcmler ve ka\u00e7ak avlanma gibi tehditler nedeniyle baz\u0131 b\u00f6lgelerde pop\u00fclasyonlar\u0131 azalm\u0131\u015ft\u0131r. T\u00fcrkiye&#8217;de ve uluslararas\u0131 d\u00fczeyde koruma alt\u0131na al\u0131nm\u0131\u015flard\u0131r.<\/p>\n\n\n\n<blockquote class=\"wp-block-quote quote-solid is-layout-flow wp-block-quote quote-solid-is-layout-flow\">\n<p><strong><em><a href=\"https:\/\/geziyoo.co\/blog\/dogada-ve-kamp-yaparken-yaban-domuzu-goruldumu-ne-yapilmali\/\" data-type=\"post\" data-id=\"16516\">Do\u011fada Yaban Domuzlar\u0131 ile kar\u015f\u0131la\u015f\u0131nca ne yap\u0131lmal\u0131<\/a><\/em><\/strong> i\u00e7ri\u011fimize bakarak bilgi sahibi olabilirsiniz<\/p>\n<\/blockquote>\n\n\n\n<hr class=\"wp-block-separator has-alpha-channel-opacity is-style-wide\"\/>\n\n\n\n<h2 class=\"wp-block-heading\">Ay\u0131larla kar\u015f\u0131la\u015f\u0131nca Ne Yap\u0131lmal\u0131?<\/h2>\n\n\n\n<figure class=\"wp-block-image size-large\"><img decoding=\"async\" width=\"1024\" height=\"683\" data-src=\"https:\/\/geziyoo.co\/blog\/wp-content\/uploads\/2024\/03\/Dogada-ve-Kamp-Yaparken-Ayi-Goruldumu-Ne-Yapilmali-2-1024x683.jpg\" alt=\"\" class=\"wp-image-16525 lazyload\" data-srcset=\"http:\/\/geziyoo.co\/blog\/wp-content\/uploads\/2024\/03\/Dogada-ve-Kamp-Yaparken-Ayi-Goruldumu-Ne-Yapilmali-2-1024x683.jpg 1024w, http:\/\/geziyoo.co\/blog\/wp-content\/uploads\/2024\/03\/Dogada-ve-Kamp-Yaparken-Ayi-Goruldumu-Ne-Yapilmali-2-300x200.jpg 300w, http:\/\/geziyoo.co\/blog\/wp-content\/uploads\/2024\/03\/Dogada-ve-Kamp-Yaparken-Ayi-Goruldumu-Ne-Yapilmali-2-768x512.jpg 768w, http:\/\/geziyoo.co\/blog\/wp-content\/uploads\/2024\/03\/Dogada-ve-Kamp-Yaparken-Ayi-Goruldumu-Ne-Yapilmali-2-150x100.jpg 150w, http:\/\/geziyoo.co\/blog\/wp-content\/uploads\/2024\/03\/Dogada-ve-Kamp-Yaparken-Ayi-Goruldumu-Ne-Yapilmali-2.jpg 1200w\" data-sizes=\"(max-width: 1024px) 100vw, 1024px\" src=\"data:image\/gif;base64,R0lGODlhAQABAAAAACH5BAEKAAEALAAAAAABAAEAAAICTAEAOw==\" style=\"--smush-placeholder-width: 1024px; --smush-placeholder-aspect-ratio: 1024\/683;\" \/><\/figure>\n\n\n\n<p>T\u00fcrkiye&#8217;de do\u011fada gezerken veya kamp yaparken ay\u0131larla kar\u015f\u0131la\u015fma ihtimali, \u00f6zellikle ay\u0131lar\u0131n aktif oldu\u011fu b\u00f6lgelerde daima mevcuttur. Bu t\u00fcr durumlarla kar\u015f\u0131la\u015f\u0131ld\u0131\u011f\u0131nda do\u011fru \u015fekilde hareket etmek, hem insanlar\u0131n hem de ay\u0131lar\u0131n g\u00fcvenli\u011fini sa\u011flamak i\u00e7in \u00f6nemlidir. \u0130\u015fte ay\u0131larla kar\u015f\u0131la\u015ft\u0131\u011f\u0131n\u0131zda uygulaman\u0131z gereken baz\u0131 \u00f6nemli ad\u0131mlar:<\/p>\n\n\n\n<ul class=\"wp-block-list\">\n<li>Ay\u0131y\u0131 fark etti\u011finizde, ani hareketlerden ka\u00e7\u0131n\u0131n. Panik yapmak veya ko\u015fmak, ay\u0131n\u0131n kovalama i\u00e7g\u00fcd\u00fcs\u00fcn\u00fc tetikleyebilir.<\/li>\n\n\n\n<li>Ay\u0131ya s\u0131rt\u0131n\u0131z\u0131 d\u00f6nmeden, yava\u015f\u00e7a ve sessizce geri \u00e7ekilin. Ay\u0131n\u0131n ge\u00e7i\u015f hakk\u0131n\u0131 tan\u0131y\u0131n ve ona \u00e7\u0131k\u0131\u015f yolu b\u0131rak\u0131n.<\/li>\n\n\n\n<li>E\u011fer bir kahverengi ay\u0131 sald\u0131r\u0131rsa, \u00f6l\u00fc taklidi yap\u0131n. Dizlerinizi karn\u0131n\u0131za \u00e7ekin, ellerinizle ensenizi koruyun ve hareketsiz kal\u0131n. Ay\u0131 ilgisini kaybedene kadar bu pozisyonda kal\u0131n.<\/li>\n\n\n\n<li>T\u00fcrkiye&#8217;de kara ay\u0131 bulunmamakla birlikte, genel bilgi olarak, kara ay\u0131 sald\u0131r\u0131lar\u0131 durumunda m\u00fcmk\u00fcnse ka\u00e7\u0131n veya kendinizi savunun.<\/li>\n\n\n\n<li>B\u00f6lgeye gitmeden \u00f6nce, o alan hakk\u0131nda bilgi edinin ve ay\u0131 g\u00f6zlemleri hakk\u0131nda yerel otoritelerden veya park g\u00f6revlilerinden bilgi al\u0131n.<\/li>\n\n\n\n<li>Ay\u0131lar genellikle insan gruplar\u0131ndan ka\u00e7\u0131n\u0131r. M\u00fcmk\u00fcnse grup halinde hareket edin.<\/li>\n\n\n\n<li>Do\u011fada y\u00fcr\u00fcrken, \u00f6zellikle g\u00f6r\u00fc\u015f mesafesi k\u0131s\u0131tl\u0131yken, g\u00fcr\u00fclt\u00fc yaparak ilerleyin. Bu, ay\u0131lar\u0131 sizin varl\u0131\u011f\u0131n\u0131zdan haberdar eder ve ani kar\u015f\u0131la\u015fmalar\u0131 \u00f6nler.<\/li>\n\n\n\n<li>Ay\u0131lara \u00e7ok yakla\u015fmaktan ka\u00e7\u0131n\u0131n. Vah\u015fi hayvanlar, \u00f6zellikle yavrular\u0131 yan\u0131ndayken veya yiyecek bulduklar\u0131nda savunmac\u0131 olabilirler.<\/li>\n\n\n\n<li>E\u011fer b\u00f6lgede ay\u0131 g\u00f6r\u00fclme ihtimali y\u00fcksekse, ay\u0131 spreyi ta\u015f\u0131y\u0131n ve kullanmay\u0131 \u00f6\u011frenin. Ancak spreyi sadece ay\u0131 size sald\u0131rd\u0131\u011f\u0131nda ve yak\u0131n mesafede oldu\u011funda kullan\u0131n.<\/li>\n<\/ul>\n\n\n\n<blockquote class=\"wp-block-quote quote-solid is-layout-flow wp-block-quote quote-solid-is-layout-flow\">\n<p><strong><em><a href=\"https:\/\/geziyoo.co\/blog\/dogada-ve-yuruyuste-kopekle-karsilasma\/\" data-type=\"post\" data-id=\"16447\">Do\u011fada K\u00f6peklerle kar\u015f\u0131la\u015f\u0131nca ne yap\u0131lmal\u0131<\/a><\/em><\/strong> i\u00e7ri\u011fimize bakarak bilgi sahibi olabilirsiniz<\/p>\n<\/blockquote>\n\n\n\n<hr class=\"wp-block-separator has-alpha-channel-opacity is-style-wide\"\/>\n\n\n\n<h2 class=\"wp-block-heading\">Ay\u0131larla kar\u015f\u0131la\u015fmamak i\u00e7in neler yap\u0131lmal\u0131?<\/h2>\n\n\n\n<figure class=\"wp-block-image size-large\"><img decoding=\"async\" width=\"1024\" height=\"683\" data-src=\"https:\/\/geziyoo.co\/blog\/wp-content\/uploads\/2024\/03\/Dogada-ve-Kamp-Yaparken-Ayi-Goruldumu-Ne-Yapilmali-1-1024x683.jpg\" alt=\"\" class=\"wp-image-16526 lazyload\" data-srcset=\"http:\/\/geziyoo.co\/blog\/wp-content\/uploads\/2024\/03\/Dogada-ve-Kamp-Yaparken-Ayi-Goruldumu-Ne-Yapilmali-1-1024x683.jpg 1024w, http:\/\/geziyoo.co\/blog\/wp-content\/uploads\/2024\/03\/Dogada-ve-Kamp-Yaparken-Ayi-Goruldumu-Ne-Yapilmali-1-300x200.jpg 300w, http:\/\/geziyoo.co\/blog\/wp-content\/uploads\/2024\/03\/Dogada-ve-Kamp-Yaparken-Ayi-Goruldumu-Ne-Yapilmali-1-768x512.jpg 768w, http:\/\/geziyoo.co\/blog\/wp-content\/uploads\/2024\/03\/Dogada-ve-Kamp-Yaparken-Ayi-Goruldumu-Ne-Yapilmali-1-150x100.jpg 150w, http:\/\/geziyoo.co\/blog\/wp-content\/uploads\/2024\/03\/Dogada-ve-Kamp-Yaparken-Ayi-Goruldumu-Ne-Yapilmali-1.jpg 1200w\" data-sizes=\"(max-width: 1024px) 100vw, 1024px\" src=\"data:image\/gif;base64,R0lGODlhAQABAAAAACH5BAEKAAEALAAAAAABAAEAAAICTAEAOw==\" style=\"--smush-placeholder-width: 1024px; --smush-placeholder-aspect-ratio: 1024\/683;\" \/><\/figure>\n\n\n\n<ul class=\"wp-block-list\">\n<li>Gitmeyi planlad\u0131\u011f\u0131n\u0131z b\u00f6lge hakk\u0131nda \u00f6nceden ara\u015ft\u0131rma yap\u0131n. Ay\u0131 g\u00f6zlemlerinin s\u0131k\u00e7a yap\u0131ld\u0131\u011f\u0131 b\u00f6lgelerden m\u00fcmk\u00fcnse uzak durun.<\/li>\n\n\n\n<li>Ay\u0131lar genellikle insanlardan ka\u00e7\u0131n\u0131r. Y\u00fcr\u00fcy\u00fc\u015f yaparken g\u00fcr\u00fclt\u00fc yaparak (konu\u015fmak, d\u00fcd\u00fck \u00e7almak gibi) varl\u0131\u011f\u0131n\u0131z\u0131 belli edin, b\u00f6ylece ay\u0131lar sizi fark edip uzakla\u015fabilir.<\/li>\n\n\n\n<li>Ay\u0131lar, yiyecek kokular\u0131na kar\u015f\u0131 \u00e7ok hassast\u0131r. Kamp alan\u0131n\u0131zda yiyecekleri hava ge\u00e7irmeyen kaplarda saklay\u0131n ve m\u00fcmk\u00fcnse arac\u0131n\u0131zda veya \u00f6zel ay\u0131 ge\u00e7irmez kaplarda muhafaza edin. Asla \u00e7ad\u0131r\u0131n\u0131zda yiyecek saklamay\u0131n.<\/li>\n\n\n\n<li>\u00c7\u00f6pleri s\u0131k\u0131ca kapat\u0131labilir \u00e7\u00f6p torbalar\u0131nda tutun ve kullan\u0131labilirse ay\u0131 ge\u00e7irmez \u00e7\u00f6p kutular\u0131na at\u0131n.<\/li>\n\n\n\n<li>Yiyecek haz\u0131rlama, yeme ve saklama alanlar\u0131n\u0131z\u0131 uyuma alan\u0131n\u0131zdan en az 100 metre uzakta tutun.<\/li>\n\n\n\n<li>A\u00e7\u0131k alanda yiyecek haz\u0131rlarken ve pi\u015firirken dikkatli olun. Kullan\u0131lan mutfak gere\u00e7lerini ve yemek alanlar\u0131n\u0131 iyi temizleyin.<\/li>\n\n\n\n<li>Geceleyin tuvalete gitmek gibi nedenlerle \u00e7ad\u0131r\u0131n\u0131zdan \u00e7\u0131kman\u0131z gerekiyorsa, fener kullan\u0131n ve m\u00fcmk\u00fcnse grup halinde hareket edin.<\/li>\n\n\n\n<li>M\u00fcmk\u00fcnse gruplar halinde y\u00fcr\u00fcy\u00fc\u015f yap\u0131n; gruplar genellikle tek ba\u015f\u0131na hareket eden bireylere g\u00f6re daha az risk ta\u015f\u0131r.<\/li>\n\n\n\n<li>E\u011fer k\u00f6pe\u011finiz varsa, onu kontrol alt\u0131nda tutun. K\u00f6pekler ay\u0131lar\u0131 provoke edebilir.<\/li>\n\n\n\n<li>Ay\u0131larla kar\u015f\u0131la\u015fma ihtimali y\u00fcksek b\u00f6lgelerde seyahat ediyorsan\u0131z, ay\u0131 spreyi gibi savunma ara\u00e7lar\u0131 ta\u015f\u0131may\u0131 d\u00fc\u015f\u00fcnebilirsiniz. Ancak bunlar\u0131n do\u011fru kullan\u0131m\u0131 konusunda bilgi sahibi olmak \u00f6nemlidir.<\/li>\n<\/ul>\n\n\n\n<p>S\u0131ralad\u0131\u011f\u0131m\u0131z Bu \u00f6neriler, T\u00fcrkiye&#8217;deki do\u011fal alanlarda ve kamp yaparken ay\u0131larla g\u00fcvenli bir \u015fekilde bir arada bulunman\u0131za yard\u0131mc\u0131 olacakt\u0131r.<\/p>\n\n\n\n<hr class=\"wp-block-separator has-alpha-channel-opacity is-style-wide\"\/>\n\n\n\n<h3 class=\"wp-block-heading\">Bunlar\u0131 da Sevebilirsiniz;<\/h3>\n\n\n<ul class=\"wp-block-latest-posts__list wp-block-latest-posts\"><li><a class=\"wp-block-latest-posts__post-title\" href=\"http:\/\/geziyoo.co\/blog\/ates-yakarken-yapilan-7-buyuk-hata-ve-tehlikeleri\/\">Ate\u015f Yakarken Yap\u0131lan 7 B\u00fcy\u00fck Hata ve Tehlikeleri<\/a><\/li>\n<li><a class=\"wp-block-latest-posts__post-title\" href=\"http:\/\/geziyoo.co\/blog\/kamp-yemegi-menusu-olusturucu-7-gun-3-ogun\/\">Kamp Yeme\u011fi Men\u00fcs\u00fc Olu\u015fturucu, 7 G\u00fcn 3 \u00d6\u011f\u00fcn<\/a><\/li>\n<li><a class=\"wp-block-latest-posts__post-title\" href=\"http:\/\/geziyoo.co\/blog\/dogada-hayatta-nasil-kalinir\/\">Do\u011fada Hayatta Nas\u0131l Kal\u0131n\u0131r? 10 Hayatta Kalma \u0130pucu<\/a><\/li>\n<\/ul>","protected":false},"excerpt":{"rendered":"<p>Ay\u0131 sald\u0131r\u0131s\u0131 ihtimaline kar\u015f\u0131 al\u0131nabilecek \u00f6nlemler, genellikle bilinen &#8220;\u00f6l\u00fc taklidi&#8221; takti\u011finin aksine, daha proaktif yakla\u015f\u0131mlar gerektirir. E\u011fer bir ay\u0131 sald\u0131r\u0131s\u0131na u\u011frarsan\u0131z, \u00e7e\u015fitli stratejiler mevcuttur. \u00d6ncelikle, ay\u0131yla m\u00fccadele etmek \u00e7o\u011fu zaman en iyi se\u00e7enek de\u011fildir. Kamp yaparken veya do\u011fada bir ay\u0131yla kar\u015f\u0131la\u015ft\u0131\u011f\u0131n\u0131zda, do\u011frudan ka\u00e7maya \u00e7al\u0131\u015fmak genellikle \u00f6nerilmez. Bunun yerine, ay\u0131ya s\u0131rt\u0131n\u0131z\u0131 d\u00f6nmeden ve do\u011frudan g\u00f6z temas\u0131ndan &hellip;<\/p>\n","protected":false},"author":1,"featured_media":16527,"comment_status":"open","ping_status":"closed","sticky":false,"template":"","format":"standard","meta":{"footnotes":""},"categories":[589,21],"tags":[],"class_list":["post-16523","post","type-post","status-publish","format-standard","has-post-thumbnail","hentry","category-kamp1","category-kamp-kamp-onerileri"],"yoast_head":"<!-- This site is optimized with the Yoast SEO plugin v26.9 - https:\/\/yoast.com\/product\/yoast-seo-wordpress\/ -->\n<title>Do\u011fada ve Kamp Yaparken Ay\u0131 G\u00f6r\u00fcld\u00fcm\u00fc Ne Yap\u0131lmal\u0131? | Geziyoo<\/title>\n<meta name=\"description\" content=\"Do\u011fada ve Kamp Yaparken Ay\u0131 G\u00f6r\u00fcld\u00fcm\u00fc Ne Yap\u0131lmal\u0131? i\u00e7eri\u011fimizde do\u011fada ve kamp yaparken ay\u0131yla kar\u015f\u0131la\u015f\u0131nca ne yapman\u0131z gerekti\u011fini aktard\u0131k\" \/>\n<meta name=\"robots\" content=\"index, follow, max-snippet:-1, max-image-preview:large, max-video-preview:-1\" \/>\n<link rel=\"canonical\" href=\"http:\/\/geziyoo.co\/blog\/dogada-ve-kamp-yaparken-ayi-goruldumu-ne-yapilmali\/\" \/>\n<meta property=\"og:locale\" content=\"tr_TR\" \/>\n<meta property=\"og:type\" content=\"article\" \/>\n<meta property=\"og:title\" content=\"Do\u011fada ve Kamp Yaparken Ay\u0131 G\u00f6r\u00fcld\u00fcm\u00fc Ne Yap\u0131lmal\u0131? | Geziyoo\" \/>\n<meta property=\"og:description\" content=\"Do\u011fada ve Kamp Yaparken Ay\u0131 G\u00f6r\u00fcld\u00fcm\u00fc Ne Yap\u0131lmal\u0131? i\u00e7eri\u011fimizde do\u011fada ve kamp yaparken ay\u0131yla kar\u015f\u0131la\u015f\u0131nca ne yapman\u0131z gerekti\u011fini aktard\u0131k\" \/>\n<meta property=\"og:url\" content=\"http:\/\/geziyoo.co\/blog\/dogada-ve-kamp-yaparken-ayi-goruldumu-ne-yapilmali\/\" \/>\n<meta property=\"og:site_name\" content=\"Geziyoo.co\" \/>\n<meta property=\"article:publisher\" content=\"https:\/\/www.facebook.com\/Geziyooco\" \/>\n<meta property=\"article:author\" content=\"https:\/\/www.facebook.com\/geziyoo.co\" \/>\n<meta property=\"article:published_time\" content=\"2024-03-01T17:32:13+00:00\" \/>\n<meta property=\"article:modified_time\" content=\"2026-01-23T11:58:13+00:00\" \/>\n<meta property=\"og:image\" content=\"http:\/\/geziyoo.co\/blog\/wp-content\/uploads\/2024\/03\/Dogada-ve-Kamp-Yaparken-Ayi-Goruldumu-Ne-Yapilmali-3.jpg\" \/>\n\t<meta property=\"og:image:width\" content=\"1200\" \/>\n\t<meta property=\"og:image:height\" content=\"800\" \/>\n\t<meta property=\"og:image:type\" content=\"image\/jpeg\" \/>\n<meta name=\"author\" content=\"Geziyoo\" \/>\n<meta name=\"twitter:card\" content=\"summary_large_image\" \/>\n<meta name=\"twitter:creator\" content=\"@https:\/\/twitter.com\/geziyoo\" \/>\n<meta name=\"twitter:site\" content=\"@geziyoo\" \/>\n<meta name=\"twitter:label1\" content=\"Yazan:\" \/>\n\t<meta name=\"twitter:data1\" content=\"Geziyoo\" \/>\n\t<meta name=\"twitter:label2\" content=\"Tahmini okuma s\u00fcresi\" \/>\n\t<meta name=\"twitter:data2\" content=\"6 dakika\" \/>\n<script type=\"application\/ld+json\" class=\"yoast-schema-graph\">{\"@context\":\"https:\/\/schema.org\",\"@graph\":[{\"@type\":\"Article\",\"@id\":\"http:\/\/geziyoo.co\/blog\/dogada-ve-kamp-yaparken-ayi-goruldumu-ne-yapilmali\/#article\",\"isPartOf\":{\"@id\":\"http:\/\/geziyoo.co\/blog\/dogada-ve-kamp-yaparken-ayi-goruldumu-ne-yapilmali\/\"},\"author\":{\"name\":\"Geziyoo\",\"@id\":\"https:\/\/geziyoo.co\/blog\/#\/schema\/person\/032acb2436540ed14784e7d978aef0e4\"},\"headline\":\"Do\u011fada ve Kamp Yaparken Ay\u0131 G\u00f6r\u00fcld\u00fcm\u00fc Ne Yap\u0131lmal\u0131?\",\"datePublished\":\"2024-03-01T17:32:13+00:00\",\"dateModified\":\"2026-01-23T11:58:13+00:00\",\"mainEntityOfPage\":{\"@id\":\"http:\/\/geziyoo.co\/blog\/dogada-ve-kamp-yaparken-ayi-goruldumu-ne-yapilmali\/\"},\"wordCount\":1175,\"commentCount\":0,\"publisher\":{\"@id\":\"https:\/\/geziyoo.co\/blog\/#organization\"},\"image\":{\"@id\":\"http:\/\/geziyoo.co\/blog\/dogada-ve-kamp-yaparken-ayi-goruldumu-ne-yapilmali\/#primaryimage\"},\"thumbnailUrl\":\"http:\/\/geziyoo.co\/blog\/wp-content\/uploads\/2024\/03\/Dogada-ve-Kamp-Yaparken-Ayi-Goruldumu-Ne-Yapilmali-3.jpg\",\"articleSection\":[\"Kamp\",\"Kamp \u0130pu\u00e7lar\u0131\"],\"inLanguage\":\"tr\",\"potentialAction\":[{\"@type\":\"CommentAction\",\"name\":\"Comment\",\"target\":[\"http:\/\/geziyoo.co\/blog\/dogada-ve-kamp-yaparken-ayi-goruldumu-ne-yapilmali\/#respond\"]}]},{\"@type\":\"WebPage\",\"@id\":\"http:\/\/geziyoo.co\/blog\/dogada-ve-kamp-yaparken-ayi-goruldumu-ne-yapilmali\/\",\"url\":\"http:\/\/geziyoo.co\/blog\/dogada-ve-kamp-yaparken-ayi-goruldumu-ne-yapilmali\/\",\"name\":\"Do\u011fada ve Kamp Yaparken Ay\u0131 G\u00f6r\u00fcld\u00fcm\u00fc Ne Yap\u0131lmal\u0131? | Geziyoo\",\"isPartOf\":{\"@id\":\"https:\/\/geziyoo.co\/blog\/#website\"},\"primaryImageOfPage\":{\"@id\":\"http:\/\/geziyoo.co\/blog\/dogada-ve-kamp-yaparken-ayi-goruldumu-ne-yapilmali\/#primaryimage\"},\"image\":{\"@id\":\"http:\/\/geziyoo.co\/blog\/dogada-ve-kamp-yaparken-ayi-goruldumu-ne-yapilmali\/#primaryimage\"},\"thumbnailUrl\":\"http:\/\/geziyoo.co\/blog\/wp-content\/uploads\/2024\/03\/Dogada-ve-Kamp-Yaparken-Ayi-Goruldumu-Ne-Yapilmali-3.jpg\",\"datePublished\":\"2024-03-01T17:32:13+00:00\",\"dateModified\":\"2026-01-23T11:58:13+00:00\",\"description\":\"Do\u011fada ve Kamp Yaparken Ay\u0131 G\u00f6r\u00fcld\u00fcm\u00fc Ne Yap\u0131lmal\u0131? i\u00e7eri\u011fimizde do\u011fada ve kamp yaparken ay\u0131yla kar\u015f\u0131la\u015f\u0131nca ne yapman\u0131z gerekti\u011fini aktard\u0131k\",\"breadcrumb\":{\"@id\":\"http:\/\/geziyoo.co\/blog\/dogada-ve-kamp-yaparken-ayi-goruldumu-ne-yapilmali\/#breadcrumb\"},\"inLanguage\":\"tr\",\"potentialAction\":[{\"@type\":\"ReadAction\",\"target\":[\"http:\/\/geziyoo.co\/blog\/dogada-ve-kamp-yaparken-ayi-goruldumu-ne-yapilmali\/\"]}]},{\"@type\":\"ImageObject\",\"inLanguage\":\"tr\",\"@id\":\"http:\/\/geziyoo.co\/blog\/dogada-ve-kamp-yaparken-ayi-goruldumu-ne-yapilmali\/#primaryimage\",\"url\":\"http:\/\/geziyoo.co\/blog\/wp-content\/uploads\/2024\/03\/Dogada-ve-Kamp-Yaparken-Ayi-Goruldumu-Ne-Yapilmali-3.jpg\",\"contentUrl\":\"http:\/\/geziyoo.co\/blog\/wp-content\/uploads\/2024\/03\/Dogada-ve-Kamp-Yaparken-Ayi-Goruldumu-Ne-Yapilmali-3.jpg\",\"width\":1200,\"height\":800},{\"@type\":\"BreadcrumbList\",\"@id\":\"http:\/\/geziyoo.co\/blog\/dogada-ve-kamp-yaparken-ayi-goruldumu-ne-yapilmali\/#breadcrumb\",\"itemListElement\":[{\"@type\":\"ListItem\",\"position\":1,\"name\":\"Ana sayfa\",\"item\":\"https:\/\/geziyoo.co\/blog\/\"},{\"@type\":\"ListItem\",\"position\":2,\"name\":\"Do\u011fada ve Kamp Yaparken Ay\u0131 G\u00f6r\u00fcld\u00fcm\u00fc Ne Yap\u0131lmal\u0131?\"}]},{\"@type\":\"WebSite\",\"@id\":\"https:\/\/geziyoo.co\/blog\/#website\",\"url\":\"https:\/\/geziyoo.co\/blog\/\",\"name\":\"Geziyoo Blog\",\"description\":\"GeziYoo Blog&#039;da T\u00fcrkiye&#039;nin en iyi kamp alanlar\u0131ndan bungalov tatillerine, karavan ipu\u00e7lar\u0131ndan gezi rehberlerine kadar her t\u00fcrl\u00fc do\u011fa deneyimini ke\u015ffedin.\",\"publisher\":{\"@id\":\"https:\/\/geziyoo.co\/blog\/#organization\"},\"potentialAction\":[{\"@type\":\"SearchAction\",\"target\":{\"@type\":\"EntryPoint\",\"urlTemplate\":\"https:\/\/geziyoo.co\/blog\/?s={search_term_string}\"},\"query-input\":{\"@type\":\"PropertyValueSpecification\",\"valueRequired\":true,\"valueName\":\"search_term_string\"}}],\"inLanguage\":\"tr\"},{\"@type\":\"Organization\",\"@id\":\"https:\/\/geziyoo.co\/blog\/#organization\",\"name\":\"Geziyoo.co\",\"url\":\"https:\/\/geziyoo.co\/blog\/\",\"logo\":{\"@type\":\"ImageObject\",\"inLanguage\":\"tr\",\"@id\":\"https:\/\/geziyoo.co\/blog\/#\/schema\/logo\/image\/\",\"url\":\"https:\/\/geziyoo.co\/blog\/wp-content\/uploads\/2025\/01\/Paragraf-metniniz-3.png\",\"contentUrl\":\"https:\/\/geziyoo.co\/blog\/wp-content\/uploads\/2025\/01\/Paragraf-metniniz-3.png\",\"width\":270,\"height\":50,\"caption\":\"Geziyoo.co\"},\"image\":{\"@id\":\"https:\/\/geziyoo.co\/blog\/#\/schema\/logo\/image\/\"},\"sameAs\":[\"https:\/\/www.facebook.com\/Geziyooco\",\"https:\/\/x.com\/geziyoo\",\"https:\/\/tr.pinterest.com\/geziyooco\/\",\"https:\/\/www.youtube.com\/@geziyoo\",\"https:\/\/www.instagram.com\/geziyoo.co\/\"]},{\"@type\":\"Person\",\"@id\":\"https:\/\/geziyoo.co\/blog\/#\/schema\/person\/032acb2436540ed14784e7d978aef0e4\",\"name\":\"Geziyoo\",\"image\":{\"@type\":\"ImageObject\",\"inLanguage\":\"tr\",\"@id\":\"https:\/\/geziyoo.co\/blog\/#\/schema\/person\/image\/\",\"url\":\"https:\/\/secure.gravatar.com\/avatar\/ae212a4514471fdb8cab6e5af4f3c99b940a2d0a16713ea0392c8d7c8a64f30a?s=96&d=mm&r=g\",\"contentUrl\":\"https:\/\/secure.gravatar.com\/avatar\/ae212a4514471fdb8cab6e5af4f3c99b940a2d0a16713ea0392c8d7c8a64f30a?s=96&d=mm&r=g\",\"caption\":\"Geziyoo\"},\"description\":\"Do\u011fa ile i\u00e7 i\u00e7e olabilece\u011finiz yerler,do\u011fa aktivite alanlar\u0131,kamp alanlar\u0131,bungalov oteller,Tiny House Oteller, Galampingler ve da\u011f evlerinin herkes i\u00e7in ula\u015f\u0131labilir olmas\u0131n\u0131 sa\u011flamak amac\u0131yla Geziyoo\u2019ya 2019 y\u0131l\u0131nda ba\u015flad\u0131k.Do\u011fal Tatil konseptini uygulayan en geni\u015f kapsaml\u0131 sitedir.\",\"sameAs\":[\"https:\/\/geziyoo.co\/\",\"https:\/\/www.facebook.com\/geziyoo.co\",\"https:\/\/www.instagram.com\/geziyoo.co\/\",\"https:\/\/tr.pinterest.com\/geziyooco\/\",\"https:\/\/x.com\/https:\/\/twitter.com\/geziyoo\",\"https:\/\/www.youtube.com\/channel\/UCdiSMa6pe17KEY7DP1Ug4ag\"]}]}<\/script>\n<!-- \/ Yoast SEO plugin. -->","yoast_head_json":{"title":"Do\u011fada ve Kamp Yaparken Ay\u0131 G\u00f6r\u00fcld\u00fcm\u00fc Ne Yap\u0131lmal\u0131? | Geziyoo","description":"Do\u011fada ve Kamp Yaparken Ay\u0131 G\u00f6r\u00fcld\u00fcm\u00fc Ne Yap\u0131lmal\u0131? i\u00e7eri\u011fimizde do\u011fada ve kamp yaparken ay\u0131yla kar\u015f\u0131la\u015f\u0131nca ne yapman\u0131z gerekti\u011fini aktard\u0131k","robots":{"index":"index","follow":"follow","max-snippet":"max-snippet:-1","max-image-preview":"max-image-preview:large","max-video-preview":"max-video-preview:-1"},"canonical":"http:\/\/geziyoo.co\/blog\/dogada-ve-kamp-yaparken-ayi-goruldumu-ne-yapilmali\/","og_locale":"tr_TR","og_type":"article","og_title":"Do\u011fada ve Kamp Yaparken Ay\u0131 G\u00f6r\u00fcld\u00fcm\u00fc Ne Yap\u0131lmal\u0131? | Geziyoo","og_description":"Do\u011fada ve Kamp Yaparken Ay\u0131 G\u00f6r\u00fcld\u00fcm\u00fc Ne Yap\u0131lmal\u0131? i\u00e7eri\u011fimizde do\u011fada ve kamp yaparken ay\u0131yla kar\u015f\u0131la\u015f\u0131nca ne yapman\u0131z gerekti\u011fini aktard\u0131k","og_url":"http:\/\/geziyoo.co\/blog\/dogada-ve-kamp-yaparken-ayi-goruldumu-ne-yapilmali\/","og_site_name":"Geziyoo.co","article_publisher":"https:\/\/www.facebook.com\/Geziyooco","article_author":"https:\/\/www.facebook.com\/geziyoo.co","article_published_time":"2024-03-01T17:32:13+00:00","article_modified_time":"2026-01-23T11:58:13+00:00","og_image":[{"width":1200,"height":800,"url":"http:\/\/geziyoo.co\/blog\/wp-content\/uploads\/2024\/03\/Dogada-ve-Kamp-Yaparken-Ayi-Goruldumu-Ne-Yapilmali-3.jpg","type":"image\/jpeg"}],"author":"Geziyoo","twitter_card":"summary_large_image","twitter_creator":"@https:\/\/twitter.com\/geziyoo","twitter_site":"@geziyoo","twitter_misc":{"Yazan:":"Geziyoo","Tahmini okuma s\u00fcresi":"6 dakika"},"schema":{"@context":"https:\/\/schema.org","@graph":[{"@type":"Article","@id":"http:\/\/geziyoo.co\/blog\/dogada-ve-kamp-yaparken-ayi-goruldumu-ne-yapilmali\/#article","isPartOf":{"@id":"http:\/\/geziyoo.co\/blog\/dogada-ve-kamp-yaparken-ayi-goruldumu-ne-yapilmali\/"},"author":{"name":"Geziyoo","@id":"https:\/\/geziyoo.co\/blog\/#\/schema\/person\/032acb2436540ed14784e7d978aef0e4"},"headline":"Do\u011fada ve Kamp Yaparken Ay\u0131 G\u00f6r\u00fcld\u00fcm\u00fc Ne Yap\u0131lmal\u0131?","datePublished":"2024-03-01T17:32:13+00:00","dateModified":"2026-01-23T11:58:13+00:00","mainEntityOfPage":{"@id":"http:\/\/geziyoo.co\/blog\/dogada-ve-kamp-yaparken-ayi-goruldumu-ne-yapilmali\/"},"wordCount":1175,"commentCount":0,"publisher":{"@id":"https:\/\/geziyoo.co\/blog\/#organization"},"image":{"@id":"http:\/\/geziyoo.co\/blog\/dogada-ve-kamp-yaparken-ayi-goruldumu-ne-yapilmali\/#primaryimage"},"thumbnailUrl":"http:\/\/geziyoo.co\/blog\/wp-content\/uploads\/2024\/03\/Dogada-ve-Kamp-Yaparken-Ayi-Goruldumu-Ne-Yapilmali-3.jpg","articleSection":["Kamp","Kamp \u0130pu\u00e7lar\u0131"],"inLanguage":"tr","potentialAction":[{"@type":"CommentAction","name":"Comment","target":["http:\/\/geziyoo.co\/blog\/dogada-ve-kamp-yaparken-ayi-goruldumu-ne-yapilmali\/#respond"]}]},{"@type":"WebPage","@id":"http:\/\/geziyoo.co\/blog\/dogada-ve-kamp-yaparken-ayi-goruldumu-ne-yapilmali\/","url":"http:\/\/geziyoo.co\/blog\/dogada-ve-kamp-yaparken-ayi-goruldumu-ne-yapilmali\/","name":"Do\u011fada ve Kamp Yaparken Ay\u0131 G\u00f6r\u00fcld\u00fcm\u00fc Ne Yap\u0131lmal\u0131? | Geziyoo","isPartOf":{"@id":"https:\/\/geziyoo.co\/blog\/#website"},"primaryImageOfPage":{"@id":"http:\/\/geziyoo.co\/blog\/dogada-ve-kamp-yaparken-ayi-goruldumu-ne-yapilmali\/#primaryimage"},"image":{"@id":"http:\/\/geziyoo.co\/blog\/dogada-ve-kamp-yaparken-ayi-goruldumu-ne-yapilmali\/#primaryimage"},"thumbnailUrl":"http:\/\/geziyoo.co\/blog\/wp-content\/uploads\/2024\/03\/Dogada-ve-Kamp-Yaparken-Ayi-Goruldumu-Ne-Yapilmali-3.jpg","datePublished":"2024-03-01T17:32:13+00:00","dateModified":"2026-01-23T11:58:13+00:00","description":"Do\u011fada ve Kamp Yaparken Ay\u0131 G\u00f6r\u00fcld\u00fcm\u00fc Ne Yap\u0131lmal\u0131? i\u00e7eri\u011fimizde do\u011fada ve kamp yaparken ay\u0131yla kar\u015f\u0131la\u015f\u0131nca ne yapman\u0131z gerekti\u011fini aktard\u0131k","breadcrumb":{"@id":"http:\/\/geziyoo.co\/blog\/dogada-ve-kamp-yaparken-ayi-goruldumu-ne-yapilmali\/#breadcrumb"},"inLanguage":"tr","potentialAction":[{"@type":"ReadAction","target":["http:\/\/geziyoo.co\/blog\/dogada-ve-kamp-yaparken-ayi-goruldumu-ne-yapilmali\/"]}]},{"@type":"ImageObject","inLanguage":"tr","@id":"http:\/\/geziyoo.co\/blog\/dogada-ve-kamp-yaparken-ayi-goruldumu-ne-yapilmali\/#primaryimage","url":"http:\/\/geziyoo.co\/blog\/wp-content\/uploads\/2024\/03\/Dogada-ve-Kamp-Yaparken-Ayi-Goruldumu-Ne-Yapilmali-3.jpg","contentUrl":"http:\/\/geziyoo.co\/blog\/wp-content\/uploads\/2024\/03\/Dogada-ve-Kamp-Yaparken-Ayi-Goruldumu-Ne-Yapilmali-3.jpg","width":1200,"height":800},{"@type":"BreadcrumbList","@id":"http:\/\/geziyoo.co\/blog\/dogada-ve-kamp-yaparken-ayi-goruldumu-ne-yapilmali\/#breadcrumb","itemListElement":[{"@type":"ListItem","position":1,"name":"Ana sayfa","item":"https:\/\/geziyoo.co\/blog\/"},{"@type":"ListItem","position":2,"name":"Do\u011fada ve Kamp Yaparken Ay\u0131 G\u00f6r\u00fcld\u00fcm\u00fc Ne Yap\u0131lmal\u0131?"}]},{"@type":"WebSite","@id":"https:\/\/geziyoo.co\/blog\/#website","url":"https:\/\/geziyoo.co\/blog\/","name":"Geziyoo Blog","description":"GeziYoo Blog&#039;da T\u00fcrkiye&#039;nin en iyi kamp alanlar\u0131ndan bungalov tatillerine, karavan ipu\u00e7lar\u0131ndan gezi rehberlerine kadar her t\u00fcrl\u00fc do\u011fa deneyimini ke\u015ffedin.","publisher":{"@id":"https:\/\/geziyoo.co\/blog\/#organization"},"potentialAction":[{"@type":"SearchAction","target":{"@type":"EntryPoint","urlTemplate":"https:\/\/geziyoo.co\/blog\/?s={search_term_string}"},"query-input":{"@type":"PropertyValueSpecification","valueRequired":true,"valueName":"search_term_string"}}],"inLanguage":"tr"},{"@type":"Organization","@id":"https:\/\/geziyoo.co\/blog\/#organization","name":"Geziyoo.co","url":"https:\/\/geziyoo.co\/blog\/","logo":{"@type":"ImageObject","inLanguage":"tr","@id":"https:\/\/geziyoo.co\/blog\/#\/schema\/logo\/image\/","url":"https:\/\/geziyoo.co\/blog\/wp-content\/uploads\/2025\/01\/Paragraf-metniniz-3.png","contentUrl":"https:\/\/geziyoo.co\/blog\/wp-content\/uploads\/2025\/01\/Paragraf-metniniz-3.png","width":270,"height":50,"caption":"Geziyoo.co"},"image":{"@id":"https:\/\/geziyoo.co\/blog\/#\/schema\/logo\/image\/"},"sameAs":["https:\/\/www.facebook.com\/Geziyooco","https:\/\/x.com\/geziyoo","https:\/\/tr.pinterest.com\/geziyooco\/","https:\/\/www.youtube.com\/@geziyoo","https:\/\/www.instagram.com\/geziyoo.co\/"]},{"@type":"Person","@id":"https:\/\/geziyoo.co\/blog\/#\/schema\/person\/032acb2436540ed14784e7d978aef0e4","name":"Geziyoo","image":{"@type":"ImageObject","inLanguage":"tr","@id":"https:\/\/geziyoo.co\/blog\/#\/schema\/person\/image\/","url":"https:\/\/secure.gravatar.com\/avatar\/ae212a4514471fdb8cab6e5af4f3c99b940a2d0a16713ea0392c8d7c8a64f30a?s=96&d=mm&r=g","contentUrl":"https:\/\/secure.gravatar.com\/avatar\/ae212a4514471fdb8cab6e5af4f3c99b940a2d0a16713ea0392c8d7c8a64f30a?s=96&d=mm&r=g","caption":"Geziyoo"},"description":"Do\u011fa ile i\u00e7 i\u00e7e olabilece\u011finiz yerler,do\u011fa aktivite alanlar\u0131,kamp alanlar\u0131,bungalov oteller,Tiny House Oteller, Galampingler ve da\u011f evlerinin herkes i\u00e7in ula\u015f\u0131labilir olmas\u0131n\u0131 sa\u011flamak amac\u0131yla Geziyoo\u2019ya 2019 y\u0131l\u0131nda ba\u015flad\u0131k.Do\u011fal Tatil konseptini uygulayan en geni\u015f kapsaml\u0131 sitedir.","sameAs":["https:\/\/geziyoo.co\/","https:\/\/www.facebook.com\/geziyoo.co","https:\/\/www.instagram.com\/geziyoo.co\/","https:\/\/tr.pinterest.com\/geziyooco\/","https:\/\/x.com\/https:\/\/twitter.com\/geziyoo","https:\/\/www.youtube.com\/channel\/UCdiSMa6pe17KEY7DP1Ug4ag"]}]}},"amp_enabled":true,"_links":{"self":[{"href":"http:\/\/geziyoo.co\/blog\/wp-json\/wp\/v2\/posts\/16523","targetHints":{"allow":["GET"]}}],"collection":[{"href":"http:\/\/geziyoo.co\/blog\/wp-json\/wp\/v2\/posts"}],"about":[{"href":"http:\/\/geziyoo.co\/blog\/wp-json\/wp\/v2\/types\/post"}],"author":[{"embeddable":true,"href":"http:\/\/geziyoo.co\/blog\/wp-json\/wp\/v2\/users\/1"}],"replies":[{"embeddable":true,"href":"http:\/\/geziyoo.co\/blog\/wp-json\/wp\/v2\/comments?post=16523"}],"version-history":[{"count":0,"href":"http:\/\/geziyoo.co\/blog\/wp-json\/wp\/v2\/posts\/16523\/revisions"}],"wp:featuredmedia":[{"embeddable":true,"href":"http:\/\/geziyoo.co\/blog\/wp-json\/wp\/v2\/media\/16527"}],"wp:attachment":[{"href":"http:\/\/geziyoo.co\/blog\/wp-json\/wp\/v2\/media?parent=16523"}],"wp:term":[{"taxonomy":"category","embeddable":true,"href":"http:\/\/geziyoo.co\/blog\/wp-json\/wp\/v2\/categories?post=16523"},{"taxonomy":"post_tag","embeddable":true,"href":"http:\/\/geziyoo.co\/blog\/wp-json\/wp\/v2\/tags?post=16523"}],"curies":[{"name":"wp","href":"https:\/\/api.w.org\/{rel}","templated":true}]}}