{"id":16332,"date":"2024-02-20T05:25:39","date_gmt":"2024-02-20T05:25:39","guid":{"rendered":"https:\/\/geziyoo.co\/blog\/?p=16332"},"modified":"2026-02-03T10:56:14","modified_gmt":"2026-02-03T10:56:14","slug":"bolvadin-kamp-alanlari-ve-karavan-alanlari","status":"publish","type":"post","link":"http:\/\/geziyoo.co\/blog\/bolvadin-kamp-alanlari-ve-karavan-alanlari\/","title":{"rendered":"Bolvadin ve \u00c7evresi \u00dccretli\/\u00dccretsiz 2 Kamp Noktas\u0131 (\u0130leti\u015fim ve Konum)"},"content":{"rendered":"\n<p><strong>Bolvadin<\/strong>, Afyonkarahisar ile Konya aras\u0131nda k\u00f6pr\u00fc g\u00f6revi g\u00f6ren, Hititlerden bu yana yerle\u015fim g\u00f6rm\u00fc\u015f k\u00f6kl\u00fc bir il\u00e7edir. Kamp\u00e7\u0131lar ve karavanc\u0131lar i\u00e7in Bolvadin, genellikle uzun yolculuklarda (Ankara-Antalya veya \u0130zmir-Konya hatt\u0131) harika bir mola noktas\u0131d\u0131r. Ancak b\u00f6lgenin as\u0131l y\u0131ld\u0131z\u0131, biyolojik \u00e7e\u015fitlili\u011fi ve g\u00fcn bat\u0131m\u0131ndaki efsanevi manzaras\u0131yla <strong>Eber G\u00f6l\u00fc<\/strong>&#8216;d\u00fcr.<\/p>\n\n\n\n<p>B\u00f6lgedeki kamp imkanlar\u0131 iki u\u00e7 noktada toplan\u0131r: Biri, tamamen vah\u015fi ya\u015fam\u0131n i\u00e7inde, hi\u00e7bir tesisin olmad\u0131\u011f\u0131 <strong>Eber G\u00f6l\u00fc k\u0131y\u0131lar\u0131<\/strong>; di\u011feri ise belediye taraf\u0131ndan i\u015fletilen, g\u00fcvenli ve d\u00fczenli <strong>Horan Park\u0131<\/strong>. Eber G\u00f6l\u00fc, \u00f6zellikle ku\u015f g\u00f6zlemcileri ve &#8220;bushcraft&#8221; severler i\u00e7in e\u015fsizdir; ancak batakl\u0131k yap\u0131s\u0131na ve sineklere kar\u015f\u0131 haz\u0131rl\u0131kl\u0131 olunmal\u0131d\u0131r. Horan Park\u0131 ise ailecek g\u00fcvenle kal\u0131nabilecek, elektri\u011fi ve suyu olan bir vahad\u0131r.<\/p>\n\n\n\n<p>Biz Geziyoo olarak, Afyon&#8217;un bu sessiz il\u00e7esinde arac\u0131lar\u0131 tamamen aradan \u00e7\u0131kard\u0131k. Listemizde, pelikanlar\u0131 ve flamingolar\u0131 izleyebilece\u011finiz \u00fccretsiz do\u011fa alan\u0131n\u0131 da, yol yorgunlu\u011funuzu atabilece\u011finiz tesisli park\u0131 da bir araya getirdik.<\/p>\n\n\n\n<p>\u0130ster <strong>Eber G\u00f6l\u00fc&#8217;nde<\/strong> sazl\u0131klar\u0131n aras\u0131nda kaybolun, ister <strong>Horan Park\u0131&#8217;nda<\/strong> \u00e7ay\u0131n\u0131z\u0131 yudumlay\u0131n; yola \u00e7\u0131kmadan \u00f6nce b\u00f6lgenin ak\u015fam ayaz\u0131n\u0131 (yaz\u0131n bile serindir) hesaba kat\u0131n. \u0130\u015fte Bolvadin\u2019in en sevilen 2 kamp dura\u011f\u0131:<\/p>\n\n\n\n<p>Bolvadin&#8217;de ki kamp alanlar\u0131na haritadan bakmak i\u00e7in <strong><em> <a href=\"https:\/\/geziyoo.co\/blog\/afyon-kamp-alanlari-ve-karavan-alanlari\/\" data-type=\"post\" data-id=\"7141\">Afyon Kamp Alanlar\u0131 Haritam\u0131z\u0131 da<\/a><\/em><\/strong> kullanabilirsiniz.Unuttu\u011fumuz veya bilmedi\u011fimiz <strong>\u00c7ad\u0131r ve Karavan Kamp alan\u0131<\/strong> var ise l\u00fctfen yorumlar k\u0131sm\u0131ndan bizlerle payla\u015fs\u0131n.<\/p>\n\n\n\n<blockquote class=\"wp-block-quote quote-solid is-layout-flow wp-block-quote quote-solid-is-layout-flow\">\n<p>T\u00fcm ara\u015ft\u0131rmalar\u0131m\u0131za ra\u011fmen Bolvadin \u00e7evresinde sadece 1 adet kamp yap\u0131lmaya m\u00fcsait yer bulduk.\u0130leriki zamanlarda listemizi geni\u015fletece\u011fiz.<\/p>\n<\/blockquote>\n\n\n\n<p>Unutmadan Bolvadin haricinde Kamp Alan\u0131, Bungalov veya Da\u011f evi ar\u0131yorsan\u0131z , <a href=\"https:\/\/geziyoo.co\/?select=Karavan+Kamp%C4%B1&amp;lp_s_loc=&amp;lp_s_tag=&amp;lp_s_cat=229&amp;s=home&amp;post_type=listing\" target=\"_blank\" rel=\"noopener noreferrer\"><em><strong>500&#8217;den fazla Kamp ve Karavan Yeri<\/strong> <\/em><\/a>sayfam\u0131za bakman\u0131z\u0131 tavsiye diyoruz.<\/p>\n\n\n\n<hr class=\"wp-block-separator has-css-opacity is-style-wide\"\/>\n\n\n\n<h2 class=\"wp-block-heading\">1.Eber G\u00f6l\u00fc Kamp Alan\u0131<\/h2>\n\n\n\n<figure class=\"wp-block-image size-full\"><img decoding=\"async\" width=\"1024\" height=\"657\" data-src=\"https:\/\/geziyoo.co\/blog\/wp-content\/uploads\/2024\/02\/image-2.jpeg\" alt=\"Bolvadin Kamp Alanlar\u0131\" class=\"wp-image-16333 lazyload\" data-srcset=\"http:\/\/geziyoo.co\/blog\/wp-content\/uploads\/2024\/02\/image-2.jpeg 1024w, http:\/\/geziyoo.co\/blog\/wp-content\/uploads\/2024\/02\/image-2-300x192.jpeg 300w, http:\/\/geziyoo.co\/blog\/wp-content\/uploads\/2024\/02\/image-2-768x493.jpeg 768w, http:\/\/geziyoo.co\/blog\/wp-content\/uploads\/2024\/02\/image-2-150x96.jpeg 150w\" data-sizes=\"(max-width: 1024px) 100vw, 1024px\" src=\"data:image\/gif;base64,R0lGODlhAQABAAAAACH5BAEKAAEALAAAAAABAAEAAAICTAEAOw==\" style=\"--smush-placeholder-width: 1024px; --smush-placeholder-aspect-ratio: 1024\/657;\" \/><figcaption class=\"wp-element-caption\">Bolvadin Kamp Alanlar\u0131 &#8211; Eber G\u00f6l\u00fc Kamp Alan\u0131<\/figcaption><\/figure>\n\n\n\n<p><strong>Bolvadin Kamp Alanlar\u0131<\/strong> i\u00e7eri\u011fimizin bir di\u011fer kamp alan\u0131 Eber G\u00f6l\u00fc.Eber G\u00f6l\u00fc, Afyonkarahisar&#8217;\u0131n Bolvadin il\u00e7esinde yer alan, bakir do\u011fas\u0131 ve muhte\u015fem manzaras\u0131yla kamp severleri b\u00fcy\u00fcleyen bir g\u00f6l. Kent merkezine 50 kilometre uzakl\u0131kta bulunan g\u00f6l, insan elinin de\u011fmedi\u011fi nadir b\u00f6lgelerden biri. Bu nedenle do\u011fayla i\u00e7 i\u00e7e bir kamp deneyimi arayanlar i\u00e7in ideal bir yer.<\/p>\n\n\n\n<p>Eber G\u00f6l\u00fc, 140&#8217;a yak\u0131n ku\u015f t\u00fcr\u00fcne ev sahipli\u011fi yapan bir ku\u015f cenneti. Flamingolar, pelikanlar, bal\u0131k\u00e7\u0131llar ve daha bir\u00e7ok ku\u015f t\u00fcr\u00fc g\u00f6lde ve \u00e7evresinde yuvalan\u0131yor. Bu nedenle ku\u015f g\u00f6zlemcili\u011fi sevenler i\u00e7in de e\u015fsiz bir yer.<\/p>\n\n\n\n<p>Eber G\u00f6l\u00fc&#8217;nde kamp yapmak \u00fccretsiz. G\u00f6l kenar\u0131nda \u00e7ad\u0131r\u0131n\u0131z\u0131 kurabilir, do\u011fan\u0131n sessizli\u011finin ve huzurunun tad\u0131n\u0131 \u00e7\u0131karabilirsiniz. Do\u011fa y\u00fcr\u00fcy\u00fc\u015fleri, bisiklet turlar\u0131, bal\u0131k tutma ve foto\u011fraf\u00e7\u0131l\u0131k gibi bir\u00e7ok aktiviteyi de g\u00f6lde ve \u00e7evresinde yapabilirsiniz.<\/p>\n\n\n\n<p>Eber G\u00f6l\u00fc&#8217;ne kamp yapmaya gitmeden \u00f6nce baz\u0131 \u00f6nemli bilgilere sahip olman\u0131z gerekiyor. G\u00f6lde ve \u00e7evresinde herhangi bir tesis bulunmad\u0131\u011f\u0131ndan, t\u00fcm ihtiya\u00e7lar\u0131n\u0131z\u0131 yan\u0131n\u0131zda g\u00f6t\u00fcrmeniz gerekiyor. Yiyecek, i\u00e7ecek, su, kamp malzemeleri ve ilk yard\u0131m \u00e7antas\u0131 gibi ihtiya\u00e7lar\u0131n\u0131z\u0131 eksiksiz bir \u015fekilde haz\u0131rlad\u0131\u011f\u0131n\u0131zdan emin olun.<\/p>\n\n\n\n<p>Eber G\u00f6l\u00fc&#8217;ne \u00f6zel ara\u00e7la veya otob\u00fcsle ula\u015fabilirsiniz. Afyonkarahisar&#8217;dan Bolvadin il\u00e7esine giden otob\u00fcslere binerek Eber K\u00f6y\u00fc&#8217;ne ula\u015fabilir ve buradan g\u00f6l kenar\u0131na y\u00fcr\u00fcyebilirsiniz.<\/p>\n\n\n\n<p>Eber G\u00f6l\u00fc, bakir bir do\u011faya sahip oldu\u011fu i\u00e7in g\u00f6l ve \u00e7evresine zarar vermemek i\u00e7in dikkatli olunmal\u0131d\u0131r. \u00c7\u00f6plerinizi geride b\u0131rakmadan, g\u00f6ldeki canl\u0131lara zarar vermeden ve do\u011faya sayg\u0131l\u0131 bir \u015fekilde kamp yapman\u0131z \u00f6nemlidir.<\/p>\n\n\n\n<p>E\u011fer do\u011fayla i\u00e7 i\u00e7e bir kamp deneyimi ar\u0131yorsan\u0131z, Eber G\u00f6l\u00fc tam size g\u00f6re bir yer. Bakir do\u011fas\u0131, muhte\u015fem manzaras\u0131 ve ku\u015f cenneti atmosferi ile Eber G\u00f6l\u00fc&#8217;nde unutulmaz bir kamp tatili ya\u015fayabilirsiniz.<\/p>\n\n\n\n<h3 class=\"wp-block-heading\"><strong>Eber G\u00f6l\u00fc&#8217;ne Gitmeden \u00d6nce:<\/strong><\/h3>\n\n\n\n<ul class=\"wp-block-list\">\n<li>Hava durumunu kontrol edin.<\/li>\n\n\n\n<li>Gerekli kamp malzemelerini eksiksiz bir \u015fekilde haz\u0131rlay\u0131n.<\/li>\n\n\n\n<li>Yiyecek ve i\u00e7eceklerinizi yan\u0131n\u0131zda g\u00f6t\u00fcr\u00fcn.<\/li>\n\n\n\n<li>G\u00f6lde ve \u00e7evresinde herhangi bir tesis bulunmad\u0131\u011f\u0131n\u0131 unutmay\u0131n.<\/li>\n\n\n\n<li>Do\u011faya sayg\u0131l\u0131 bir \u015fekilde kamp yap\u0131n.<\/li>\n<\/ul>\n\n\n\n<hr class=\"wp-block-separator has-css-opacity is-style-wide\"\/>\n\n\n\n\n\t\t<div class=\"lightbulb tie-list-shortcode\">\n<ul>\n<li><strong>Eber G\u00f6l\u00fc Kamp Alan\u0131 Adres<\/strong> :<a>&nbsp;<span style=\"color: #000000;\">Eber G\u00f6l\u00fc \/ Afyon<\/span><\/a><\/li>\n<li><strong>Eber G\u00f6l\u00fc Kamp Alan\u0131 Telefon<\/strong> : &#8212;<\/li>\n<li><strong>Eber G\u00f6l\u00fc Kamp Alan\u0131 Detayl\u0131 Bilgi :<\/strong> <a href=\"https:\/\/geziyoo.co\/listing\/eber-golu-kamp-alani\/\"><em><strong>Eber G\u00f6l\u00fc Kamp Alan\u0131<\/strong><strong>&nbsp;<\/strong><strong>Tan\u0131t\u0131m\u0131<\/strong><\/em><\/a><\/li>\n<li><strong>Eber G\u00f6l\u00fc Kamp Alan\u0131 Konumu:<\/strong> <a href=\"https:\/\/www.google.com\/maps?daddr=38.674224474113274,31.15594226236406\"><em><strong>Konum<\/strong> <\/em><\/a>ba\u011flant\u0131s\u0131na t\u0131klay\u0131n<\/li>\n<\/ul>\n\n\t\t<\/div>\n\t\n\n\n\n<hr class=\"wp-block-separator has-css-opacity is-style-wide\"\/>\n\n\n\n<h2 class=\"wp-block-heading\">2.Yedikap\u0131 Tabiat Park\u0131 Kamp Alan\u0131<a href=\"https:\/\/geziyoo.co\/listing\/yedikapi-tabiat-parki-kamp-alani\/\"><\/a><\/h2>\n\n\n\n<figure class=\"wp-block-image size-full\"><img decoding=\"async\" width=\"800\" height=\"450\" data-src=\"https:\/\/geziyoo.co\/blog\/wp-content\/uploads\/2024\/08\/Yedikapi-Tabiat-Parki-Kamp-Alani-7.jpg\" alt=\"\" class=\"wp-image-19127 lazyload\" data-srcset=\"http:\/\/geziyoo.co\/blog\/wp-content\/uploads\/2024\/08\/Yedikapi-Tabiat-Parki-Kamp-Alani-7.jpg 800w, http:\/\/geziyoo.co\/blog\/wp-content\/uploads\/2024\/08\/Yedikapi-Tabiat-Parki-Kamp-Alani-7-300x169.jpg 300w, http:\/\/geziyoo.co\/blog\/wp-content\/uploads\/2024\/08\/Yedikapi-Tabiat-Parki-Kamp-Alani-7-768x432.jpg 768w, http:\/\/geziyoo.co\/blog\/wp-content\/uploads\/2024\/08\/Yedikapi-Tabiat-Parki-Kamp-Alani-7-390x220.jpg 390w, http:\/\/geziyoo.co\/blog\/wp-content\/uploads\/2024\/08\/Yedikapi-Tabiat-Parki-Kamp-Alani-7-150x84.jpg 150w\" data-sizes=\"(max-width: 800px) 100vw, 800px\" src=\"data:image\/gif;base64,R0lGODlhAQABAAAAACH5BAEKAAEALAAAAAABAAEAAAICTAEAOw==\" style=\"--smush-placeholder-width: 800px; --smush-placeholder-aspect-ratio: 800\/450;\" \/><\/figure>\n\n\n\n<p>Afyonkarahisar&#8217;\u0131n Emirda\u011f il\u00e7esinde yer alan Yedikap\u0131 Tabiat Park\u0131, 215 hektarl\u0131k geni\u015f bir alana yay\u0131lm\u0131\u015f, do\u011fal g\u00fczellikleriyle b\u00fcy\u00fcleyen bir yer. 2018 y\u0131l\u0131nda tabiat park\u0131 olarak ilan edilen bu e\u015fsiz alan, ziyaret\u00e7ilerine huzurlu ve keyifli anlar sunuyor. \u00d6zellikle kamp severler i\u00e7in b\u00fcy\u00fck bir f\u0131rsat sunan park, son d\u00f6nemde ailelerin de g\u00f6zde mekanlar\u0131ndan biri haline geldi.<\/p>\n\n\n\n<p>Yemye\u015fil ormanlar\u0131, tertemiz havas\u0131 ve e\u015fsiz manzaras\u0131yla Yedikap\u0131 Tabiat Park\u0131, g\u00fcnl\u00fck hayat\u0131n stresinden uzakla\u015fmak ve do\u011fayla i\u00e7 i\u00e7e olmak isteyenler i\u00e7in ideal bir ka\u00e7\u0131\u015f noktas\u0131.<\/p>\n\n\n\n<p>Parkta \u00e7ocuklar\u0131n g\u00fcvenle oynayabilece\u011fi geni\u015f alanlar, piknik yapabilece\u011finiz masalar ve barbek\u00fc yerleri bulunuyor. Ailecek keyifli vakit ge\u00e7irebilece\u011finiz bir\u00e7ok aktivite se\u00e7ene\u011fi mevcut.<\/p>\n\n\n\n<p>\u00c7ad\u0131r\u0131n\u0131z\u0131 kurup y\u0131ld\u0131zlar\u0131n alt\u0131nda uyuyabilir, kamp ate\u015finde sohbet edebilir, do\u011fa y\u00fcr\u00fcy\u00fc\u015fleri yapabilir, bisiklet s\u00fcrebilir ve ku\u015f g\u00f6zlemi yapabilirsiniz.<\/p>\n\n\n\n<p>Kamp alan\u0131nda tuvalet, du\u015f gibi temel ihtiya\u00e7lar\u0131n\u0131z\u0131 kar\u015f\u0131layabilece\u011finiz tesisler bulunuyor. Ayr\u0131ca, piknik alanlar\u0131 ve barbek\u00fc yerleri de mevcut.<\/p>\n\n\n\n<p>Park, karavanlar\u0131yla gelen misafirler i\u00e7in de olduk\u00e7a uygun. Geni\u015f ve d\u00fcz alanlarda karavan\u0131n\u0131z\u0131 rahatl\u0131kla park edebilirsiniz.<\/p>\n\n\n\n<p>Afyonkarahisar il merkezinden veya Emirda\u011f il\u00e7esinden \u00f6zel arac\u0131n\u0131zla veya toplu ta\u015f\u0131ma ara\u00e7lar\u0131yla park\u0131n giri\u015fine kolayca ula\u015fabilirsiniz.<\/p>\n\n\n\n<p><strong>Yedikap\u0131 Tabiat Park\u0131 Kamp Alan\u0131nda Yap\u0131labilecek Aktiviteler<\/strong><\/p>\n\n\n\n<ul class=\"wp-block-list\">\n<li>Do\u011fa y\u00fcr\u00fcy\u00fc\u015fleri<\/li>\n\n\n\n<li>Bisiklet turlar\u0131<\/li>\n\n\n\n<li>Ku\u015f g\u00f6zlemi<\/li>\n\n\n\n<li>Piknik<\/li>\n\n\n\n<li>Barbek\u00fc<\/li>\n\n\n\n<li>Kamp ate\u015fi<\/li>\n\n\n\n<li>Y\u0131ld\u0131zlar\u0131 izleme<\/li>\n\n\n\n<li>Bal\u0131k tutma<\/li>\n<\/ul>\n\n\n\n<hr class=\"wp-block-separator has-alpha-channel-opacity is-style-wide\"\/>\n\n\n\n<ul class=\"wp-block-list\">\n<li><strong>Yedikap\u0131 Tabiat Park\u0131 Kamp Alan\u0131 Adres<\/strong>&nbsp;:&nbsp;Yaka, Zafer Cd., 03302 Kemerkaya\/Bolvadin\/Afyonkarahisar<\/li>\n\n\n\n<li><strong>Yedikap\u0131 Tabiat Park\u0131 Kamp Alan\u0131<\/strong> <strong>Telefon<\/strong>&nbsp;: &#8212;<\/li>\n\n\n\n<li><strong>Yedikap\u0131 Tabiat Park\u0131 Kamp Alan\u0131 Detayl\u0131 Bilgi :<\/strong>&nbsp;<em><strong><a href=\"https:\/\/geziyoo.co\/listing\/yedikapi-tabiat-parki-kamp-alani\/\">Yedikap\u0131 Tabiat Park\u0131 Kamp Alan\u0131<\/a><\/strong><\/em><\/li>\n\n\n\n<li><strong>Yedikap\u0131 Tabiat Park\u0131 Kamp Alan\u0131 Konumu:<\/strong>&nbsp;<em><strong><a href=\"https:\/\/www.google.com\/maps?daddr=38.91717167491944,31.1100479921954\">Konum<\/a><\/strong>&nbsp;<\/em>ba\u011flant\u0131s\u0131na t\u0131klay\u0131n<\/li>\n<\/ul>\n\n\n\n<hr class=\"wp-block-separator has-alpha-channel-opacity is-style-wide\"\/>\n\n\n\n<p>Bir i\u00e7eri\u011fimizin daha sonuna geldik sizlere Afyon Bolvadin&#8217;de kamp yapabilece\u011finiz \u00fccretli ve \u00fccretsiz kamp alanlar\u0131n\u0131 aktard\u0131k.Umar\u0131z i\u00e7eri\u011fimiz sizlere faydal\u0131 olabilmi\u015ftir.Bu kamp alanlar\u0131 ile ilgili detayl\u0131 bilgiler i\u00e7in <strong><em><a href=\"https:\/\/geziyoo.co\/location\/afyon-dogal-tatil-yerleri\/\">AFYON KAMP L\u0130STES\u0130<\/a> <\/em><\/strong>sayfam\u0131za da bakman\u0131z\u0131 tavsiye eder g\u00fczel bir kamp ge\u00e7irmenizi dileriz.<\/p>\n\n\n\n<hr class=\"wp-block-separator has-alpha-channel-opacity is-style-wide\"\/>\n\n\n\n<h3 class=\"wp-block-heading\">Bunlar\u0131 da Sevebilirsiniz;<\/h3>\n\n\n<ul class=\"wp-block-latest-posts__list wp-block-latest-posts\"><li><a class=\"wp-block-latest-posts__post-title\" href=\"http:\/\/geziyoo.co\/blog\/batman-kamp-alanlari\/\">Batman ve \u00c7evresi Do\u011fa \u0130\u00e7inde 4 Kamp Noktas\u0131 (Konum ve \u0130pu\u00e7lar\u0131)<\/a><\/li>\n<li><a class=\"wp-block-latest-posts__post-title\" href=\"http:\/\/geziyoo.co\/blog\/ayder-yaylasi-kamp-alanlari-ve-karavan-alanlari\/\">Ayder Yaylas\u0131 ve \u00c7evresi 2 Kamp Noktas\u0131 (Konum ve \u0130pu\u00e7lar\u0131)<\/a><\/li>\n<li><a class=\"wp-block-latest-posts__post-title\" href=\"http:\/\/geziyoo.co\/blog\/ardesen-kamp-alanlari-ve-karavan-alanlari\/\">Arde\u015fen ve F\u0131rt\u0131na Vadisi Giri\u015fi 5 Kamp Noktas\u0131 (Konum ve \u0130pu\u00e7lar\u0131)<\/a><\/li>\n<\/ul>","protected":false},"excerpt":{"rendered":"<p>Bolvadin, Afyonkarahisar ile Konya aras\u0131nda k\u00f6pr\u00fc g\u00f6revi g\u00f6ren, Hititlerden bu yana yerle\u015fim g\u00f6rm\u00fc\u015f k\u00f6kl\u00fc bir il\u00e7edir. Kamp\u00e7\u0131lar ve karavanc\u0131lar i\u00e7in Bolvadin, genellikle uzun yolculuklarda (Ankara-Antalya veya \u0130zmir-Konya hatt\u0131) harika bir mola noktas\u0131d\u0131r. Ancak b\u00f6lgenin as\u0131l y\u0131ld\u0131z\u0131, biyolojik \u00e7e\u015fitlili\u011fi ve g\u00fcn bat\u0131m\u0131ndaki efsanevi manzaras\u0131yla Eber G\u00f6l\u00fc&#8216;d\u00fcr. B\u00f6lgedeki kamp imkanlar\u0131 iki u\u00e7 noktada toplan\u0131r: Biri, tamamen vah\u015fi &hellip;<\/p>\n","protected":false},"author":1,"featured_media":16334,"comment_status":"open","ping_status":"closed","sticky":false,"template":"","format":"standard","meta":{"footnotes":""},"categories":[589,23],"tags":[],"class_list":["post-16332","post","type-post","status-publish","format-standard","has-post-thumbnail","hentry","category-kamp1","category-kamp-kamp-alanlari"],"yoast_head":"<!-- This site is optimized with the Yoast SEO plugin v26.9 - https:\/\/yoast.com\/product\/yoast-seo-wordpress\/ -->\n<title>Bolvadin\u2019de En \u0130yi 2 Kamp Alan\u0131: Eber G\u00f6l\u00fc ve Horan Park\u0131 | Geziyoo<\/title>\n<meta name=\"description\" content=\"Afyonkarahisar Bolvadin, ku\u015f cenneti Eber G\u00f6l\u00fc k\u0131y\u0131s\u0131 ve as\u0131rl\u0131k a\u011fa\u00e7lar\u0131yla Horan Park\u0131 dahil \u00fccretli ve \u00fccretsiz 2 kamp alan\u0131n\u0131 listeledik. Konumlar Geziyoo&#039;da.\" \/>\n<meta name=\"robots\" content=\"index, follow, max-snippet:-1, max-image-preview:large, max-video-preview:-1\" \/>\n<link rel=\"canonical\" href=\"http:\/\/geziyoo.co\/blog\/bolvadin-kamp-alanlari-ve-karavan-alanlari\/\" \/>\n<meta property=\"og:locale\" content=\"tr_TR\" \/>\n<meta property=\"og:type\" content=\"article\" \/>\n<meta property=\"og:title\" content=\"Bolvadin\u2019de En \u0130yi 2 Kamp Alan\u0131: Eber G\u00f6l\u00fc ve Horan Park\u0131 | Geziyoo\" \/>\n<meta property=\"og:description\" content=\"Afyonkarahisar Bolvadin, ku\u015f cenneti Eber G\u00f6l\u00fc k\u0131y\u0131s\u0131 ve as\u0131rl\u0131k a\u011fa\u00e7lar\u0131yla Horan Park\u0131 dahil \u00fccretli ve \u00fccretsiz 2 kamp alan\u0131n\u0131 listeledik. Konumlar Geziyoo&#039;da.\" \/>\n<meta property=\"og:url\" content=\"http:\/\/geziyoo.co\/blog\/bolvadin-kamp-alanlari-ve-karavan-alanlari\/\" \/>\n<meta property=\"og:site_name\" content=\"Geziyoo.co\" \/>\n<meta property=\"article:publisher\" content=\"https:\/\/www.facebook.com\/Geziyooco\" \/>\n<meta property=\"article:author\" content=\"https:\/\/www.facebook.com\/geziyoo.co\" \/>\n<meta property=\"article:published_time\" content=\"2024-02-20T05:25:39+00:00\" \/>\n<meta property=\"article:modified_time\" content=\"2026-02-03T10:56:14+00:00\" \/>\n<meta property=\"og:image\" content=\"http:\/\/geziyoo.co\/blog\/wp-content\/uploads\/2024\/02\/Bolvadin-Kamp-Alanlari-ve-Karavan-Alanlari.jpg\" \/>\n\t<meta property=\"og:image:width\" content=\"960\" \/>\n\t<meta property=\"og:image:height\" content=\"639\" \/>\n\t<meta property=\"og:image:type\" content=\"image\/jpeg\" \/>\n<meta name=\"author\" content=\"Geziyoo\" \/>\n<meta name=\"twitter:card\" content=\"summary_large_image\" \/>\n<meta name=\"twitter:creator\" content=\"@https:\/\/twitter.com\/geziyoo\" \/>\n<meta name=\"twitter:site\" content=\"@geziyoo\" \/>\n<meta name=\"twitter:label1\" content=\"Yazan:\" \/>\n\t<meta name=\"twitter:data1\" content=\"Geziyoo\" \/>\n\t<meta name=\"twitter:label2\" content=\"Tahmini okuma s\u00fcresi\" \/>\n\t<meta name=\"twitter:data2\" content=\"6 dakika\" \/>\n<script type=\"application\/ld+json\" class=\"yoast-schema-graph\">{\"@context\":\"https:\/\/schema.org\",\"@graph\":[{\"@type\":\"Article\",\"@id\":\"http:\/\/geziyoo.co\/blog\/bolvadin-kamp-alanlari-ve-karavan-alanlari\/#article\",\"isPartOf\":{\"@id\":\"http:\/\/geziyoo.co\/blog\/bolvadin-kamp-alanlari-ve-karavan-alanlari\/\"},\"author\":{\"name\":\"Geziyoo\",\"@id\":\"https:\/\/geziyoo.co\/blog\/#\/schema\/person\/032acb2436540ed14784e7d978aef0e4\"},\"headline\":\"Bolvadin ve \u00c7evresi \u00dccretli\/\u00dccretsiz 2 Kamp Noktas\u0131 (\u0130leti\u015fim ve Konum)\",\"datePublished\":\"2024-02-20T05:25:39+00:00\",\"dateModified\":\"2026-02-03T10:56:14+00:00\",\"mainEntityOfPage\":{\"@id\":\"http:\/\/geziyoo.co\/blog\/bolvadin-kamp-alanlari-ve-karavan-alanlari\/\"},\"wordCount\":1208,\"commentCount\":0,\"publisher\":{\"@id\":\"https:\/\/geziyoo.co\/blog\/#organization\"},\"image\":{\"@id\":\"http:\/\/geziyoo.co\/blog\/bolvadin-kamp-alanlari-ve-karavan-alanlari\/#primaryimage\"},\"thumbnailUrl\":\"http:\/\/geziyoo.co\/blog\/wp-content\/uploads\/2024\/02\/Bolvadin-Kamp-Alanlari-ve-Karavan-Alanlari.jpg\",\"articleSection\":[\"Kamp\",\"Kamp Alanlar\u0131\"],\"inLanguage\":\"tr\",\"potentialAction\":[{\"@type\":\"CommentAction\",\"name\":\"Comment\",\"target\":[\"http:\/\/geziyoo.co\/blog\/bolvadin-kamp-alanlari-ve-karavan-alanlari\/#respond\"]}]},{\"@type\":\"WebPage\",\"@id\":\"http:\/\/geziyoo.co\/blog\/bolvadin-kamp-alanlari-ve-karavan-alanlari\/\",\"url\":\"http:\/\/geziyoo.co\/blog\/bolvadin-kamp-alanlari-ve-karavan-alanlari\/\",\"name\":\"Bolvadin\u2019de En \u0130yi 2 Kamp Alan\u0131: Eber G\u00f6l\u00fc ve Horan Park\u0131 | Geziyoo\",\"isPartOf\":{\"@id\":\"https:\/\/geziyoo.co\/blog\/#website\"},\"primaryImageOfPage\":{\"@id\":\"http:\/\/geziyoo.co\/blog\/bolvadin-kamp-alanlari-ve-karavan-alanlari\/#primaryimage\"},\"image\":{\"@id\":\"http:\/\/geziyoo.co\/blog\/bolvadin-kamp-alanlari-ve-karavan-alanlari\/#primaryimage\"},\"thumbnailUrl\":\"http:\/\/geziyoo.co\/blog\/wp-content\/uploads\/2024\/02\/Bolvadin-Kamp-Alanlari-ve-Karavan-Alanlari.jpg\",\"datePublished\":\"2024-02-20T05:25:39+00:00\",\"dateModified\":\"2026-02-03T10:56:14+00:00\",\"description\":\"Afyonkarahisar Bolvadin, ku\u015f cenneti Eber G\u00f6l\u00fc k\u0131y\u0131s\u0131 ve as\u0131rl\u0131k a\u011fa\u00e7lar\u0131yla Horan Park\u0131 dahil \u00fccretli ve \u00fccretsiz 2 kamp alan\u0131n\u0131 listeledik. Konumlar Geziyoo'da.\",\"breadcrumb\":{\"@id\":\"http:\/\/geziyoo.co\/blog\/bolvadin-kamp-alanlari-ve-karavan-alanlari\/#breadcrumb\"},\"inLanguage\":\"tr\",\"potentialAction\":[{\"@type\":\"ReadAction\",\"target\":[\"http:\/\/geziyoo.co\/blog\/bolvadin-kamp-alanlari-ve-karavan-alanlari\/\"]}]},{\"@type\":\"ImageObject\",\"inLanguage\":\"tr\",\"@id\":\"http:\/\/geziyoo.co\/blog\/bolvadin-kamp-alanlari-ve-karavan-alanlari\/#primaryimage\",\"url\":\"http:\/\/geziyoo.co\/blog\/wp-content\/uploads\/2024\/02\/Bolvadin-Kamp-Alanlari-ve-Karavan-Alanlari.jpg\",\"contentUrl\":\"http:\/\/geziyoo.co\/blog\/wp-content\/uploads\/2024\/02\/Bolvadin-Kamp-Alanlari-ve-Karavan-Alanlari.jpg\",\"width\":960,\"height\":639},{\"@type\":\"BreadcrumbList\",\"@id\":\"http:\/\/geziyoo.co\/blog\/bolvadin-kamp-alanlari-ve-karavan-alanlari\/#breadcrumb\",\"itemListElement\":[{\"@type\":\"ListItem\",\"position\":1,\"name\":\"Ana sayfa\",\"item\":\"https:\/\/geziyoo.co\/blog\/\"},{\"@type\":\"ListItem\",\"position\":2,\"name\":\"Bolvadin ve \u00c7evresi \u00dccretli\/\u00dccretsiz 2 Kamp Noktas\u0131 (\u0130leti\u015fim ve Konum)\"}]},{\"@type\":\"WebSite\",\"@id\":\"https:\/\/geziyoo.co\/blog\/#website\",\"url\":\"https:\/\/geziyoo.co\/blog\/\",\"name\":\"Geziyoo Blog\",\"description\":\"GeziYoo Blog&#039;da T\u00fcrkiye&#039;nin en iyi kamp alanlar\u0131ndan bungalov tatillerine, karavan ipu\u00e7lar\u0131ndan gezi rehberlerine kadar her t\u00fcrl\u00fc do\u011fa deneyimini ke\u015ffedin.\",\"publisher\":{\"@id\":\"https:\/\/geziyoo.co\/blog\/#organization\"},\"potentialAction\":[{\"@type\":\"SearchAction\",\"target\":{\"@type\":\"EntryPoint\",\"urlTemplate\":\"https:\/\/geziyoo.co\/blog\/?s={search_term_string}\"},\"query-input\":{\"@type\":\"PropertyValueSpecification\",\"valueRequired\":true,\"valueName\":\"search_term_string\"}}],\"inLanguage\":\"tr\"},{\"@type\":\"Organization\",\"@id\":\"https:\/\/geziyoo.co\/blog\/#organization\",\"name\":\"Geziyoo.co\",\"url\":\"https:\/\/geziyoo.co\/blog\/\",\"logo\":{\"@type\":\"ImageObject\",\"inLanguage\":\"tr\",\"@id\":\"https:\/\/geziyoo.co\/blog\/#\/schema\/logo\/image\/\",\"url\":\"https:\/\/geziyoo.co\/blog\/wp-content\/uploads\/2025\/01\/Paragraf-metniniz-3.png\",\"contentUrl\":\"https:\/\/geziyoo.co\/blog\/wp-content\/uploads\/2025\/01\/Paragraf-metniniz-3.png\",\"width\":270,\"height\":50,\"caption\":\"Geziyoo.co\"},\"image\":{\"@id\":\"https:\/\/geziyoo.co\/blog\/#\/schema\/logo\/image\/\"},\"sameAs\":[\"https:\/\/www.facebook.com\/Geziyooco\",\"https:\/\/x.com\/geziyoo\",\"https:\/\/tr.pinterest.com\/geziyooco\/\",\"https:\/\/www.youtube.com\/@geziyoo\",\"https:\/\/www.instagram.com\/geziyoo.co\/\"]},{\"@type\":\"Person\",\"@id\":\"https:\/\/geziyoo.co\/blog\/#\/schema\/person\/032acb2436540ed14784e7d978aef0e4\",\"name\":\"Geziyoo\",\"image\":{\"@type\":\"ImageObject\",\"inLanguage\":\"tr\",\"@id\":\"https:\/\/geziyoo.co\/blog\/#\/schema\/person\/image\/\",\"url\":\"https:\/\/secure.gravatar.com\/avatar\/ae212a4514471fdb8cab6e5af4f3c99b940a2d0a16713ea0392c8d7c8a64f30a?s=96&d=mm&r=g\",\"contentUrl\":\"https:\/\/secure.gravatar.com\/avatar\/ae212a4514471fdb8cab6e5af4f3c99b940a2d0a16713ea0392c8d7c8a64f30a?s=96&d=mm&r=g\",\"caption\":\"Geziyoo\"},\"description\":\"Do\u011fa ile i\u00e7 i\u00e7e olabilece\u011finiz yerler,do\u011fa aktivite alanlar\u0131,kamp alanlar\u0131,bungalov oteller,Tiny House Oteller, Galampingler ve da\u011f evlerinin herkes i\u00e7in ula\u015f\u0131labilir olmas\u0131n\u0131 sa\u011flamak amac\u0131yla Geziyoo\u2019ya 2019 y\u0131l\u0131nda ba\u015flad\u0131k.Do\u011fal Tatil konseptini uygulayan en geni\u015f kapsaml\u0131 sitedir.\",\"sameAs\":[\"https:\/\/geziyoo.co\/\",\"https:\/\/www.facebook.com\/geziyoo.co\",\"https:\/\/www.instagram.com\/geziyoo.co\/\",\"https:\/\/tr.pinterest.com\/geziyooco\/\",\"https:\/\/x.com\/https:\/\/twitter.com\/geziyoo\",\"https:\/\/www.youtube.com\/channel\/UCdiSMa6pe17KEY7DP1Ug4ag\"]}]}<\/script>\n<!-- \/ Yoast SEO plugin. -->","yoast_head_json":{"title":"Bolvadin\u2019de En \u0130yi 2 Kamp Alan\u0131: Eber G\u00f6l\u00fc ve Horan Park\u0131 | Geziyoo","description":"Afyonkarahisar Bolvadin, ku\u015f cenneti Eber G\u00f6l\u00fc k\u0131y\u0131s\u0131 ve as\u0131rl\u0131k a\u011fa\u00e7lar\u0131yla Horan Park\u0131 dahil \u00fccretli ve \u00fccretsiz 2 kamp alan\u0131n\u0131 listeledik. Konumlar Geziyoo'da.","robots":{"index":"index","follow":"follow","max-snippet":"max-snippet:-1","max-image-preview":"max-image-preview:large","max-video-preview":"max-video-preview:-1"},"canonical":"http:\/\/geziyoo.co\/blog\/bolvadin-kamp-alanlari-ve-karavan-alanlari\/","og_locale":"tr_TR","og_type":"article","og_title":"Bolvadin\u2019de En \u0130yi 2 Kamp Alan\u0131: Eber G\u00f6l\u00fc ve Horan Park\u0131 | Geziyoo","og_description":"Afyonkarahisar Bolvadin, ku\u015f cenneti Eber G\u00f6l\u00fc k\u0131y\u0131s\u0131 ve as\u0131rl\u0131k a\u011fa\u00e7lar\u0131yla Horan Park\u0131 dahil \u00fccretli ve \u00fccretsiz 2 kamp alan\u0131n\u0131 listeledik. Konumlar Geziyoo'da.","og_url":"http:\/\/geziyoo.co\/blog\/bolvadin-kamp-alanlari-ve-karavan-alanlari\/","og_site_name":"Geziyoo.co","article_publisher":"https:\/\/www.facebook.com\/Geziyooco","article_author":"https:\/\/www.facebook.com\/geziyoo.co","article_published_time":"2024-02-20T05:25:39+00:00","article_modified_time":"2026-02-03T10:56:14+00:00","og_image":[{"width":960,"height":639,"url":"http:\/\/geziyoo.co\/blog\/wp-content\/uploads\/2024\/02\/Bolvadin-Kamp-Alanlari-ve-Karavan-Alanlari.jpg","type":"image\/jpeg"}],"author":"Geziyoo","twitter_card":"summary_large_image","twitter_creator":"@https:\/\/twitter.com\/geziyoo","twitter_site":"@geziyoo","twitter_misc":{"Yazan:":"Geziyoo","Tahmini okuma s\u00fcresi":"6 dakika"},"schema":{"@context":"https:\/\/schema.org","@graph":[{"@type":"Article","@id":"http:\/\/geziyoo.co\/blog\/bolvadin-kamp-alanlari-ve-karavan-alanlari\/#article","isPartOf":{"@id":"http:\/\/geziyoo.co\/blog\/bolvadin-kamp-alanlari-ve-karavan-alanlari\/"},"author":{"name":"Geziyoo","@id":"https:\/\/geziyoo.co\/blog\/#\/schema\/person\/032acb2436540ed14784e7d978aef0e4"},"headline":"Bolvadin ve \u00c7evresi \u00dccretli\/\u00dccretsiz 2 Kamp Noktas\u0131 (\u0130leti\u015fim ve Konum)","datePublished":"2024-02-20T05:25:39+00:00","dateModified":"2026-02-03T10:56:14+00:00","mainEntityOfPage":{"@id":"http:\/\/geziyoo.co\/blog\/bolvadin-kamp-alanlari-ve-karavan-alanlari\/"},"wordCount":1208,"commentCount":0,"publisher":{"@id":"https:\/\/geziyoo.co\/blog\/#organization"},"image":{"@id":"http:\/\/geziyoo.co\/blog\/bolvadin-kamp-alanlari-ve-karavan-alanlari\/#primaryimage"},"thumbnailUrl":"http:\/\/geziyoo.co\/blog\/wp-content\/uploads\/2024\/02\/Bolvadin-Kamp-Alanlari-ve-Karavan-Alanlari.jpg","articleSection":["Kamp","Kamp Alanlar\u0131"],"inLanguage":"tr","potentialAction":[{"@type":"CommentAction","name":"Comment","target":["http:\/\/geziyoo.co\/blog\/bolvadin-kamp-alanlari-ve-karavan-alanlari\/#respond"]}]},{"@type":"WebPage","@id":"http:\/\/geziyoo.co\/blog\/bolvadin-kamp-alanlari-ve-karavan-alanlari\/","url":"http:\/\/geziyoo.co\/blog\/bolvadin-kamp-alanlari-ve-karavan-alanlari\/","name":"Bolvadin\u2019de En \u0130yi 2 Kamp Alan\u0131: Eber G\u00f6l\u00fc ve Horan Park\u0131 | Geziyoo","isPartOf":{"@id":"https:\/\/geziyoo.co\/blog\/#website"},"primaryImageOfPage":{"@id":"http:\/\/geziyoo.co\/blog\/bolvadin-kamp-alanlari-ve-karavan-alanlari\/#primaryimage"},"image":{"@id":"http:\/\/geziyoo.co\/blog\/bolvadin-kamp-alanlari-ve-karavan-alanlari\/#primaryimage"},"thumbnailUrl":"http:\/\/geziyoo.co\/blog\/wp-content\/uploads\/2024\/02\/Bolvadin-Kamp-Alanlari-ve-Karavan-Alanlari.jpg","datePublished":"2024-02-20T05:25:39+00:00","dateModified":"2026-02-03T10:56:14+00:00","description":"Afyonkarahisar Bolvadin, ku\u015f cenneti Eber G\u00f6l\u00fc k\u0131y\u0131s\u0131 ve as\u0131rl\u0131k a\u011fa\u00e7lar\u0131yla Horan Park\u0131 dahil \u00fccretli ve \u00fccretsiz 2 kamp alan\u0131n\u0131 listeledik. Konumlar Geziyoo'da.","breadcrumb":{"@id":"http:\/\/geziyoo.co\/blog\/bolvadin-kamp-alanlari-ve-karavan-alanlari\/#breadcrumb"},"inLanguage":"tr","potentialAction":[{"@type":"ReadAction","target":["http:\/\/geziyoo.co\/blog\/bolvadin-kamp-alanlari-ve-karavan-alanlari\/"]}]},{"@type":"ImageObject","inLanguage":"tr","@id":"http:\/\/geziyoo.co\/blog\/bolvadin-kamp-alanlari-ve-karavan-alanlari\/#primaryimage","url":"http:\/\/geziyoo.co\/blog\/wp-content\/uploads\/2024\/02\/Bolvadin-Kamp-Alanlari-ve-Karavan-Alanlari.jpg","contentUrl":"http:\/\/geziyoo.co\/blog\/wp-content\/uploads\/2024\/02\/Bolvadin-Kamp-Alanlari-ve-Karavan-Alanlari.jpg","width":960,"height":639},{"@type":"BreadcrumbList","@id":"http:\/\/geziyoo.co\/blog\/bolvadin-kamp-alanlari-ve-karavan-alanlari\/#breadcrumb","itemListElement":[{"@type":"ListItem","position":1,"name":"Ana sayfa","item":"https:\/\/geziyoo.co\/blog\/"},{"@type":"ListItem","position":2,"name":"Bolvadin ve \u00c7evresi \u00dccretli\/\u00dccretsiz 2 Kamp Noktas\u0131 (\u0130leti\u015fim ve Konum)"}]},{"@type":"WebSite","@id":"https:\/\/geziyoo.co\/blog\/#website","url":"https:\/\/geziyoo.co\/blog\/","name":"Geziyoo Blog","description":"GeziYoo Blog&#039;da T\u00fcrkiye&#039;nin en iyi kamp alanlar\u0131ndan bungalov tatillerine, karavan ipu\u00e7lar\u0131ndan gezi rehberlerine kadar her t\u00fcrl\u00fc do\u011fa deneyimini ke\u015ffedin.","publisher":{"@id":"https:\/\/geziyoo.co\/blog\/#organization"},"potentialAction":[{"@type":"SearchAction","target":{"@type":"EntryPoint","urlTemplate":"https:\/\/geziyoo.co\/blog\/?s={search_term_string}"},"query-input":{"@type":"PropertyValueSpecification","valueRequired":true,"valueName":"search_term_string"}}],"inLanguage":"tr"},{"@type":"Organization","@id":"https:\/\/geziyoo.co\/blog\/#organization","name":"Geziyoo.co","url":"https:\/\/geziyoo.co\/blog\/","logo":{"@type":"ImageObject","inLanguage":"tr","@id":"https:\/\/geziyoo.co\/blog\/#\/schema\/logo\/image\/","url":"https:\/\/geziyoo.co\/blog\/wp-content\/uploads\/2025\/01\/Paragraf-metniniz-3.png","contentUrl":"https:\/\/geziyoo.co\/blog\/wp-content\/uploads\/2025\/01\/Paragraf-metniniz-3.png","width":270,"height":50,"caption":"Geziyoo.co"},"image":{"@id":"https:\/\/geziyoo.co\/blog\/#\/schema\/logo\/image\/"},"sameAs":["https:\/\/www.facebook.com\/Geziyooco","https:\/\/x.com\/geziyoo","https:\/\/tr.pinterest.com\/geziyooco\/","https:\/\/www.youtube.com\/@geziyoo","https:\/\/www.instagram.com\/geziyoo.co\/"]},{"@type":"Person","@id":"https:\/\/geziyoo.co\/blog\/#\/schema\/person\/032acb2436540ed14784e7d978aef0e4","name":"Geziyoo","image":{"@type":"ImageObject","inLanguage":"tr","@id":"https:\/\/geziyoo.co\/blog\/#\/schema\/person\/image\/","url":"https:\/\/secure.gravatar.com\/avatar\/ae212a4514471fdb8cab6e5af4f3c99b940a2d0a16713ea0392c8d7c8a64f30a?s=96&d=mm&r=g","contentUrl":"https:\/\/secure.gravatar.com\/avatar\/ae212a4514471fdb8cab6e5af4f3c99b940a2d0a16713ea0392c8d7c8a64f30a?s=96&d=mm&r=g","caption":"Geziyoo"},"description":"Do\u011fa ile i\u00e7 i\u00e7e olabilece\u011finiz yerler,do\u011fa aktivite alanlar\u0131,kamp alanlar\u0131,bungalov oteller,Tiny House Oteller, Galampingler ve da\u011f evlerinin herkes i\u00e7in ula\u015f\u0131labilir olmas\u0131n\u0131 sa\u011flamak amac\u0131yla Geziyoo\u2019ya 2019 y\u0131l\u0131nda ba\u015flad\u0131k.Do\u011fal Tatil konseptini uygulayan en geni\u015f kapsaml\u0131 sitedir.","sameAs":["https:\/\/geziyoo.co\/","https:\/\/www.facebook.com\/geziyoo.co","https:\/\/www.instagram.com\/geziyoo.co\/","https:\/\/tr.pinterest.com\/geziyooco\/","https:\/\/x.com\/https:\/\/twitter.com\/geziyoo","https:\/\/www.youtube.com\/channel\/UCdiSMa6pe17KEY7DP1Ug4ag"]}]}},"amp_enabled":true,"_links":{"self":[{"href":"http:\/\/geziyoo.co\/blog\/wp-json\/wp\/v2\/posts\/16332","targetHints":{"allow":["GET"]}}],"collection":[{"href":"http:\/\/geziyoo.co\/blog\/wp-json\/wp\/v2\/posts"}],"about":[{"href":"http:\/\/geziyoo.co\/blog\/wp-json\/wp\/v2\/types\/post"}],"author":[{"embeddable":true,"href":"http:\/\/geziyoo.co\/blog\/wp-json\/wp\/v2\/users\/1"}],"replies":[{"embeddable":true,"href":"http:\/\/geziyoo.co\/blog\/wp-json\/wp\/v2\/comments?post=16332"}],"version-history":[{"count":0,"href":"http:\/\/geziyoo.co\/blog\/wp-json\/wp\/v2\/posts\/16332\/revisions"}],"wp:featuredmedia":[{"embeddable":true,"href":"http:\/\/geziyoo.co\/blog\/wp-json\/wp\/v2\/media\/16334"}],"wp:attachment":[{"href":"http:\/\/geziyoo.co\/blog\/wp-json\/wp\/v2\/media?parent=16332"}],"wp:term":[{"taxonomy":"category","embeddable":true,"href":"http:\/\/geziyoo.co\/blog\/wp-json\/wp\/v2\/categories?post=16332"},{"taxonomy":"post_tag","embeddable":true,"href":"http:\/\/geziyoo.co\/blog\/wp-json\/wp\/v2\/tags?post=16332"}],"curies":[{"name":"wp","href":"https:\/\/api.w.org\/{rel}","templated":true}]}}