{"id":15768,"date":"2024-01-31T04:41:54","date_gmt":"2024-01-31T04:41:54","guid":{"rendered":"https:\/\/geziyoo.co\/blog\/?p=15768"},"modified":"2026-02-02T13:26:00","modified_gmt":"2026-02-02T13:26:00","slug":"igneada-kamp-alanlari-ve-karavan-alanlari","status":"publish","type":"post","link":"http:\/\/geziyoo.co\/blog\/igneada-kamp-alanlari-ve-karavan-alanlari\/","title":{"rendered":"\u0130\u011fneada ve \u00c7evresi \u00dccretli\/\u00dccretsiz 8 Kamp Alan\u0131 (\u0130leti\u015fim ve Konum)"},"content":{"rendered":"\n<p><strong>\u0130\u011fneada<\/strong>, K\u0131rklareli&#8217;nin Demirk\u00f6y il\u00e7esine ba\u011fl\u0131, denizi, g\u00f6lleri ve ormanlar\u0131yla tam bir ekosistem laboratuvar\u0131d\u0131r. B\u00f6lgeyi \u00f6zel k\u0131lan &#8220;Longoz Ormanlar\u0131&#8221;, k\u0131\u015f\u0131n sular alt\u0131nda kalan a\u011fa\u00e7 k\u00f6kleriyle fantastik bir g\u00f6r\u00fcnt\u00fc olu\u015fturur. Kamp\u00e7\u0131lar i\u00e7in buras\u0131 iki farkl\u0131 deneyim sunar: Ya Mert G\u00f6l\u00fc k\u0131y\u0131s\u0131nda veya orman derinliklerinde tam bir &#8220;Survivor&#8221; hayat\u0131 ya da b\u00f6lgenin me\u015fhur Glamping tesislerinde &#8220;Do\u011fa i\u00e7inde otel konforu&#8221;.<\/p>\n\n\n\n<p>B\u00f6lgenin sulak alan zenginli\u011fi biyolojik \u00e7e\u015fitlili\u011fi art\u0131rsa da, kamp\u00e7\u0131lar i\u00e7in en b\u00fcy\u00fck d\u00fc\u015fman\u0131 da beraberinde getirir: <strong>Sivrisinekler.<\/strong> \u0130\u011fneada&#8217;n\u0131n sivrisinekleri me\u015fhurdur ve yaz aylar\u0131nda haz\u0131rl\u0131ks\u0131z gidenler i\u00e7in kamp\u0131 kabusa \u00e7evirebilir. Bu y\u00fczden buraya gelirken en g\u00fc\u00e7l\u00fc sinek kovucular\u0131 yan\u0131n\u0131za alman\u0131z \u015fartt\u0131r. Ayr\u0131ca orman i\u00e7leri &#8220;Milli Park&#8221; stat\u00fcs\u00fcnde oldu\u011fu i\u00e7in ate\u015f yakmak ve rastgele kamp kurmak s\u0131k\u0131 denetimlere tabidir; g\u00f6l k\u0131y\u0131lar\u0131 veya belirlenmi\u015f alanlar tercih edilmelidir.<\/p>\n\n\n\n<p>Biz Geziyoo olarak, Trakya&#8217;n\u0131n bu en ye\u015fil ucunda arac\u0131lar\u0131 tamamen aradan \u00e7\u0131kard\u0131k. Listemizde hem <strong>hi\u00e7bir \u00fccret \u00f6demeden<\/strong> Be\u011fendik K\u00f6y\u00fc&#8217;n\u00fcn s\u0131n\u0131r plaj\u0131nda veya Limank\u00f6y fenerinde kalabilece\u011finiz alanlar\u0131, hem de <strong>klimas\u0131, \u00f6zel banyosu ve aktivite parkuru<\/strong> olan l\u00fcks \u00e7ad\u0131r tesislerini bir araya getirdik.<\/p>\n\n\n\n<p>\u0130ster <strong>Mert G\u00f6l\u00fc&#8217;nde<\/strong> kanoya binip kamp alan\u0131n\u0131za k\u00fcrek \u00e7ekin, ister <strong>Be\u011fendik&#8217;te<\/strong> Bulgaristan \u0131\u015f\u0131klar\u0131na kar\u015f\u0131 oturun; yola \u00e7\u0131kmadan \u00f6nce sinek ilac\u0131n\u0131z\u0131 ald\u0131\u011f\u0131n\u0131zdan emin olun. \u0130\u015fte \u0130\u011fneada\u2019n\u0131n en sevilen 8 kamp dura\u011f\u0131:<\/p>\n\n\n\n<p>Dilerseniz\u00a0<a href=\"https:\/\/geziyoo.co\/?select=Kamp+Alanlar%C4%B1&amp;lp_s_loc=235&amp;lp_s_tag=&amp;lp_s_cat=189&amp;s=home&amp;post_type=listing\"><strong><em><strong>K\u0131rklareli<\/strong><\/em><\/strong> <strong><em>Kamp Alanlar\u0131\u00a0<\/em><\/strong><\/a>Haritam\u0131z\u0131 da kullanabilirsiniz.<\/p>\n\n\n\n<p>\u0130\u011fneada&#8217;da unuttu\u011fumuz veya bilmedi\u011fimiz&nbsp;\u00c7ad\u0131r ve Karavan Kamp alan\u0131&nbsp;var ise l\u00fctfen yorumlar k\u0131sm\u0131ndan bizlerle payla\u015f\u0131n.K\u0131rklareli \u0130\u011fneada haricinde Kamp Alan\u0131, Bungalov veya Da\u011f evi ar\u0131yorsan\u0131z ,&nbsp;<a href=\"https:\/\/geziyoo.co\/?select=Karavan+Kamp%C4%B1&amp;lp_s_loc=&amp;lp_s_tag=&amp;lp_s_cat=229&amp;s=home&amp;post_type=listing\"><em><strong>500\u2019den fazla Kamp ve Karavan Yeri<\/strong><\/em><\/a>&nbsp;sayfam\u0131za bakman\u0131z\u0131 tavsiye diyoruz.<\/p>\n\n\n\n<p>Fazla uzatmadan <strong>\u0130\u011fneada<\/strong> <strong>Kamp Alanlar\u0131 ve Karavan Alanlar\u0131<\/strong> listemize ge\u00e7elim.Bu arada sizlerde listede olmayan kamp alanlar\u0131 var ise l\u00fctfen yorumlar k\u0131sm\u0131ndan bizlerle payla\u015fs\u0131n.<\/p>\n\n\n\n<hr class=\"wp-block-separator has-css-opacity is-style-wide\"\/>\n\n\n\n<h2 class=\"wp-block-heading\">1.Bay Edi \u00c7ad\u0131r Kamp\u0131<\/h2>\n\n\n\n<figure class=\"wp-block-image size-full\"><img decoding=\"async\" width=\"800\" height=\"450\" data-src=\"https:\/\/geziyoo.co\/blog\/wp-content\/uploads\/2024\/02\/Bay-Edi-Cadir-Kampi-2.jpg\" alt=\"\" class=\"wp-image-16002 lazyload\" data-srcset=\"http:\/\/geziyoo.co\/blog\/wp-content\/uploads\/2024\/02\/Bay-Edi-Cadir-Kampi-2.jpg 800w, http:\/\/geziyoo.co\/blog\/wp-content\/uploads\/2024\/02\/Bay-Edi-Cadir-Kampi-2-300x169.jpg 300w, http:\/\/geziyoo.co\/blog\/wp-content\/uploads\/2024\/02\/Bay-Edi-Cadir-Kampi-2-768x432.jpg 768w, http:\/\/geziyoo.co\/blog\/wp-content\/uploads\/2024\/02\/Bay-Edi-Cadir-Kampi-2-390x220.jpg 390w, http:\/\/geziyoo.co\/blog\/wp-content\/uploads\/2024\/02\/Bay-Edi-Cadir-Kampi-2-150x84.jpg 150w\" data-sizes=\"(max-width: 800px) 100vw, 800px\" src=\"data:image\/gif;base64,R0lGODlhAQABAAAAACH5BAEKAAEALAAAAAABAAEAAAICTAEAOw==\" style=\"--smush-placeholder-width: 800px; --smush-placeholder-aspect-ratio: 800\/450;\" \/><\/figure>\n\n\n\n<p><strong>\u0130\u011fneada Kamp Alanlar\u0131, Karavan Alanlar\u0131 <\/strong>i\u00e7eri\u011fimiz de ilk s\u0131rada Bay Edi \u00c7ad\u0131r Kamp\u0131 Alan\u0131<strong>&nbsp;<\/strong>bulunmakta.<\/p>\n\n\n\n<p>Bay Edi Kamp Alan\u0131, T\u00fcrkiye&#8217;nin do\u011fa turizmi rotalar\u0131na yeni ve cazip bir se\u00e7enek olarak ekleniyor. K\u0131rklareli&#8217;nin kendine has do\u011fal g\u00fczellikleri ve s\u0131cakkanl\u0131 insanlar\u0131, bu b\u00f6lgeyi \u00f6zellikle do\u011fa severler i\u00e7in vazge\u00e7ilmez bir destinasyon haline getiriyor. \u015eehir hayat\u0131n\u0131n g\u00fcr\u00fclt\u00fcs\u00fcnden uzakla\u015fmak isteyenler i\u00e7in otellerin yan\u0131 s\u0131ra, kamping tesisleri, bungalovlar ve \u00fccretsiz do\u011fal kamp alanlar\u0131 gibi alternatifler sunuluyor. Bu durum, geleneksel otel tatilinin \u00f6tesine ge\u00e7mek isteyen ziyaret\u00e7iler i\u00e7in ideal bir f\u0131rsat sunuyor.<\/p>\n\n\n\n<p>Bay Edi, K\u0131rklareli&#8217;nin Demirk\u00f6y il\u00e7esine ba\u011fl\u0131 Limank\u00f6y mevkiinde konumlanm\u0131\u015f durumda. \u0130\u011fneada yolunda yer alan bu i\u015fletme, hem ailelere hem de arkada\u015f gruplar\u0131na hitap ediyor. Kamp alan\u0131n\u0131n sundu\u011fu olanaklar aras\u0131nda y\u00fcr\u00fcy\u00fc\u015f parkuru, tuvalet, market, otopark, restoran, kafe, elektrik, \u00e7ad\u0131r kamp alan\u0131, buzdolab\u0131, karavan kamp alan\u0131, du\u015f, mutfak ve s\u0131cak su gibi imkanlar bulunuyor. Bu tesis, kamp yapmay\u0131 sevenler i\u00e7in kapsaml\u0131 bir deneyim sunarken, \u00e7ad\u0131r\u0131 olmayan do\u011fa severler i\u00e7in de \u00e7ad\u0131r kiralama hizmeti sa\u011fl\u0131yor.<\/p>\n\n\n\n<p>Do\u011fayla i\u00e7 i\u00e7e bir tatil aray\u0131\u015f\u0131nda olanlar i\u00e7in Bay Edi Kamp Alan\u0131, hem do\u011fal g\u00fczellikleri hem de sundu\u011fu imkanlarla \u00f6ne \u00e7\u0131k\u0131yor. Bu alan, do\u011fada dinlenmek ve do\u011fayla yak\u0131n bir ba\u011f kurmak isteyen ziyaret\u00e7ilere hitap eden, T\u00fcrkiye&#8217;nin do\u011fa turizminde parlayan bir y\u0131ld\u0131z olarak dikkat \u00e7ekiyor. \u0130ster \u00e7ad\u0131r\u0131n\u0131zla ister karavan\u0131n\u0131zla gelin, Bay Edi, kamp\u00e7\u0131lara unutulmaz anlar ve huzurlu bir ka\u00e7\u0131\u015f sunuyor.<\/p>\n\n\n\n<hr class=\"wp-block-separator has-alpha-channel-opacity is-style-wide\"\/>\n\n\n\n<ul class=\"wp-block-list\">\n<li><strong>Bay Edi \u00c7ad\u0131r Kamp\u0131<\/strong> <strong>Adres<\/strong>&nbsp;:&nbsp;&nbsp;Deniz, \u0130\u011fneada Yolu no 31, 39500 Limank\u00f6y\/Demirk\u00f6y\/K\u0131rklareli <strong><em><a href=\"https:\/\/www.google.com\/maps?daddr=41.881963137097976,27.990905677001276\">Konum Bilgisi<\/a><\/em><\/strong><\/li>\n\n\n\n<li><strong>Bay Edi \u00c7ad\u0131r Kamp\u0131 Detayl\u0131 Bilgi :<\/strong>&nbsp;Bu kamp alan\u0131 ile ilgili detayl\u0131 bilgilere <strong><em><a href=\"https:\/\/geziyoo.co\/listing\/bay-edi-cadir-kampi\/\">Bay Edi \u00c7ad\u0131r Kamp\u0131<\/a><\/em><\/strong> sayfam\u0131zdan eri\u015febilirsiniz.<\/li>\n<\/ul>\n\n\n\n<hr class=\"wp-block-separator has-css-opacity is-style-wide\"\/>\n\n\n\n<h2 class=\"wp-block-heading\">2.Enver Kara Mesire Alan\u0131 Ve Kamp Alan\u0131<\/h2>\n\n\n\n<figure class=\"wp-block-image size-full\"><img decoding=\"async\" width=\"1200\" height=\"800\" data-src=\"https:\/\/geziyoo.co\/blog\/wp-content\/uploads\/2024\/02\/enver-kara-scaled.jpg\" alt=\"\" class=\"wp-image-16003 lazyload\" data-srcset=\"http:\/\/geziyoo.co\/blog\/wp-content\/uploads\/2024\/02\/enver-kara-scaled.jpg 1200w, http:\/\/geziyoo.co\/blog\/wp-content\/uploads\/2024\/02\/enver-kara-300x200.jpg 300w, http:\/\/geziyoo.co\/blog\/wp-content\/uploads\/2024\/02\/enver-kara-1024x683.jpg 1024w, http:\/\/geziyoo.co\/blog\/wp-content\/uploads\/2024\/02\/enver-kara-768x512.jpg 768w, http:\/\/geziyoo.co\/blog\/wp-content\/uploads\/2024\/02\/enver-kara-1536x1024.jpg 1536w, http:\/\/geziyoo.co\/blog\/wp-content\/uploads\/2024\/02\/enver-kara-2048x1366.jpg 2048w, http:\/\/geziyoo.co\/blog\/wp-content\/uploads\/2024\/02\/enver-kara-150x100.jpg 150w\" data-sizes=\"(max-width: 1200px) 100vw, 1200px\" src=\"data:image\/gif;base64,R0lGODlhAQABAAAAACH5BAEKAAEALAAAAAABAAEAAAICTAEAOw==\" style=\"--smush-placeholder-width: 1200px; --smush-placeholder-aspect-ratio: 1200\/800;\" \/><\/figure>\n\n\n\n<p>K\u0131rklareli&#8217;nin Vize il\u00e7esine ba\u011fl\u0131, Karadeniz&#8217;in huzurlu sular\u0131na kom\u015fu olan K\u0131y\u0131k\u00f6y, Mehmet Gen\u00e7 Piknik ve Kamp Alan\u0131 ile do\u011faseverleri kucaklamaya haz\u0131r. Bu \u00f6zel yer, sadece 80 km uzakl\u0131kta bulunan \u015fehir merkezinden, \u00f6zel ara\u00e7lar veya K\u0131y\u0131k\u00f6y servisleri kullan\u0131larak kolayca ula\u015f\u0131labilir bir konumda yer al\u0131yor.<\/p>\n\n\n\n<p>Dere kenar\u0131nda konumlanm\u0131\u015f olan bu e\u015fsiz tesis, ye\u015filin ve mavinin e\u015fsiz uyumunu ziyaret\u00e7ilerine sunuyor. Adeta k\u00fc\u00e7\u00fck bir cennet gibi hissettiren bu alanda, el de\u011fmemi\u015f do\u011fa ve ferah bir ortam bulunuyor. Hem k\u0131sa s\u00fcreli piknikler hem de uzun soluklu kamp deneyimleri i\u00e7in ideal bir mekan olan Mehmet Gen\u00e7 Mesire ve Kamp Alan\u0131, yerel halk taraf\u0131ndan da s\u0131k\u00e7a tercih ediliyor.<\/p>\n\n\n\n<p>\u00dccretli olarak i\u015fletilen bu mesire alan\u0131, \u00e7evresindeki do\u011fal g\u00fczelliklerle b\u00fct\u00fcnle\u015ferek kamp yapmak i\u00e7in m\u00fckemmel se\u00e7enekler sunuyor. \u00d6zellikle yaz s\u0131caklar\u0131ndan ka\u00e7mak ve \u015fehrin yo\u011funlu\u011fundan uzakla\u015fmak isteyenler i\u00e7in birebir olan bu b\u00f6lge, e\u015fsiz manzaralar e\u015fli\u011finde huzurlu vakitler ge\u00e7irme f\u0131rsat\u0131 sa\u011fl\u0131yor.<\/p>\n\n\n\n<p>Kamp alan\u0131nda, ziyaret\u00e7ilerin t\u00fcm ihtiya\u00e7lar\u0131 d\u00fc\u015f\u00fcn\u00fclm\u00fc\u015f durumda. Temel ihtiya\u00e7lar\u0131n kar\u015f\u0131land\u0131\u011f\u0131 bu alanda tuvaletler, restoran, Wi-Fi eri\u015fimi ve s\u0131cak su gibi olanaklar mevcut. Ayr\u0131ca, elektrik, yiyecek ve i\u00e7ecek ihtiya\u00e7lar\u0131 da kolayl\u0131kla kar\u015f\u0131lanabiliyor. Do\u011faseverler i\u00e7in bu e\u015fsiz lokasyon, do\u011fayla i\u00e7 i\u00e7e, rahat ve keyifli bir deneyim sunuyor.<\/p>\n\n\n\n<hr class=\"wp-block-separator has-alpha-channel-opacity is-style-wide\"\/>\n\n\n\n<ul class=\"wp-block-list\">\n<li><strong>Enver Kara Mesire Alan\u0131 Ve Kamp Alan\u0131<\/strong> <strong>Adres<\/strong>&nbsp;:&nbsp;G\u00fcven Mah. Ba\u011flar Mevkii 172\/1 F\u00fcme Evler SK, 39400 K\u0131y\u0131k\u00f6y\/Vize\/K\u0131rklareli&nbsp;<a href=\"https:\/\/www.google.com\/maps?daddr=41.636227044701705,28.087187023915543\" target=\"_blank\" rel=\"noreferrer noopener\"><strong><em>Konum Bilgisi<\/em><\/strong><\/a><\/li>\n\n\n\n<li><strong><strong>Enver Kara Mesire Alan\u0131 Ve Kamp Alan\u0131<\/strong> :<\/strong>0533 268 68 66<\/li>\n\n\n\n<li><strong>Enver Kara Mesire Alan\u0131 Ve Kamp Alan\u0131 Detayl\u0131 Bilgi :<\/strong>&nbsp;Bu kamp alan\u0131 ile ilgili detayl\u0131 bilgilere <strong><em><a href=\"https:\/\/geziyoo.co\/listing\/enver-kara-mesire-alani-ve-kamp-alani\/\">Enver Kara Mesire Alan\u0131<\/a><\/em><\/strong> sayfam\u0131zdan eri\u015febilirsiniz.<\/li>\n<\/ul>\n\n\n\n<hr class=\"wp-block-separator has-alpha-channel-opacity is-style-wide\"\/>\n\n\n\n<h2 class=\"wp-block-heading\">3.Limank\u00f6y Bak\u0131rdere Kanyonu Kamp Alan\u0131<\/h2>\n\n\n\n<figure class=\"wp-block-image size-full\"><img decoding=\"async\" width=\"660\" height=\"800\" data-src=\"https:\/\/geziyoo.co\/blog\/wp-content\/uploads\/2024\/02\/Limankoy-Bakirdere-Kanyonu-Kamp-Alani-3.jpg\" alt=\"\" class=\"wp-image-16004 lazyload\" data-srcset=\"http:\/\/geziyoo.co\/blog\/wp-content\/uploads\/2024\/02\/Limankoy-Bakirdere-Kanyonu-Kamp-Alani-3.jpg 660w, http:\/\/geziyoo.co\/blog\/wp-content\/uploads\/2024\/02\/Limankoy-Bakirdere-Kanyonu-Kamp-Alani-3-247x300.jpg 247w, http:\/\/geziyoo.co\/blog\/wp-content\/uploads\/2024\/02\/Limankoy-Bakirdere-Kanyonu-Kamp-Alani-3-768x931.jpg 768w, http:\/\/geziyoo.co\/blog\/wp-content\/uploads\/2024\/02\/Limankoy-Bakirdere-Kanyonu-Kamp-Alani-3-150x182.jpg 150w\" data-sizes=\"(max-width: 660px) 100vw, 660px\" src=\"data:image\/gif;base64,R0lGODlhAQABAAAAACH5BAEKAAEALAAAAAABAAEAAAICTAEAOw==\" style=\"--smush-placeholder-width: 660px; --smush-placeholder-aspect-ratio: 660\/800;\" \/><\/figure>\n\n\n\n<p>Bu benzersiz kamp alan\u0131na ula\u015f\u0131m, bir macera ba\u015flang\u0131c\u0131d\u0131r. E\u011fer 4\u00d74 bir arac\u0131n\u0131z yoksa, kamp yerine ula\u015fmak i\u00e7in 3 km\u2019lik bir y\u00fcr\u00fcy\u00fc\u015f yolunu kat etmeniz gerekiyor.<\/p>\n\n\n\n<p>Yolculu\u011funuz, k\u00f6y\u00fcn giri\u015findeki tabelalardan sa\u011fa saparak ba\u015fl\u0131yor. 300 metre sonra, futbol sahas\u0131n\u0131 ge\u00e7tikten sonra tekrar sa\u011fa d\u00f6n\u00fcp denize do\u011fru ilerleyerek bu gizli kampa ula\u015facaks\u0131n\u0131z. Bu y\u00fcr\u00fcy\u00fc\u015f rotas\u0131, do\u011fa ile i\u00e7 i\u00e7e ge\u00e7irece\u011finiz zaman\u0131n sadece bir ba\u015flang\u0131c\u0131.<\/p>\n\n\n\n<p>Kamp alan\u0131, sahile y\u00fcr\u00fcme mesafesinde konumlanm\u0131\u015f durumda. Buras\u0131, masmavi deniz ile ye\u015filin her tonunu bar\u0131nd\u0131ran orman\u0131n m\u00fcthi\u015f birle\u015fimiyle adeta bir cenneti and\u0131r\u0131yor. Sahilin hemen yan\u0131 ba\u015f\u0131nda olmas\u0131, kamp\u00e7\u0131lar i\u00e7in ekstra bir avantaj sunuyor.<\/p>\n\n\n\n<p>Bu \u00f6zel kamp yerinde, \u00e7ad\u0131r\u0131n\u0131z\u0131 kurabilece\u011finiz alanlar bulunuyor. Ancak, WC, elektrik, \u00e7e\u015fme ve du\u015f gibi modern imkanlar mevcut de\u011fil. Bu, do\u011fayla ba\u015f ba\u015fa kalman\u0131n ve ger\u00e7ek bir kamp deneyiminin bir par\u00e7as\u0131. Ayr\u0131ca, alanda ate\u015f yak\u0131lmas\u0131na izin veriliyor, bu da ak\u015famlar\u0131 etraf\u0131n\u0131zda toplan\u0131p s\u0131cak bir ortam yaratman\u0131z\u0131 sa\u011flayacak.<\/p>\n\n\n\n<hr class=\"wp-block-separator has-alpha-channel-opacity is-style-wide\"\/>\n\n\n\n<ul class=\"wp-block-list\">\n<li><strong>Limank\u00f6y Bak\u0131rdere Kanyonu Adres<\/strong>&nbsp;:&nbsp;&nbsp;39400 K\u0131y\u0131k\u00f6y\/Vize\/K\u0131rklareli&nbsp;<strong><em><a href=\"https:\/\/www.google.com\/maps?daddr=41.884462559152375,%2028.05166331877261\">Konum Bilgisi<\/a><\/em><\/strong><\/li>\n\n\n\n<li><strong>Limank\u00f6y Bak\u0131rdere Kanyonu Detayl\u0131 Bilgi :<\/strong>&nbsp;Bu kamp alan\u0131 ile ilgili detayl\u0131 bilgilere<strong> <em><a href=\"https:\/\/geziyoo.co\/listing\/limankoy-bakirdere-kanyonu-kamp-alani\/\">Limank\u00f6y Bak\u0131rdere Kanyonu<\/a><\/em><\/strong> sayfam\u0131zdan eri\u015febilirsiniz.<\/li>\n<\/ul>\n\n\n\n<hr class=\"wp-block-separator has-alpha-channel-opacity is-style-wide\"\/>\n\n\n\n<h2 class=\"wp-block-heading\">4.\u00c2\u015f\u0131klar Plaj\u0131 Kamp Alan\u0131<\/h2>\n\n\n\n<figure class=\"wp-block-image size-full\"><img decoding=\"async\" width=\"800\" height=\"600\" data-src=\"https:\/\/geziyoo.co\/blog\/wp-content\/uploads\/2024\/01\/Asiklar-Plaji-Kamp-Alani-2.jpg\" alt=\"\" class=\"wp-image-16019 lazyload\" data-srcset=\"http:\/\/geziyoo.co\/blog\/wp-content\/uploads\/2024\/01\/Asiklar-Plaji-Kamp-Alani-2.jpg 800w, http:\/\/geziyoo.co\/blog\/wp-content\/uploads\/2024\/01\/Asiklar-Plaji-Kamp-Alani-2-300x225.jpg 300w, http:\/\/geziyoo.co\/blog\/wp-content\/uploads\/2024\/01\/Asiklar-Plaji-Kamp-Alani-2-768x576.jpg 768w, http:\/\/geziyoo.co\/blog\/wp-content\/uploads\/2024\/01\/Asiklar-Plaji-Kamp-Alani-2-150x113.jpg 150w\" data-sizes=\"(max-width: 800px) 100vw, 800px\" src=\"data:image\/gif;base64,R0lGODlhAQABAAAAACH5BAEKAAEALAAAAAABAAEAAAICTAEAOw==\" style=\"--smush-placeholder-width: 800px; --smush-placeholder-aspect-ratio: 800\/600;\" \/><\/figure>\n\n\n\n<p>\u0130stanbul&#8217;dan uzakla\u015fmak istemeyen ancak do\u011fa ile i\u00e7 i\u00e7e bir hafta sonu ka\u00e7ama\u011f\u0131 arayanlar i\u00e7in bu b\u00f6lge, ideal bir se\u00e7enek sunuyor. Hem sessizli\u011fi hem de do\u011fal g\u00fczellikleriyle dikkat \u00e7eken bu yer, kamp tutkunlar\u0131 i\u00e7in nadide bir destinasyon olarak \u00f6ne \u00e7\u0131k\u0131yor. Denizin mavisinin ve do\u011fan\u0131n ye\u015filinin huzur verici birle\u015fimi, ziyaret\u00e7ilere unutulmaz bir deneyim vaat ediyor.<\/p>\n\n\n\n<p>B\u00f6lgedeki deniz ve kumun g\u00fczelli\u011fi \u00f6zellikle dikkat \u00e7ekiyor. Berrak sular sayesinde denizin dibini g\u00f6rmek m\u00fcmk\u00fcn, bu da denizseverler i\u00e7in b\u00fcy\u00fcleyici bir detay. Kamp i\u00e7in uygun d\u00fczl\u00fck alanlar mevcut, b\u00f6ylece \u00e7ad\u0131r\u0131n\u0131z\u0131 rahat\u00e7a kurabilirsiniz. Ancak, burada dikkat edilmesi gereken bir nokta var: Kamp alan\u0131nda herhangi bir tesis bulunmuyor. Bu nedenle yiyecek ve i\u00e7ecek ihtiya\u00e7lar\u0131n\u0131z\u0131 kamp alan\u0131na varmadan \u00f6nce haz\u0131rlaman\u0131z gerekiyor.<\/p>\n\n\n\n<p>Plaja ula\u015f\u0131m olduk\u00e7a kolay. \u0130\u011fneada Liman\u0131&#8217;na vard\u0131ktan sonra, y\u00f6n tabelalar\u0131n\u0131 takip ederek plaja kolayl\u0131kla ula\u015fabilirsiniz. Sahil kenar\u0131nda konumlanan bu kamp alan\u0131, \u00e7ad\u0131r konaklama yerleri, y\u00fcr\u00fcy\u00fc\u015f parkurlar\u0131 ve denize girilebilir alanlar sunuyor. Ayr\u0131ca WC, \u015femsiye ve \u015fezlong gibi temel ihtiya\u00e7lar i\u00e7in de imkanlar mevcut. Ancak elektrik ve soyunma kabininin olmamas\u0131, do\u011fa ile ba\u015f ba\u015fa bir deneyim arayanlar i\u00e7in ideal olabilir. Yiyecek ve i\u00e7ecek ihtiya\u00e7lar\u0131n\u0131z\u0131 ise, plaja yak\u0131n i\u015fletmelerden temin edebilirsiniz.<\/p>\n\n\n\n<hr class=\"wp-block-separator has-alpha-channel-opacity is-style-wide\"\/>\n\n\n\n<ul class=\"wp-block-list\">\n<li><strong>\u00c2\u015f\u0131klar Plaj\u0131 Kamp Alan\u0131<\/strong> <strong>Adres<\/strong>&nbsp;:&nbsp;&nbsp;&nbsp;39500 Limank\u00f6y\/Demirk\u00f6y\/K\u0131rklareli&nbsp;<strong><em>Konum Bilgisi<\/em><\/strong><\/li>\n\n\n\n<li><strong>\u00c2\u015f\u0131klar Plaj\u0131 Kamp Alan\u0131 Detayl\u0131 Bilgi :<\/strong>&nbsp;Bu kamp alan\u0131 ile ilgili detayl\u0131 bilgilere <strong><em><a href=\"https:\/\/geziyoo.co\/listing\/asiklar-plaji-kamp-alani\/\">\u00c2\u015f\u0131klar Plaj\u0131 Kamp Alan\u0131<\/a><\/em><\/strong> sayfam\u0131zdan eri\u015febilirsiniz.<\/li>\n<\/ul>\n\n\n\n<hr class=\"wp-block-separator has-alpha-channel-opacity is-style-wide\"\/>\n\n\n\n<h2 class=\"wp-block-heading\">5.Mert G\u00f6l\u00fc Kamp Alan\u0131<\/h2>\n\n\n\n<figure class=\"wp-block-image size-full\"><img decoding=\"async\" width=\"800\" height=\"533\" data-src=\"https:\/\/geziyoo.co\/blog\/wp-content\/uploads\/2024\/02\/Mert-Golu-Kamp-Alani-3.jpg\" alt=\"\" class=\"wp-image-16006 lazyload\" data-srcset=\"http:\/\/geziyoo.co\/blog\/wp-content\/uploads\/2024\/02\/Mert-Golu-Kamp-Alani-3.jpg 800w, http:\/\/geziyoo.co\/blog\/wp-content\/uploads\/2024\/02\/Mert-Golu-Kamp-Alani-3-300x200.jpg 300w, http:\/\/geziyoo.co\/blog\/wp-content\/uploads\/2024\/02\/Mert-Golu-Kamp-Alani-3-768x512.jpg 768w, http:\/\/geziyoo.co\/blog\/wp-content\/uploads\/2024\/02\/Mert-Golu-Kamp-Alani-3-150x100.jpg 150w\" data-sizes=\"(max-width: 800px) 100vw, 800px\" src=\"data:image\/gif;base64,R0lGODlhAQABAAAAACH5BAEKAAEALAAAAAABAAEAAAICTAEAOw==\" style=\"--smush-placeholder-width: 800px; --smush-placeholder-aspect-ratio: 800\/533;\" \/><\/figure>\n\n\n\n<p>\u0130\u011fneada Longoz Ormanlar\u0131 Milli Park\u0131, T\u00fcrkiye&#8217;nin do\u011fa harikalar\u0131ndan biri olarak kabul edilen, Trakya b\u00f6lgesinde yer alan bir do\u011fa cennetidir. Bu park i\u00e7erisinde \u00f6zel bir yer ise Mert G\u00f6l\u00fc&#8217;d\u00fcr. Mert G\u00f6l\u00fc, \u00f6zellikle do\u011fa tutkunlar\u0131 ve kamp severler i\u00e7in vazge\u00e7ilmez bir durak noktas\u0131d\u0131r. Sazl\u0131k ve sulak bir alan olmas\u0131n\u0131n yan\u0131 s\u0131ra, g\u00f6l\u00fcn kurak ve sulak olmayan k\u0131y\u0131lar\u0131, \u00e7ad\u0131r kamp\u0131 yapmak i\u00e7in ideal ko\u015fullar\u0131 sunmaktad\u0131r.<\/p>\n\n\n\n<p>Mert G\u00f6l\u00fc, kano ve k\u00fcrek \u00e7ekme gibi su sporlar\u0131 i\u00e7in de m\u00fckemmel bir ortam sa\u011flar. G\u00f6l\u00fcn sakin sular\u0131nda kano yaparken, \u00e7evresindeki zengin bitki \u00f6rt\u00fcs\u00fc ve yaban hayat\u0131 ile i\u00e7 i\u00e7e olacaks\u0131n\u0131z. Bu e\u015fsiz deneyim, do\u011fa ile b\u00fct\u00fcnle\u015fmek isteyenler i\u00e7in ka\u00e7\u0131r\u0131lmamas\u0131 gereken bir f\u0131rsatt\u0131r.<\/p>\n\n\n\n<p>Kamp alan\u0131nda temel altyap\u0131 hizmetleri s\u0131n\u0131rl\u0131d\u0131r. Elektrik, du\u015f ve tuvalet imkanlar\u0131 bulunmad\u0131\u011f\u0131 i\u00e7in, ziyaret\u00e7ilerin bu ihtiya\u00e7lar\u0131na y\u00f6nelik \u00f6nlemler almas\u0131 \u00f6nemlidir. Bu sebeple, yiyecek ve i\u00e7ecek gibi temel ihtiya\u00e7lar\u0131n\u0131z\u0131 yan\u0131n\u0131zda g\u00f6t\u00fcrmeniz \u00f6nerilir. E\u011fer arac\u0131n\u0131z varsa, Mert G\u00f6l\u00fc\u2019ne yak\u0131n mesafede bulunan tesislerden bu ihtiya\u00e7lar\u0131n\u0131z\u0131 kar\u015f\u0131layabilirsiniz.<\/p>\n\n\n\n<hr class=\"wp-block-separator has-alpha-channel-opacity is-style-wide\"\/>\n\n\n\n<ul class=\"wp-block-list\">\n<li><strong>Mert G\u00f6l\u00fc Kamp Alan\u0131<\/strong> <strong>Adres<\/strong>&nbsp;:&nbsp;&nbsp;&nbsp;Yeni, 39500 \u0130\u011fneada\/Demirk\u00f6y\/K\u0131rklareli&nbsp;<strong><em><a href=\"https:\/\/www.google.com\/maps?daddr=41.86841789971354,27.97916839566008\">Konum Bilgisi<\/a><\/em><\/strong><\/li>\n\n\n\n<li><strong>Mert G\u00f6l\u00fc Kamp Alan\u0131 Detayl\u0131 Bilgi :<\/strong>&nbsp;Bu kamp alan\u0131 ile ilgili detayl\u0131 bilgilere <strong><em><a href=\"https:\/\/geziyoo.co\/listing\/mert-golu-kamp-alani\/\">Mert G\u00f6l\u00fc Kamp Alan\u0131<\/a><\/em><\/strong> sayfam\u0131zdan eri\u015febilirsiniz.<\/li>\n<\/ul>\n\n\n\n<hr class=\"wp-block-separator has-alpha-channel-opacity is-style-wide\"\/>\n\n\n\n<h2 class=\"wp-block-heading\">6.Pedina G\u00f6l\u00fc Kamp Alan\u0131<\/h2>\n\n\n\n<figure class=\"wp-block-image size-full\"><img decoding=\"async\" width=\"800\" height=\"450\" data-src=\"https:\/\/geziyoo.co\/blog\/wp-content\/uploads\/2024\/02\/pedina.jpg\" alt=\"\" class=\"wp-image-16007 lazyload\" data-srcset=\"http:\/\/geziyoo.co\/blog\/wp-content\/uploads\/2024\/02\/pedina.jpg 800w, http:\/\/geziyoo.co\/blog\/wp-content\/uploads\/2024\/02\/pedina-300x169.jpg 300w, http:\/\/geziyoo.co\/blog\/wp-content\/uploads\/2024\/02\/pedina-768x432.jpg 768w, http:\/\/geziyoo.co\/blog\/wp-content\/uploads\/2024\/02\/pedina-390x220.jpg 390w, http:\/\/geziyoo.co\/blog\/wp-content\/uploads\/2024\/02\/pedina-150x84.jpg 150w\" data-sizes=\"(max-width: 800px) 100vw, 800px\" src=\"data:image\/gif;base64,R0lGODlhAQABAAAAACH5BAEKAAEALAAAAAABAAEAAAICTAEAOw==\" style=\"--smush-placeholder-width: 800px; --smush-placeholder-aspect-ratio: 800\/450;\" \/><\/figure>\n\n\n\n<p>Pedina G\u00f6l\u00fc, \u0130\u011fneada Longoz Ormanlar\u0131&#8217;n\u0131n sakin ve do\u011fal g\u00fczelliklerle dolu s\u0131n\u0131rlar\u0131 i\u00e7inde yer al\u0131r. \u015eehir merkezine 100 kilometre, ba\u011fl\u0131 oldu\u011fu il\u00e7eye ise 26 kilometre mesafede bulunan bu g\u00f6l, do\u011fa severler i\u00e7in ke\u015ffedilmeyi bekleyen bir cennettir. L\u00fcleburgaz ve Edirne&#8217;den \u0130\u011fneada&#8217;ya giden otob\u00fcslerle 1-2 saat i\u00e7inde ula\u015f\u0131labilir, bu da onu hafta sonu ka\u00e7amaklar\u0131 i\u00e7in ideal bir destinasyon yapar.<\/p>\n\n\n\n<p>Pedina G\u00f6l\u00fc&#8217;n\u00fcn ge\u00e7mi\u015fte maruz kald\u0131\u011f\u0131 bent y\u0131k\u0131m\u0131, suyunun azalmas\u0131na neden olmu\u015f olsa da, g\u00f6l hen\u00fcz tamamen kurumu\u015f de\u011fil. G\u00f6l\u00fcn kenar\u0131nda, \u00e7ad\u0131r kurabilece\u011finiz d\u00fczl\u00fck alanlar bulunuyor. Do\u011fa ile i\u00e7 i\u00e7e, huzurlu bir kamp deneyimi ya\u015famak isteyenler i\u00e7in bu alanlar idealdir.<\/p>\n\n\n\n<p>Kamp alan\u0131nda temel ihtiya\u00e7lar i\u00e7in minimum d\u00fczeyde altyap\u0131 mevcut. Giri\u015fte bulunan lavabo ve \u00e7e\u015fme, temel su ihtiyac\u0131n\u0131z\u0131 kar\u015f\u0131layabilir, ancak WC, elektrik ve du\u015f gibi olanaklar mevcut de\u011fil. Bu nedenle, ziyaret\u00e7ilerin bu ihtiya\u00e7lar\u0131na y\u00f6nelik \u00f6nlemler almas\u0131 ve yiyecek ile i\u00e7eceklerini kamp alan\u0131na gelmeden \u00f6nce temin etmeleri \u00f6nerilir.<\/p>\n\n\n\n<p>Pedina G\u00f6l\u00fc, sadece \u00e7ad\u0131r kamp\u0131 yapmak i\u00e7in de\u011fil, ayn\u0131 zamanda do\u011fa y\u00fcr\u00fcy\u00fc\u015fleri ve olta bal\u0131k\u00e7\u0131l\u0131\u011f\u0131 i\u00e7in de m\u00fckemmel bir yerdir. Alanda kontroll\u00fc olarak ate\u015f yakma imkan\u0131 da bulunur, bu da ak\u015fam saatlerinde etraf\u0131nda toplan\u0131p, an\u0131lar payla\u015fabilece\u011finiz s\u0131cak bir atmosfer yarat\u0131r.<\/p>\n\n\n\n<hr class=\"wp-block-separator has-alpha-channel-opacity is-style-wide\"\/>\n\n\n\n<ul class=\"wp-block-list\">\n<li><strong>Pedina G\u00f6l\u00fc Kamp Alan\u0131<\/strong> <strong>Adres<\/strong>&nbsp;:&nbsp;Yeni, 39500 \u0130\u011fneada\/Demirk\u00f6y\/K\u0131rklareli <strong><em><a href=\"https:\/\/www.google.com\/maps?daddr=41.833508508463794,27.933355814804727\">Konum Bilgisi<\/a><\/em><\/strong><\/li>\n\n\n\n<li><strong><strong>Pedina<\/strong><\/strong> <strong><strong>G\u00f6l\u00fc<\/strong> Alan\u0131 Detayl\u0131 Bilgi :<\/strong>&nbsp;Bu kamp alan\u0131 ile ilgili detayl\u0131 bilgilere <strong><em><a href=\"https:\/\/geziyoo.co\/listing\/pedina-golu-kamp-alani\/\">Pedina G\u00f6l\u00fc<\/a><\/em><\/strong> sayfam\u0131zdan eri\u015febilirsiniz.<\/li>\n<\/ul>\n\n\n\n<hr class=\"wp-block-separator has-alpha-channel-opacity is-style-wide\"\/>\n\n\n\n<h2 class=\"wp-block-heading\">7.Hamam G\u00f6l\u00fc Kamp Alan\u0131<\/h2>\n\n\n\n<figure class=\"wp-block-image size-full\"><img decoding=\"async\" width=\"800\" height=\"600\" data-src=\"https:\/\/geziyoo.co\/blog\/wp-content\/uploads\/2024\/02\/hamam-golu.jpg\" alt=\"\" class=\"wp-image-16008 lazyload\" data-srcset=\"http:\/\/geziyoo.co\/blog\/wp-content\/uploads\/2024\/02\/hamam-golu.jpg 800w, http:\/\/geziyoo.co\/blog\/wp-content\/uploads\/2024\/02\/hamam-golu-300x225.jpg 300w, http:\/\/geziyoo.co\/blog\/wp-content\/uploads\/2024\/02\/hamam-golu-768x576.jpg 768w, http:\/\/geziyoo.co\/blog\/wp-content\/uploads\/2024\/02\/hamam-golu-150x113.jpg 150w\" data-sizes=\"(max-width: 800px) 100vw, 800px\" src=\"data:image\/gif;base64,R0lGODlhAQABAAAAACH5BAEKAAEALAAAAAABAAEAAAICTAEAOw==\" style=\"--smush-placeholder-width: 800px; --smush-placeholder-aspect-ratio: 800\/600;\" \/><\/figure>\n\n\n\n<p>Hamam G\u00f6l\u00fc, \u0130\u011fneada Longoz Ormanlar\u0131&#8217;n\u0131n b\u00fcy\u00fcl\u00fc d\u00fcnyas\u0131nda sakl\u0131, do\u011fal g\u00fczelliklerle dolu bir cennettir. \u015eehir merkezine ve ba\u011fl\u0131 oldu\u011fu il\u00e7eye e\u015fit mesafede yer alan bu g\u00f6l, L\u00fcleburgaz ve Edirne&#8217;den kalkan otob\u00fcslerle kolayl\u0131kla ula\u015f\u0131labilir. \u0130\u011fneada&#8217;ya var\u0131ld\u0131ktan sonra, Longoz Ormanlar\u0131&#8217;n\u0131n i\u00e7ine do\u011fru yap\u0131lan bir yolculuk, sizi Hamam G\u00f6l\u00fc&#8217;n\u00fcn e\u015fsiz manzaras\u0131na g\u00f6t\u00fcrecektir.<\/p>\n\n\n\n<p>Orman i\u00e7inde y\u00fcr\u00fcy\u00fc\u015f yaparken, kendinizi bu sihirli atmosferin i\u00e7inde kaybedecek ve do\u011fan\u0131n sundu\u011fu muhte\u015fem manzaralarla hayranl\u0131k duyacaks\u0131n\u0131z. Hamam G\u00f6l\u00fc, Longoz Ormanlar\u0131 i\u00e7inde bulunan di\u011fer g\u00f6llere k\u0131yasla, \u00fczerinde a\u00e7an nil\u00fcfer \u00e7i\u00e7ekleriyle dikkat \u00e7eker. Bu g\u00f6rsel \u015f\u00f6len, do\u011faseverler ve foto\u011fraf\u00e7\u0131lar i\u00e7in ka\u00e7\u0131r\u0131lmamas\u0131 gereken bir f\u0131rsatt\u0131r.<\/p>\n\n\n\n<p>G\u00f6l\u00fcn giri\u015finde temel ihtiya\u00e7lar i\u00e7in minimal d\u00fczeyde altyap\u0131 mevcuttur; bir \u00e7e\u015fme ve lavabo bulunur. Ancak, orman\u0131n i\u00e7 k\u0131s\u0131mlar\u0131nda ve g\u00f6le giden yol \u00fczerinde WC, \u00e7e\u015fme veya tesis gibi olanaklar bulunmamaktad\u0131r. Bu nedenle, ziyaret\u00e7ilere kamp alan\u0131na haz\u0131rl\u0131kl\u0131 gelmeleri tavsiye edilir.<\/p>\n\n\n\n<p>Hamam G\u00f6l\u00fc, \u00e7ad\u0131r kamp\u0131 yapmak, do\u011fa y\u00fcr\u00fcy\u00fc\u015fleri ger\u00e7ekle\u015ftirmek ve olta bal\u0131k\u00e7\u0131l\u0131\u011f\u0131 yapmak i\u00e7in m\u00fckemmel bir yerdir. WC, elektrik, \u00e7e\u015fme ve du\u015f gibi imkanlar\u0131n bulunmamas\u0131, do\u011fayla i\u00e7 i\u00e7e, basit ve huzurlu bir kamp deneyimi ya\u015faman\u0131z\u0131 sa\u011flar. Bu nedenle, yiyecek ve i\u00e7ecek ihtiya\u00e7lar\u0131n\u0131z\u0131 kamp alan\u0131na gelmeden \u00f6nce temin etmeniz \u00f6nerilir.<\/p>\n\n\n\n<hr class=\"wp-block-separator has-alpha-channel-opacity is-style-wide\"\/>\n\n\n\n<ul class=\"wp-block-list\">\n<li><strong>Hamam G\u00f6l\u00fc Kamp Alan\u0131<\/strong> <strong>Adres<\/strong>&nbsp;:&nbsp;Yeni, 39500 \u0130\u011fneada\/Demirk\u00f6y\/K\u0131rklareli <strong><em><a href=\"https:\/\/www.google.com\/maps?daddr=41.823867091716835,%2027.964869696547037\">Konum Bilgisi<\/a><\/em><\/strong><\/li>\n\n\n\n<li><strong>Hamam G\u00f6l\u00fc Alan\u0131 Detayl\u0131 Bilgi :<\/strong>&nbsp;Bu kamp alan\u0131 ile ilgili detayl\u0131 bilgilere <strong><em><a href=\"https:\/\/geziyoo.co\/listing\/hamam-golu-kamp-alani\/\">Hamam G\u00f6l\u00fc<\/a><\/em><\/strong> sayfam\u0131zdan eri\u015febilirsiniz.<\/li>\n<\/ul>\n\n\n\n<hr class=\"wp-block-separator has-alpha-channel-opacity is-style-wide\"\/>\n\n\n\n<h2 class=\"wp-block-heading\">8.Saka G\u00f6l\u00fc Kamp Alan\u0131<\/h2>\n\n\n\n<figure class=\"wp-block-image size-full\"><img decoding=\"async\" width=\"800\" height=\"600\" data-src=\"https:\/\/geziyoo.co\/blog\/wp-content\/uploads\/2024\/02\/Saka-Golu-Kamp-Alani-3.jpg\" alt=\"\" class=\"wp-image-16009 lazyload\" data-srcset=\"http:\/\/geziyoo.co\/blog\/wp-content\/uploads\/2024\/02\/Saka-Golu-Kamp-Alani-3.jpg 800w, http:\/\/geziyoo.co\/blog\/wp-content\/uploads\/2024\/02\/Saka-Golu-Kamp-Alani-3-300x225.jpg 300w, http:\/\/geziyoo.co\/blog\/wp-content\/uploads\/2024\/02\/Saka-Golu-Kamp-Alani-3-768x576.jpg 768w, http:\/\/geziyoo.co\/blog\/wp-content\/uploads\/2024\/02\/Saka-Golu-Kamp-Alani-3-150x113.jpg 150w\" data-sizes=\"(max-width: 800px) 100vw, 800px\" src=\"data:image\/gif;base64,R0lGODlhAQABAAAAACH5BAEKAAEALAAAAAABAAEAAAICTAEAOw==\" style=\"--smush-placeholder-width: 800px; --smush-placeholder-aspect-ratio: 800\/600;\" \/><\/figure>\n\n\n\n<p>\u0130\u011fneada Longoz Ormanlar\u0131, T\u00fcrkiye&#8217;nin Trakya b\u00f6lgesinde do\u011fal g\u00fczelliklerle dolu bir aland\u0131r ve bu ormanlar\u0131n i\u00e7indeki Saka G\u00f6l\u00fc, do\u011faseverler i\u00e7in ke\u015ffedilmeyi bekleyen bir cennettir. \u0130l merkezine 100 km, ba\u011fl\u0131 oldu\u011fu il\u00e7eye ise 26 km mesafede bulunan Saka G\u00f6l\u00fc, L\u00fcleburgaz ve Edirne&#8217;den \u0130\u011fneada&#8217;ya kalkan otob\u00fcslerle ula\u015f\u0131labilir. Yakla\u015f\u0131k 1,5 saat s\u00fcren bir yolculuk sonras\u0131nda, Longoz Ormanlar\u0131&#8217;na var\u0131l\u0131r ve buradan y\u00fcr\u00fcyerek kamp alan\u0131na ula\u015f\u0131l\u0131r.<\/p>\n\n\n\n<p>Saka G\u00f6l\u00fc, y\u00fczey alan\u0131 k\u00fc\u00e7\u00fck olmas\u0131na ra\u011fmen, b\u00f6lgede bulunan b\u00fcy\u00fck longozlardan ikincisini olu\u015fturur. Yo\u011fun a\u011fa\u00e7l\u0131k ve ye\u015filliklerle kapl\u0131 bu b\u00f6lge, ziyaret\u00e7ilere adeta bir cennetin kap\u0131lar\u0131n\u0131 aralar. Ancak, a\u011fa\u00e7lar\u0131n yo\u011funlu\u011fu nedeniyle y\u00f6n bulmak zor olabilir, bu y\u00fczden dikkatli olmak ve bir harita kullanmak iyi bir fikir olacakt\u0131r.<\/p>\n\n\n\n<p>Saka G\u00f6l\u00fc&#8217;n\u00fcn kamp alan\u0131nda, kamp s\u00fcreniz boyunca faydalanabilece\u011finiz herhangi bir tesis bulunmamaktad\u0131r. Sadece k\u00fc\u00e7\u00fck bir \u00e7e\u015fme ve lavabo mevcuttur. Bu nedenle, ziyaret\u00e7ilere kamp alan\u0131na gelmeden \u00f6nce yiyecek ve i\u00e7ecek ihtiya\u00e7lar\u0131n\u0131 temin etmeleri \u00f6nerilir. WC, elektrik, \u00e7e\u015fme ve du\u015f gibi imkanlar bulunmad\u0131\u011f\u0131 i\u00e7in, do\u011fayla i\u00e7 i\u00e7e, basit ve huzurlu bir kamp deneyimi ya\u015fayabilirsiniz.<\/p>\n\n\n\n<hr class=\"wp-block-separator has-alpha-channel-opacity is-style-wide\"\/>\n\n\n\n<ul class=\"wp-block-list\">\n<li><strong>Saka G\u00f6l\u00fc Kamp Alan\u0131<\/strong> <strong>Adres<\/strong>&nbsp;:&nbsp;&nbsp;Yeni, 39502 \u0130\u011fneada\/Demirk\u00f6y\/K\u0131rklareli <strong><em><a href=\"https:\/\/www.google.com\/maps?daddr=41.79965018142575,27.987977371162316\">Konum Bilgisi<\/a><\/em><\/strong><\/li>\n\n\n\n<li><strong>Saka G\u00f6l\u00fc Alan\u0131 Detayl\u0131 Bilgi :<\/strong>&nbsp;Bu kamp alan\u0131 ile ilgili detayl\u0131 bilgilere <strong><em><a href=\"https:\/\/geziyoo.co\/listing\/saka-golu-kamp-alani\/\">Saka G\u00f6l\u00fc<\/a><\/em><\/strong> sayfam\u0131zdan eri\u015febilirsiniz.<\/li>\n<\/ul>\n\n\n\n<hr class=\"wp-block-separator has-alpha-channel-opacity is-style-wide\"\/>\n\n\n\n<p><strong>\u0130\u011fneada&#8217;da kamp yapabilece\u011finiz yerlerin<\/strong>&nbsp;tamam\u0131na yak\u0131n\u0131 sizlerle payla\u015ft\u0131k.Belki kuytuda k\u00f6\u015fede bir ka\u00e7 tane daha vard\u0131r.K\u0131rklarelin&#8217;de kamp yap\u0131lan ba\u015fka yerler var ise l\u00fctfen yorumlar k\u0131sm\u0131ndan bizlerle payla\u015fs\u0131n.Bizlerden \u015fimdilik bu kadar g\u00fczel bir kamp ge\u00e7irmeniz dile\u011fiyle ho\u015f\u00e7akal\u0131n\u2026<\/p>\n\n\n\n<hr class=\"wp-block-separator has-css-opacity is-style-wide\"\/>\n\n\n\n<h3 class=\"wp-block-heading\">Bunlar\u0131 da Sevebilirsiniz;<\/h3>\n\n\n<ul class=\"wp-block-latest-posts__list wp-block-latest-posts\"><li><a class=\"wp-block-latest-posts__post-title\" href=\"http:\/\/geziyoo.co\/blog\/batman-kamp-alanlari\/\">Batman ve \u00c7evresi Do\u011fa \u0130\u00e7inde 4 Kamp Noktas\u0131 (Konum ve \u0130pu\u00e7lar\u0131)<\/a><\/li>\n<li><a class=\"wp-block-latest-posts__post-title\" href=\"http:\/\/geziyoo.co\/blog\/ayder-yaylasi-kamp-alanlari-ve-karavan-alanlari\/\">Ayder Yaylas\u0131 ve \u00c7evresi 2 Kamp Noktas\u0131 (Konum ve \u0130pu\u00e7lar\u0131)<\/a><\/li>\n<li><a class=\"wp-block-latest-posts__post-title\" href=\"http:\/\/geziyoo.co\/blog\/ardesen-kamp-alanlari-ve-karavan-alanlari\/\">Arde\u015fen ve F\u0131rt\u0131na Vadisi Giri\u015fi 5 Kamp Noktas\u0131 (Konum ve \u0130pu\u00e7lar\u0131)<\/a><\/li>\n<\/ul>\n\n\n<p><\/p>\n","protected":false},"excerpt":{"rendered":"<p>\u0130\u011fneada, K\u0131rklareli&#8217;nin Demirk\u00f6y il\u00e7esine ba\u011fl\u0131, denizi, g\u00f6lleri ve ormanlar\u0131yla tam bir ekosistem laboratuvar\u0131d\u0131r. B\u00f6lgeyi \u00f6zel k\u0131lan &#8220;Longoz Ormanlar\u0131&#8221;, k\u0131\u015f\u0131n sular alt\u0131nda kalan a\u011fa\u00e7 k\u00f6kleriyle fantastik bir g\u00f6r\u00fcnt\u00fc olu\u015fturur. Kamp\u00e7\u0131lar i\u00e7in buras\u0131 iki farkl\u0131 deneyim sunar: Ya Mert G\u00f6l\u00fc k\u0131y\u0131s\u0131nda veya orman derinliklerinde tam bir &#8220;Survivor&#8221; hayat\u0131 ya da b\u00f6lgenin me\u015fhur Glamping tesislerinde &#8220;Do\u011fa i\u00e7inde otel &hellip;<\/p>\n","protected":false},"author":1,"featured_media":15769,"comment_status":"open","ping_status":"closed","sticky":false,"template":"","format":"standard","meta":{"footnotes":""},"categories":[589,23],"tags":[],"class_list":["post-15768","post","type-post","status-publish","format-standard","has-post-thumbnail","hentry","category-kamp1","category-kamp-kamp-alanlari"],"yoast_head":"<!-- This site is optimized with the Yoast SEO plugin v26.9 - https:\/\/yoast.com\/product\/yoast-seo-wordpress\/ -->\n<title>\u0130\u011fneada\u2019da En \u0130yi 8 Kamp Alan\u0131: Longoz, Mert G\u00f6l\u00fc ve Be\u011fendik | Geziyoo<\/title>\n<meta name=\"description\" content=\"K\u0131rklareli \u0130\u011fneada Longoz Ormanlar\u0131, kano cenneti Mert G\u00f6l\u00fc, s\u0131n\u0131r k\u00f6y\u00fc Be\u011fendik ve l\u00fcks Longosphere dahil \u00fccretli ve \u00fccretsiz 8 kamp alan\u0131n\u0131 listeledik. Konumlar Geziyoo&#039;da.\" \/>\n<meta name=\"robots\" content=\"index, follow, max-snippet:-1, max-image-preview:large, max-video-preview:-1\" \/>\n<link rel=\"canonical\" href=\"https:\/\/geziyoo.co\/blog\/igneada-kamp-alanlari-ve-karavan-alanlari\/\" \/>\n<meta property=\"og:locale\" content=\"tr_TR\" \/>\n<meta property=\"og:type\" content=\"article\" \/>\n<meta property=\"og:title\" content=\"\u0130\u011fneada\u2019da En \u0130yi 8 Kamp Alan\u0131: Longoz, Mert G\u00f6l\u00fc ve Be\u011fendik | Geziyoo\" \/>\n<meta property=\"og:description\" content=\"K\u0131rklareli \u0130\u011fneada Longoz Ormanlar\u0131, kano cenneti Mert G\u00f6l\u00fc, s\u0131n\u0131r k\u00f6y\u00fc Be\u011fendik ve l\u00fcks Longosphere dahil \u00fccretli ve \u00fccretsiz 8 kamp alan\u0131n\u0131 listeledik. Konumlar Geziyoo&#039;da.\" \/>\n<meta property=\"og:url\" content=\"https:\/\/geziyoo.co\/blog\/igneada-kamp-alanlari-ve-karavan-alanlari\/\" \/>\n<meta property=\"og:site_name\" content=\"Geziyoo.co\" \/>\n<meta property=\"article:publisher\" content=\"https:\/\/www.facebook.com\/Geziyooco\" \/>\n<meta property=\"article:author\" content=\"https:\/\/www.facebook.com\/geziyoo.co\" \/>\n<meta property=\"article:published_time\" content=\"2024-01-31T04:41:54+00:00\" \/>\n<meta property=\"article:modified_time\" content=\"2026-02-02T13:26:00+00:00\" \/>\n<meta property=\"og:image\" content=\"https:\/\/geziyoo.co\/blog\/wp-content\/uploads\/2024\/01\/Igneada-Kamp-Alanlari-ve-Karavan-Alanlari.jpg\" \/>\n\t<meta property=\"og:image:width\" content=\"800\" \/>\n\t<meta property=\"og:image:height\" content=\"600\" \/>\n\t<meta property=\"og:image:type\" content=\"image\/jpeg\" \/>\n<meta name=\"author\" content=\"Geziyoo\" \/>\n<meta name=\"twitter:card\" content=\"summary_large_image\" \/>\n<meta name=\"twitter:creator\" content=\"@https:\/\/twitter.com\/geziyoo\" \/>\n<meta name=\"twitter:site\" content=\"@geziyoo\" \/>\n<meta name=\"twitter:label1\" content=\"Yazan:\" \/>\n\t<meta name=\"twitter:data1\" content=\"Geziyoo\" \/>\n\t<meta name=\"twitter:label2\" content=\"Tahmini okuma s\u00fcresi\" \/>\n\t<meta name=\"twitter:data2\" content=\"14 dakika\" \/>\n<script type=\"application\/ld+json\" class=\"yoast-schema-graph\">{\"@context\":\"https:\/\/schema.org\",\"@graph\":[{\"@type\":\"Article\",\"@id\":\"https:\/\/geziyoo.co\/blog\/igneada-kamp-alanlari-ve-karavan-alanlari\/#article\",\"isPartOf\":{\"@id\":\"https:\/\/geziyoo.co\/blog\/igneada-kamp-alanlari-ve-karavan-alanlari\/\"},\"author\":{\"name\":\"Geziyoo\",\"@id\":\"https:\/\/geziyoo.co\/blog\/#\/schema\/person\/032acb2436540ed14784e7d978aef0e4\"},\"headline\":\"\u0130\u011fneada ve \u00c7evresi \u00dccretli\/\u00dccretsiz 8 Kamp Alan\u0131 (\u0130leti\u015fim ve Konum)\",\"datePublished\":\"2024-01-31T04:41:54+00:00\",\"dateModified\":\"2026-02-02T13:26:00+00:00\",\"mainEntityOfPage\":{\"@id\":\"https:\/\/geziyoo.co\/blog\/igneada-kamp-alanlari-ve-karavan-alanlari\/\"},\"wordCount\":2851,\"commentCount\":0,\"publisher\":{\"@id\":\"https:\/\/geziyoo.co\/blog\/#organization\"},\"image\":{\"@id\":\"https:\/\/geziyoo.co\/blog\/igneada-kamp-alanlari-ve-karavan-alanlari\/#primaryimage\"},\"thumbnailUrl\":\"http:\/\/geziyoo.co\/blog\/wp-content\/uploads\/2024\/01\/Igneada-Kamp-Alanlari-ve-Karavan-Alanlari.jpg\",\"articleSection\":[\"Kamp\",\"Kamp Alanlar\u0131\"],\"inLanguage\":\"tr\",\"potentialAction\":[{\"@type\":\"CommentAction\",\"name\":\"Comment\",\"target\":[\"https:\/\/geziyoo.co\/blog\/igneada-kamp-alanlari-ve-karavan-alanlari\/#respond\"]}]},{\"@type\":\"WebPage\",\"@id\":\"https:\/\/geziyoo.co\/blog\/igneada-kamp-alanlari-ve-karavan-alanlari\/\",\"url\":\"https:\/\/geziyoo.co\/blog\/igneada-kamp-alanlari-ve-karavan-alanlari\/\",\"name\":\"\u0130\u011fneada\u2019da En \u0130yi 8 Kamp Alan\u0131: Longoz, Mert G\u00f6l\u00fc ve Be\u011fendik | Geziyoo\",\"isPartOf\":{\"@id\":\"https:\/\/geziyoo.co\/blog\/#website\"},\"primaryImageOfPage\":{\"@id\":\"https:\/\/geziyoo.co\/blog\/igneada-kamp-alanlari-ve-karavan-alanlari\/#primaryimage\"},\"image\":{\"@id\":\"https:\/\/geziyoo.co\/blog\/igneada-kamp-alanlari-ve-karavan-alanlari\/#primaryimage\"},\"thumbnailUrl\":\"http:\/\/geziyoo.co\/blog\/wp-content\/uploads\/2024\/01\/Igneada-Kamp-Alanlari-ve-Karavan-Alanlari.jpg\",\"datePublished\":\"2024-01-31T04:41:54+00:00\",\"dateModified\":\"2026-02-02T13:26:00+00:00\",\"description\":\"K\u0131rklareli \u0130\u011fneada Longoz Ormanlar\u0131, kano cenneti Mert G\u00f6l\u00fc, s\u0131n\u0131r k\u00f6y\u00fc Be\u011fendik ve l\u00fcks Longosphere dahil \u00fccretli ve \u00fccretsiz 8 kamp alan\u0131n\u0131 listeledik. Konumlar Geziyoo'da.\",\"breadcrumb\":{\"@id\":\"https:\/\/geziyoo.co\/blog\/igneada-kamp-alanlari-ve-karavan-alanlari\/#breadcrumb\"},\"inLanguage\":\"tr\",\"potentialAction\":[{\"@type\":\"ReadAction\",\"target\":[\"https:\/\/geziyoo.co\/blog\/igneada-kamp-alanlari-ve-karavan-alanlari\/\"]}]},{\"@type\":\"ImageObject\",\"inLanguage\":\"tr\",\"@id\":\"https:\/\/geziyoo.co\/blog\/igneada-kamp-alanlari-ve-karavan-alanlari\/#primaryimage\",\"url\":\"http:\/\/geziyoo.co\/blog\/wp-content\/uploads\/2024\/01\/Igneada-Kamp-Alanlari-ve-Karavan-Alanlari.jpg\",\"contentUrl\":\"http:\/\/geziyoo.co\/blog\/wp-content\/uploads\/2024\/01\/Igneada-Kamp-Alanlari-ve-Karavan-Alanlari.jpg\",\"width\":800,\"height\":600},{\"@type\":\"BreadcrumbList\",\"@id\":\"https:\/\/geziyoo.co\/blog\/igneada-kamp-alanlari-ve-karavan-alanlari\/#breadcrumb\",\"itemListElement\":[{\"@type\":\"ListItem\",\"position\":1,\"name\":\"Ana sayfa\",\"item\":\"https:\/\/geziyoo.co\/blog\/\"},{\"@type\":\"ListItem\",\"position\":2,\"name\":\"\u0130\u011fneada ve \u00c7evresi \u00dccretli\/\u00dccretsiz 8 Kamp Alan\u0131 (\u0130leti\u015fim ve Konum)\"}]},{\"@type\":\"WebSite\",\"@id\":\"https:\/\/geziyoo.co\/blog\/#website\",\"url\":\"https:\/\/geziyoo.co\/blog\/\",\"name\":\"Geziyoo Blog\",\"description\":\"GeziYoo Blog&#039;da T\u00fcrkiye&#039;nin en iyi kamp alanlar\u0131ndan bungalov tatillerine, karavan ipu\u00e7lar\u0131ndan gezi rehberlerine kadar her t\u00fcrl\u00fc do\u011fa deneyimini ke\u015ffedin.\",\"publisher\":{\"@id\":\"https:\/\/geziyoo.co\/blog\/#organization\"},\"potentialAction\":[{\"@type\":\"SearchAction\",\"target\":{\"@type\":\"EntryPoint\",\"urlTemplate\":\"https:\/\/geziyoo.co\/blog\/?s={search_term_string}\"},\"query-input\":{\"@type\":\"PropertyValueSpecification\",\"valueRequired\":true,\"valueName\":\"search_term_string\"}}],\"inLanguage\":\"tr\"},{\"@type\":\"Organization\",\"@id\":\"https:\/\/geziyoo.co\/blog\/#organization\",\"name\":\"Geziyoo.co\",\"url\":\"https:\/\/geziyoo.co\/blog\/\",\"logo\":{\"@type\":\"ImageObject\",\"inLanguage\":\"tr\",\"@id\":\"https:\/\/geziyoo.co\/blog\/#\/schema\/logo\/image\/\",\"url\":\"https:\/\/geziyoo.co\/blog\/wp-content\/uploads\/2025\/01\/Paragraf-metniniz-3.png\",\"contentUrl\":\"https:\/\/geziyoo.co\/blog\/wp-content\/uploads\/2025\/01\/Paragraf-metniniz-3.png\",\"width\":270,\"height\":50,\"caption\":\"Geziyoo.co\"},\"image\":{\"@id\":\"https:\/\/geziyoo.co\/blog\/#\/schema\/logo\/image\/\"},\"sameAs\":[\"https:\/\/www.facebook.com\/Geziyooco\",\"https:\/\/x.com\/geziyoo\",\"https:\/\/tr.pinterest.com\/geziyooco\/\",\"https:\/\/www.youtube.com\/@geziyoo\",\"https:\/\/www.instagram.com\/geziyoo.co\/\"]},{\"@type\":\"Person\",\"@id\":\"https:\/\/geziyoo.co\/blog\/#\/schema\/person\/032acb2436540ed14784e7d978aef0e4\",\"name\":\"Geziyoo\",\"image\":{\"@type\":\"ImageObject\",\"inLanguage\":\"tr\",\"@id\":\"https:\/\/geziyoo.co\/blog\/#\/schema\/person\/image\/\",\"url\":\"https:\/\/secure.gravatar.com\/avatar\/ae212a4514471fdb8cab6e5af4f3c99b940a2d0a16713ea0392c8d7c8a64f30a?s=96&d=mm&r=g\",\"contentUrl\":\"https:\/\/secure.gravatar.com\/avatar\/ae212a4514471fdb8cab6e5af4f3c99b940a2d0a16713ea0392c8d7c8a64f30a?s=96&d=mm&r=g\",\"caption\":\"Geziyoo\"},\"description\":\"Do\u011fa ile i\u00e7 i\u00e7e olabilece\u011finiz yerler,do\u011fa aktivite alanlar\u0131,kamp alanlar\u0131,bungalov oteller,Tiny House Oteller, Galampingler ve da\u011f evlerinin herkes i\u00e7in ula\u015f\u0131labilir olmas\u0131n\u0131 sa\u011flamak amac\u0131yla Geziyoo\u2019ya 2019 y\u0131l\u0131nda ba\u015flad\u0131k.Do\u011fal Tatil konseptini uygulayan en geni\u015f kapsaml\u0131 sitedir.\",\"sameAs\":[\"https:\/\/geziyoo.co\/\",\"https:\/\/www.facebook.com\/geziyoo.co\",\"https:\/\/www.instagram.com\/geziyoo.co\/\",\"https:\/\/tr.pinterest.com\/geziyooco\/\",\"https:\/\/x.com\/https:\/\/twitter.com\/geziyoo\",\"https:\/\/www.youtube.com\/channel\/UCdiSMa6pe17KEY7DP1Ug4ag\"]}]}<\/script>\n<!-- \/ Yoast SEO plugin. -->","yoast_head_json":{"title":"\u0130\u011fneada\u2019da En \u0130yi 8 Kamp Alan\u0131: Longoz, Mert G\u00f6l\u00fc ve Be\u011fendik | Geziyoo","description":"K\u0131rklareli \u0130\u011fneada Longoz Ormanlar\u0131, kano cenneti Mert G\u00f6l\u00fc, s\u0131n\u0131r k\u00f6y\u00fc Be\u011fendik ve l\u00fcks Longosphere dahil \u00fccretli ve \u00fccretsiz 8 kamp alan\u0131n\u0131 listeledik. Konumlar Geziyoo'da.","robots":{"index":"index","follow":"follow","max-snippet":"max-snippet:-1","max-image-preview":"max-image-preview:large","max-video-preview":"max-video-preview:-1"},"canonical":"https:\/\/geziyoo.co\/blog\/igneada-kamp-alanlari-ve-karavan-alanlari\/","og_locale":"tr_TR","og_type":"article","og_title":"\u0130\u011fneada\u2019da En \u0130yi 8 Kamp Alan\u0131: Longoz, Mert G\u00f6l\u00fc ve Be\u011fendik | Geziyoo","og_description":"K\u0131rklareli \u0130\u011fneada Longoz Ormanlar\u0131, kano cenneti Mert G\u00f6l\u00fc, s\u0131n\u0131r k\u00f6y\u00fc Be\u011fendik ve l\u00fcks Longosphere dahil \u00fccretli ve \u00fccretsiz 8 kamp alan\u0131n\u0131 listeledik. Konumlar Geziyoo'da.","og_url":"https:\/\/geziyoo.co\/blog\/igneada-kamp-alanlari-ve-karavan-alanlari\/","og_site_name":"Geziyoo.co","article_publisher":"https:\/\/www.facebook.com\/Geziyooco","article_author":"https:\/\/www.facebook.com\/geziyoo.co","article_published_time":"2024-01-31T04:41:54+00:00","article_modified_time":"2026-02-02T13:26:00+00:00","og_image":[{"width":800,"height":600,"url":"https:\/\/geziyoo.co\/blog\/wp-content\/uploads\/2024\/01\/Igneada-Kamp-Alanlari-ve-Karavan-Alanlari.jpg","type":"image\/jpeg"}],"author":"Geziyoo","twitter_card":"summary_large_image","twitter_creator":"@https:\/\/twitter.com\/geziyoo","twitter_site":"@geziyoo","twitter_misc":{"Yazan:":"Geziyoo","Tahmini okuma s\u00fcresi":"14 dakika"},"schema":{"@context":"https:\/\/schema.org","@graph":[{"@type":"Article","@id":"https:\/\/geziyoo.co\/blog\/igneada-kamp-alanlari-ve-karavan-alanlari\/#article","isPartOf":{"@id":"https:\/\/geziyoo.co\/blog\/igneada-kamp-alanlari-ve-karavan-alanlari\/"},"author":{"name":"Geziyoo","@id":"https:\/\/geziyoo.co\/blog\/#\/schema\/person\/032acb2436540ed14784e7d978aef0e4"},"headline":"\u0130\u011fneada ve \u00c7evresi \u00dccretli\/\u00dccretsiz 8 Kamp Alan\u0131 (\u0130leti\u015fim ve Konum)","datePublished":"2024-01-31T04:41:54+00:00","dateModified":"2026-02-02T13:26:00+00:00","mainEntityOfPage":{"@id":"https:\/\/geziyoo.co\/blog\/igneada-kamp-alanlari-ve-karavan-alanlari\/"},"wordCount":2851,"commentCount":0,"publisher":{"@id":"https:\/\/geziyoo.co\/blog\/#organization"},"image":{"@id":"https:\/\/geziyoo.co\/blog\/igneada-kamp-alanlari-ve-karavan-alanlari\/#primaryimage"},"thumbnailUrl":"http:\/\/geziyoo.co\/blog\/wp-content\/uploads\/2024\/01\/Igneada-Kamp-Alanlari-ve-Karavan-Alanlari.jpg","articleSection":["Kamp","Kamp Alanlar\u0131"],"inLanguage":"tr","potentialAction":[{"@type":"CommentAction","name":"Comment","target":["https:\/\/geziyoo.co\/blog\/igneada-kamp-alanlari-ve-karavan-alanlari\/#respond"]}]},{"@type":"WebPage","@id":"https:\/\/geziyoo.co\/blog\/igneada-kamp-alanlari-ve-karavan-alanlari\/","url":"https:\/\/geziyoo.co\/blog\/igneada-kamp-alanlari-ve-karavan-alanlari\/","name":"\u0130\u011fneada\u2019da En \u0130yi 8 Kamp Alan\u0131: Longoz, Mert G\u00f6l\u00fc ve Be\u011fendik | Geziyoo","isPartOf":{"@id":"https:\/\/geziyoo.co\/blog\/#website"},"primaryImageOfPage":{"@id":"https:\/\/geziyoo.co\/blog\/igneada-kamp-alanlari-ve-karavan-alanlari\/#primaryimage"},"image":{"@id":"https:\/\/geziyoo.co\/blog\/igneada-kamp-alanlari-ve-karavan-alanlari\/#primaryimage"},"thumbnailUrl":"http:\/\/geziyoo.co\/blog\/wp-content\/uploads\/2024\/01\/Igneada-Kamp-Alanlari-ve-Karavan-Alanlari.jpg","datePublished":"2024-01-31T04:41:54+00:00","dateModified":"2026-02-02T13:26:00+00:00","description":"K\u0131rklareli \u0130\u011fneada Longoz Ormanlar\u0131, kano cenneti Mert G\u00f6l\u00fc, s\u0131n\u0131r k\u00f6y\u00fc Be\u011fendik ve l\u00fcks Longosphere dahil \u00fccretli ve \u00fccretsiz 8 kamp alan\u0131n\u0131 listeledik. Konumlar Geziyoo'da.","breadcrumb":{"@id":"https:\/\/geziyoo.co\/blog\/igneada-kamp-alanlari-ve-karavan-alanlari\/#breadcrumb"},"inLanguage":"tr","potentialAction":[{"@type":"ReadAction","target":["https:\/\/geziyoo.co\/blog\/igneada-kamp-alanlari-ve-karavan-alanlari\/"]}]},{"@type":"ImageObject","inLanguage":"tr","@id":"https:\/\/geziyoo.co\/blog\/igneada-kamp-alanlari-ve-karavan-alanlari\/#primaryimage","url":"http:\/\/geziyoo.co\/blog\/wp-content\/uploads\/2024\/01\/Igneada-Kamp-Alanlari-ve-Karavan-Alanlari.jpg","contentUrl":"http:\/\/geziyoo.co\/blog\/wp-content\/uploads\/2024\/01\/Igneada-Kamp-Alanlari-ve-Karavan-Alanlari.jpg","width":800,"height":600},{"@type":"BreadcrumbList","@id":"https:\/\/geziyoo.co\/blog\/igneada-kamp-alanlari-ve-karavan-alanlari\/#breadcrumb","itemListElement":[{"@type":"ListItem","position":1,"name":"Ana sayfa","item":"https:\/\/geziyoo.co\/blog\/"},{"@type":"ListItem","position":2,"name":"\u0130\u011fneada ve \u00c7evresi \u00dccretli\/\u00dccretsiz 8 Kamp Alan\u0131 (\u0130leti\u015fim ve Konum)"}]},{"@type":"WebSite","@id":"https:\/\/geziyoo.co\/blog\/#website","url":"https:\/\/geziyoo.co\/blog\/","name":"Geziyoo Blog","description":"GeziYoo Blog&#039;da T\u00fcrkiye&#039;nin en iyi kamp alanlar\u0131ndan bungalov tatillerine, karavan ipu\u00e7lar\u0131ndan gezi rehberlerine kadar her t\u00fcrl\u00fc do\u011fa deneyimini ke\u015ffedin.","publisher":{"@id":"https:\/\/geziyoo.co\/blog\/#organization"},"potentialAction":[{"@type":"SearchAction","target":{"@type":"EntryPoint","urlTemplate":"https:\/\/geziyoo.co\/blog\/?s={search_term_string}"},"query-input":{"@type":"PropertyValueSpecification","valueRequired":true,"valueName":"search_term_string"}}],"inLanguage":"tr"},{"@type":"Organization","@id":"https:\/\/geziyoo.co\/blog\/#organization","name":"Geziyoo.co","url":"https:\/\/geziyoo.co\/blog\/","logo":{"@type":"ImageObject","inLanguage":"tr","@id":"https:\/\/geziyoo.co\/blog\/#\/schema\/logo\/image\/","url":"https:\/\/geziyoo.co\/blog\/wp-content\/uploads\/2025\/01\/Paragraf-metniniz-3.png","contentUrl":"https:\/\/geziyoo.co\/blog\/wp-content\/uploads\/2025\/01\/Paragraf-metniniz-3.png","width":270,"height":50,"caption":"Geziyoo.co"},"image":{"@id":"https:\/\/geziyoo.co\/blog\/#\/schema\/logo\/image\/"},"sameAs":["https:\/\/www.facebook.com\/Geziyooco","https:\/\/x.com\/geziyoo","https:\/\/tr.pinterest.com\/geziyooco\/","https:\/\/www.youtube.com\/@geziyoo","https:\/\/www.instagram.com\/geziyoo.co\/"]},{"@type":"Person","@id":"https:\/\/geziyoo.co\/blog\/#\/schema\/person\/032acb2436540ed14784e7d978aef0e4","name":"Geziyoo","image":{"@type":"ImageObject","inLanguage":"tr","@id":"https:\/\/geziyoo.co\/blog\/#\/schema\/person\/image\/","url":"https:\/\/secure.gravatar.com\/avatar\/ae212a4514471fdb8cab6e5af4f3c99b940a2d0a16713ea0392c8d7c8a64f30a?s=96&d=mm&r=g","contentUrl":"https:\/\/secure.gravatar.com\/avatar\/ae212a4514471fdb8cab6e5af4f3c99b940a2d0a16713ea0392c8d7c8a64f30a?s=96&d=mm&r=g","caption":"Geziyoo"},"description":"Do\u011fa ile i\u00e7 i\u00e7e olabilece\u011finiz yerler,do\u011fa aktivite alanlar\u0131,kamp alanlar\u0131,bungalov oteller,Tiny House Oteller, Galampingler ve da\u011f evlerinin herkes i\u00e7in ula\u015f\u0131labilir olmas\u0131n\u0131 sa\u011flamak amac\u0131yla Geziyoo\u2019ya 2019 y\u0131l\u0131nda ba\u015flad\u0131k.Do\u011fal Tatil konseptini uygulayan en geni\u015f kapsaml\u0131 sitedir.","sameAs":["https:\/\/geziyoo.co\/","https:\/\/www.facebook.com\/geziyoo.co","https:\/\/www.instagram.com\/geziyoo.co\/","https:\/\/tr.pinterest.com\/geziyooco\/","https:\/\/x.com\/https:\/\/twitter.com\/geziyoo","https:\/\/www.youtube.com\/channel\/UCdiSMa6pe17KEY7DP1Ug4ag"]}]}},"amp_enabled":true,"_links":{"self":[{"href":"http:\/\/geziyoo.co\/blog\/wp-json\/wp\/v2\/posts\/15768","targetHints":{"allow":["GET"]}}],"collection":[{"href":"http:\/\/geziyoo.co\/blog\/wp-json\/wp\/v2\/posts"}],"about":[{"href":"http:\/\/geziyoo.co\/blog\/wp-json\/wp\/v2\/types\/post"}],"author":[{"embeddable":true,"href":"http:\/\/geziyoo.co\/blog\/wp-json\/wp\/v2\/users\/1"}],"replies":[{"embeddable":true,"href":"http:\/\/geziyoo.co\/blog\/wp-json\/wp\/v2\/comments?post=15768"}],"version-history":[{"count":0,"href":"http:\/\/geziyoo.co\/blog\/wp-json\/wp\/v2\/posts\/15768\/revisions"}],"wp:featuredmedia":[{"embeddable":true,"href":"http:\/\/geziyoo.co\/blog\/wp-json\/wp\/v2\/media\/15769"}],"wp:attachment":[{"href":"http:\/\/geziyoo.co\/blog\/wp-json\/wp\/v2\/media?parent=15768"}],"wp:term":[{"taxonomy":"category","embeddable":true,"href":"http:\/\/geziyoo.co\/blog\/wp-json\/wp\/v2\/categories?post=15768"},{"taxonomy":"post_tag","embeddable":true,"href":"http:\/\/geziyoo.co\/blog\/wp-json\/wp\/v2\/tags?post=15768"}],"curies":[{"name":"wp","href":"https:\/\/api.w.org\/{rel}","templated":true}]}}