{"id":12807,"date":"2023-05-08T14:47:46","date_gmt":"2023-05-08T14:47:46","guid":{"rendered":"https:\/\/geziyoo.co\/blog\/?p=12807"},"modified":"2026-01-23T13:54:48","modified_gmt":"2026-01-23T13:54:48","slug":"karavan-yasaminda-ilk-yardim","status":"publish","type":"post","link":"http:\/\/geziyoo.co\/blog\/karavan-yasaminda-ilk-yardim\/","title":{"rendered":"Karavan Ya\u015fam\u0131nda \u0130lk Yard\u0131m, Bilinmesi Gerekenler"},"content":{"rendered":"\n<p>Karavan ya\u015fam\u0131nda ilk yard\u0131m olduk\u00e7a \u00f6nemlidir. \u00c7\u00fcnk\u00fc seyahat ederken acil durumlarla kar\u015f\u0131la\u015fabilirsiniz ve bu durumlarda ilk yard\u0131m bilgisi hayat kurtar\u0131c\u0131 olabilir.<\/p>\n\n\n\n<p>Bu i\u00e7eri\u011fimizde, karavan ya\u015fam\u0131nda ilk yard\u0131m hakk\u0131nda bilmeniz gereken her \u015feyi bulabilirsiniz.Bu kobuyu l\u00fctfen g\u00f6z ard\u0131 etmeyin.Nerede hangi halde olaca\u011f\u0131n\u0131z\u0131 bilemezsiniz.Bundan dolay\u0131 \u0130lkyard\u0131m \u00e7ok ama \u00e7ok \u00f6nemli.<\/p>\n\n\n\n<p>E\u011fitiminizi ald\u0131n\u0131z her\u015fey haz\u0131r \u015fimdi s\u0131rada karavan\u0131n\u0131za binip bir kamp alan\u0131na gitmek.Fakar Nereye? <strong><em><a href=\"https:\/\/geziyoo.co\/listing-category\/turkiye-karavan-alanlari-ve-parklari\/\">KARAVAN KAMP ALANLARI<\/a><\/em><\/strong> sayfam\u0131zda sizler i\u00e7in ara\u015ft\u0131r\u0131p yayla\u015ft\u0131\u011f\u0131m\u0131z 500&#8217;den fazla karavan kamp alan\u0131na ula\u015fabilirsiniz.\u015eimdiden iyi kamplar&#8230;<\/p>\n\n\n\n<hr class=\"wp-block-separator has-alpha-channel-opacity is-style-wide\"\/>\n\n\n\n<h2 class=\"wp-block-heading\">Karavan ya\u015fam\u0131nda \u0130lk Yard\u0131m Nedir?<\/h2>\n\n\n\n<figure class=\"wp-block-image size-large\"><img decoding=\"async\" width=\"800\" height=\"600\" data-src=\"https:\/\/geziyoo.co\/blog\/wp-content\/uploads\/2023\/05\/Kirpi-Camping-Karavan-Parki.jpg\" alt=\"Karavan Ya\u015fam\u0131nda \u0130lk Yard\u0131m\" class=\"wp-image-12775 lazyload\" data-srcset=\"http:\/\/geziyoo.co\/blog\/wp-content\/uploads\/2023\/05\/Kirpi-Camping-Karavan-Parki.jpg 800w, http:\/\/geziyoo.co\/blog\/wp-content\/uploads\/2023\/05\/Kirpi-Camping-Karavan-Parki-300x225.jpg 300w, http:\/\/geziyoo.co\/blog\/wp-content\/uploads\/2023\/05\/Kirpi-Camping-Karavan-Parki-768x576.jpg 768w\" data-sizes=\"(max-width: 800px) 100vw, 800px\" src=\"data:image\/gif;base64,R0lGODlhAQABAAAAACH5BAEKAAEALAAAAAABAAEAAAICTAEAOw==\" style=\"--smush-placeholder-width: 800px; --smush-placeholder-aspect-ratio: 800\/600;\" \/><figcaption class=\"wp-element-caption\">Karavan Ya\u015fam\u0131nda \u0130lk Yard\u0131m<\/figcaption><\/figure>\n\n\n\n<p>Karavan ya\u015fam\u0131nda ilk yard\u0131m, yolda veya kamp alan\u0131nda kar\u015f\u0131la\u015fabilece\u011finiz acil durumlara m\u00fcdahale etmek i\u00e7in kullan\u0131lan bir dizi t\u0131bbi m\u00fcdahaledir.<\/p>\n\n\n\n<p>\u0130lk yard\u0131m\u0131n amac\u0131, hastal\u0131k veya yaralanma durumlar\u0131nda ilk m\u00fcdahaleyi yaparak, durumun k\u00f6t\u00fcle\u015fmesini \u00f6nlemek ve sa\u011fl\u0131k durumunun stabil hale getirilmesini sa\u011flamakt\u0131r. <\/p>\n\n\n\n<p><strong>\u0130lk yard\u0131m, bir sa\u011fl\u0131k uzman\u0131n\u0131n yard\u0131m\u0131 al\u0131nana kadar ge\u00e7en s\u00fcrede hayat kurtar\u0131c\u0131 olabilir.Unutmay\u0131n ilk yard\u0131m yap\u0131lan hastalar\u0131n ya\u015fama oran\u0131 y\u00fczde 60 oran\u0131nda artmaktad\u0131r.<\/strong><\/p>\n\n\n\n<hr class=\"wp-block-separator has-css-opacity is-style-wide\"\/>\n\n\n\n<h2 class=\"wp-block-heading\">Karavan ya\u015fam\u0131nda \u0130lk Yard\u0131m Neden \u00d6nemlidir?<\/h2>\n\n\n\n<figure class=\"wp-block-image size-large\"><img decoding=\"async\" width=\"800\" height=\"451\" data-src=\"https:\/\/geziyoo.co\/blog\/wp-content\/uploads\/2023\/05\/Istanbul-Karavan-Koyu.jpg\" alt=\"\" class=\"wp-image-12774 lazyload\" data-srcset=\"http:\/\/geziyoo.co\/blog\/wp-content\/uploads\/2023\/05\/Istanbul-Karavan-Koyu.jpg 800w, http:\/\/geziyoo.co\/blog\/wp-content\/uploads\/2023\/05\/Istanbul-Karavan-Koyu-300x169.jpg 300w, http:\/\/geziyoo.co\/blog\/wp-content\/uploads\/2023\/05\/Istanbul-Karavan-Koyu-768x433.jpg 768w, http:\/\/geziyoo.co\/blog\/wp-content\/uploads\/2023\/05\/Istanbul-Karavan-Koyu-390x220.jpg 390w\" data-sizes=\"(max-width: 800px) 100vw, 800px\" src=\"data:image\/gif;base64,R0lGODlhAQABAAAAACH5BAEKAAEALAAAAAABAAEAAAICTAEAOw==\" style=\"--smush-placeholder-width: 800px; --smush-placeholder-aspect-ratio: 800\/451;\" \/><\/figure>\n\n\n\n<p>Karavan ya\u015fam\u0131nda ilk yard\u0131m, seyahat ederken kar\u015f\u0131la\u015f\u0131labilecek acil durumlara m\u00fcdahale etmek i\u00e7in \u00f6nemlidir.<\/p>\n\n\n\n<p>Uzun mesafelerde yolculuk ederken, yaralanmalar veya hastal\u0131klar meydana gelebilir ve t\u0131bbi yard\u0131m\u0131n uzak olabilece\u011fi bir yerdeyseniz, ilk yard\u0131m becerileri hayat kurtar\u0131c\u0131 olabilir.<\/p>\n\n\n\n<p>\u0130lk yard\u0131m bilgisi ayr\u0131ca, seyahat ederken yan\u0131n\u0131zda bulunanlara da yard\u0131mc\u0131 olman\u0131z\u0131 sa\u011flar.En \u00f6nemliside sizin ve yan\u0131n\u0131zdakilerin ya\u015fam \u015fans\u0131n\u0131 artt\u0131r\u0131rs\u0131n\u0131z.<\/p>\n\n\n\n<hr class=\"wp-block-separator has-css-opacity is-style-wide\"\/>\n\n\n\n<h2 class=\"wp-block-heading\">Karavan ya\u015fam\u0131nda \u0130lk Yard\u0131m Becerileri Nelerdir?<\/h2>\n\n\n\n<figure class=\"wp-block-image size-large\"><img decoding=\"async\" width=\"800\" height=\"763\" data-src=\"https:\/\/geziyoo.co\/blog\/wp-content\/uploads\/2023\/04\/Istanbul-Karavan-Park-2.jpg\" alt=\"\" class=\"wp-image-12697 lazyload\" data-srcset=\"http:\/\/geziyoo.co\/blog\/wp-content\/uploads\/2023\/04\/Istanbul-Karavan-Park-2.jpg 800w, http:\/\/geziyoo.co\/blog\/wp-content\/uploads\/2023\/04\/Istanbul-Karavan-Park-2-300x286.jpg 300w, http:\/\/geziyoo.co\/blog\/wp-content\/uploads\/2023\/04\/Istanbul-Karavan-Park-2-768x732.jpg 768w\" data-sizes=\"(max-width: 800px) 100vw, 800px\" src=\"data:image\/gif;base64,R0lGODlhAQABAAAAACH5BAEKAAEALAAAAAABAAEAAAICTAEAOw==\" style=\"--smush-placeholder-width: 800px; --smush-placeholder-aspect-ratio: 800\/763;\" \/><\/figure>\n\n\n\n<p>Karavan ya\u015fam\u0131nda ilk yard\u0131m, acil durumlara m\u00fcdahale etmek i\u00e7in \u00e7e\u015fitli beceriler gerektirir. \u0130lk yard\u0131m becerileri aras\u0131nda a\u015fa\u011f\u0131dakiler bulunur:<\/p>\n\n\n\n<ul class=\"wp-block-list\">\n<li><strong>Temel Ya\u015fam Deste\u011fi (TYD):<\/strong> TYD, kardiyopulmoner res\u00fcsitasyon (CPR) ve y\u00fcksek yo\u011funluklu g\u00f6\u011f\u00fcs kompresyonu gibi hayat kurtar\u0131c\u0131 tekniklerin yan\u0131 s\u0131ra kanama kontrol\u00fc, \u015fok tedavisi ve hava yolu y\u00f6netimi gibi \u00f6nemli becerileri i\u00e7erir.<\/li>\n\n\n\n<li><strong>Kanama Kontrol\u00fc:<\/strong> Kanama kontrol\u00fc, kan kayb\u0131n\u0131 \u00f6nlemek ve hayat\u0131 kurtarmak i\u00e7in acil bir beceridir. Basit bir sarg\u0131 yapmak veya kanama durdurucu bir madde kullanmak, kanama kontrol\u00fcn\u00fc sa\u011flamak i\u00e7in kullan\u0131lan y\u00f6ntemlerdir.<\/li>\n\n\n\n<li><strong>Yara Bak\u0131m\u0131:<\/strong> Yara bak\u0131m\u0131, yaralar\u0131n enfeksiyon riskini azaltmak i\u00e7in yap\u0131l\u0131r. Yara temizleme, yara kapama, sterilizasyon ve antibiyotik kullan\u0131m\u0131 gibi y\u00f6ntemlerle yara bak\u0131m\u0131 yap\u0131labilir.<\/li>\n\n\n\n<li><strong>\u015eok Tedavisi:<\/strong> \u015eok, kan bas\u0131nc\u0131n\u0131n d\u00fc\u015fmesi ve dokulara yeterli oksijenin ula\u015fmamas\u0131 sonucu ortaya \u00e7\u0131kan bir durumdur. Karavan ya\u015fam\u0131nda, \u015fok durumu \u00f6zellikle acil bir durumdur \u00e7\u00fcnk\u00fc uzak bir yerde t\u0131bbi yard\u0131m\u0131n ula\u015fmas\u0131 zaman alabilir. Bu nedenle, \u015fok tedavisi yapmak i\u00e7in kullan\u0131lan teknikleri bilmek \u00f6nemlidir. \u015eok tedavisinde, hastan\u0131n rahat bir pozisyona getirilmesi, v\u00fccut \u0131s\u0131s\u0131n\u0131n korunmas\u0131, s\u0131v\u0131 ve tuz dengesinin sa\u011flanmas\u0131 gibi y\u00f6ntemler uygulan\u0131r.<\/li>\n\n\n\n<li><strong>Alerjik Reaksiyonlara M\u00fcdahale:<\/strong> Karavan ya\u015fam\u0131nda, alerjik reaksiyonlarla kar\u015f\u0131la\u015fma olas\u0131l\u0131\u011f\u0131 y\u00fcksektir. Bu nedenle, alerjik reaksiyonlara m\u00fcdahale etmek i\u00e7in gerekli becerilerin \u00f6\u011frenilmesi \u00f6nemlidir. Alerjik reaksiyonlarda, hastan\u0131n nefes almas\u0131 zorla\u015fabilir, dudaklar\u0131, dil ve bo\u011faz\u0131 \u015fi\u015febilir. Bu durumda, antihistaminikler ve adrenalin gibi ila\u00e7lar <strong>kullan\u0131labilir.<\/strong><\/li>\n\n\n\n<li><strong>Yan\u0131klar ve Donmalar:<\/strong> Karavan ya\u015fam\u0131nda, yan\u0131klar ve donmalarla da kar\u015f\u0131la\u015fabilirsiniz. Yan\u0131klar\u0131n tedavisi i\u00e7in so\u011fuk su, a\u011fr\u0131 kesici ila\u00e7lar ve yaray\u0131 \u00f6rten bir bandaj kullan\u0131labilir. Donma durumunda ise, hastan\u0131n s\u0131cak bir yere ta\u015f\u0131nmas\u0131, \u0131s\u0131nmas\u0131 ve kan dola\u015f\u0131m\u0131n\u0131n tekrar sa\u011flanmas\u0131 gereklidir.<\/li>\n<\/ul>\n\n\n\n<hr class=\"wp-block-separator has-css-opacity is-style-wide\"\/>\n\n\n\n<h2 class=\"wp-block-heading\">Karavan ya\u015fam\u0131nda \u0130lk Yard\u0131m \u00c7antas\u0131 Nas\u0131l Haz\u0131rlan\u0131r?<\/h2>\n\n\n\n<figure class=\"wp-block-image size-large\"><img decoding=\"async\" width=\"1024\" height=\"576\" data-src=\"https:\/\/geziyoo.co\/blog\/wp-content\/uploads\/2023\/04\/Karavan-Kasko-1024x576.jpg\" alt=\"\" class=\"wp-image-12617 lazyload\" data-srcset=\"http:\/\/geziyoo.co\/blog\/wp-content\/uploads\/2023\/04\/Karavan-Kasko-1024x576.jpg 1024w, http:\/\/geziyoo.co\/blog\/wp-content\/uploads\/2023\/04\/Karavan-Kasko-300x169.jpg 300w, http:\/\/geziyoo.co\/blog\/wp-content\/uploads\/2023\/04\/Karavan-Kasko-768x432.jpg 768w, http:\/\/geziyoo.co\/blog\/wp-content\/uploads\/2023\/04\/Karavan-Kasko-390x220.jpg 390w, http:\/\/geziyoo.co\/blog\/wp-content\/uploads\/2023\/04\/Karavan-Kasko.jpg 1200w\" data-sizes=\"(max-width: 1024px) 100vw, 1024px\" src=\"data:image\/gif;base64,R0lGODlhAQABAAAAACH5BAEKAAEALAAAAAABAAEAAAICTAEAOw==\" style=\"--smush-placeholder-width: 1024px; --smush-placeholder-aspect-ratio: 1024\/576;\" \/><\/figure>\n\n\n\n<p>Karavan ya\u015fam\u0131nda, acil durumlara m\u00fcdahale etmek i\u00e7in bir ilk yard\u0131m \u00e7antas\u0131 haz\u0131rlaman\u0131z \u00f6nerilir. \u0130lk yard\u0131m \u00e7antas\u0131, temel ila\u00e7lar, bandajlar, sarg\u0131 bezi, steril pamuk, antiseptik sol\u00fcsyonlar, eldivenler, s\u0131cak battaniye, makas, c\u0131mb\u0131z, termometre ve acil durumlarda kullan\u0131lmak \u00fczere \u00f6zel gere\u00e7ler gibi bir\u00e7ok malzeme i\u00e7ermelidir.<\/p>\n\n\n\n<blockquote class=\"wp-block-quote quote-solid is-layout-flow wp-block-quote quote-solid-is-layout-flow\">\n<p><em><em>Burada araya girelim.Bu tarz konular ilginizi \u00e7ekiyor ise\u00a0<strong><em><a href=\"https:\/\/geziyoo.co\/blog\/karavan-rehberi\/\">KARAVAN \u0130PU\u00c7LARI<\/a><\/em><\/strong>\u00a0ve\u00a0<strong><em><a href=\"https:\/\/geziyoo.co\/blog\/kamp-kamp-onerileri\/\">KAMP \u0130PU\u00c7LARI<\/a><\/em><\/strong>\u00a0i\u00e7eri\u011fimize bakman\u0131z\u0131 \u00f6neririz.<\/em><\/em><\/p>\n<\/blockquote>\n\n\n\n<hr class=\"wp-block-separator has-css-opacity is-style-wide\"\/>\n\n\n\n<h2 class=\"wp-block-heading\">\u0130lk Yard\u0131m \u00c7antas\u0131nda Olmas\u0131 Gereken Malzemeler Nelerdir?<\/h2>\n\n\n\n<figure class=\"wp-block-image size-large\"><img decoding=\"async\" width=\"1024\" height=\"576\" data-src=\"https:\/\/geziyoo.co\/blog\/wp-content\/uploads\/2023\/04\/Karavan-kullanmak-zor-mu-1024x576.jpg\" alt=\"\" class=\"wp-image-12470 lazyload\" data-srcset=\"http:\/\/geziyoo.co\/blog\/wp-content\/uploads\/2023\/04\/Karavan-kullanmak-zor-mu-1024x576.jpg 1024w, http:\/\/geziyoo.co\/blog\/wp-content\/uploads\/2023\/04\/Karavan-kullanmak-zor-mu-300x169.jpg 300w, http:\/\/geziyoo.co\/blog\/wp-content\/uploads\/2023\/04\/Karavan-kullanmak-zor-mu-768x432.jpg 768w, http:\/\/geziyoo.co\/blog\/wp-content\/uploads\/2023\/04\/Karavan-kullanmak-zor-mu-390x220.jpg 390w, http:\/\/geziyoo.co\/blog\/wp-content\/uploads\/2023\/04\/Karavan-kullanmak-zor-mu-scaled.jpg 1200w\" data-sizes=\"(max-width: 1024px) 100vw, 1024px\" src=\"data:image\/gif;base64,R0lGODlhAQABAAAAACH5BAEKAAEALAAAAAABAAEAAAICTAEAOw==\" style=\"--smush-placeholder-width: 1024px; --smush-placeholder-aspect-ratio: 1024\/576;\" \/><\/figure>\n\n\n\n<p>\u0130lk yard\u0131m \u00e7antas\u0131, acil durumlarda h\u0131zl\u0131 bir m\u00fcdahale i\u00e7in olmazsa olmaz bir ekipmand\u0131r. \u0130lk yard\u0131m \u00e7antas\u0131nda bulunmas\u0131 gereken malzemeler, karavan ya\u015fam\u0131nda da b\u00fcy\u00fck \u00f6nem ta\u015f\u0131r. <\/p>\n\n\n\n<p>Acil durumlar i\u00e7in haz\u0131rlanm\u0131\u015f bir ilk yard\u0131m \u00e7antas\u0131, do\u011fru malzemelerin kullan\u0131m\u0131yla hayat kurtarabilir. \u0130\u015fte ilk yard\u0131m \u00e7antas\u0131nda olmas\u0131 gereken malzemeler ve ne i\u015fe yarad\u0131klar\u0131:<\/p>\n\n\n\n<ul class=\"wp-block-list\">\n<li><strong>Bandajlar ve Sarg\u0131 Bezi: <\/strong>Kesikler, yaralar, \u00e7\u00fcr\u00fckler ve benzeri durumlar i\u00e7in bandajlar ve sarg\u0131 bezleri ilk yard\u0131m \u00e7antas\u0131nda olmas\u0131 gereken malzemelerdir. Bandajlar, yaray\u0131 \u00f6rtmek ve kanamay\u0131 durdurmak i\u00e7in kullan\u0131l\u0131rken, sarg\u0131 bezleri ise \u00e7\u00fcr\u00fck, burkulma ve benzeri durumlarda kullan\u0131l\u0131r.<\/li>\n\n\n\n<li><strong>Antiseptik Sol\u00fcsyonlar: <\/strong>Antiseptik sol\u00fcsyonlar, yaralar\u0131n enfeksiyon kapmas\u0131n\u0131 \u00f6nlemek i\u00e7in kullan\u0131l\u0131r. \u0130lk yard\u0131m \u00e7antas\u0131nda alkol, hidrojen peroksit veya iyot gibi antiseptik sol\u00fcsyonlar bulunabilir.<\/li>\n\n\n\n<li><strong>Steril Pamuk ve Makas:<\/strong> Steril pamuk ve makaslar, yara bak\u0131m\u0131nda kullan\u0131lan \u00f6nemli malzemelerdir. Steril pamuk, yaray\u0131 temizlemek i\u00e7in kullan\u0131l\u0131rken, makaslar ise bandajlar\u0131 ve sarg\u0131 bezlerini kesmek i\u00e7in kullan\u0131l\u0131r.<\/li>\n\n\n\n<li><strong>Eldivenler:<\/strong> Eldivenler, yaral\u0131 ki\u015finin veya yaralanma durumundaki ki\u015finin enfeksiyon kapmas\u0131n\u0131 \u00f6nlemek i\u00e7in kullan\u0131l\u0131r. \u0130lk yard\u0131m \u00e7antas\u0131nda, tek kullan\u0131ml\u0131k eldivenler tercih edilmelidir.<\/li>\n\n\n\n<li><strong>S\u0131cak Battaniye: <\/strong>S\u0131cak battaniye, so\u011fuk alg\u0131nl\u0131\u011f\u0131, hipotermi, \u015fok durumu ve benzeri durumlarda v\u00fccut \u0131s\u0131s\u0131n\u0131 korumak i\u00e7in kullan\u0131l\u0131r.<\/li>\n\n\n\n<li><strong>Adrenalin\/Stres Jeli: <\/strong>Adrenalin\/stres jeli, b\u00f6cek sokmas\u0131, ar\u0131 sokmas\u0131 veya di\u011fer alerjik reaksiyonlarda kullan\u0131l\u0131r. Alerjik reaksiyonlar\u0131n \u015fiddeti artt\u0131k\u00e7a, \u00e7antan\u0131zda olmas\u0131 gereken ila\u00e7lar aras\u0131nda adrenalin de yer alabilir.<\/li>\n\n\n\n<li><strong>A\u011fr\u0131 Kesiciler: <\/strong>A\u011fr\u0131 kesiciler, ba\u015f a\u011fr\u0131s\u0131, di\u015f a\u011fr\u0131s\u0131, adet a\u011fr\u0131s\u0131 ve benzeri durumlarda kullan\u0131l\u0131r. \u0130lk yard\u0131m \u00e7antas\u0131nda aspirin, parasetamol veya ibuprofen gibi a\u011fr\u0131 kesiciler bulunabilir. Ancak, ila\u00e7 kullanmadan \u00f6nce mutlaka doktorunuza dan\u0131\u015f\u0131n.<\/li>\n\n\n\n<li><strong>C\u0131mb\u0131z:<\/strong> C\u0131mb\u0131z, \u00e7\u0131kar\u0131lmas\u0131 zor olan yabanc\u0131 cisimleri \u00e7\u0131karmak i\u00e7in kullan\u0131l\u0131r. \u00d6zellikle do\u011fa gezilerinde, diken veya b\u00f6cek gibi yabanc\u0131 cisimlerin \u00e7\u0131kar\u0131lmas\u0131 i\u00e7in c\u0131mb\u0131z hayat kurtar\u0131c\u0131 olabilir.<\/li>\n\n\n\n<li><strong>Yara Band\u0131: <\/strong>Yara band\u0131, k\u00fc\u00e7\u00fck kesikler ve yaralanmalar i\u00e7in kullan\u0131l\u0131r. \u0130lk yard\u0131m \u00e7antas\u0131nda farkl\u0131 boyutlarda ve \u015fekillerde yara bantlar\u0131 bulundurmak faydal\u0131d\u0131r.<\/li>\n\n\n\n<li><strong>G\u00f6z Pedleri ve Sol\u00fcsyonu: <\/strong>G\u00f6z pedleri ve sol\u00fcsyonu, g\u00f6zle ilgili sorunlar i\u00e7in kullan\u0131l\u0131r. G\u00f6ze giren yabanc\u0131 cisimler, tahri\u015fler, alerjik reaksiyonlar gibi durumlarda ilk yard\u0131m \u00e7antas\u0131nda g\u00f6z pedleri ve sol\u00fcsyonu bulunmal\u0131d\u0131r.<\/li>\n\n\n\n<li><strong>CPR Maskesi:<\/strong> CPR maskesi, kalp masaj\u0131 veya suni teneff\u00fcs gerektiren durumlarda kullan\u0131l\u0131r. CPR maskesi, a\u011f\u0131zdan a\u011f\u0131za yap\u0131lan suni teneff\u00fcs\u00fc kolayla\u015ft\u0131r\u0131rken, hastal\u0131klar\u0131n bula\u015fmas\u0131n\u0131 da engeller.<\/li>\n\n\n\n<li><strong>Is\u0131t\u0131c\u0131 ve So\u011futucu Jeller: <\/strong>Is\u0131t\u0131c\u0131 ve so\u011futucu jeller, kas spazmlar\u0131, burkulmalar, \u015fi\u015flikler ve benzeri durumlarda kullan\u0131l\u0131r. Is\u0131t\u0131c\u0131 jel, kaslar\u0131n rahatlamas\u0131na yard\u0131mc\u0131 olurken, so\u011futucu jel ise \u015fi\u015fliklerin inmesine yard\u0131mc\u0131 olur.<\/li>\n\n\n\n<li><strong>\u00d6zel \u0130la\u00e7lar:<\/strong> \u0130lk yard\u0131m \u00e7antas\u0131nda \u00f6zel ila\u00e7lar da bulunmal\u0131d\u0131r. \u00d6zellikle ast\u0131m, diyabet, alerjik reaksiyonlar gibi durumlarda ki\u015fiye \u00f6zel ila\u00e7lar mutlaka \u00e7antada bulunmal\u0131d\u0131r.<\/li>\n<\/ul>\n\n\n\n<hr class=\"wp-block-separator has-css-opacity is-style-wide\"\/>\n\n\n\n<p>Yukar\u0131da belirtilen malzemeler, bir ilk yard\u0131m \u00e7antas\u0131nda mutlaka bulunmas\u0131 gereken temel malzemelerdir. Ancak, \u00e7antan\u0131n i\u00e7eri\u011fi ki\u015fiye \u00f6zel de\u011fi\u015febilir.<\/p>\n\n\n\n<p>\u00d6rne\u011fin, bir ki\u015fi y\u00fcksek tansiyon hastas\u0131 ise, \u00e7antas\u0131nda tansiyon \u00f6l\u00e7\u00fcm cihaz\u0131 da bulundurabilir. Ya da bir ki\u015fi, y\u00fcr\u00fcrken d\u00fc\u015fme riski olan bir alanda bulunuyorsa, ekstra yaralanma durumlar\u0131na kar\u015f\u0131 kask ve dizlik gibi malzemeler de ekleyebilir.<\/p>\n\n\n\n<p>Bir ilk yard\u0131m \u00e7antas\u0131, acil durumlarda h\u0131zl\u0131 ve do\u011fru m\u00fcdahale i\u00e7in olmazsa olmaz bir ekipmand\u0131r. \u0130lk yard\u0131m \u00e7antas\u0131nda olmas\u0131 gereken malzemelerin eksiksiz ve g\u00fcncel olmas\u0131 hayat kurtarabilir.<\/p>\n\n\n\n<p>Karavan ya\u015fam\u0131nda da, do\u011fa gezilerinde de ilk yard\u0131m \u00e7antas\u0131 her zaman yan\u0131n\u0131zda olmal\u0131 ve d\u00fczenli aral\u0131klarla kontrol edilmelidir.<\/p>\n\n\n\n<hr class=\"wp-block-separator has-css-opacity is-style-wide\"\/>\n\n\n\n<h2 class=\"wp-block-heading\">Karavan ya\u015fam\u0131nda \u0130lk Yard\u0131m E\u011fitimi<\/h2>\n\n\n\n<figure class=\"wp-block-image size-large\"><img decoding=\"async\" width=\"1000\" height=\"667\" data-src=\"https:\/\/geziyoo.co\/blog\/wp-content\/uploads\/2023\/04\/Karavan-Mutfak-Ekipmanlari-ve-Malzemeleri.jpg\" alt=\"\" class=\"wp-image-12735 lazyload\" data-srcset=\"http:\/\/geziyoo.co\/blog\/wp-content\/uploads\/2023\/04\/Karavan-Mutfak-Ekipmanlari-ve-Malzemeleri.jpg 1000w, http:\/\/geziyoo.co\/blog\/wp-content\/uploads\/2023\/04\/Karavan-Mutfak-Ekipmanlari-ve-Malzemeleri-300x200.jpg 300w, http:\/\/geziyoo.co\/blog\/wp-content\/uploads\/2023\/04\/Karavan-Mutfak-Ekipmanlari-ve-Malzemeleri-768x512.jpg 768w\" data-sizes=\"(max-width: 1000px) 100vw, 1000px\" src=\"data:image\/gif;base64,R0lGODlhAQABAAAAACH5BAEKAAEALAAAAAABAAEAAAICTAEAOw==\" style=\"--smush-placeholder-width: 1000px; --smush-placeholder-aspect-ratio: 1000\/667;\" \/><\/figure>\n\n\n\n<p>Karavan ya\u015fam\u0131nda ilk yard\u0131m becerilerini \u00f6\u011frenmek, seyahatlerinizde acil durumlara m\u00fcdahale etmek i\u00e7in gerekli olan bilgi ve becerileri edinmenizi sa\u011flayacakt\u0131r. \u0130lk yard\u0131m e\u011fitimi, bir\u00e7ok kurum ve kurulu\u015f taraf\u0131ndan sunulmaktad\u0131r. <\/p>\n\n\n\n<blockquote class=\"wp-block-quote quote-solid is-layout-flow wp-block-quote quote-solid-is-layout-flow\">\n<p>Ayr\u0131ca, bir\u00e7ok online platformda da e\u011fitimler mevcuttur.K\u0131z\u0131lay\u0131n haz\u0131rlam\u0131\u015f oldu\u011fu <strong><em><a href=\"https:\/\/www.ilkyardim.org.tr\/\">\u0130LK YARDIM E\u011e\u0130T\u0130M\u0130<\/a><\/em><\/strong> \u00fccretsiz bir \u015fekilde faydalanabilirsiniz.Dilerseniz Akut&#8217;un haz\u0131rlam\u0131\u015f oldu\u011fu e\u011fitimede <strong><em><a href=\"https:\/\/ilkyardim.akut.org.tr\/egitimlerimiz\/temel-ilk-yardim-egitimi\/\">BURADAN<\/a><\/em><\/strong> ula\u015fabilirsiniz.<\/p>\n<\/blockquote>\n\n\n\n<p>Karavan ya\u015fam\u0131nda ilk yard\u0131m becerileri, seyahat ederken kar\u015f\u0131la\u015fabilece\u011finiz acil durumlara m\u00fcdahale etmek i\u00e7in hayati \u00f6nem ta\u015f\u0131r.<\/p>\n\n\n\n<hr class=\"wp-block-separator has-css-opacity is-style-wide\"\/>\n\n\n\n<h3 class=\"wp-block-heading\">Bunlar\u0131da Sevebilirsiniz;<\/h3>\n\n\n<ul class=\"wp-block-latest-posts__list wp-block-latest-posts\"><li><a class=\"wp-block-latest-posts__post-title\" href=\"http:\/\/geziyoo.co\/blog\/yazin-karavanda-olmasi-gereken-ekipmanlar\/\">Yaz\u0131n Karavanda Olmas\u0131 Gereken Olmazsa Olmaz 7 Ekipman<\/a><\/li>\n<li><a class=\"wp-block-latest-posts__post-title\" href=\"http:\/\/geziyoo.co\/blog\/yazi-tura-oyunu\/\">Yaz\u0131 Tura Oyunu ile Seyahat Planlar\u0131n\u0131z\u0131 Kolayla\u015ft\u0131r\u0131n<\/a><\/li>\n<li><a class=\"wp-block-latest-posts__post-title\" href=\"http:\/\/geziyoo.co\/blog\/wide-path-camper-bisiklet-karavanlari\/\">Wide Path Camper Bisiklet Karavanlar\u0131<\/a><\/li>\n<\/ul>","protected":false},"excerpt":{"rendered":"<p>Karavan ya\u015fam\u0131nda ilk yard\u0131m olduk\u00e7a \u00f6nemlidir. \u00c7\u00fcnk\u00fc seyahat ederken acil durumlarla kar\u015f\u0131la\u015fabilirsiniz ve bu durumlarda ilk yard\u0131m bilgisi hayat kurtar\u0131c\u0131 olabilir. Bu i\u00e7eri\u011fimizde, karavan ya\u015fam\u0131nda ilk yard\u0131m hakk\u0131nda bilmeniz gereken her \u015feyi bulabilirsiniz.Bu kobuyu l\u00fctfen g\u00f6z ard\u0131 etmeyin.Nerede hangi halde olaca\u011f\u0131n\u0131z\u0131 bilemezsiniz.Bundan dolay\u0131 \u0130lkyard\u0131m \u00e7ok ama \u00e7ok \u00f6nemli. E\u011fitiminizi ald\u0131n\u0131z her\u015fey haz\u0131r \u015fimdi s\u0131rada karavan\u0131n\u0131za &hellip;<\/p>\n","protected":false},"author":1,"featured_media":5611,"comment_status":"open","ping_status":"closed","sticky":false,"template":"","format":"standard","meta":{"footnotes":""},"categories":[33],"tags":[],"class_list":["post-12807","post","type-post","status-publish","format-standard","has-post-thumbnail","hentry","category-karavanipuclari"],"yoast_head":"<!-- This site is optimized with the Yoast SEO plugin v26.9 - https:\/\/yoast.com\/product\/yoast-seo-wordpress\/ -->\n<title>Karavan Ya\u015fam\u0131nda \u0130lk Yard\u0131m, Bilinmesi Gerekenler | Geziyoo<\/title>\n<meta name=\"description\" content=\"Karavan ya\u015fam\u0131nda ilk yard\u0131m olduk\u00e7a \u00f6nemlidir. \u00c7\u00fcnk\u00fc seyahat ederken acil durumlarla kar\u015f\u0131la\u015fabilirsiniz ve bu durumlarda ilk yard\u0131m bilgisi\" \/>\n<meta name=\"robots\" content=\"index, follow, max-snippet:-1, max-image-preview:large, max-video-preview:-1\" \/>\n<link rel=\"canonical\" href=\"http:\/\/geziyoo.co\/blog\/karavan-yasaminda-ilk-yardim\/\" \/>\n<meta property=\"og:locale\" content=\"tr_TR\" \/>\n<meta property=\"og:type\" content=\"article\" \/>\n<meta property=\"og:title\" content=\"Karavan Ya\u015fam\u0131nda \u0130lk Yard\u0131m, Bilinmesi Gerekenler | Geziyoo\" \/>\n<meta property=\"og:description\" content=\"Karavan ya\u015fam\u0131nda ilk yard\u0131m olduk\u00e7a \u00f6nemlidir. \u00c7\u00fcnk\u00fc seyahat ederken acil durumlarla kar\u015f\u0131la\u015fabilirsiniz ve bu durumlarda ilk yard\u0131m bilgisi\" \/>\n<meta property=\"og:url\" content=\"http:\/\/geziyoo.co\/blog\/karavan-yasaminda-ilk-yardim\/\" \/>\n<meta property=\"og:site_name\" content=\"Geziyoo.co\" \/>\n<meta property=\"article:publisher\" content=\"https:\/\/www.facebook.com\/Geziyooco\" \/>\n<meta property=\"article:author\" content=\"https:\/\/www.facebook.com\/geziyoo.co\" \/>\n<meta property=\"article:published_time\" content=\"2023-05-08T14:47:46+00:00\" \/>\n<meta property=\"article:modified_time\" content=\"2026-01-23T13:54:48+00:00\" \/>\n<meta property=\"og:image\" content=\"http:\/\/geziyoo.co\/blog\/wp-content\/uploads\/2020\/05\/Kamp-\u00c7antas\u0131nda-Bulunmas\u0131-Gereken-\u0130lkyard\u0131m-Malzemeleri-1-scaled.jpg\" \/>\n\t<meta property=\"og:image:width\" content=\"1200\" \/>\n\t<meta property=\"og:image:height\" content=\"800\" \/>\n\t<meta property=\"og:image:type\" content=\"image\/jpeg\" \/>\n<meta name=\"author\" content=\"Geziyoo\" \/>\n<meta name=\"twitter:card\" content=\"summary_large_image\" \/>\n<meta name=\"twitter:creator\" content=\"@https:\/\/twitter.com\/geziyoo\" \/>\n<meta name=\"twitter:site\" content=\"@geziyoo\" \/>\n<meta name=\"twitter:label1\" content=\"Yazan:\" \/>\n\t<meta name=\"twitter:data1\" content=\"Geziyoo\" \/>\n\t<meta name=\"twitter:label2\" content=\"Tahmini okuma s\u00fcresi\" \/>\n\t<meta name=\"twitter:data2\" content=\"8 dakika\" \/>\n<script type=\"application\/ld+json\" class=\"yoast-schema-graph\">{\"@context\":\"https:\/\/schema.org\",\"@graph\":[{\"@type\":\"Article\",\"@id\":\"http:\/\/geziyoo.co\/blog\/karavan-yasaminda-ilk-yardim\/#article\",\"isPartOf\":{\"@id\":\"http:\/\/geziyoo.co\/blog\/karavan-yasaminda-ilk-yardim\/\"},\"author\":{\"name\":\"Geziyoo\",\"@id\":\"https:\/\/geziyoo.co\/blog\/#\/schema\/person\/032acb2436540ed14784e7d978aef0e4\"},\"headline\":\"Karavan Ya\u015fam\u0131nda \u0130lk Yard\u0131m, Bilinmesi Gerekenler\",\"datePublished\":\"2023-05-08T14:47:46+00:00\",\"dateModified\":\"2026-01-23T13:54:48+00:00\",\"mainEntityOfPage\":{\"@id\":\"http:\/\/geziyoo.co\/blog\/karavan-yasaminda-ilk-yardim\/\"},\"wordCount\":1602,\"commentCount\":0,\"publisher\":{\"@id\":\"https:\/\/geziyoo.co\/blog\/#organization\"},\"image\":{\"@id\":\"http:\/\/geziyoo.co\/blog\/karavan-yasaminda-ilk-yardim\/#primaryimage\"},\"thumbnailUrl\":\"http:\/\/geziyoo.co\/blog\/wp-content\/uploads\/2020\/05\/Kamp-\u00c7antas\u0131nda-Bulunmas\u0131-Gereken-\u0130lkyard\u0131m-Malzemeleri-1-scaled.jpg\",\"articleSection\":[\"Karavan \u0130pu\u00e7lar\u0131\"],\"inLanguage\":\"tr\",\"potentialAction\":[{\"@type\":\"CommentAction\",\"name\":\"Comment\",\"target\":[\"http:\/\/geziyoo.co\/blog\/karavan-yasaminda-ilk-yardim\/#respond\"]}]},{\"@type\":\"WebPage\",\"@id\":\"http:\/\/geziyoo.co\/blog\/karavan-yasaminda-ilk-yardim\/\",\"url\":\"http:\/\/geziyoo.co\/blog\/karavan-yasaminda-ilk-yardim\/\",\"name\":\"Karavan Ya\u015fam\u0131nda \u0130lk Yard\u0131m, Bilinmesi Gerekenler | Geziyoo\",\"isPartOf\":{\"@id\":\"https:\/\/geziyoo.co\/blog\/#website\"},\"primaryImageOfPage\":{\"@id\":\"http:\/\/geziyoo.co\/blog\/karavan-yasaminda-ilk-yardim\/#primaryimage\"},\"image\":{\"@id\":\"http:\/\/geziyoo.co\/blog\/karavan-yasaminda-ilk-yardim\/#primaryimage\"},\"thumbnailUrl\":\"http:\/\/geziyoo.co\/blog\/wp-content\/uploads\/2020\/05\/Kamp-\u00c7antas\u0131nda-Bulunmas\u0131-Gereken-\u0130lkyard\u0131m-Malzemeleri-1-scaled.jpg\",\"datePublished\":\"2023-05-08T14:47:46+00:00\",\"dateModified\":\"2026-01-23T13:54:48+00:00\",\"description\":\"Karavan ya\u015fam\u0131nda ilk yard\u0131m olduk\u00e7a \u00f6nemlidir. \u00c7\u00fcnk\u00fc seyahat ederken acil durumlarla kar\u015f\u0131la\u015fabilirsiniz ve bu durumlarda ilk yard\u0131m bilgisi\",\"breadcrumb\":{\"@id\":\"http:\/\/geziyoo.co\/blog\/karavan-yasaminda-ilk-yardim\/#breadcrumb\"},\"inLanguage\":\"tr\",\"potentialAction\":[{\"@type\":\"ReadAction\",\"target\":[\"http:\/\/geziyoo.co\/blog\/karavan-yasaminda-ilk-yardim\/\"]}]},{\"@type\":\"ImageObject\",\"inLanguage\":\"tr\",\"@id\":\"http:\/\/geziyoo.co\/blog\/karavan-yasaminda-ilk-yardim\/#primaryimage\",\"url\":\"http:\/\/geziyoo.co\/blog\/wp-content\/uploads\/2020\/05\/Kamp-\u00c7antas\u0131nda-Bulunmas\u0131-Gereken-\u0130lkyard\u0131m-Malzemeleri-1-scaled.jpg\",\"contentUrl\":\"http:\/\/geziyoo.co\/blog\/wp-content\/uploads\/2020\/05\/Kamp-\u00c7antas\u0131nda-Bulunmas\u0131-Gereken-\u0130lkyard\u0131m-Malzemeleri-1-scaled.jpg\",\"width\":1200,\"height\":800},{\"@type\":\"BreadcrumbList\",\"@id\":\"http:\/\/geziyoo.co\/blog\/karavan-yasaminda-ilk-yardim\/#breadcrumb\",\"itemListElement\":[{\"@type\":\"ListItem\",\"position\":1,\"name\":\"Ana sayfa\",\"item\":\"https:\/\/geziyoo.co\/blog\/\"},{\"@type\":\"ListItem\",\"position\":2,\"name\":\"Karavan Ya\u015fam\u0131nda \u0130lk Yard\u0131m, Bilinmesi Gerekenler\"}]},{\"@type\":\"WebSite\",\"@id\":\"https:\/\/geziyoo.co\/blog\/#website\",\"url\":\"https:\/\/geziyoo.co\/blog\/\",\"name\":\"Geziyoo Blog\",\"description\":\"GeziYoo Blog&#039;da T\u00fcrkiye&#039;nin en iyi kamp alanlar\u0131ndan bungalov tatillerine, karavan ipu\u00e7lar\u0131ndan gezi rehberlerine kadar her t\u00fcrl\u00fc do\u011fa deneyimini ke\u015ffedin.\",\"publisher\":{\"@id\":\"https:\/\/geziyoo.co\/blog\/#organization\"},\"potentialAction\":[{\"@type\":\"SearchAction\",\"target\":{\"@type\":\"EntryPoint\",\"urlTemplate\":\"https:\/\/geziyoo.co\/blog\/?s={search_term_string}\"},\"query-input\":{\"@type\":\"PropertyValueSpecification\",\"valueRequired\":true,\"valueName\":\"search_term_string\"}}],\"inLanguage\":\"tr\"},{\"@type\":\"Organization\",\"@id\":\"https:\/\/geziyoo.co\/blog\/#organization\",\"name\":\"Geziyoo.co\",\"url\":\"https:\/\/geziyoo.co\/blog\/\",\"logo\":{\"@type\":\"ImageObject\",\"inLanguage\":\"tr\",\"@id\":\"https:\/\/geziyoo.co\/blog\/#\/schema\/logo\/image\/\",\"url\":\"https:\/\/geziyoo.co\/blog\/wp-content\/uploads\/2025\/01\/Paragraf-metniniz-3.png\",\"contentUrl\":\"https:\/\/geziyoo.co\/blog\/wp-content\/uploads\/2025\/01\/Paragraf-metniniz-3.png\",\"width\":270,\"height\":50,\"caption\":\"Geziyoo.co\"},\"image\":{\"@id\":\"https:\/\/geziyoo.co\/blog\/#\/schema\/logo\/image\/\"},\"sameAs\":[\"https:\/\/www.facebook.com\/Geziyooco\",\"https:\/\/x.com\/geziyoo\",\"https:\/\/tr.pinterest.com\/geziyooco\/\",\"https:\/\/www.youtube.com\/@geziyoo\",\"https:\/\/www.instagram.com\/geziyoo.co\/\"]},{\"@type\":\"Person\",\"@id\":\"https:\/\/geziyoo.co\/blog\/#\/schema\/person\/032acb2436540ed14784e7d978aef0e4\",\"name\":\"Geziyoo\",\"image\":{\"@type\":\"ImageObject\",\"inLanguage\":\"tr\",\"@id\":\"https:\/\/geziyoo.co\/blog\/#\/schema\/person\/image\/\",\"url\":\"https:\/\/secure.gravatar.com\/avatar\/ae212a4514471fdb8cab6e5af4f3c99b940a2d0a16713ea0392c8d7c8a64f30a?s=96&d=mm&r=g\",\"contentUrl\":\"https:\/\/secure.gravatar.com\/avatar\/ae212a4514471fdb8cab6e5af4f3c99b940a2d0a16713ea0392c8d7c8a64f30a?s=96&d=mm&r=g\",\"caption\":\"Geziyoo\"},\"description\":\"Do\u011fa ile i\u00e7 i\u00e7e olabilece\u011finiz yerler,do\u011fa aktivite alanlar\u0131,kamp alanlar\u0131,bungalov oteller,Tiny House Oteller, Galampingler ve da\u011f evlerinin herkes i\u00e7in ula\u015f\u0131labilir olmas\u0131n\u0131 sa\u011flamak amac\u0131yla Geziyoo\u2019ya 2019 y\u0131l\u0131nda ba\u015flad\u0131k.Do\u011fal Tatil konseptini uygulayan en geni\u015f kapsaml\u0131 sitedir.\",\"sameAs\":[\"https:\/\/geziyoo.co\/\",\"https:\/\/www.facebook.com\/geziyoo.co\",\"https:\/\/www.instagram.com\/geziyoo.co\/\",\"https:\/\/tr.pinterest.com\/geziyooco\/\",\"https:\/\/x.com\/https:\/\/twitter.com\/geziyoo\",\"https:\/\/www.youtube.com\/channel\/UCdiSMa6pe17KEY7DP1Ug4ag\"]}]}<\/script>\n<!-- \/ Yoast SEO plugin. -->","yoast_head_json":{"title":"Karavan Ya\u015fam\u0131nda \u0130lk Yard\u0131m, Bilinmesi Gerekenler | Geziyoo","description":"Karavan ya\u015fam\u0131nda ilk yard\u0131m olduk\u00e7a \u00f6nemlidir. \u00c7\u00fcnk\u00fc seyahat ederken acil durumlarla kar\u015f\u0131la\u015fabilirsiniz ve bu durumlarda ilk yard\u0131m bilgisi","robots":{"index":"index","follow":"follow","max-snippet":"max-snippet:-1","max-image-preview":"max-image-preview:large","max-video-preview":"max-video-preview:-1"},"canonical":"http:\/\/geziyoo.co\/blog\/karavan-yasaminda-ilk-yardim\/","og_locale":"tr_TR","og_type":"article","og_title":"Karavan Ya\u015fam\u0131nda \u0130lk Yard\u0131m, Bilinmesi Gerekenler | Geziyoo","og_description":"Karavan ya\u015fam\u0131nda ilk yard\u0131m olduk\u00e7a \u00f6nemlidir. \u00c7\u00fcnk\u00fc seyahat ederken acil durumlarla kar\u015f\u0131la\u015fabilirsiniz ve bu durumlarda ilk yard\u0131m bilgisi","og_url":"http:\/\/geziyoo.co\/blog\/karavan-yasaminda-ilk-yardim\/","og_site_name":"Geziyoo.co","article_publisher":"https:\/\/www.facebook.com\/Geziyooco","article_author":"https:\/\/www.facebook.com\/geziyoo.co","article_published_time":"2023-05-08T14:47:46+00:00","article_modified_time":"2026-01-23T13:54:48+00:00","og_image":[{"width":1200,"height":800,"url":"http:\/\/geziyoo.co\/blog\/wp-content\/uploads\/2020\/05\/Kamp-\u00c7antas\u0131nda-Bulunmas\u0131-Gereken-\u0130lkyard\u0131m-Malzemeleri-1-scaled.jpg","type":"image\/jpeg"}],"author":"Geziyoo","twitter_card":"summary_large_image","twitter_creator":"@https:\/\/twitter.com\/geziyoo","twitter_site":"@geziyoo","twitter_misc":{"Yazan:":"Geziyoo","Tahmini okuma s\u00fcresi":"8 dakika"},"schema":{"@context":"https:\/\/schema.org","@graph":[{"@type":"Article","@id":"http:\/\/geziyoo.co\/blog\/karavan-yasaminda-ilk-yardim\/#article","isPartOf":{"@id":"http:\/\/geziyoo.co\/blog\/karavan-yasaminda-ilk-yardim\/"},"author":{"name":"Geziyoo","@id":"https:\/\/geziyoo.co\/blog\/#\/schema\/person\/032acb2436540ed14784e7d978aef0e4"},"headline":"Karavan Ya\u015fam\u0131nda \u0130lk Yard\u0131m, Bilinmesi Gerekenler","datePublished":"2023-05-08T14:47:46+00:00","dateModified":"2026-01-23T13:54:48+00:00","mainEntityOfPage":{"@id":"http:\/\/geziyoo.co\/blog\/karavan-yasaminda-ilk-yardim\/"},"wordCount":1602,"commentCount":0,"publisher":{"@id":"https:\/\/geziyoo.co\/blog\/#organization"},"image":{"@id":"http:\/\/geziyoo.co\/blog\/karavan-yasaminda-ilk-yardim\/#primaryimage"},"thumbnailUrl":"http:\/\/geziyoo.co\/blog\/wp-content\/uploads\/2020\/05\/Kamp-\u00c7antas\u0131nda-Bulunmas\u0131-Gereken-\u0130lkyard\u0131m-Malzemeleri-1-scaled.jpg","articleSection":["Karavan \u0130pu\u00e7lar\u0131"],"inLanguage":"tr","potentialAction":[{"@type":"CommentAction","name":"Comment","target":["http:\/\/geziyoo.co\/blog\/karavan-yasaminda-ilk-yardim\/#respond"]}]},{"@type":"WebPage","@id":"http:\/\/geziyoo.co\/blog\/karavan-yasaminda-ilk-yardim\/","url":"http:\/\/geziyoo.co\/blog\/karavan-yasaminda-ilk-yardim\/","name":"Karavan Ya\u015fam\u0131nda \u0130lk Yard\u0131m, Bilinmesi Gerekenler | Geziyoo","isPartOf":{"@id":"https:\/\/geziyoo.co\/blog\/#website"},"primaryImageOfPage":{"@id":"http:\/\/geziyoo.co\/blog\/karavan-yasaminda-ilk-yardim\/#primaryimage"},"image":{"@id":"http:\/\/geziyoo.co\/blog\/karavan-yasaminda-ilk-yardim\/#primaryimage"},"thumbnailUrl":"http:\/\/geziyoo.co\/blog\/wp-content\/uploads\/2020\/05\/Kamp-\u00c7antas\u0131nda-Bulunmas\u0131-Gereken-\u0130lkyard\u0131m-Malzemeleri-1-scaled.jpg","datePublished":"2023-05-08T14:47:46+00:00","dateModified":"2026-01-23T13:54:48+00:00","description":"Karavan ya\u015fam\u0131nda ilk yard\u0131m olduk\u00e7a \u00f6nemlidir. \u00c7\u00fcnk\u00fc seyahat ederken acil durumlarla kar\u015f\u0131la\u015fabilirsiniz ve bu durumlarda ilk yard\u0131m bilgisi","breadcrumb":{"@id":"http:\/\/geziyoo.co\/blog\/karavan-yasaminda-ilk-yardim\/#breadcrumb"},"inLanguage":"tr","potentialAction":[{"@type":"ReadAction","target":["http:\/\/geziyoo.co\/blog\/karavan-yasaminda-ilk-yardim\/"]}]},{"@type":"ImageObject","inLanguage":"tr","@id":"http:\/\/geziyoo.co\/blog\/karavan-yasaminda-ilk-yardim\/#primaryimage","url":"http:\/\/geziyoo.co\/blog\/wp-content\/uploads\/2020\/05\/Kamp-\u00c7antas\u0131nda-Bulunmas\u0131-Gereken-\u0130lkyard\u0131m-Malzemeleri-1-scaled.jpg","contentUrl":"http:\/\/geziyoo.co\/blog\/wp-content\/uploads\/2020\/05\/Kamp-\u00c7antas\u0131nda-Bulunmas\u0131-Gereken-\u0130lkyard\u0131m-Malzemeleri-1-scaled.jpg","width":1200,"height":800},{"@type":"BreadcrumbList","@id":"http:\/\/geziyoo.co\/blog\/karavan-yasaminda-ilk-yardim\/#breadcrumb","itemListElement":[{"@type":"ListItem","position":1,"name":"Ana sayfa","item":"https:\/\/geziyoo.co\/blog\/"},{"@type":"ListItem","position":2,"name":"Karavan Ya\u015fam\u0131nda \u0130lk Yard\u0131m, Bilinmesi Gerekenler"}]},{"@type":"WebSite","@id":"https:\/\/geziyoo.co\/blog\/#website","url":"https:\/\/geziyoo.co\/blog\/","name":"Geziyoo Blog","description":"GeziYoo Blog&#039;da T\u00fcrkiye&#039;nin en iyi kamp alanlar\u0131ndan bungalov tatillerine, karavan ipu\u00e7lar\u0131ndan gezi rehberlerine kadar her t\u00fcrl\u00fc do\u011fa deneyimini ke\u015ffedin.","publisher":{"@id":"https:\/\/geziyoo.co\/blog\/#organization"},"potentialAction":[{"@type":"SearchAction","target":{"@type":"EntryPoint","urlTemplate":"https:\/\/geziyoo.co\/blog\/?s={search_term_string}"},"query-input":{"@type":"PropertyValueSpecification","valueRequired":true,"valueName":"search_term_string"}}],"inLanguage":"tr"},{"@type":"Organization","@id":"https:\/\/geziyoo.co\/blog\/#organization","name":"Geziyoo.co","url":"https:\/\/geziyoo.co\/blog\/","logo":{"@type":"ImageObject","inLanguage":"tr","@id":"https:\/\/geziyoo.co\/blog\/#\/schema\/logo\/image\/","url":"https:\/\/geziyoo.co\/blog\/wp-content\/uploads\/2025\/01\/Paragraf-metniniz-3.png","contentUrl":"https:\/\/geziyoo.co\/blog\/wp-content\/uploads\/2025\/01\/Paragraf-metniniz-3.png","width":270,"height":50,"caption":"Geziyoo.co"},"image":{"@id":"https:\/\/geziyoo.co\/blog\/#\/schema\/logo\/image\/"},"sameAs":["https:\/\/www.facebook.com\/Geziyooco","https:\/\/x.com\/geziyoo","https:\/\/tr.pinterest.com\/geziyooco\/","https:\/\/www.youtube.com\/@geziyoo","https:\/\/www.instagram.com\/geziyoo.co\/"]},{"@type":"Person","@id":"https:\/\/geziyoo.co\/blog\/#\/schema\/person\/032acb2436540ed14784e7d978aef0e4","name":"Geziyoo","image":{"@type":"ImageObject","inLanguage":"tr","@id":"https:\/\/geziyoo.co\/blog\/#\/schema\/person\/image\/","url":"https:\/\/secure.gravatar.com\/avatar\/ae212a4514471fdb8cab6e5af4f3c99b940a2d0a16713ea0392c8d7c8a64f30a?s=96&d=mm&r=g","contentUrl":"https:\/\/secure.gravatar.com\/avatar\/ae212a4514471fdb8cab6e5af4f3c99b940a2d0a16713ea0392c8d7c8a64f30a?s=96&d=mm&r=g","caption":"Geziyoo"},"description":"Do\u011fa ile i\u00e7 i\u00e7e olabilece\u011finiz yerler,do\u011fa aktivite alanlar\u0131,kamp alanlar\u0131,bungalov oteller,Tiny House Oteller, Galampingler ve da\u011f evlerinin herkes i\u00e7in ula\u015f\u0131labilir olmas\u0131n\u0131 sa\u011flamak amac\u0131yla Geziyoo\u2019ya 2019 y\u0131l\u0131nda ba\u015flad\u0131k.Do\u011fal Tatil konseptini uygulayan en geni\u015f kapsaml\u0131 sitedir.","sameAs":["https:\/\/geziyoo.co\/","https:\/\/www.facebook.com\/geziyoo.co","https:\/\/www.instagram.com\/geziyoo.co\/","https:\/\/tr.pinterest.com\/geziyooco\/","https:\/\/x.com\/https:\/\/twitter.com\/geziyoo","https:\/\/www.youtube.com\/channel\/UCdiSMa6pe17KEY7DP1Ug4ag"]}]}},"amp_enabled":true,"_links":{"self":[{"href":"http:\/\/geziyoo.co\/blog\/wp-json\/wp\/v2\/posts\/12807","targetHints":{"allow":["GET"]}}],"collection":[{"href":"http:\/\/geziyoo.co\/blog\/wp-json\/wp\/v2\/posts"}],"about":[{"href":"http:\/\/geziyoo.co\/blog\/wp-json\/wp\/v2\/types\/post"}],"author":[{"embeddable":true,"href":"http:\/\/geziyoo.co\/blog\/wp-json\/wp\/v2\/users\/1"}],"replies":[{"embeddable":true,"href":"http:\/\/geziyoo.co\/blog\/wp-json\/wp\/v2\/comments?post=12807"}],"version-history":[{"count":0,"href":"http:\/\/geziyoo.co\/blog\/wp-json\/wp\/v2\/posts\/12807\/revisions"}],"wp:featuredmedia":[{"embeddable":true,"href":"http:\/\/geziyoo.co\/blog\/wp-json\/wp\/v2\/media\/5611"}],"wp:attachment":[{"href":"http:\/\/geziyoo.co\/blog\/wp-json\/wp\/v2\/media?parent=12807"}],"wp:term":[{"taxonomy":"category","embeddable":true,"href":"http:\/\/geziyoo.co\/blog\/wp-json\/wp\/v2\/categories?post=12807"},{"taxonomy":"post_tag","embeddable":true,"href":"http:\/\/geziyoo.co\/blog\/wp-json\/wp\/v2\/tags?post=12807"}],"curies":[{"name":"wp","href":"https:\/\/api.w.org\/{rel}","templated":true}]}}