{"id":12413,"date":"2023-04-15T14:34:33","date_gmt":"2023-04-15T14:34:33","guid":{"rendered":"https:\/\/geziyoo.co\/blog\/?p=12413"},"modified":"2026-01-23T13:17:25","modified_gmt":"2026-01-23T13:17:25","slug":"karavan-klimasi-cesitleri-karavan-klimasi-fiyatlari","status":"publish","type":"post","link":"http:\/\/geziyoo.co\/blog\/karavan-klimasi-cesitleri-karavan-klimasi-fiyatlari\/","title":{"rendered":"Karavan Klimas\u0131 \u00c7e\u015fitleri ve Karavan Klimas\u0131 2026 Fiyatlar\u0131"},"content":{"rendered":"\n<p><strong>Karavan Klimas\u0131 \u00c7e\u015fitleri ve 2026 Fiyatlar\u0131 i\u00e7eri\u011fimizden herkese merhabalar bu i\u00e7eri\u011fimizde karavanlarda kullanabilece\u011finiz klima \u00e7e\u015fitlerine yer verece\u011fiz.<\/strong><\/p>\n\n\n\n<p>Karavanlar\u0131n \u00f6zellikle yaz aylar\u0131nda i\u00e7 s\u0131cakl\u0131klar\u0131 olduk\u00e7a y\u00fcksektir ve bu da tatil keyfini olumsuz etkileyebilir. Bu nedenle, bir\u00e7ok karavan kullan\u0131c\u0131s\u0131 yaz aylar\u0131nda daha konforlu bir ortam sa\u011flamak i\u00e7in klimalar kullan\u0131r.<\/p>\n\n\n\n<p>Ancak, standart klima sistemleri \u00e7o\u011fu zaman karavanlara uygun de\u011fildir ve yeterli so\u011futma sa\u011flayamazlar. Bu nedenle, karavan sahipleri i\u00e7in uygun ve etkili klima alternatifleri ara\u015ft\u0131r\u0131lmal\u0131d\u0131r.<\/p>\n\n\n\n<blockquote class=\"wp-block-quote quote-solid has-vivid-purple-background-color has-background is-layout-flow wp-block-quote quote-solid-is-layout-flow\">\n<p class=\"has-white-color has-luminous-vivid-amber-background-color has-text-color has-background\"><strong>NOT:Arkada\u015flar a\u015fa\u011f\u0131 k\u0131s\u0131mlarda internette ara\u015ft\u0131rma yap\u0131p karavan klimalar\u0131n\u0131n 2026 y\u0131l\u0131ndaki ortlama fiyatlar\u0131na yer verdik.Enflasyonu d\u00fc\u015f\u00fcnerek fiyatlarda oyanamalar olabilece\u011fini unutmay\u0131n.<\/strong><\/p>\n<\/blockquote>\n\n\n\n<hr class=\"wp-block-separator has-alpha-channel-opacity is-style-wide\"\/>\n\n\n\n<h2 class=\"wp-block-heading\">Ta\u015f\u0131nabilir Klima \u00dcniteleri <\/h2>\n\n\n\n<figure class=\"wp-block-image size-large\"><img decoding=\"async\" width=\"1024\" height=\"576\" data-src=\"https:\/\/geziyoo.co\/blog\/wp-content\/uploads\/2023\/04\/Karavanlarda-Elektrik-Nasil-Saglanir.png\" alt=\"Karavan Klimas\u0131 \u00c7e\u015fitleri\" class=\"wp-image-12390 lazyload\" data-srcset=\"http:\/\/geziyoo.co\/blog\/wp-content\/uploads\/2023\/04\/Karavanlarda-Elektrik-Nasil-Saglanir.png 1024w, http:\/\/geziyoo.co\/blog\/wp-content\/uploads\/2023\/04\/Karavanlarda-Elektrik-Nasil-Saglanir-300x169.png 300w, http:\/\/geziyoo.co\/blog\/wp-content\/uploads\/2023\/04\/Karavanlarda-Elektrik-Nasil-Saglanir-768x432.png 768w, http:\/\/geziyoo.co\/blog\/wp-content\/uploads\/2023\/04\/Karavanlarda-Elektrik-Nasil-Saglanir-390x220.png 390w\" data-sizes=\"(max-width: 1024px) 100vw, 1024px\" src=\"data:image\/gif;base64,R0lGODlhAQABAAAAACH5BAEKAAEALAAAAAABAAEAAAICTAEAOw==\" style=\"--smush-placeholder-width: 1024px; --smush-placeholder-aspect-ratio: 1024\/576;\" \/><figcaption class=\"wp-element-caption\">Karavan Klimas\u0131 \u00c7e\u015fitleri<\/figcaption><\/figure>\n\n\n\n<p>Ta\u015f\u0131nabilir klima \u00fcniteleri, karavan sahipleri aras\u0131nda pop\u00fcler bir se\u00e7enektir. Bu \u00fcniteler, kolayca ta\u015f\u0131nabilir ve genellikle 120V elektrik prizine tak\u0131l\u0131r.<\/p>\n\n\n\n<p>Ta\u015f\u0131nabilir klimalar, geleneksel klimalardan daha uygun maliyetlidir ve yeterli so\u011futma sa\u011flayabilirler. Ancak, ta\u015f\u0131nabilir klima \u00fcniteleri de hacim olarak olduk\u00e7a b\u00fcy\u00fckt\u00fcr ve karavan\u0131n i\u00e7indeki alan\u0131 k\u0131s\u0131tlar.<\/p>\n\n\n\n<h3 class=\"wp-block-heading\">Avantajlar<\/h3>\n\n\n\n<ul class=\"wp-block-list\">\n<li><strong>Ta\u015f\u0131nabilirlik:<\/strong> \u0130simlerinden de anla\u015f\u0131laca\u011f\u0131 gibi, ta\u015f\u0131nabilir klima \u00fcniteleri kolayca bir odadan di\u011ferine ta\u015f\u0131nabilir. Bu \u00f6zellik, belirli bir odan\u0131n belirli bir zaman i\u00e7in so\u011futulmas\u0131n\u0131 gerektiren durumlarda olduk\u00e7a kullan\u0131\u015fl\u0131d\u0131r.<\/li>\n\n\n\n<li><strong>Kurulum Kolayl\u0131\u011f\u0131:<\/strong> Ta\u015f\u0131nabilir klima \u00fcnitelerinin kurulumu genellikle olduk\u00e7a basittir. Ayr\u0131ca, \u00e7o\u011fu durumda, duvarda veya pencerede b\u00fcy\u00fck bir delik a\u00e7maya gerek yoktur.<\/li>\n\n\n\n<li><strong>Fiyat:<\/strong> Ta\u015f\u0131nabilir klima \u00fcniteleri, genellikle sabit klima sistemlerine k\u0131yasla daha d\u00fc\u015f\u00fck maliyetlidir. Bu, b\u00fct\u00e7eleri s\u0131n\u0131rl\u0131 olan ki\u015filer i\u00e7in iyi bir se\u00e7enektir.<\/li>\n<\/ul>\n\n\n\n<h3 class=\"wp-block-heading\">Dezavantajlar<\/h3>\n\n\n\n<ul class=\"wp-block-list\">\n<li><strong>Enerji Verimlili\u011fi:<\/strong> Ta\u015f\u0131nabilir klima \u00fcniteleri, genellikle merkezi klima sistemlerine veya duvar tipi birimlere k\u0131yasla daha az enerji verimlidir. Bu, zamanla daha y\u00fcksek elektrik faturalar\u0131 ile sonu\u00e7lanabilir.<\/li>\n\n\n\n<li><strong>S\u0131n\u0131rl\u0131 So\u011futma Kapasitesi:<\/strong> Ta\u015f\u0131nabilir klima \u00fcniteleri genellikle tek bir oday\u0131 so\u011futma kapasitesine sahiptir ve genellikle daha b\u00fcy\u00fck alanlar\u0131 so\u011futmak i\u00e7in yeterince g\u00fc\u00e7l\u00fc de\u011fildir.<\/li>\n\n\n\n<li><strong>G\u00fcr\u00fclt\u00fc:<\/strong> Ta\u015f\u0131nabilir klima \u00fcniteleri, sabit klima \u00fcnitelerine k\u0131yasla genellikle daha g\u00fcr\u00fclt\u00fcl\u00fcd\u00fcr. Bu, \u00f6zellikle sessiz bir ortamda ya\u015fayan veya \u00e7al\u0131\u015fan ki\u015filer i\u00e7in sorun olabilir.<\/li>\n\n\n\n<li><strong>G\u00f6r\u00fcn\u00fc\u015f:<\/strong> Estetik a\u00e7\u0131dan, ta\u015f\u0131nabilir klima \u00fcniteleri genellikle duvar tipi veya merkezi sistemler kadar \u00e7ekici g\u00f6r\u00fcnmez.<\/li>\n<\/ul>\n\n\n\n<hr class=\"wp-block-separator has-css-opacity is-style-wide\"\/>\n\n\n\n<h2 class=\"wp-block-heading\">Tavan Tipi Klima \u00dcniteleri:<\/h2>\n\n\n\n<figure class=\"wp-block-image size-large\"><img decoding=\"async\" width=\"1024\" height=\"731\" data-src=\"https:\/\/geziyoo.co\/blog\/wp-content\/uploads\/2023\/05\/Karavan-Tentesi-Cesitleri-ve-Fiyatlari-3-1024x731.jpg\" alt=\"\" class=\"wp-image-12800 lazyload\" data-srcset=\"http:\/\/geziyoo.co\/blog\/wp-content\/uploads\/2023\/05\/Karavan-Tentesi-Cesitleri-ve-Fiyatlari-3-1024x731.jpg 1024w, http:\/\/geziyoo.co\/blog\/wp-content\/uploads\/2023\/05\/Karavan-Tentesi-Cesitleri-ve-Fiyatlari-3-300x214.jpg 300w, http:\/\/geziyoo.co\/blog\/wp-content\/uploads\/2023\/05\/Karavan-Tentesi-Cesitleri-ve-Fiyatlari-3-768x548.jpg 768w, http:\/\/geziyoo.co\/blog\/wp-content\/uploads\/2023\/05\/Karavan-Tentesi-Cesitleri-ve-Fiyatlari-3-scaled.jpg 1120w\" data-sizes=\"(max-width: 1024px) 100vw, 1024px\" src=\"data:image\/gif;base64,R0lGODlhAQABAAAAACH5BAEKAAEALAAAAAABAAEAAAICTAEAOw==\" style=\"--smush-placeholder-width: 1024px; --smush-placeholder-aspect-ratio: 1024\/731;\" \/><\/figure>\n\n\n\n<p>Tavan tipi klimalar, bir\u00e7ok karavan \u00fcreticisi taraf\u0131ndan standart olarak sunulur. Bu klimalar, tavana monte edilir ve genellikle duvar tipi klimalardan daha sessizdir.<\/p>\n\n\n\n<p>Ayr\u0131ca, tavan tipi klimalar\u0131n \u00e7\u0131kard\u0131\u011f\u0131 hava, daha y\u00fcksek konumda oldu\u011fu i\u00e7in daha iyi bir hava sirk\u00fclasyonu sa\u011flar. Ancak, bu klimalar\u0131n montaj\u0131 olduk\u00e7a zahmetli olabilir ve montaj i\u015flemi profesyonel bir teknisyen taraf\u0131ndan yap\u0131lmal\u0131d\u0131r.<\/p>\n\n\n\n<h3 class=\"wp-block-heading\">Avantajlar\u0131<\/h3>\n\n\n\n<ul class=\"wp-block-list\">\n<li><strong>Verimlilik:<\/strong> Tavan tipi klima \u00fcniteleri, genellikle karavan\u0131n\u0131z\u0131 etkin bir \u015fekilde so\u011futmak i\u00e7in yeterli g\u00fcce sahiptir. Bu t\u00fcr birimler, so\u011futma kapasiteleri ve hava da\u011f\u0131l\u0131m\u0131 a\u00e7\u0131s\u0131ndan genellikle ta\u015f\u0131nabilir klima \u00fcnitelerine k\u0131yasla daha verimlidir.<\/li>\n\n\n\n<li><strong>Alan Tasarrufu:<\/strong> Tavan tipi klima \u00fcniteleri, karavan\u0131n\u0131z\u0131n i\u00e7inde yer tasarrufu sa\u011flar. Bu \u00fcniteler, tavana monte edildi\u011fi i\u00e7in karavan\u0131n i\u00e7inde ekstra yer kaplamazlar.<\/li>\n\n\n\n<li><strong>Uygunluk:<\/strong> Tavan tipi klima \u00fcniteleri genellikle karavanlar i\u00e7in \u00f6zel olarak tasarlanm\u0131\u015ft\u0131r. Bu, genellikle kolay kurulum ve ta\u015f\u0131ma arac\u0131n\u0131z\u0131n g\u00fc\u00e7 kayna\u011f\u0131na uygunluk anlam\u0131na gelir.<\/li>\n<\/ul>\n\n\n\n<h3 class=\"wp-block-heading\">Dezavantajlar\u0131<\/h3>\n\n\n\n<ul class=\"wp-block-list\">\n<li><strong>Kurulum:<\/strong> Tavan tipi klima \u00fcnitelerinin kurulumu genellikle profesyonel bir kurulum gerektirir. Bu, ekstra maliyet ve zaman gerektirebilir.<\/li>\n\n\n\n<li><strong>A\u011f\u0131rl\u0131k:<\/strong> Tavan tipi klima \u00fcniteleri genellikle karavan\u0131n tavan\u0131na ekstra a\u011f\u0131rl\u0131k ekler. Bu, ta\u015f\u0131ma kapasitesini ve yak\u0131t verimlili\u011fini etkileyebilir.<\/li>\n\n\n\n<li><strong>G\u00fcr\u00fclt\u00fc:<\/strong> Tavan tipi klima \u00fcniteleri, bazen karavan\u0131n i\u00e7inde bir miktar g\u00fcr\u00fclt\u00fc yapabilir. Bu, baz\u0131 insanlar i\u00e7in rahats\u0131z edici olabilir.<\/li>\n\n\n\n<li><strong>Bak\u0131m:<\/strong> Tavan tipi klima \u00fcniteleri genellikle bak\u0131m gerektirir. Bu, filtrelerin d\u00fczenli olarak temizlenmesini ve \u00fcnitenin genel bak\u0131m\u0131n\u0131 i\u00e7erir.<\/li>\n<\/ul>\n\n\n\n<hr class=\"wp-block-separator has-css-opacity is-style-wide\"\/>\n\n\n\n<blockquote class=\"wp-block-quote quote-solid is-layout-flow wp-block-quote quote-solid-is-layout-flow\">\n<p><em>Burada araya girelim.Bu tarz konular ilginizi \u00e7ekiyor ise&nbsp;<strong><em><a href=\"https:\/\/geziyoo.co\/blog\/karavan-rehberi\/\">KARAVAN \u0130PU\u00c7LARI<\/a><\/em><\/strong>&nbsp;ve&nbsp;<strong><em><a href=\"https:\/\/geziyoo.co\/blog\/kamp-kamp-onerileri\/\">KAMP \u0130PU\u00c7LARI<\/a><\/em><\/strong>&nbsp;i\u00e7eri\u011fimize bakman\u0131z\u0131 \u00f6neririz.<\/em><\/p>\n<\/blockquote>\n\n\n\n<hr class=\"wp-block-separator has-alpha-channel-opacity is-style-wide\"\/>\n\n\n\n<h2 class=\"wp-block-heading\">Cam Tipi Klima \u00dcniteleri<\/h2>\n\n\n\n<figure class=\"wp-block-image size-large\"><img decoding=\"async\" width=\"1024\" height=\"683\" data-src=\"https:\/\/geziyoo.co\/blog\/wp-content\/uploads\/2023\/05\/Karavanla-Yola-Cikmadan-Yapilmasi-Gereken-Kontroller-4.jpg\" alt=\"\" class=\"wp-image-12940 lazyload\" data-srcset=\"http:\/\/geziyoo.co\/blog\/wp-content\/uploads\/2023\/05\/Karavanla-Yola-Cikmadan-Yapilmasi-Gereken-Kontroller-4.jpg 1024w, http:\/\/geziyoo.co\/blog\/wp-content\/uploads\/2023\/05\/Karavanla-Yola-Cikmadan-Yapilmasi-Gereken-Kontroller-4-300x200.jpg 300w, http:\/\/geziyoo.co\/blog\/wp-content\/uploads\/2023\/05\/Karavanla-Yola-Cikmadan-Yapilmasi-Gereken-Kontroller-4-768x512.jpg 768w\" data-sizes=\"(max-width: 1024px) 100vw, 1024px\" src=\"data:image\/gif;base64,R0lGODlhAQABAAAAACH5BAEKAAEALAAAAAABAAEAAAICTAEAOw==\" style=\"--smush-placeholder-width: 1024px; --smush-placeholder-aspect-ratio: 1024\/683;\" \/><\/figure>\n\n\n\n<p>Cam tipi klimalar, karavan sahipleri aras\u0131nda pop\u00fcler bir se\u00e7enektir. Bu klimalar, cam\u0131n \u00fcst k\u0131sm\u0131na monte edilir ve i\u00e7erideki hava dola\u015f\u0131m\u0131n\u0131 sa\u011flamak i\u00e7in fan kullan\u0131rlar.<\/p>\n\n\n\n<p>Cam tipi klimalar, tavan tipi klimalara g\u00f6re daha ucuz ve daha kolay monte edilebilir. Ancak, bu klimalar\u0131n en b\u00fcy\u00fck dezavantaj\u0131, cam\u0131 a\u00e7amaman\u0131zd\u0131r.<\/p>\n\n\n\n<hr class=\"wp-block-separator has-alpha-channel-opacity is-style-wide\"\/>\n\n\n\n<h2 class=\"wp-block-heading\">Evaporatif So\u011futucular Evaporatif so\u011futucular<\/h2>\n\n\n\n<figure class=\"wp-block-image size-large\"><img decoding=\"async\" width=\"900\" height=\"696\" data-src=\"https:\/\/geziyoo.co\/blog\/wp-content\/uploads\/2023\/05\/Karavanla-Yola-Cikmadan-Yapilmasi-Gereken-Kontroller-5.jpg\" alt=\"\" class=\"wp-image-12941 lazyload\" data-srcset=\"http:\/\/geziyoo.co\/blog\/wp-content\/uploads\/2023\/05\/Karavanla-Yola-Cikmadan-Yapilmasi-Gereken-Kontroller-5.jpg 900w, http:\/\/geziyoo.co\/blog\/wp-content\/uploads\/2023\/05\/Karavanla-Yola-Cikmadan-Yapilmasi-Gereken-Kontroller-5-300x232.jpg 300w, http:\/\/geziyoo.co\/blog\/wp-content\/uploads\/2023\/05\/Karavanla-Yola-Cikmadan-Yapilmasi-Gereken-Kontroller-5-768x594.jpg 768w\" data-sizes=\"(max-width: 900px) 100vw, 900px\" src=\"data:image\/gif;base64,R0lGODlhAQABAAAAACH5BAEKAAEALAAAAAABAAEAAAICTAEAOw==\" style=\"--smush-placeholder-width: 900px; --smush-placeholder-aspect-ratio: 900\/696;\" \/><\/figure>\n\n\n\n<p>su buhar\u0131n\u0131 kullanarak havay\u0131 so\u011futan cihazlard\u0131r. Bu cihazlar, di\u011fer klima t\u00fcrlerine g\u00f6re daha az enerji t\u00fcketir ve daha \u00e7evre dostudur. Evaporatif so\u011futucular, ta\u015f\u0131nabilir ve kolayca kurulabilir.<\/p>\n\n\n\n<p>Ancak, yeterli so\u011futma sa\u011flamalar\u0131 i\u00e7in yeterli miktarda suya ihtiya\u00e7lar\u0131 vard\u0131r ve nemli havalarda etkili olmayabilirler.<\/p>\n\n\n\n<p>Karavan kullan\u0131c\u0131lar\u0131 i\u00e7in bir\u00e7ok farkl\u0131 klima se\u00e7ene\u011fi mevcuttur. Ta\u015f\u0131nabilir klima \u00fcniteleri, tavan tipi klimalar, cam tipi klimalar ve evaporatif so\u011futucular gibi \u00e7e\u015fitli se\u00e7enekler aras\u0131ndan se\u00e7im yapmak karavan sahiplerinin ihtiya\u00e7lar\u0131na ve b\u00fct\u00e7elerine ba\u011fl\u0131d\u0131r. Klima se\u00e7imi yaparken, karavan\u0131n boyutu, so\u011futma ihtiyac\u0131 ve enerji t\u00fcketimi gibi fakt\u00f6rler dikkate al\u0131nmal\u0131d\u0131r.<\/p>\n\n\n\n<blockquote class=\"wp-block-quote quote-solid is-layout-flow wp-block-quote quote-solid-is-layout-flow\">\n<p><em>Geziyoo.co\u2019nunda \u00e7ekme karavan\u0131 oldu\u011funu biliyormuydunuz?\u00c7ekme karavan\u0131m\u0131z\u0131 g\u00f6rmek ve \u00e7ekti\u011fimiz e\u011flenceli videolar i\u00e7in&nbsp;<\/em><strong>INSTAGRAM<\/strong><em>&nbsp;hesab\u0131m\u0131z\u0131 takip etmenizi rica ediyoruz.<\/em><strong><em><a href=\"https:\/\/www.instagram.com\/geziyoo.co\/\" target=\"_blank\" rel=\"noreferrer noopener\">TAK\u0130P ET&gt;&gt;&gt;<\/a><\/em><\/strong><\/p>\n<\/blockquote>\n\n\n\n<hr class=\"wp-block-separator has-css-opacity is-style-wide\"\/>\n\n\n\n<h2 class=\"wp-block-heading\">Klima kullan\u0131m\u0131 s\u0131ras\u0131nda Alabilece\u011finiz \u00d6nlemler<\/h2>\n\n\n\n<figure class=\"wp-block-image size-large\"><img decoding=\"async\" width=\"720\" height=\"455\" data-src=\"https:\/\/geziyoo.co\/blog\/wp-content\/uploads\/2023\/05\/Motokaravan-Hakkinda-Nedir-Ozellikleri-Ipuclari-5.jpg\" alt=\"\" class=\"wp-image-12912 lazyload\" data-srcset=\"http:\/\/geziyoo.co\/blog\/wp-content\/uploads\/2023\/05\/Motokaravan-Hakkinda-Nedir-Ozellikleri-Ipuclari-5.jpg 720w, http:\/\/geziyoo.co\/blog\/wp-content\/uploads\/2023\/05\/Motokaravan-Hakkinda-Nedir-Ozellikleri-Ipuclari-5-300x190.jpg 300w\" data-sizes=\"(max-width: 720px) 100vw, 720px\" src=\"data:image\/gif;base64,R0lGODlhAQABAAAAACH5BAEKAAEALAAAAAABAAEAAAICTAEAOw==\" style=\"--smush-placeholder-width: 720px; --smush-placeholder-aspect-ratio: 720\/455;\" \/><\/figure>\n\n\n\n<p>\u00d6ncelikle, karavan\u0131n elektrik sistemi klima i\u00e7in yeterli olmal\u0131d\u0131r. Aksi takdirde, klima d\u00fczg\u00fcn \u00e7al\u0131\u015fmayabilir veya hatta karavan\u0131n elektrik sistemini zarar verebilir. Ayr\u0131ca, klima kullan\u0131m\u0131 s\u0131ras\u0131nda karavan\u0131n i\u00e7inde yeterli havaland\u0131rma sa\u011flanmal\u0131d\u0131r. Bu, karavan\u0131n i\u00e7indeki hava kalitesini art\u0131r\u0131r ve kliman\u0131n daha verimli \u00e7al\u0131\u015fmas\u0131na yard\u0131mc\u0131 olur.<\/p>\n\n\n\n<p>Klima kullan\u0131m\u0131 s\u0131ras\u0131nda <strong><em><a href=\"https:\/\/geziyoo.co\/blog\/karavanda-yangin-guvenligi\/\" data-type=\"post\" data-id=\"12398\">yang\u0131n g\u00fcvenli\u011fi<\/a><\/em><\/strong> de \u00f6nemlidir. Kliman\u0131n yan\u0131nda veya \u00fcst\u00fcnde hi\u00e7bir \u015fey bulunmamal\u0131 ve kliman\u0131n filtreleri d\u00fczenli olarak temizlenmelidir. Ayr\u0131ca, karavan\u0131n d\u0131\u015f\u0131nda kliman\u0131n \u00e7evresinde yeterli hava ak\u0131\u015f\u0131 sa\u011flanmal\u0131d\u0131r. Bu, kliman\u0131n a\u015f\u0131r\u0131 \u0131s\u0131nmas\u0131n\u0131 ve yang\u0131n riskini azalt\u0131r.<\/p>\n\n\n\n<p>Karavanlarda kullan\u0131labilecek bir\u00e7ok farkl\u0131 klima alternatifi mevcuttur. Her birinin avantajlar\u0131 ve dezavantajlar\u0131 vard\u0131r ve karavan sahiplerinin ihtiya\u00e7lar\u0131na uygun se\u00e7im yapmas\u0131 \u00f6nemlidir. Klima kullan\u0131m\u0131 s\u0131ras\u0131nda dikkatli olunmal\u0131 ve yang\u0131n g\u00fcvenli\u011fi \u00f6nlemleri al\u0131nmal\u0131d\u0131r.<\/p>\n\n\n\n<hr class=\"wp-block-separator has-alpha-channel-opacity is-style-wide\"\/>\n\n\n\n<h2 class=\"wp-block-heading\">Karavan Klimas\u0131 Modelleri ve Fiyatlar\u0131 2026<\/h2>\n\n\n\n<p><strong><em>Byu b\u00f6l\u00fcmde karavan \u00e7e\u015fitlerine ve ortalama fiyatlar\u0131na bir g\u00f6z ataca\u011f\u0131z.Fiyatlar\u0131n g\u00fcn\u00fcm\u00fcz ko\u015fullar\u0131nda s\u0131k\u00e7a de\u011fi\u015fti\u011fini unutmay\u0131n.Ortalama fiyatlar\u0131 yans\u0131t\u0131r.<\/em><\/strong><\/p>\n\n\n\n<h3 class=\"wp-block-heading\">Truma Aventa Compact Karavan Klimas\u0131<\/h3>\n\n\n\n<figure class=\"wp-block-image size-full\"><img decoding=\"async\" width=\"1024\" height=\"1024\" data-src=\"https:\/\/geziyoo.co\/blog\/wp-content\/uploads\/2023\/11\/TrumaAventaCompactKaravanKlimasi_1512x.webp\" alt=\"\" class=\"wp-image-15226 lazyload\" data-srcset=\"http:\/\/geziyoo.co\/blog\/wp-content\/uploads\/2023\/11\/TrumaAventaCompactKaravanKlimasi_1512x.webp 1024w, http:\/\/geziyoo.co\/blog\/wp-content\/uploads\/2023\/11\/TrumaAventaCompactKaravanKlimasi_1512x-300x300.webp 300w, http:\/\/geziyoo.co\/blog\/wp-content\/uploads\/2023\/11\/TrumaAventaCompactKaravanKlimasi_1512x-150x150.webp 150w, http:\/\/geziyoo.co\/blog\/wp-content\/uploads\/2023\/11\/TrumaAventaCompactKaravanKlimasi_1512x-768x768.webp 768w\" data-sizes=\"(max-width: 1024px) 100vw, 1024px\" src=\"data:image\/gif;base64,R0lGODlhAQABAAAAACH5BAEKAAEALAAAAAABAAEAAAICTAEAOw==\" style=\"--smush-placeholder-width: 1024px; --smush-placeholder-aspect-ratio: 1024\/1024;\" \/><\/figure>\n\n\n\n<p><strong>Truma Aventa Compact Karavan Klimas\u0131<\/strong>: 98,220 TL &#8211; 122,072 TL<\/p>\n\n\n\n<hr class=\"wp-block-separator has-alpha-channel-opacity is-style-wide\"\/>\n\n\n\n<h3 class=\"wp-block-heading\">Truma Aventa Compact Plus Karavan Klimas\u0131<\/h3>\n\n\n\n<figure class=\"wp-block-image size-full\"><img decoding=\"async\" width=\"1024\" height=\"1024\" data-src=\"https:\/\/geziyoo.co\/blog\/wp-content\/uploads\/2023\/11\/truma-aventa-compact-plus-tepe-tipi-klima__0296153532089373_1512x.webp\" alt=\"\" class=\"wp-image-15227 lazyload\" data-srcset=\"http:\/\/geziyoo.co\/blog\/wp-content\/uploads\/2023\/11\/truma-aventa-compact-plus-tepe-tipi-klima__0296153532089373_1512x.webp 1024w, http:\/\/geziyoo.co\/blog\/wp-content\/uploads\/2023\/11\/truma-aventa-compact-plus-tepe-tipi-klima__0296153532089373_1512x-300x300.webp 300w, http:\/\/geziyoo.co\/blog\/wp-content\/uploads\/2023\/11\/truma-aventa-compact-plus-tepe-tipi-klima__0296153532089373_1512x-150x150.webp 150w, http:\/\/geziyoo.co\/blog\/wp-content\/uploads\/2023\/11\/truma-aventa-compact-plus-tepe-tipi-klima__0296153532089373_1512x-768x768.webp 768w\" data-sizes=\"(max-width: 1024px) 100vw, 1024px\" src=\"data:image\/gif;base64,R0lGODlhAQABAAAAACH5BAEKAAEALAAAAAABAAEAAAICTAEAOw==\" style=\"--smush-placeholder-width: 1024px; --smush-placeholder-aspect-ratio: 1024\/1024;\" \/><\/figure>\n\n\n\n<p><strong>Truma Aventa Compact Plus Karavan Klimas\u0131<\/strong>: 99,488 TL &#8211; 137,779 TL<\/p>\n\n\n\n<hr class=\"wp-block-separator has-alpha-channel-opacity is-style-wide\"\/>\n\n\n\n<h3 class=\"wp-block-heading\">Truma Klima Aventa Comfort Karavan Klimas\u0131 (Is\u0131tma ve So\u011futma)<\/h3>\n\n\n\n<figure class=\"wp-block-image size-full\"><img decoding=\"async\" width=\"440\" height=\"447\" data-src=\"https:\/\/geziyoo.co\/blog\/wp-content\/uploads\/2023\/11\/trumaklima_1512x.webp\" alt=\"\" class=\"wp-image-15228 lazyload\" data-srcset=\"http:\/\/geziyoo.co\/blog\/wp-content\/uploads\/2023\/11\/trumaklima_1512x.webp 440w, http:\/\/geziyoo.co\/blog\/wp-content\/uploads\/2023\/11\/trumaklima_1512x-295x300.webp 295w\" data-sizes=\"(max-width: 440px) 100vw, 440px\" src=\"data:image\/gif;base64,R0lGODlhAQABAAAAACH5BAEKAAEALAAAAAABAAEAAAICTAEAOw==\" style=\"--smush-placeholder-width: 440px; --smush-placeholder-aspect-ratio: 440\/447;\" \/><\/figure>\n\n\n\n<p><strong>Truma Klima Aventa Comfort Karavan Klimas\u0131 (Is\u0131tma ve So\u011futma)<\/strong>: 133,600 TL &#8211; 153,900 TL<\/p>\n\n\n\n<hr class=\"wp-block-separator has-alpha-channel-opacity is-style-wide\"\/>\n\n\n\n<h3 class=\"wp-block-heading\">Dometic FreshJet 1700 Karavan Klimas\u0131 Is\u0131tma ve So\u011futma<\/h3>\n\n\n\n<figure class=\"wp-block-image size-large\"><img decoding=\"async\" width=\"1024\" height=\"1024\" data-src=\"https:\/\/geziyoo.co\/blog\/wp-content\/uploads\/2023\/11\/DometicFreshJet1700KaravanKlimasiIsitmaveSogutma_1512x-1024x1024.webp\" alt=\"\" class=\"wp-image-15229 lazyload\" data-srcset=\"http:\/\/geziyoo.co\/blog\/wp-content\/uploads\/2023\/11\/DometicFreshJet1700KaravanKlimasiIsitmaveSogutma_1512x-1024x1024.webp 1024w, http:\/\/geziyoo.co\/blog\/wp-content\/uploads\/2023\/11\/DometicFreshJet1700KaravanKlimasiIsitmaveSogutma_1512x-300x300.webp 300w, http:\/\/geziyoo.co\/blog\/wp-content\/uploads\/2023\/11\/DometicFreshJet1700KaravanKlimasiIsitmaveSogutma_1512x-150x150.webp 150w, http:\/\/geziyoo.co\/blog\/wp-content\/uploads\/2023\/11\/DometicFreshJet1700KaravanKlimasiIsitmaveSogutma_1512x-768x768.webp 768w, http:\/\/geziyoo.co\/blog\/wp-content\/uploads\/2023\/11\/DometicFreshJet1700KaravanKlimasiIsitmaveSogutma_1512x-scaled.webp 1200w\" data-sizes=\"(max-width: 1024px) 100vw, 1024px\" src=\"data:image\/gif;base64,R0lGODlhAQABAAAAACH5BAEKAAEALAAAAAABAAEAAAICTAEAOw==\" style=\"--smush-placeholder-width: 1024px; --smush-placeholder-aspect-ratio: 1024\/1024;\" \/><\/figure>\n\n\n\n<p><strong>Dometic FreshJet 1700 Karavan Klimas\u0131 (Is\u0131tma ve So\u011futma)<\/strong>: 164,868 TL &#8211; 187,000 TL<\/p>\n\n\n\n<hr class=\"wp-block-separator has-alpha-channel-opacity is-style-wide\"\/>\n\n\n\n<h3 class=\"wp-block-heading\">Dometic Klima Taban Tipi FreshWell 3000 Karavan Klimas\u0131 Is\u0131tma ve So\u011futma<\/h3>\n\n\n\n<figure class=\"wp-block-image size-large\"><img decoding=\"async\" width=\"1024\" height=\"1024\" data-src=\"https:\/\/geziyoo.co\/blog\/wp-content\/uploads\/2023\/11\/DometicKlimaTabanTipiFreshWell3000KaravanKlimasiIsitmaveSogutma_1512x-1024x1024.webp\" alt=\"\" class=\"wp-image-15230 lazyload\" data-srcset=\"http:\/\/geziyoo.co\/blog\/wp-content\/uploads\/2023\/11\/DometicKlimaTabanTipiFreshWell3000KaravanKlimasiIsitmaveSogutma_1512x-1024x1024.webp 1024w, http:\/\/geziyoo.co\/blog\/wp-content\/uploads\/2023\/11\/DometicKlimaTabanTipiFreshWell3000KaravanKlimasiIsitmaveSogutma_1512x-300x300.webp 300w, http:\/\/geziyoo.co\/blog\/wp-content\/uploads\/2023\/11\/DometicKlimaTabanTipiFreshWell3000KaravanKlimasiIsitmaveSogutma_1512x-150x150.webp 150w, http:\/\/geziyoo.co\/blog\/wp-content\/uploads\/2023\/11\/DometicKlimaTabanTipiFreshWell3000KaravanKlimasiIsitmaveSogutma_1512x-768x768.webp 768w, http:\/\/geziyoo.co\/blog\/wp-content\/uploads\/2023\/11\/DometicKlimaTabanTipiFreshWell3000KaravanKlimasiIsitmaveSogutma_1512x-scaled.webp 1200w\" data-sizes=\"(max-width: 1024px) 100vw, 1024px\" src=\"data:image\/gif;base64,R0lGODlhAQABAAAAACH5BAEKAAEALAAAAAABAAEAAAICTAEAOw==\" style=\"--smush-placeholder-width: 1024px; --smush-placeholder-aspect-ratio: 1024\/1024;\" \/><\/figure>\n\n\n\n<p><strong>Dometic Klima Taban Tipi FreshWell 3000 Karavan Klimas\u0131 (Is\u0131tma ve So\u011futma)<\/strong>: 130,381 TL &#8211; 149,580 TL<\/p>\n\n\n\n<hr class=\"wp-block-separator has-alpha-channel-opacity is-style-wide\"\/>\n\n\n\n<h3 class=\"wp-block-heading\">Truma Saphir Compact Yer Tipi Karavan Klimas\u0131<\/h3>\n\n\n\n<figure class=\"wp-block-image size-large\"><img decoding=\"async\" width=\"1024\" height=\"538\" data-src=\"https:\/\/geziyoo.co\/blog\/wp-content\/uploads\/2023\/11\/TrumaSaphirCompactYerTipiKaravanKlimasi_1512x-1024x538.webp\" alt=\"\" class=\"wp-image-15231 lazyload\" data-srcset=\"http:\/\/geziyoo.co\/blog\/wp-content\/uploads\/2023\/11\/TrumaSaphirCompactYerTipiKaravanKlimasi_1512x-1024x538.webp 1024w, http:\/\/geziyoo.co\/blog\/wp-content\/uploads\/2023\/11\/TrumaSaphirCompactYerTipiKaravanKlimasi_1512x-300x158.webp 300w, http:\/\/geziyoo.co\/blog\/wp-content\/uploads\/2023\/11\/TrumaSaphirCompactYerTipiKaravanKlimasi_1512x-768x403.webp 768w, http:\/\/geziyoo.co\/blog\/wp-content\/uploads\/2023\/11\/TrumaSaphirCompactYerTipiKaravanKlimasi_1512x.webp 1200w\" data-sizes=\"(max-width: 1024px) 100vw, 1024px\" src=\"data:image\/gif;base64,R0lGODlhAQABAAAAACH5BAEKAAEALAAAAAABAAEAAAICTAEAOw==\" style=\"--smush-placeholder-width: 1024px; --smush-placeholder-aspect-ratio: 1024\/538;\" \/><\/figure>\n\n\n\n<p><strong>Truma Saphir Compact Yer Tipi Karavan Klimas\u0131<\/strong>: 91,865 TL &#8211; 128,687 TL<\/p>\n\n\n\n<hr class=\"wp-block-separator has-alpha-channel-opacity is-style-wide\"\/>\n\n\n\n<h3 class=\"wp-block-heading\">Truma Saphir Comfort RC Yer Tipi Karava Klimas\u0131 (Is\u0131tma ve So\u011futma)<\/h3>\n\n\n\n<figure class=\"wp-block-image size-large\"><img decoding=\"async\" width=\"1024\" height=\"538\" data-src=\"https:\/\/geziyoo.co\/blog\/wp-content\/uploads\/2023\/11\/TrumaSaphirComfortRCYerTipiKaravaKlimasi_IsitmaveSogutma_1512x-1024x538.webp\" alt=\"\" class=\"wp-image-15232 lazyload\" data-srcset=\"http:\/\/geziyoo.co\/blog\/wp-content\/uploads\/2023\/11\/TrumaSaphirComfortRCYerTipiKaravaKlimasi_IsitmaveSogutma_1512x-1024x538.webp 1024w, http:\/\/geziyoo.co\/blog\/wp-content\/uploads\/2023\/11\/TrumaSaphirComfortRCYerTipiKaravaKlimasi_IsitmaveSogutma_1512x-300x158.webp 300w, http:\/\/geziyoo.co\/blog\/wp-content\/uploads\/2023\/11\/TrumaSaphirComfortRCYerTipiKaravaKlimasi_IsitmaveSogutma_1512x-768x403.webp 768w, http:\/\/geziyoo.co\/blog\/wp-content\/uploads\/2023\/11\/TrumaSaphirComfortRCYerTipiKaravaKlimasi_IsitmaveSogutma_1512x.webp 1200w\" data-sizes=\"(max-width: 1024px) 100vw, 1024px\" src=\"data:image\/gif;base64,R0lGODlhAQABAAAAACH5BAEKAAEALAAAAAABAAEAAAICTAEAOw==\" style=\"--smush-placeholder-width: 1024px; --smush-placeholder-aspect-ratio: 1024\/538;\" \/><\/figure>\n\n\n\n<p><strong>Truma Saphir Comfort RC Yer Tipi Karavan Klimas\u0131 (Is\u0131tma ve So\u011futma)<\/strong>: 99,851 TL &#8211; 136,505 TL<\/p>\n\n\n\n<hr class=\"wp-block-separator has-alpha-channel-opacity is-style-wide\"\/>\n\n\n\n<p><strong>Karavan Klimas\u0131 \u00c7e\u015fitleri ve 2026 Fiyatlar\u0131<\/strong>\u00a0i\u00e7eri\u011fimizin sonuna geldik.Umar\u0131z bir an \u00f6nce karavan\u0131n\u0131z\u0131 al\u0131r yada yapar ve yollara d\u00fc\u015fersiniz.Yollarda sizinle birlikte olabilmek i\u00e7in bir \u00e7ok karavan kamp alan\u0131na yer verdik.<strong><em><a href=\"https:\/\/geziyoo.co\/listing-category\/turkiye-karavan-alanlari-ve-parklari\/\">KARAVAN KAMP YERLER\u0130<\/a><\/em><\/strong>\u00a0sayfam\u0131za bakarak bir \u00e7ok ke\u015ffedilmemi\u015f yeri ke\u015ffedebilirsiniz.<\/p>\n\n\n\n<hr class=\"wp-block-separator has-css-opacity is-style-wide\"\/>\n\n\n\n<h3 class=\"wp-block-heading\">Bunlar\u0131 da Sevebilirsiniz;<\/h3>\n\n\n<ul class=\"wp-block-latest-posts__list wp-block-latest-posts\"><li><a class=\"wp-block-latest-posts__post-title\" href=\"http:\/\/geziyoo.co\/blog\/karavan-yemegi-menusu-planlayicisi\/\">Karavan Yeme\u011fi Men\u00fcs\u00fc Planlay\u0131c\u0131s\u0131<\/a><\/li>\n<li><a class=\"wp-block-latest-posts__post-title\" href=\"http:\/\/geziyoo.co\/blog\/karavan-agirlik-merkezi-ve-yuk-hesaplama-araci\/\">Karavan A\u011f\u0131rl\u0131k Merkezi ve Y\u00fck Hesaplama Arac\u0131<\/a><\/li>\n<li><a class=\"wp-block-latest-posts__post-title\" href=\"http:\/\/geziyoo.co\/blog\/o1-belgeli-karavanlarin-tescili-zorunlu-mu\/\">O1 Kategorisi Karavan ve R\u00f6morklar\u0131n Tescili Zorunlu Oldu<\/a><\/li>\n<\/ul>","protected":false},"excerpt":{"rendered":"<p>Karavan Klimas\u0131 \u00c7e\u015fitleri ve 2026 Fiyatlar\u0131 i\u00e7eri\u011fimizden herkese merhabalar bu i\u00e7eri\u011fimizde karavanlarda kullanabilece\u011finiz klima \u00e7e\u015fitlerine yer verece\u011fiz. Karavanlar\u0131n \u00f6zellikle yaz aylar\u0131nda i\u00e7 s\u0131cakl\u0131klar\u0131 olduk\u00e7a y\u00fcksektir ve bu da tatil keyfini olumsuz etkileyebilir. Bu nedenle, bir\u00e7ok karavan kullan\u0131c\u0131s\u0131 yaz aylar\u0131nda daha konforlu bir ortam sa\u011flamak i\u00e7in klimalar kullan\u0131r. Ancak, standart klima sistemleri \u00e7o\u011fu zaman karavanlara uygun &hellip;<\/p>\n","protected":false},"author":1,"featured_media":12415,"comment_status":"open","ping_status":"closed","sticky":false,"template":"","format":"standard","meta":{"footnotes":""},"categories":[33],"tags":[],"class_list":["post-12413","post","type-post","status-publish","format-standard","has-post-thumbnail","hentry","category-karavanipuclari"],"yoast_head":"<!-- This site is optimized with the Yoast SEO plugin v26.9 - https:\/\/yoast.com\/product\/yoast-seo-wordpress\/ -->\n<title>Karavan Klimas\u0131 \u00c7e\u015fitleri ve 2026 Fiyatlar\u0131 | Geziyoo<\/title>\n<meta name=\"description\" content=\"Karavan Klimas\u0131 \u00c7e\u015fitleri ve 2026 Fiyatlar\u0131 i\u00e7eri\u011fimizde karavanlarda kullanabilece\u011finiz klima \u00e7e\u015fitlerine yer verece\u011fiz.\" \/>\n<meta name=\"robots\" content=\"index, follow, max-snippet:-1, max-image-preview:large, max-video-preview:-1\" \/>\n<link rel=\"canonical\" href=\"http:\/\/geziyoo.co\/blog\/karavan-klimasi-cesitleri-karavan-klimasi-fiyatlari\/\" \/>\n<meta property=\"og:locale\" content=\"tr_TR\" \/>\n<meta property=\"og:type\" content=\"article\" \/>\n<meta property=\"og:title\" content=\"Karavan Klimas\u0131 \u00c7e\u015fitleri ve 2026 Fiyatlar\u0131 | Geziyoo\" \/>\n<meta property=\"og:description\" content=\"Karavan Klimas\u0131 \u00c7e\u015fitleri ve 2026 Fiyatlar\u0131 i\u00e7eri\u011fimizde karavanlarda kullanabilece\u011finiz klima \u00e7e\u015fitlerine yer verece\u011fiz.\" \/>\n<meta property=\"og:url\" content=\"http:\/\/geziyoo.co\/blog\/karavan-klimasi-cesitleri-karavan-klimasi-fiyatlari\/\" \/>\n<meta property=\"og:site_name\" content=\"Geziyoo.co\" \/>\n<meta property=\"article:publisher\" content=\"https:\/\/www.facebook.com\/Geziyooco\" \/>\n<meta property=\"article:author\" content=\"https:\/\/www.facebook.com\/geziyoo.co\" \/>\n<meta property=\"article:published_time\" content=\"2023-04-15T14:34:33+00:00\" \/>\n<meta property=\"article:modified_time\" content=\"2026-01-23T13:17:25+00:00\" \/>\n<meta property=\"og:image\" content=\"http:\/\/geziyoo.co\/blog\/wp-content\/uploads\/2023\/04\/Karavanlarda-Kullanilabilecek-Klima-Alternatifleri-scaled.jpg\" \/>\n\t<meta property=\"og:image:width\" content=\"1200\" \/>\n\t<meta property=\"og:image:height\" content=\"675\" \/>\n\t<meta property=\"og:image:type\" content=\"image\/jpeg\" \/>\n<meta name=\"author\" content=\"Geziyoo\" \/>\n<meta name=\"twitter:card\" content=\"summary_large_image\" \/>\n<meta name=\"twitter:creator\" content=\"@https:\/\/twitter.com\/geziyoo\" \/>\n<meta name=\"twitter:site\" content=\"@geziyoo\" \/>\n<meta name=\"twitter:label1\" content=\"Yazan:\" \/>\n\t<meta name=\"twitter:data1\" content=\"Geziyoo\" \/>\n\t<meta name=\"twitter:label2\" content=\"Tahmini okuma s\u00fcresi\" \/>\n\t<meta name=\"twitter:data2\" content=\"9 dakika\" \/>\n<script type=\"application\/ld+json\" class=\"yoast-schema-graph\">{\"@context\":\"https:\/\/schema.org\",\"@graph\":[{\"@type\":\"Article\",\"@id\":\"http:\/\/geziyoo.co\/blog\/karavan-klimasi-cesitleri-karavan-klimasi-fiyatlari\/#article\",\"isPartOf\":{\"@id\":\"http:\/\/geziyoo.co\/blog\/karavan-klimasi-cesitleri-karavan-klimasi-fiyatlari\/\"},\"author\":{\"name\":\"Geziyoo\",\"@id\":\"https:\/\/geziyoo.co\/blog\/#\/schema\/person\/032acb2436540ed14784e7d978aef0e4\"},\"headline\":\"Karavan Klimas\u0131 \u00c7e\u015fitleri ve Karavan Klimas\u0131 2026 Fiyatlar\u0131\",\"datePublished\":\"2023-04-15T14:34:33+00:00\",\"dateModified\":\"2026-01-23T13:17:25+00:00\",\"mainEntityOfPage\":{\"@id\":\"http:\/\/geziyoo.co\/blog\/karavan-klimasi-cesitleri-karavan-klimasi-fiyatlari\/\"},\"wordCount\":1416,\"commentCount\":0,\"publisher\":{\"@id\":\"https:\/\/geziyoo.co\/blog\/#organization\"},\"image\":{\"@id\":\"http:\/\/geziyoo.co\/blog\/karavan-klimasi-cesitleri-karavan-klimasi-fiyatlari\/#primaryimage\"},\"thumbnailUrl\":\"http:\/\/geziyoo.co\/blog\/wp-content\/uploads\/2023\/04\/Karavanlarda-Kullanilabilecek-Klima-Alternatifleri-scaled.jpg\",\"articleSection\":[\"Karavan \u0130pu\u00e7lar\u0131\"],\"inLanguage\":\"tr\",\"potentialAction\":[{\"@type\":\"CommentAction\",\"name\":\"Comment\",\"target\":[\"http:\/\/geziyoo.co\/blog\/karavan-klimasi-cesitleri-karavan-klimasi-fiyatlari\/#respond\"]}]},{\"@type\":\"WebPage\",\"@id\":\"http:\/\/geziyoo.co\/blog\/karavan-klimasi-cesitleri-karavan-klimasi-fiyatlari\/\",\"url\":\"http:\/\/geziyoo.co\/blog\/karavan-klimasi-cesitleri-karavan-klimasi-fiyatlari\/\",\"name\":\"Karavan Klimas\u0131 \u00c7e\u015fitleri ve 2026 Fiyatlar\u0131 | Geziyoo\",\"isPartOf\":{\"@id\":\"https:\/\/geziyoo.co\/blog\/#website\"},\"primaryImageOfPage\":{\"@id\":\"http:\/\/geziyoo.co\/blog\/karavan-klimasi-cesitleri-karavan-klimasi-fiyatlari\/#primaryimage\"},\"image\":{\"@id\":\"http:\/\/geziyoo.co\/blog\/karavan-klimasi-cesitleri-karavan-klimasi-fiyatlari\/#primaryimage\"},\"thumbnailUrl\":\"http:\/\/geziyoo.co\/blog\/wp-content\/uploads\/2023\/04\/Karavanlarda-Kullanilabilecek-Klima-Alternatifleri-scaled.jpg\",\"datePublished\":\"2023-04-15T14:34:33+00:00\",\"dateModified\":\"2026-01-23T13:17:25+00:00\",\"description\":\"Karavan Klimas\u0131 \u00c7e\u015fitleri ve 2026 Fiyatlar\u0131 i\u00e7eri\u011fimizde karavanlarda kullanabilece\u011finiz klima \u00e7e\u015fitlerine yer verece\u011fiz.\",\"breadcrumb\":{\"@id\":\"http:\/\/geziyoo.co\/blog\/karavan-klimasi-cesitleri-karavan-klimasi-fiyatlari\/#breadcrumb\"},\"inLanguage\":\"tr\",\"potentialAction\":[{\"@type\":\"ReadAction\",\"target\":[\"http:\/\/geziyoo.co\/blog\/karavan-klimasi-cesitleri-karavan-klimasi-fiyatlari\/\"]}]},{\"@type\":\"ImageObject\",\"inLanguage\":\"tr\",\"@id\":\"http:\/\/geziyoo.co\/blog\/karavan-klimasi-cesitleri-karavan-klimasi-fiyatlari\/#primaryimage\",\"url\":\"http:\/\/geziyoo.co\/blog\/wp-content\/uploads\/2023\/04\/Karavanlarda-Kullanilabilecek-Klima-Alternatifleri-scaled.jpg\",\"contentUrl\":\"http:\/\/geziyoo.co\/blog\/wp-content\/uploads\/2023\/04\/Karavanlarda-Kullanilabilecek-Klima-Alternatifleri-scaled.jpg\",\"width\":1200,\"height\":675},{\"@type\":\"BreadcrumbList\",\"@id\":\"http:\/\/geziyoo.co\/blog\/karavan-klimasi-cesitleri-karavan-klimasi-fiyatlari\/#breadcrumb\",\"itemListElement\":[{\"@type\":\"ListItem\",\"position\":1,\"name\":\"Ana sayfa\",\"item\":\"https:\/\/geziyoo.co\/blog\/\"},{\"@type\":\"ListItem\",\"position\":2,\"name\":\"Karavan Klimas\u0131 \u00c7e\u015fitleri ve Karavan Klimas\u0131 2026 Fiyatlar\u0131\"}]},{\"@type\":\"WebSite\",\"@id\":\"https:\/\/geziyoo.co\/blog\/#website\",\"url\":\"https:\/\/geziyoo.co\/blog\/\",\"name\":\"Geziyoo Blog\",\"description\":\"GeziYoo Blog&#039;da T\u00fcrkiye&#039;nin en iyi kamp alanlar\u0131ndan bungalov tatillerine, karavan ipu\u00e7lar\u0131ndan gezi rehberlerine kadar her t\u00fcrl\u00fc do\u011fa deneyimini ke\u015ffedin.\",\"publisher\":{\"@id\":\"https:\/\/geziyoo.co\/blog\/#organization\"},\"potentialAction\":[{\"@type\":\"SearchAction\",\"target\":{\"@type\":\"EntryPoint\",\"urlTemplate\":\"https:\/\/geziyoo.co\/blog\/?s={search_term_string}\"},\"query-input\":{\"@type\":\"PropertyValueSpecification\",\"valueRequired\":true,\"valueName\":\"search_term_string\"}}],\"inLanguage\":\"tr\"},{\"@type\":\"Organization\",\"@id\":\"https:\/\/geziyoo.co\/blog\/#organization\",\"name\":\"Geziyoo.co\",\"url\":\"https:\/\/geziyoo.co\/blog\/\",\"logo\":{\"@type\":\"ImageObject\",\"inLanguage\":\"tr\",\"@id\":\"https:\/\/geziyoo.co\/blog\/#\/schema\/logo\/image\/\",\"url\":\"https:\/\/geziyoo.co\/blog\/wp-content\/uploads\/2025\/01\/Paragraf-metniniz-3.png\",\"contentUrl\":\"https:\/\/geziyoo.co\/blog\/wp-content\/uploads\/2025\/01\/Paragraf-metniniz-3.png\",\"width\":270,\"height\":50,\"caption\":\"Geziyoo.co\"},\"image\":{\"@id\":\"https:\/\/geziyoo.co\/blog\/#\/schema\/logo\/image\/\"},\"sameAs\":[\"https:\/\/www.facebook.com\/Geziyooco\",\"https:\/\/x.com\/geziyoo\",\"https:\/\/tr.pinterest.com\/geziyooco\/\",\"https:\/\/www.youtube.com\/@geziyoo\",\"https:\/\/www.instagram.com\/geziyoo.co\/\"]},{\"@type\":\"Person\",\"@id\":\"https:\/\/geziyoo.co\/blog\/#\/schema\/person\/032acb2436540ed14784e7d978aef0e4\",\"name\":\"Geziyoo\",\"image\":{\"@type\":\"ImageObject\",\"inLanguage\":\"tr\",\"@id\":\"https:\/\/geziyoo.co\/blog\/#\/schema\/person\/image\/\",\"url\":\"https:\/\/secure.gravatar.com\/avatar\/ae212a4514471fdb8cab6e5af4f3c99b940a2d0a16713ea0392c8d7c8a64f30a?s=96&d=mm&r=g\",\"contentUrl\":\"https:\/\/secure.gravatar.com\/avatar\/ae212a4514471fdb8cab6e5af4f3c99b940a2d0a16713ea0392c8d7c8a64f30a?s=96&d=mm&r=g\",\"caption\":\"Geziyoo\"},\"description\":\"Do\u011fa ile i\u00e7 i\u00e7e olabilece\u011finiz yerler,do\u011fa aktivite alanlar\u0131,kamp alanlar\u0131,bungalov oteller,Tiny House Oteller, Galampingler ve da\u011f evlerinin herkes i\u00e7in ula\u015f\u0131labilir olmas\u0131n\u0131 sa\u011flamak amac\u0131yla Geziyoo\u2019ya 2019 y\u0131l\u0131nda ba\u015flad\u0131k.Do\u011fal Tatil konseptini uygulayan en geni\u015f kapsaml\u0131 sitedir.\",\"sameAs\":[\"https:\/\/geziyoo.co\/\",\"https:\/\/www.facebook.com\/geziyoo.co\",\"https:\/\/www.instagram.com\/geziyoo.co\/\",\"https:\/\/tr.pinterest.com\/geziyooco\/\",\"https:\/\/x.com\/https:\/\/twitter.com\/geziyoo\",\"https:\/\/www.youtube.com\/channel\/UCdiSMa6pe17KEY7DP1Ug4ag\"]}]}<\/script>\n<!-- \/ Yoast SEO plugin. -->","yoast_head_json":{"title":"Karavan Klimas\u0131 \u00c7e\u015fitleri ve 2026 Fiyatlar\u0131 | Geziyoo","description":"Karavan Klimas\u0131 \u00c7e\u015fitleri ve 2026 Fiyatlar\u0131 i\u00e7eri\u011fimizde karavanlarda kullanabilece\u011finiz klima \u00e7e\u015fitlerine yer verece\u011fiz.","robots":{"index":"index","follow":"follow","max-snippet":"max-snippet:-1","max-image-preview":"max-image-preview:large","max-video-preview":"max-video-preview:-1"},"canonical":"http:\/\/geziyoo.co\/blog\/karavan-klimasi-cesitleri-karavan-klimasi-fiyatlari\/","og_locale":"tr_TR","og_type":"article","og_title":"Karavan Klimas\u0131 \u00c7e\u015fitleri ve 2026 Fiyatlar\u0131 | Geziyoo","og_description":"Karavan Klimas\u0131 \u00c7e\u015fitleri ve 2026 Fiyatlar\u0131 i\u00e7eri\u011fimizde karavanlarda kullanabilece\u011finiz klima \u00e7e\u015fitlerine yer verece\u011fiz.","og_url":"http:\/\/geziyoo.co\/blog\/karavan-klimasi-cesitleri-karavan-klimasi-fiyatlari\/","og_site_name":"Geziyoo.co","article_publisher":"https:\/\/www.facebook.com\/Geziyooco","article_author":"https:\/\/www.facebook.com\/geziyoo.co","article_published_time":"2023-04-15T14:34:33+00:00","article_modified_time":"2026-01-23T13:17:25+00:00","og_image":[{"width":1200,"height":675,"url":"http:\/\/geziyoo.co\/blog\/wp-content\/uploads\/2023\/04\/Karavanlarda-Kullanilabilecek-Klima-Alternatifleri-scaled.jpg","type":"image\/jpeg"}],"author":"Geziyoo","twitter_card":"summary_large_image","twitter_creator":"@https:\/\/twitter.com\/geziyoo","twitter_site":"@geziyoo","twitter_misc":{"Yazan:":"Geziyoo","Tahmini okuma s\u00fcresi":"9 dakika"},"schema":{"@context":"https:\/\/schema.org","@graph":[{"@type":"Article","@id":"http:\/\/geziyoo.co\/blog\/karavan-klimasi-cesitleri-karavan-klimasi-fiyatlari\/#article","isPartOf":{"@id":"http:\/\/geziyoo.co\/blog\/karavan-klimasi-cesitleri-karavan-klimasi-fiyatlari\/"},"author":{"name":"Geziyoo","@id":"https:\/\/geziyoo.co\/blog\/#\/schema\/person\/032acb2436540ed14784e7d978aef0e4"},"headline":"Karavan Klimas\u0131 \u00c7e\u015fitleri ve Karavan Klimas\u0131 2026 Fiyatlar\u0131","datePublished":"2023-04-15T14:34:33+00:00","dateModified":"2026-01-23T13:17:25+00:00","mainEntityOfPage":{"@id":"http:\/\/geziyoo.co\/blog\/karavan-klimasi-cesitleri-karavan-klimasi-fiyatlari\/"},"wordCount":1416,"commentCount":0,"publisher":{"@id":"https:\/\/geziyoo.co\/blog\/#organization"},"image":{"@id":"http:\/\/geziyoo.co\/blog\/karavan-klimasi-cesitleri-karavan-klimasi-fiyatlari\/#primaryimage"},"thumbnailUrl":"http:\/\/geziyoo.co\/blog\/wp-content\/uploads\/2023\/04\/Karavanlarda-Kullanilabilecek-Klima-Alternatifleri-scaled.jpg","articleSection":["Karavan \u0130pu\u00e7lar\u0131"],"inLanguage":"tr","potentialAction":[{"@type":"CommentAction","name":"Comment","target":["http:\/\/geziyoo.co\/blog\/karavan-klimasi-cesitleri-karavan-klimasi-fiyatlari\/#respond"]}]},{"@type":"WebPage","@id":"http:\/\/geziyoo.co\/blog\/karavan-klimasi-cesitleri-karavan-klimasi-fiyatlari\/","url":"http:\/\/geziyoo.co\/blog\/karavan-klimasi-cesitleri-karavan-klimasi-fiyatlari\/","name":"Karavan Klimas\u0131 \u00c7e\u015fitleri ve 2026 Fiyatlar\u0131 | Geziyoo","isPartOf":{"@id":"https:\/\/geziyoo.co\/blog\/#website"},"primaryImageOfPage":{"@id":"http:\/\/geziyoo.co\/blog\/karavan-klimasi-cesitleri-karavan-klimasi-fiyatlari\/#primaryimage"},"image":{"@id":"http:\/\/geziyoo.co\/blog\/karavan-klimasi-cesitleri-karavan-klimasi-fiyatlari\/#primaryimage"},"thumbnailUrl":"http:\/\/geziyoo.co\/blog\/wp-content\/uploads\/2023\/04\/Karavanlarda-Kullanilabilecek-Klima-Alternatifleri-scaled.jpg","datePublished":"2023-04-15T14:34:33+00:00","dateModified":"2026-01-23T13:17:25+00:00","description":"Karavan Klimas\u0131 \u00c7e\u015fitleri ve 2026 Fiyatlar\u0131 i\u00e7eri\u011fimizde karavanlarda kullanabilece\u011finiz klima \u00e7e\u015fitlerine yer verece\u011fiz.","breadcrumb":{"@id":"http:\/\/geziyoo.co\/blog\/karavan-klimasi-cesitleri-karavan-klimasi-fiyatlari\/#breadcrumb"},"inLanguage":"tr","potentialAction":[{"@type":"ReadAction","target":["http:\/\/geziyoo.co\/blog\/karavan-klimasi-cesitleri-karavan-klimasi-fiyatlari\/"]}]},{"@type":"ImageObject","inLanguage":"tr","@id":"http:\/\/geziyoo.co\/blog\/karavan-klimasi-cesitleri-karavan-klimasi-fiyatlari\/#primaryimage","url":"http:\/\/geziyoo.co\/blog\/wp-content\/uploads\/2023\/04\/Karavanlarda-Kullanilabilecek-Klima-Alternatifleri-scaled.jpg","contentUrl":"http:\/\/geziyoo.co\/blog\/wp-content\/uploads\/2023\/04\/Karavanlarda-Kullanilabilecek-Klima-Alternatifleri-scaled.jpg","width":1200,"height":675},{"@type":"BreadcrumbList","@id":"http:\/\/geziyoo.co\/blog\/karavan-klimasi-cesitleri-karavan-klimasi-fiyatlari\/#breadcrumb","itemListElement":[{"@type":"ListItem","position":1,"name":"Ana sayfa","item":"https:\/\/geziyoo.co\/blog\/"},{"@type":"ListItem","position":2,"name":"Karavan Klimas\u0131 \u00c7e\u015fitleri ve Karavan Klimas\u0131 2026 Fiyatlar\u0131"}]},{"@type":"WebSite","@id":"https:\/\/geziyoo.co\/blog\/#website","url":"https:\/\/geziyoo.co\/blog\/","name":"Geziyoo Blog","description":"GeziYoo Blog&#039;da T\u00fcrkiye&#039;nin en iyi kamp alanlar\u0131ndan bungalov tatillerine, karavan ipu\u00e7lar\u0131ndan gezi rehberlerine kadar her t\u00fcrl\u00fc do\u011fa deneyimini ke\u015ffedin.","publisher":{"@id":"https:\/\/geziyoo.co\/blog\/#organization"},"potentialAction":[{"@type":"SearchAction","target":{"@type":"EntryPoint","urlTemplate":"https:\/\/geziyoo.co\/blog\/?s={search_term_string}"},"query-input":{"@type":"PropertyValueSpecification","valueRequired":true,"valueName":"search_term_string"}}],"inLanguage":"tr"},{"@type":"Organization","@id":"https:\/\/geziyoo.co\/blog\/#organization","name":"Geziyoo.co","url":"https:\/\/geziyoo.co\/blog\/","logo":{"@type":"ImageObject","inLanguage":"tr","@id":"https:\/\/geziyoo.co\/blog\/#\/schema\/logo\/image\/","url":"https:\/\/geziyoo.co\/blog\/wp-content\/uploads\/2025\/01\/Paragraf-metniniz-3.png","contentUrl":"https:\/\/geziyoo.co\/blog\/wp-content\/uploads\/2025\/01\/Paragraf-metniniz-3.png","width":270,"height":50,"caption":"Geziyoo.co"},"image":{"@id":"https:\/\/geziyoo.co\/blog\/#\/schema\/logo\/image\/"},"sameAs":["https:\/\/www.facebook.com\/Geziyooco","https:\/\/x.com\/geziyoo","https:\/\/tr.pinterest.com\/geziyooco\/","https:\/\/www.youtube.com\/@geziyoo","https:\/\/www.instagram.com\/geziyoo.co\/"]},{"@type":"Person","@id":"https:\/\/geziyoo.co\/blog\/#\/schema\/person\/032acb2436540ed14784e7d978aef0e4","name":"Geziyoo","image":{"@type":"ImageObject","inLanguage":"tr","@id":"https:\/\/geziyoo.co\/blog\/#\/schema\/person\/image\/","url":"https:\/\/secure.gravatar.com\/avatar\/ae212a4514471fdb8cab6e5af4f3c99b940a2d0a16713ea0392c8d7c8a64f30a?s=96&d=mm&r=g","contentUrl":"https:\/\/secure.gravatar.com\/avatar\/ae212a4514471fdb8cab6e5af4f3c99b940a2d0a16713ea0392c8d7c8a64f30a?s=96&d=mm&r=g","caption":"Geziyoo"},"description":"Do\u011fa ile i\u00e7 i\u00e7e olabilece\u011finiz yerler,do\u011fa aktivite alanlar\u0131,kamp alanlar\u0131,bungalov oteller,Tiny House Oteller, Galampingler ve da\u011f evlerinin herkes i\u00e7in ula\u015f\u0131labilir olmas\u0131n\u0131 sa\u011flamak amac\u0131yla Geziyoo\u2019ya 2019 y\u0131l\u0131nda ba\u015flad\u0131k.Do\u011fal Tatil konseptini uygulayan en geni\u015f kapsaml\u0131 sitedir.","sameAs":["https:\/\/geziyoo.co\/","https:\/\/www.facebook.com\/geziyoo.co","https:\/\/www.instagram.com\/geziyoo.co\/","https:\/\/tr.pinterest.com\/geziyooco\/","https:\/\/x.com\/https:\/\/twitter.com\/geziyoo","https:\/\/www.youtube.com\/channel\/UCdiSMa6pe17KEY7DP1Ug4ag"]}]}},"amp_enabled":true,"_links":{"self":[{"href":"http:\/\/geziyoo.co\/blog\/wp-json\/wp\/v2\/posts\/12413","targetHints":{"allow":["GET"]}}],"collection":[{"href":"http:\/\/geziyoo.co\/blog\/wp-json\/wp\/v2\/posts"}],"about":[{"href":"http:\/\/geziyoo.co\/blog\/wp-json\/wp\/v2\/types\/post"}],"author":[{"embeddable":true,"href":"http:\/\/geziyoo.co\/blog\/wp-json\/wp\/v2\/users\/1"}],"replies":[{"embeddable":true,"href":"http:\/\/geziyoo.co\/blog\/wp-json\/wp\/v2\/comments?post=12413"}],"version-history":[{"count":0,"href":"http:\/\/geziyoo.co\/blog\/wp-json\/wp\/v2\/posts\/12413\/revisions"}],"wp:featuredmedia":[{"embeddable":true,"href":"http:\/\/geziyoo.co\/blog\/wp-json\/wp\/v2\/media\/12415"}],"wp:attachment":[{"href":"http:\/\/geziyoo.co\/blog\/wp-json\/wp\/v2\/media?parent=12413"}],"wp:term":[{"taxonomy":"category","embeddable":true,"href":"http:\/\/geziyoo.co\/blog\/wp-json\/wp\/v2\/categories?post=12413"},{"taxonomy":"post_tag","embeddable":true,"href":"http:\/\/geziyoo.co\/blog\/wp-json\/wp\/v2\/tags?post=12413"}],"curies":[{"name":"wp","href":"https:\/\/api.w.org\/{rel}","templated":true}]}}