{"id":12287,"date":"2023-04-06T12:14:03","date_gmt":"2023-04-06T12:14:03","guid":{"rendered":"https:\/\/geziyoo.co\/blog\/?p=12287"},"modified":"2026-01-23T13:10:58","modified_gmt":"2026-01-23T13:10:58","slug":"cekme-karavan-mi-motokaravan-mi","status":"publish","type":"post","link":"http:\/\/geziyoo.co\/blog\/cekme-karavan-mi-motokaravan-mi\/","title":{"rendered":"\u00c7ekme Karavan m\u0131 Motokaravan m\u0131 ? Taraf\u0131n\u0131 Se\u00e7!"},"content":{"rendered":"\n<p><strong>\u00c7ekme Karavan m\u0131? Motokaravan m\u0131? bu sorunun cevab\u0131n\u0131 arad\u0131\u011f\u0131n\u0131z\u0131n fark\u0131nday\u0131z.Bizde buradan yola \u00e7\u0131karak size uygun karavan\u0131 se\u00e7menizde yard\u0131mc\u0131 olaca\u011f\u0131z.<\/strong><\/p>\n\n\n\n<p>Karavan kullan\u0131m\u0131 \u00fclkemizde son y\u0131llarda olduk\u00e7a yayg\u0131nla\u015ft\u0131.Karavan tercih eden ki\u015filerin istek ve ihtiya\u00e7lar\u0131 netle\u015ftik\u00e7e karavan \u00e7e\u015fitleri de beraberinde ortaya \u00e7\u0131kt\u0131.<\/p>\n\n\n\n<p>Fakat temelde s\u00fcr\u00fclebilir motokaravan ve \u00e7ekme karavan, en \u00e7ok tercih edilen karavan t\u00fcrleri aras\u0131nda yerini ald\u0131. Ekipmanlar\u0131, alanlar\u0131, tasar\u0131mlar\u0131, donan\u0131mlar\u0131 ve sunduklar\u0131 konfor farkl\u0131 olsa da t\u00fcm karavan t\u00fcrleri \u00f6zg\u00fcrl\u00fck sunmaktad\u0131r.<\/p>\n\n\n\n<p><strong>NOT:Biz Geziyoo.co olarak \u00e7ekme karavan tercih edenlerdeniz.Bize hem ekonomik hem de daha klasik geldi.Karavan dedi\u011fimizde herkesin akl\u0131nda canlanan kesinlikle \u00e7ekme karavan oluyor.Bunlardan dolay\u0131 tercihimiz \u00c7ekme Karavan oldu.<\/strong><\/p>\n\n\n\n<hr class=\"wp-block-separator has-alpha-channel-opacity is-style-wide\"\/>\n\n\n\n<h1 class=\"wp-block-heading\">\u00c7ekme Karavan m\u0131 Motokaravan m\u0131?<\/h1>\n\n\n\n<h2 class=\"wp-block-heading\">MOTOKARAVANLAR<\/h2>\n\n\n\n<figure class=\"wp-block-image size-large\"><img decoding=\"async\" width=\"960\" height=\"638\" data-src=\"https:\/\/geziyoo.co\/blog\/wp-content\/uploads\/2023\/05\/Motokaravan-Hakkinda-Nedir-Ozellikleri-Ipuclari-3.jpg\" alt=\"\u00c7ekme Karavan m\u0131 Motokaravan m\u0131? Avantajlar\u0131 Dezavantajlar\u0131 Neler?\" class=\"wp-image-12915 lazyload\" data-srcset=\"http:\/\/geziyoo.co\/blog\/wp-content\/uploads\/2023\/05\/Motokaravan-Hakkinda-Nedir-Ozellikleri-Ipuclari-3.jpg 960w, http:\/\/geziyoo.co\/blog\/wp-content\/uploads\/2023\/05\/Motokaravan-Hakkinda-Nedir-Ozellikleri-Ipuclari-3-300x199.jpg 300w, http:\/\/geziyoo.co\/blog\/wp-content\/uploads\/2023\/05\/Motokaravan-Hakkinda-Nedir-Ozellikleri-Ipuclari-3-768x510.jpg 768w\" data-sizes=\"(max-width: 960px) 100vw, 960px\" src=\"data:image\/gif;base64,R0lGODlhAQABAAAAACH5BAEKAAEALAAAAAABAAEAAAICTAEAOw==\" style=\"--smush-placeholder-width: 960px; --smush-placeholder-aspect-ratio: 960\/638;\" \/><figcaption class=\"wp-element-caption\">\u00c7ekme Karavan m\u0131 Motokaravan m\u0131? Avantajlar\u0131 Dezavantajlar\u0131 Neler?<\/figcaption><\/figure>\n\n\n\n<p><strong>MOTOKARAVANLAR<\/strong> Motorlu bir karavan bir nevi arac\u0131n\u0131z\u0131n daha geni\u015f ve donan\u0131ml\u0131 hali olarak g\u00f6rebiliriz.Kamptaki arac\u0131 ba\u011flama ve a\u00e7ma zahmetine girmeden t\u00fcm ya\u015fam ve s\u00fcr\u00fc\u015f i\u015flevlerini tek bir \u00e7at\u0131 alt\u0131nda ya\u015fayabilirsini.Ara\u00e7 modeline g\u00f6re de\u011fi\u015fklikler ferah ya\u015fam alanlar\u0131 \u00f6ne \u00e7\u0131kmaktad\u0131r.Bir \u00e7ok insan ya\u015fam alanlar\u0131n\u0131 daha da geni\u015fletmek i\u00e7in ayr\u0131 bir yatak odas\u0131 ile tasarlan\u0131r, baz\u0131lar\u0131nda ekstra depolama alanlar\u0131 da mevcuttur.<\/p>\n\n\n\n<p>Motokaravanlar, daha geni\u015f i\u00e7 hacimlere sahiptir ve daha fazla e\u015fyay\u0131 ta\u015f\u0131ma kapasitesine sahiptir. Ancak bu durum, daha fazla pratiklik ve hareketlilikten \u00f6d\u00fcn vermenize neden olabilir. Ayr\u0131ca, motokaravanlar \u00e7ekme karavanlara g\u00f6re genellikle daha y\u00fcksek maliyetlidir.<\/p>\n\n\n\n<p>Motokaravan kullanman\u0131n bir avantaj\u0131, genellikle daha y\u00fcksek bir h\u0131z limitine sahip olmas\u0131d\u0131r. \u00c7ekme karavanlarla genellikle 80 km\/s h\u0131z s\u0131n\u0131r\u0131na tabi olurken, motokaravanlar daha h\u0131zl\u0131 seyahat etme imkan\u0131 sa\u011flar.<\/p>\n\n\n\n<blockquote class=\"wp-block-quote quote-solid is-layout-flow wp-block-quote quote-solid-is-layout-flow\">\n<p>Ayr\u0131ca, motokaravanlar tasar\u0131ma ba\u011fl\u0131 olarak farkl\u0131l\u0131k g\u00f6sterse de, \u00f6rne\u011fin <strong><em><a href=\"https:\/\/geziyoo.co\/blog\/ducato-karavan-avantajlaridezavantajlariozellikleri\/\" data-type=\"post\" data-id=\"12789\">Ducato Karavan<\/a><\/em><\/strong> veya <strong><em><a href=\"https:\/\/geziyoo.co\/blog\/karavan-cesitleri-cekme-ve-motokaravan-modelleri\/#2Alkovenli_Motokaravan\">alkovenli karavan<\/a><\/em><\/strong> gibi modellerde daha fazla depolama alan\u0131 bulunabilir.<\/p>\n<\/blockquote>\n\n\n\n<p>Motokaravan kullanman\u0131n bir ba\u015fka avantaj\u0131 ise ek bir ara\u00e7 ve \u00e7ekme demiri gerektirmemesidir. Bu, daha fazla kolayl\u0131k ve pratiklik sa\u011flar.Motokaravan ile t\u00fcm merak edilen detaylar\u0131 <strong><em><a href=\"https:\/\/geziyoo.co\/blog\/motokaravan-nedir-ozellikleri-nelerdir\/\" data-type=\"post\" data-id=\"5134\">MOTOKARAVAN HAKKINDA<\/a><\/em><\/strong> sayfam\u0131za bakara \u00f6\u011frenebilirsiniz.<\/p>\n\n\n\n<h3 class=\"wp-block-heading\">Motokaravan Art\u0131lar\u0131 ve Avantajlar\u0131<\/h3>\n\n\n\n<p><strong>\u00c7eki Demirine \u0130htiya\u00e7 Duymazs\u0131n\u0131z:<\/strong>Motorlu karavanlar, kendi motorlar\u0131na sahip olduklar\u0131 i\u00e7in \u00e7eki demiri gerektirmezler. Bu, ek bir ara\u00e7 kullanma zorunlulu\u011funu ortadan kald\u0131r\u0131r ve daha fazla kolayl\u0131k sa\u011flar.\u00c7eki demiri ile ilgili merak edilenleri <strong><em><a href=\"https:\/\/geziyoo.co\/blog\/ceki-demiri-hakkinda-bilinmesi-gerekenler\/\" data-type=\"post\" data-id=\"12781\">\u00c7EK\u0130 DEM\u0130R\u0130 HAKKINDA<\/a><\/em><\/strong> i\u00e7eri\u011fimize bakarak bulabilirsiniz.<\/p>\n\n\n\n<p><strong>Daha Fazla Depolama Alan\u0131na Sahip Olursunuz:<\/strong>Motorlu karavanlar genellikle \u00e7ekme karavanlara g\u00f6re daha fazla depolama alan\u0131na sahiptir. Bu, uzun s\u00fcreli seyahatler veya kamplar i\u00e7in daha fazla e\u015fya ta\u015f\u0131ma imkan\u0131 sunar. Giysiler, kamp malzemeleri, yiyecekler ve di\u011fer ki\u015fisel e\u015fyalar\u0131n\u0131z i\u00e7in yeterli alan bulunur.<\/p>\n\n\n\n<p><strong>Daha Y\u00fcksek H\u0131z Limitine Sahip Olursunuz:<\/strong>Motorlu karavanlar, \u00e7ekme karavanlara g\u00f6re genellikle daha y\u00fcksek h\u0131z limitine sahiptir. Bu, seyahat s\u00fcrenizi k\u0131salt\u0131r ve hedeflerinize daha h\u0131zl\u0131 ula\u015fman\u0131z\u0131 sa\u011flar. Yolculuklar\u0131n\u0131z\u0131 daha verimli ve zaman tasarruflu hale getirir.<\/p>\n\n\n\n<p><strong>Uzun S\u00fcreli Kamplar i\u00e7in Daha Elveri\u015flidir:<\/strong>Motorlu karavanlar, uzun s\u00fcreli kamp yapma veya konaklama ihtiyac\u0131 duyulan durumlar i\u00e7in daha elveri\u015flidir. \u0130\u00e7erisinde ya\u015fam alan\u0131 ve konfor sunar, b\u00f6ylece uzun s\u00fcreli konaklamalar\u0131 daha rahat ve keyifli hale getirir. Uzun yolculuklar veya tatiller i\u00e7in ideal bir se\u00e7enektir.<\/p>\n\n\n\n<p>Motorlu karavanlar, seyahat \u00f6zg\u00fcrl\u00fc\u011f\u00fc, konfor, depolama imkanlar\u0131 ve h\u0131z avantajlar\u0131 gibi bir\u00e7ok fayda sunar. Bunlar, seyahat deneyiminizi daha keyifli ve pratik hale getirir. Ancak, se\u00e7im yapmadan \u00f6nce b\u00fct\u00e7enizi, ihtiya\u00e7lar\u0131n\u0131z\u0131 ve tercihlerinizi dikkate alman\u0131z \u00f6nemlidir.<\/p>\n\n\n\n<h3 class=\"wp-block-heading\">Motokaravan Dezavantajlar\u0131 ve Eksileri<\/h3>\n\n\n\n<p><strong>Y\u00fcksek Fiyatlar ve \u0130\u015fletme Maliyetleri:<\/strong>Motokaravanlar, \u00e7ekme karavanlara g\u00f6re genellikle daha y\u00fcksek fiyat etiketine sahiptir. Ayr\u0131ca, i\u015fletme maliyetleri de daha y\u00fcksek olabilir. Sigorta, muayene, vergi ve bak\u0131m gibi y\u00fcr\u00fctme maliyetleri, b\u00fct\u00e7enizi etkileyebilir. Bu nedenle, karavan\u0131 sat\u0131n alma maliyetinin yan\u0131 s\u0131ra uzun vadeli i\u015fletme maliyetlerini de g\u00f6z \u00f6n\u00fcnde bulundurman\u0131z \u00f6nemlidir.<\/p>\n\n\n\n<p><strong>Park Sorunlar\u0131:<\/strong>Motokaravanlar, b\u00fcy\u00fck ve geni\u015f ara\u00e7lar oldu\u011fu i\u00e7in park sorunlar\u0131 ya\u015fayabilirsiniz. \u00d6zellikle \u015fehir merkezlerinde veya dar sokaklarda uygun bir park yeri bulmak zor olabilir. Park sorunlar\u0131, seyahat esnas\u0131nda baz\u0131 s\u0131n\u0131rlamalar getirebilir ve konaklama yerlerini se\u00e7erken dikkatli olman\u0131z\u0131 gerektirebilir.<\/p>\n\n\n\n<p><strong>Mobilite ve Ke\u015fif:<\/strong>Motokaravanlar, b\u00fcy\u00fck boyutlar\u0131ndan dolay\u0131 etraf\u0131 ke\u015ffe \u00e7\u0131kmak istedi\u011finizde baz\u0131 zorluklar ya\u015fatabilir. Dar yollara veya ke\u015ffedilecek b\u00f6lgelere giri\u015f yapmak zor olabilir. Bu durum, mobilite a\u00e7\u0131s\u0131ndan baz\u0131 s\u0131n\u0131rlamalar getirebilir ve istedi\u011finiz yerleri rahatl\u0131kla gezebilme \u00f6zg\u00fcrl\u00fc\u011f\u00fcnden \u00f6d\u00fcn vermenize neden olabilir.<\/p>\n\n\n\n<p><strong>Motokaravanlar\u0131n fiyatlar\u0131n\u0131n y\u00fcksek olmas\u0131, i\u015fletme maliyetlerinin artmas\u0131, park sorunlar\u0131 ve mobilite k\u0131s\u0131tlamalar\u0131 gibi dezavantajlar, seyahat planlar\u0131n\u0131z\u0131 ve b\u00fct\u00e7enizi etkileyebilir. <\/strong>Bu nedenle, karavan se\u00e7imi yaparken bu fakt\u00f6rleri g\u00f6z \u00f6n\u00fcnde bulundurman\u0131z ve ihtiya\u00e7lar\u0131n\u0131z\u0131 kar\u015f\u0131layan en uygun se\u00e7ene\u011fi se\u00e7meniz \u00f6nemlidir.<\/p>\n\n\n\n<hr class=\"wp-block-separator has-css-opacity is-style-wide\"\/>\n\n\n\n<h2 class=\"wp-block-heading\">\u00c7EKME KARAVANLAR<\/h2>\n\n\n\n<figure class=\"wp-block-image size-large\"><img decoding=\"async\" width=\"818\" height=\"600\" data-src=\"https:\/\/geziyoo.co\/blog\/wp-content\/uploads\/2023\/05\/Karavanla-Yola-Cikmadan-Yapilmasi-Gereken-Kontroller-1.jpg\" alt=\"\" class=\"wp-image-12937 lazyload\" data-srcset=\"http:\/\/geziyoo.co\/blog\/wp-content\/uploads\/2023\/05\/Karavanla-Yola-Cikmadan-Yapilmasi-Gereken-Kontroller-1.jpg 818w, http:\/\/geziyoo.co\/blog\/wp-content\/uploads\/2023\/05\/Karavanla-Yola-Cikmadan-Yapilmasi-Gereken-Kontroller-1-300x220.jpg 300w, http:\/\/geziyoo.co\/blog\/wp-content\/uploads\/2023\/05\/Karavanla-Yola-Cikmadan-Yapilmasi-Gereken-Kontroller-1-768x563.jpg 768w\" data-sizes=\"(max-width: 818px) 100vw, 818px\" src=\"data:image\/gif;base64,R0lGODlhAQABAAAAACH5BAEKAAEALAAAAAABAAEAAAICTAEAOw==\" style=\"--smush-placeholder-width: 818px; --smush-placeholder-aspect-ratio: 818\/600;\" \/><\/figure>\n\n\n\n<p><strong>\u00c7EKME (MOTORSUZ) KARAVANLAR<\/strong> \u00c7ekme karavanlar tek ba\u015f\u0131na gidemezler ve yan\u0131na illa motorlu bir \u00e7ekme arac\u0131 olmal\u0131. Gerekli araba veya kamyonun boyutu, \u00e7ekilebilir karavan\u0131n boyutuna ve a\u011f\u0131rl\u0131\u011f\u0131na g\u00f6re de\u011fi\u015fmektedir.\u00c7ekme karavanlar genellikle motokaravanlara g\u00f6re daha ucuzdur.<\/p>\n\n\n\n<p>Ayn\u0131 zamanda bir motora sahip olmamas\u0131 karavan\u0131 sat\u0131n alan ki\u015fiye \u00e7ok fazla sorun \u00e7\u0131karmaz.\u00d6zellikleri modelden modele de\u011fi\u015fkenlik g\u00f6stermektedir. Daha b\u00fcy\u00fck modeller birden fazla yatak odas\u0131, geni\u015f mutfaklar ve b\u00fcy\u00fck banyolarla konfor artt\u0131r\u0131labilir.<\/p>\n\n\n\n<p>En k\u00fc\u00e7\u00fck seyahat r\u00f6morklar\u0131, bir veya iki ki\u015filik uyku alan\u0131 ve baz\u0131 k\u0131s\u0131tl\u0131 mutfak sunmaktad\u0131r. \u00c7ekme karavanlar ile ilgili akl\u0131n\u0131za tak\u0131lan t\u00fcm sorular\u0131 <strong><em><a href=\"https:\/\/geziyoo.co\/blog\/klasik-cekme-karavan-nedir-ozellikleri-nelerdir\/\" data-type=\"post\" data-id=\"5123\">\u00c7EKME KARAVAN HAKKINDA<\/a><\/em><\/strong> i\u00e7eri\u011fimizden bulabilirsiniz.<\/p>\n\n\n\n<h3 class=\"wp-block-heading\">\u00c7ekme Karavan Avantajlar\u0131 ve art\u0131lar\u0131<\/h3>\n\n\n\n<p>\u00c7ekme karavanlar\u0131n kullan\u0131c\u0131lara sundu\u011fu bir \u00e7ok avantaj bulunmakta.Bunlardan baz\u0131lar\u0131n\u0131 sizler i\u00e7in a\u015fa\u011f\u0131da s\u0131ralad\u0131k.Fakat en ama en \u00f6nemli avantaj\u0131 kesinlikle daha uygun olmas\u0131 ve ekomomik olu\u015fur.Hadi di\u011fer avantajlar\u0131na bakal\u0131m.<\/p>\n\n\n\n<p><strong>Ekonomiklik:<\/strong>\u00c7ekme karavanlar, motokaravanlara g\u00f6re genellikle daha uygun fiyatl\u0131d\u0131r. Hem sat\u0131n alma maliyetleri hem de i\u015fletme maliyetleri genellikle daha d\u00fc\u015f\u00fckt\u00fcr. Bu, b\u00fct\u00e7e dostu bir se\u00e7enek olmas\u0131n\u0131 sa\u011flar.<\/p>\n\n\n\n<p><strong>\u00c7ok Ama\u00e7l\u0131 Kullan\u0131m:<\/strong>\u00c7ekme karavanlar, arac\u0131n\u0131za ba\u011fl\u0131 oldu\u011fu i\u00e7in kamp alan\u0131na ula\u015ft\u0131ktan sonra karavan\u0131 park edebilir ve arac\u0131n\u0131z\u0131 ayr\u0131 bir \u015fekilde kullanabilirsiniz. Bu, seyahat s\u0131ras\u0131nda \u00e7ekme karavan\u0131n\u0131z\u0131 kamp alan\u0131nda b\u0131rak\u0131p daha k\u00fc\u00e7\u00fck bir ara\u00e7la ke\u015fif yapabilmenizi sa\u011flar.<\/p>\n\n\n\n<p><strong>Daha K\u00fc\u00e7\u00fck ve Manevra Kabiliyeti:<\/strong>\u00c7ekme karavanlar, motokaravanlara g\u00f6re genellikle daha k\u00fc\u00e7\u00fck ve daha hafiftir. Bu, manevra kabiliyetini art\u0131r\u0131r ve dar yollarda, \u015fehir merkezlerinde veya s\u0131n\u0131rl\u0131 alanlarda kolayca hareket etmenizi sa\u011flar.<\/p>\n\n\n\n<p><strong>Ara\u00e7 Ba\u011f\u0131ms\u0131zl\u0131\u011f\u0131:<\/strong>\u00c7ekme karavanlar, arac\u0131n\u0131za ba\u011fl\u0131 olduklar\u0131 i\u00e7in kendi ba\u015flar\u0131na birer ya\u015fam alan\u0131d\u0131r. Bu, seyahat ederken arac\u0131n\u0131z\u0131 ayr\u0131 bir ama\u00e7 i\u00e7in kullanabilmenizi sa\u011flar. \u0130htiya\u00e7lar\u0131n\u0131za g\u00f6re \u00e7ekme karavan\u0131 park edebilir ve daha serbest bir \u015fekilde dola\u015fabilirsiniz.<\/p>\n\n\n\n<p><strong>Esneklik:<\/strong>\u00c7ekme karavanlar, karavan ve arac\u0131n\u0131z\u0131n ayr\u0131 olmas\u0131 nedeniyle daha fazla esneklik sunar. Arac\u0131n\u0131z\u0131 de\u011fi\u015ftirmek istedi\u011finizde veya sadece karavan\u0131 kullanmak istedi\u011finizde daha fazla se\u00e7ene\u011finiz vard\u0131r. Ayr\u0131ca, kamp alanlar\u0131nda farkl\u0131 konumlar\u0131 tercih edebilir ve daha fazla manzara keyfi ya\u015fayabilirsiniz.<\/p>\n\n\n\n<p>\u00c7ekme karavanlar\u0131n ekonomiklik, \u00e7ok ama\u00e7l\u0131 kullan\u0131m, manevra kabiliyeti, ara\u00e7 ba\u011f\u0131ms\u0131zl\u0131\u011f\u0131 ve esneklik gibi avantajlar\u0131, seyahat deneyiminizi daha pratik ve uygun maliyetli hale getirir. Ancak herhangi bir karavan se\u00e7imi yapmadan \u00f6nce, b\u00fct\u00e7enizi, ihtiya\u00e7lar\u0131n\u0131z\u0131 ve tercihlerinizi dikkate alman\u0131z \u00f6nemlidir.<\/p>\n\n\n\n<h3 class=\"wp-block-heading\">\u00c7ekme Karavan dezavantajlar\u0131 ve eksileri<\/h3>\n\n\n\n<p><strong>S\u00fcr\u00fc\u015f Zorluklar\u0131:<\/strong>\u00c7ekme karavanlar, ara\u00e7lar\u0131na ba\u011fl\u0131 olduklar\u0131 i\u00e7in s\u00fcr\u00fc\u015f s\u0131ras\u0131nda baz\u0131 zorluklar ya\u015fanabilir. Karavan\u0131n b\u00fcy\u00fck ve a\u011f\u0131rl\u0131\u011f\u0131, manevra kabiliyetini ve geri geri gitme i\u015flemlerini etkileyebilir. Yeni kullan\u0131c\u0131lar i\u00e7in al\u0131\u015fma s\u00fcreci gerektirebilir.<\/p>\n\n\n\n<p><strong>Park Sorunlar\u0131:<\/strong>\u00c7ekme karavanlar, b\u00fcy\u00fck ve geni\u015f ara\u00e7lar olduklar\u0131 i\u00e7in uygun bir park yeri bulmak bazen zor olabilir. \u015eehir merkezlerinde veya dar sokaklarda park etmek m\u00fcmk\u00fcn olmayabilir. Park sorunlar\u0131, seyahat planlamas\u0131 ve konaklama yerlerini se\u00e7erken dikkatli olmay\u0131 gerektirebilir.<\/p>\n\n\n\n<p><strong>Mobilite ve Ke\u015fif S\u0131n\u0131rlamalar\u0131:<\/strong>\u00c7ekme karavanlar, arac\u0131n\u0131za ba\u011fl\u0131 olduklar\u0131 i\u00e7in ke\u015fif yaparken baz\u0131 s\u0131n\u0131rlamalar getirebilir. B\u00fcy\u00fck bir ara\u00e7la dar yollara veya ke\u015ffedilecek alanlara girmek zor olabilir. Bu durum, mobilite a\u00e7\u0131s\u0131ndan baz\u0131 k\u0131s\u0131tlamalar getirebilir ve istedi\u011finiz yerlere serbest\u00e7e ula\u015fabilme \u00f6zg\u00fcrl\u00fc\u011f\u00fcnden k\u0131smen feragat etmenize neden olabilir.<\/p>\n\n\n\n<p><strong>\u0130ki Ayr\u0131 Ara\u00e7 Kullan\u0131m\u0131:<\/strong>\u00c7ekme karavanlar, karavan\u0131 \u00e7ekmek i\u00e7in ayr\u0131 bir ara\u00e7 gerektirir. Bu, seyahat planlamas\u0131n\u0131 ve organizasyonunu daha karma\u015f\u0131k hale getirebilir. \u0130ki ayr\u0131 arac\u0131n bak\u0131m\u0131, sigortas\u0131 ve di\u011fer i\u015fletme maliyetleri de dikkate al\u0131nmal\u0131d\u0131r.<\/p>\n\n\n\n<p><strong>Karavan\u0131 Ay\u0131rmak Zorunda Kalmak:<\/strong>\u00c7ekme karavan sahipleri, seyahat s\u0131ras\u0131nda karavan\u0131 b\u0131rak\u0131p \u00e7evreyi ke\u015ffetmek istediklerinde karavan\u0131 ay\u0131rmak zorunda kalabilirler. Bu, baz\u0131 durumlarda konfor kayb\u0131na neden olabilir, \u00f6zellikle hava ko\u015fullar\u0131 veya g\u00fcvenlik endi\u015feleri s\u00f6z konusu oldu\u011funda.<\/p>\n\n\n\n<p>\u00c7ekme karavanlar\u0131n s\u00fcr\u00fc\u015f zorluklar\u0131, park sorunlar\u0131, mobilite ve ke\u015fif s\u0131n\u0131rlamalar\u0131, iki ayr\u0131 ara\u00e7 kullan\u0131m\u0131 ve karavan\u0131 ay\u0131rma gereklili\u011fi gibi dezavantajlar\u0131 g\u00f6z \u00f6n\u00fcnde bulundurman\u0131z \u00f6nemlidir. Seyahat tercihleriniz, s\u00fcr\u00fc\u015f becerileriniz ve ihtiya\u00e7lar\u0131n\u0131z do\u011frultusunda en uygun se\u00e7ene\u011fi belirlemek \u00f6nemlidir.<\/p>\n\n\n\n<blockquote class=\"wp-block-quote quote-solid is-layout-flow wp-block-quote quote-solid-is-layout-flow\">\n<p><em>Burada araya girelim.Bu tarz konular ilginizi \u00e7ekiyor ise&nbsp;<strong><em><a href=\"https:\/\/geziyoo.co\/blog\/karavan-rehberi\/\">KARAVAN \u0130PU\u00c7LARI<\/a><\/em><\/strong>&nbsp;ve&nbsp;<strong><em><a href=\"https:\/\/geziyoo.co\/blog\/kamp-kamp-onerileri\/\">KAMP \u0130PU\u00c7LARI<\/a><\/em><\/strong>&nbsp;i\u00e7eri\u011fimize bakman\u0131z\u0131 \u00f6neririz.<\/em><\/p>\n<\/blockquote>\n\n\n\n<hr class=\"wp-block-separator has-alpha-channel-opacity is-style-wide\"\/>\n\n\n\n<h2 class=\"wp-block-heading\">Motokaravan m\u0131 \u00e7ekme karavan m\u0131 \u00d6ZET<\/h2>\n\n\n\n<figure class=\"wp-block-image size-large\"><img decoding=\"async\" width=\"720\" height=\"455\" data-src=\"https:\/\/geziyoo.co\/blog\/wp-content\/uploads\/2023\/05\/Motokaravan-Hakkinda-Nedir-Ozellikleri-Ipuclari-5.jpg\" alt=\"\" class=\"wp-image-12912 lazyload\" data-srcset=\"http:\/\/geziyoo.co\/blog\/wp-content\/uploads\/2023\/05\/Motokaravan-Hakkinda-Nedir-Ozellikleri-Ipuclari-5.jpg 720w, http:\/\/geziyoo.co\/blog\/wp-content\/uploads\/2023\/05\/Motokaravan-Hakkinda-Nedir-Ozellikleri-Ipuclari-5-300x190.jpg 300w\" data-sizes=\"(max-width: 720px) 100vw, 720px\" src=\"data:image\/gif;base64,R0lGODlhAQABAAAAACH5BAEKAAEALAAAAAABAAEAAAICTAEAOw==\" style=\"--smush-placeholder-width: 720px; --smush-placeholder-aspect-ratio: 720\/455;\" \/><\/figure>\n\n\n\n<p>Karavan al\u0131rken karar vermeden \u00f6nce a\u015fa\u011f\u0131daki sorular\u0131 kendinize g\u00f6re cevaplay\u0131n ve kendinize en uygun karavan\u0131 belirleyin.Unutmay\u0131n karavan almak ciddi bir karard\u0131r bundan dolaya ince eleyip s\u0131k \u00f6r\u00fcn ve sadaha sonra ba\u015f\u0131n\u0131z a\u011fr\u0131mas\u0131n<\/p>\n\n\n\n<p><strong>Karavan i\u00e7in ay\u0131rd\u0131\u011f\u0131n\u0131z ortalama b\u00fct\u00e7e nedir?<\/strong> Bu soru, karavan sat\u0131n al\u0131rken harcamaya ne kadar b\u00fct\u00e7e ay\u0131rd\u0131\u011f\u0131n\u0131z\u0131 belirlemek amac\u0131yla sorulmaktad\u0131r. B\u00fct\u00e7eniz, karavan se\u00e7eneklerinizi belirlerken ve sat\u0131n alma i\u015flemini ger\u00e7ekle\u015ftirirken g\u00f6z \u00f6n\u00fcnde bulundurman\u0131z gereken \u00f6nemli bir fakt\u00f6rd\u00fcr.<\/p>\n\n\n\n<p><strong>Karavan\u0131n\u0131z ile hedef konuma ula\u015ft\u0131ktan sonra yerle\u015fik bir kamp m\u0131 yapacaks\u0131n\u0131z yoksa karavan\u0131 b\u0131rak\u0131p arac\u0131n\u0131zla rahat\u00e7a gezmek mi istersiniz?<\/strong> Bu soru, karavan\u0131n\u0131z\u0131 kullan\u0131rken hangi t\u00fcr konaklama veya seyahat deneyimini tercih etti\u011finizi belirlemek amac\u0131yla sorulmaktad\u0131r. Yerle\u015fik bir kamp yapmay\u0131 tercih ediyorsan\u0131z, karavan\u0131n\u0131z\u0131 park eder ve i\u00e7inde konaklars\u0131n\u0131z. E\u011fer karavan\u0131 b\u0131rak\u0131p arac\u0131n\u0131zla rahat\u00e7a gezmek isterseniz, daha esnek ve hareketli bir seyahat deneyimi elde edebilirsiniz.<\/p>\n\n\n\n<p><strong>\u00c7o\u011funlukla karavan parklar\u0131 ya da kamp alanlar\u0131nda m\u0131 konaklayacaks\u0131n\u0131z yoksa do\u011fada m\u0131 olmay\u0131 d\u00fc\u015f\u00fcn\u00fcyorsunuz?<\/strong> Bu soru, karavan\u0131n\u0131z\u0131 kullan\u0131rken nerede konaklamay\u0131 tercih etti\u011finizi belirlemek amac\u0131yla sorulmaktad\u0131r. Karavan parklar\u0131 veya kamp alanlar\u0131, genellikle tesisler ve altyap\u0131 hizmetleri sunan resmi konaklama yerleridir. Do\u011fada konaklamay\u0131 tercih ederseniz, vah\u015fi kamp yapmay\u0131 veya do\u011fal alanlarda konaklamay\u0131 d\u00fc\u015f\u00fcnebilirsiniz.<\/p>\n\n\n\n<p><strong>Ka\u00e7 ki\u015fi kullanmay\u0131 d\u00fc\u015f\u00fcn\u00fcyorsunuz? <\/strong>Bu soru, karavan\u0131n ka\u00e7 ki\u015fi taraf\u0131ndan kullan\u0131laca\u011f\u0131n\u0131 belirlemek amac\u0131yla sorulmaktad\u0131r. Karavan\u0131n\u0131z\u0131 tek ba\u015f\u0131n\u0131za kullanacaksan\u0131z, daha k\u00fc\u00e7\u00fck bir boyutta ve daha kompakt bir model tercih edebilirsiniz. Birden fazla ki\u015fi kullanacaksa, daha geni\u015f bir i\u00e7 mekan ve uyku alan\u0131 sunan bir model tercih etmek daha uygundur.<\/p>\n\n\n\n<p><strong>Genellikle ka\u00e7 g\u00fcnl\u00fck kamplara \u00e7\u0131kmay\u0131 d\u00fc\u015f\u00fcn\u00fcyorsunuz? <\/strong>Bu soru, genellikle ne kadar s\u00fcreyle kamp yapmay\u0131 planlad\u0131\u011f\u0131n\u0131z\u0131 belirlemek amac\u0131yla sorulmaktad\u0131r. E\u011fer k\u0131sa s\u00fcreli kamp gezileri yap\u0131yorsan\u0131z, daha k\u00fc\u00e7\u00fck ve pratik bir karavan tercih edebilirsiniz. Uzun s\u00fcreli kamplar i\u00e7in daha geni\u015f bir ya\u015fam alan\u0131 ve depolama alan\u0131 sunan bir karavan daha uygun<\/p>\n\n\n\n<p><strong>Ne s\u0131kl\u0131kla karavan\u0131 kullanmay\u0131 d\u00fc\u015f\u00fcn\u00fcyorsunuz? <\/strong>Bu soru, karavan\u0131 ne s\u0131kl\u0131kla kullanaca\u011f\u0131n\u0131z\u0131 belirlemek amac\u0131yla sorulmaktad\u0131r. Karavan\u0131 hafta sonlar\u0131 veya tatil d\u00f6nemlerinde kullanmay\u0131 d\u00fc\u015f\u00fcn\u00fcyorsan\u0131z, daha az s\u0131kl\u0131kta kullanacaks\u0131n\u0131z demektir. E\u011fer karavan\u0131 daha s\u0131k kullanmay\u0131 planl\u0131yorsan\u0131z, d\u00fczenli olarak seyahat etmeyi veya kamp yapmay\u0131 hedefliyorsan\u0131z, bu da farkl\u0131 bir kullan\u0131m senaryosunu g\u00f6sterir.<\/p>\n\n\n\n<p><strong>Ald\u0131\u011f\u0131n\u0131z motokaravan\u0131 s\u00fcrebilecek misiniz?<\/strong> Bu soru, motokaravan\u0131 s\u00fcrme yetene\u011finizi ve ehliyet durumunuzu belirlemek amac\u0131yla sorulmaktad\u0131r. Motokaravanlar genellikle b\u00fcy\u00fck boyutlarda ve a\u011f\u0131rd\u0131r, bu y\u00fczden s\u00fcr\u00fc\u015f becerileri ve ehliyet gereksinimleri \u00f6nemlidir. Motokaravan\u0131 s\u00fcrebilmek i\u00e7in gerekli olan ehliyet belgelerine sahip olmal\u0131 ve b\u00fcy\u00fck ara\u00e7lar\u0131 kullanma konusunda deneyimli veya e\u011fitimli olmal\u0131s\u0131n\u0131z.<\/p>\n\n\n\n<p>Bu sorular, ihtiya\u00e7lar\u0131n\u0131z\u0131, tercihlerinizi ve b\u00fct\u00e7enizi de\u011ferlendirmenize yard\u0131mc\u0131 olacakt\u0131r. Karavan se\u00e7imi yaparken, b\u00fct\u00e7enizi, kullan\u0131m amac\u0131n\u0131z\u0131, konaklama tercihlerinizi, kullan\u0131c\u0131 say\u0131s\u0131n\u0131, seyahat s\u00fcresini ve s\u0131kl\u0131\u011f\u0131n\u0131 g\u00f6z \u00f6n\u00fcnde bulundurman\u0131z \u00f6nemlidir. Bu fakt\u00f6rlere dayanarak, size en uygun karavan t\u00fcr\u00fcn\u00fc belirleyebilirsiniz.<\/p>\n\n\n\n<p>Yukar\u0131da \u00c7ekme Karavan ve Motokaravan\u0131n olumlu ve olumsuz yanlar\u0131n\u0131 aktard\u0131k.Tam zamanl\u0131 karavan ile gezmeyecekseniz kesinlikle \u00e7ekme karavan.Fakat karavanda ya\u015fay\u0131p oradan oraya gidip yeni ke\u015fifler yapmak istersenizde motokaravan daha mant\u0131kl\u0131 bir tercih olarak kar\u015f\u0131m\u0131za \u00e7\u0131k\u0131yor.<\/p>\n\n\n\n<p><strong>\u00c7ekme Karavan m\u0131 Motokaravan m\u0131 ? Art\u0131lar\u0131 Eksileri Neler?<\/strong>\u00a0i\u00e7eri\u011fimizin sonuna geldik.Umar\u0131z bir an \u00f6nce karavan\u0131n\u0131z\u0131 al\u0131r yada yapar ve yollara d\u00fc\u015fersiniz.Yollarda sizinle birlikte olabilmek i\u00e7in bir \u00e7ok karavan kamp alan\u0131na yer verdik.<strong><em><a href=\"https:\/\/geziyoo.co\/listing-category\/turkiye-karavan-alanlari-ve-parklari\/\">KARAVAN KAMP YERLER\u0130<\/a><\/em><\/strong>\u00a0sayfam\u0131za bakarak bir \u00e7ok ke\u015ffedilmemi\u015f yeri ke\u015ffedebilirsiniz.<\/p>\n\n\n\n<hr class=\"wp-block-separator has-css-opacity is-style-wide\"\/>\n\n\n\n<h3 class=\"wp-block-heading\">Bunlar\u0131 da Sevebilirsiniz;<\/h3>\n\n\n<ul class=\"wp-block-latest-posts__list wp-block-latest-posts\"><li><a class=\"wp-block-latest-posts__post-title\" href=\"http:\/\/geziyoo.co\/blog\/karavan-yemegi-menusu-planlayicisi\/\">Karavan Yeme\u011fi Men\u00fcs\u00fc Planlay\u0131c\u0131s\u0131<\/a><\/li>\n<li><a class=\"wp-block-latest-posts__post-title\" href=\"http:\/\/geziyoo.co\/blog\/karavan-agirlik-merkezi-ve-yuk-hesaplama-araci\/\">Karavan A\u011f\u0131rl\u0131k Merkezi ve Y\u00fck Hesaplama Arac\u0131<\/a><\/li>\n<li><a class=\"wp-block-latest-posts__post-title\" href=\"http:\/\/geziyoo.co\/blog\/o1-belgeli-karavanlarin-tescili-zorunlu-mu\/\">O1 Kategorisi Karavan ve R\u00f6morklar\u0131n Tescili Zorunlu Oldu<\/a><\/li>\n<\/ul>","protected":false},"excerpt":{"rendered":"<p>\u00c7ekme Karavan m\u0131? Motokaravan m\u0131? bu sorunun cevab\u0131n\u0131 arad\u0131\u011f\u0131n\u0131z\u0131n fark\u0131nday\u0131z.Bizde buradan yola \u00e7\u0131karak size uygun karavan\u0131 se\u00e7menizde yard\u0131mc\u0131 olaca\u011f\u0131z. Karavan kullan\u0131m\u0131 \u00fclkemizde son y\u0131llarda olduk\u00e7a yayg\u0131nla\u015ft\u0131.Karavan tercih eden ki\u015filerin istek ve ihtiya\u00e7lar\u0131 netle\u015ftik\u00e7e karavan \u00e7e\u015fitleri de beraberinde ortaya \u00e7\u0131kt\u0131. Fakat temelde s\u00fcr\u00fclebilir motokaravan ve \u00e7ekme karavan, en \u00e7ok tercih edilen karavan t\u00fcrleri aras\u0131nda yerini ald\u0131. &hellip;<\/p>\n","protected":false},"author":1,"featured_media":12291,"comment_status":"open","ping_status":"closed","sticky":false,"template":"","format":"standard","meta":{"footnotes":""},"categories":[33],"tags":[],"class_list":["post-12287","post","type-post","status-publish","format-standard","has-post-thumbnail","hentry","category-karavanipuclari"],"yoast_head":"<!-- This site is optimized with the Yoast SEO plugin v26.9 - https:\/\/yoast.com\/product\/yoast-seo-wordpress\/ -->\n<title>\u00c7ekme Karavan m\u0131 Motokaravan m\u0131 ? Taraf\u0131n\u0131 Se\u00e7! | Geziyoo<\/title>\n<meta name=\"description\" content=\"\u00c7ekme Karavan m\u0131? Motokaravan m\u0131? bu sorunun cevab\u0131n\u0131 arad\u0131\u011f\u0131n\u0131z\u0131n fark\u0131nday\u0131z.Bizde buradan yola \u00e7\u0131karak size uygun karavan\u0131 se\u00e7menizde...\" \/>\n<meta name=\"robots\" content=\"index, follow, max-snippet:-1, max-image-preview:large, max-video-preview:-1\" \/>\n<link rel=\"canonical\" href=\"http:\/\/geziyoo.co\/blog\/cekme-karavan-mi-motokaravan-mi\/\" \/>\n<meta property=\"og:locale\" content=\"tr_TR\" \/>\n<meta property=\"og:type\" content=\"article\" \/>\n<meta property=\"og:title\" content=\"\u00c7ekme Karavan m\u0131 Motokaravan m\u0131 ? Taraf\u0131n\u0131 Se\u00e7! | Geziyoo\" \/>\n<meta property=\"og:description\" content=\"\u00c7ekme Karavan m\u0131? Motokaravan m\u0131? bu sorunun cevab\u0131n\u0131 arad\u0131\u011f\u0131n\u0131z\u0131n fark\u0131nday\u0131z.Bizde buradan yola \u00e7\u0131karak size uygun karavan\u0131 se\u00e7menizde...\" \/>\n<meta property=\"og:url\" content=\"http:\/\/geziyoo.co\/blog\/cekme-karavan-mi-motokaravan-mi\/\" \/>\n<meta property=\"og:site_name\" content=\"Geziyoo.co\" \/>\n<meta property=\"article:publisher\" content=\"https:\/\/www.facebook.com\/Geziyooco\" \/>\n<meta property=\"article:author\" content=\"https:\/\/www.facebook.com\/geziyoo.co\" \/>\n<meta property=\"article:published_time\" content=\"2023-04-06T12:14:03+00:00\" \/>\n<meta property=\"article:modified_time\" content=\"2026-01-23T13:10:58+00:00\" \/>\n<meta property=\"og:image\" content=\"http:\/\/geziyoo.co\/blog\/wp-content\/uploads\/2023\/04\/Cekme-Karavan-mi-Motokaravan-mi-scaled.jpg\" \/>\n\t<meta property=\"og:image:width\" content=\"1200\" \/>\n\t<meta property=\"og:image:height\" content=\"756\" \/>\n\t<meta property=\"og:image:type\" content=\"image\/jpeg\" \/>\n<meta name=\"author\" content=\"Geziyoo\" \/>\n<meta name=\"twitter:card\" content=\"summary_large_image\" \/>\n<meta name=\"twitter:creator\" content=\"@https:\/\/twitter.com\/geziyoo\" \/>\n<meta name=\"twitter:site\" content=\"@geziyoo\" \/>\n<meta name=\"twitter:label1\" content=\"Yazan:\" \/>\n\t<meta name=\"twitter:data1\" content=\"Geziyoo\" \/>\n\t<meta name=\"twitter:label2\" content=\"Tahmini okuma s\u00fcresi\" \/>\n\t<meta name=\"twitter:data2\" content=\"11 dakika\" \/>\n<script type=\"application\/ld+json\" class=\"yoast-schema-graph\">{\"@context\":\"https:\/\/schema.org\",\"@graph\":[{\"@type\":\"Article\",\"@id\":\"http:\/\/geziyoo.co\/blog\/cekme-karavan-mi-motokaravan-mi\/#article\",\"isPartOf\":{\"@id\":\"http:\/\/geziyoo.co\/blog\/cekme-karavan-mi-motokaravan-mi\/\"},\"author\":{\"name\":\"Geziyoo\",\"@id\":\"https:\/\/geziyoo.co\/blog\/#\/schema\/person\/032acb2436540ed14784e7d978aef0e4\"},\"headline\":\"\u00c7ekme Karavan m\u0131 Motokaravan m\u0131 ? Taraf\u0131n\u0131 Se\u00e7!\",\"datePublished\":\"2023-04-06T12:14:03+00:00\",\"dateModified\":\"2026-01-23T13:10:58+00:00\",\"mainEntityOfPage\":{\"@id\":\"http:\/\/geziyoo.co\/blog\/cekme-karavan-mi-motokaravan-mi\/\"},\"wordCount\":2423,\"commentCount\":0,\"publisher\":{\"@id\":\"https:\/\/geziyoo.co\/blog\/#organization\"},\"image\":{\"@id\":\"http:\/\/geziyoo.co\/blog\/cekme-karavan-mi-motokaravan-mi\/#primaryimage\"},\"thumbnailUrl\":\"http:\/\/geziyoo.co\/blog\/wp-content\/uploads\/2023\/04\/Cekme-Karavan-mi-Motokaravan-mi-scaled.jpg\",\"articleSection\":[\"Karavan \u0130pu\u00e7lar\u0131\"],\"inLanguage\":\"tr\",\"potentialAction\":[{\"@type\":\"CommentAction\",\"name\":\"Comment\",\"target\":[\"http:\/\/geziyoo.co\/blog\/cekme-karavan-mi-motokaravan-mi\/#respond\"]}]},{\"@type\":\"WebPage\",\"@id\":\"http:\/\/geziyoo.co\/blog\/cekme-karavan-mi-motokaravan-mi\/\",\"url\":\"http:\/\/geziyoo.co\/blog\/cekme-karavan-mi-motokaravan-mi\/\",\"name\":\"\u00c7ekme Karavan m\u0131 Motokaravan m\u0131 ? Taraf\u0131n\u0131 Se\u00e7! | Geziyoo\",\"isPartOf\":{\"@id\":\"https:\/\/geziyoo.co\/blog\/#website\"},\"primaryImageOfPage\":{\"@id\":\"http:\/\/geziyoo.co\/blog\/cekme-karavan-mi-motokaravan-mi\/#primaryimage\"},\"image\":{\"@id\":\"http:\/\/geziyoo.co\/blog\/cekme-karavan-mi-motokaravan-mi\/#primaryimage\"},\"thumbnailUrl\":\"http:\/\/geziyoo.co\/blog\/wp-content\/uploads\/2023\/04\/Cekme-Karavan-mi-Motokaravan-mi-scaled.jpg\",\"datePublished\":\"2023-04-06T12:14:03+00:00\",\"dateModified\":\"2026-01-23T13:10:58+00:00\",\"description\":\"\u00c7ekme Karavan m\u0131? Motokaravan m\u0131? bu sorunun cevab\u0131n\u0131 arad\u0131\u011f\u0131n\u0131z\u0131n fark\u0131nday\u0131z.Bizde buradan yola \u00e7\u0131karak size uygun karavan\u0131 se\u00e7menizde...\",\"breadcrumb\":{\"@id\":\"http:\/\/geziyoo.co\/blog\/cekme-karavan-mi-motokaravan-mi\/#breadcrumb\"},\"inLanguage\":\"tr\",\"potentialAction\":[{\"@type\":\"ReadAction\",\"target\":[\"http:\/\/geziyoo.co\/blog\/cekme-karavan-mi-motokaravan-mi\/\"]}]},{\"@type\":\"ImageObject\",\"inLanguage\":\"tr\",\"@id\":\"http:\/\/geziyoo.co\/blog\/cekme-karavan-mi-motokaravan-mi\/#primaryimage\",\"url\":\"http:\/\/geziyoo.co\/blog\/wp-content\/uploads\/2023\/04\/Cekme-Karavan-mi-Motokaravan-mi-scaled.jpg\",\"contentUrl\":\"http:\/\/geziyoo.co\/blog\/wp-content\/uploads\/2023\/04\/Cekme-Karavan-mi-Motokaravan-mi-scaled.jpg\",\"width\":1200,\"height\":756},{\"@type\":\"BreadcrumbList\",\"@id\":\"http:\/\/geziyoo.co\/blog\/cekme-karavan-mi-motokaravan-mi\/#breadcrumb\",\"itemListElement\":[{\"@type\":\"ListItem\",\"position\":1,\"name\":\"Ana sayfa\",\"item\":\"https:\/\/geziyoo.co\/blog\/\"},{\"@type\":\"ListItem\",\"position\":2,\"name\":\"\u00c7ekme Karavan m\u0131 Motokaravan m\u0131 ? Taraf\u0131n\u0131 Se\u00e7!\"}]},{\"@type\":\"WebSite\",\"@id\":\"https:\/\/geziyoo.co\/blog\/#website\",\"url\":\"https:\/\/geziyoo.co\/blog\/\",\"name\":\"Geziyoo Blog\",\"description\":\"GeziYoo Blog&#039;da T\u00fcrkiye&#039;nin en iyi kamp alanlar\u0131ndan bungalov tatillerine, karavan ipu\u00e7lar\u0131ndan gezi rehberlerine kadar her t\u00fcrl\u00fc do\u011fa deneyimini ke\u015ffedin.\",\"publisher\":{\"@id\":\"https:\/\/geziyoo.co\/blog\/#organization\"},\"potentialAction\":[{\"@type\":\"SearchAction\",\"target\":{\"@type\":\"EntryPoint\",\"urlTemplate\":\"https:\/\/geziyoo.co\/blog\/?s={search_term_string}\"},\"query-input\":{\"@type\":\"PropertyValueSpecification\",\"valueRequired\":true,\"valueName\":\"search_term_string\"}}],\"inLanguage\":\"tr\"},{\"@type\":\"Organization\",\"@id\":\"https:\/\/geziyoo.co\/blog\/#organization\",\"name\":\"Geziyoo.co\",\"url\":\"https:\/\/geziyoo.co\/blog\/\",\"logo\":{\"@type\":\"ImageObject\",\"inLanguage\":\"tr\",\"@id\":\"https:\/\/geziyoo.co\/blog\/#\/schema\/logo\/image\/\",\"url\":\"https:\/\/geziyoo.co\/blog\/wp-content\/uploads\/2025\/01\/Paragraf-metniniz-3.png\",\"contentUrl\":\"https:\/\/geziyoo.co\/blog\/wp-content\/uploads\/2025\/01\/Paragraf-metniniz-3.png\",\"width\":270,\"height\":50,\"caption\":\"Geziyoo.co\"},\"image\":{\"@id\":\"https:\/\/geziyoo.co\/blog\/#\/schema\/logo\/image\/\"},\"sameAs\":[\"https:\/\/www.facebook.com\/Geziyooco\",\"https:\/\/x.com\/geziyoo\",\"https:\/\/tr.pinterest.com\/geziyooco\/\",\"https:\/\/www.youtube.com\/@geziyoo\",\"https:\/\/www.instagram.com\/geziyoo.co\/\"]},{\"@type\":\"Person\",\"@id\":\"https:\/\/geziyoo.co\/blog\/#\/schema\/person\/032acb2436540ed14784e7d978aef0e4\",\"name\":\"Geziyoo\",\"image\":{\"@type\":\"ImageObject\",\"inLanguage\":\"tr\",\"@id\":\"https:\/\/geziyoo.co\/blog\/#\/schema\/person\/image\/\",\"url\":\"https:\/\/secure.gravatar.com\/avatar\/ae212a4514471fdb8cab6e5af4f3c99b940a2d0a16713ea0392c8d7c8a64f30a?s=96&d=mm&r=g\",\"contentUrl\":\"https:\/\/secure.gravatar.com\/avatar\/ae212a4514471fdb8cab6e5af4f3c99b940a2d0a16713ea0392c8d7c8a64f30a?s=96&d=mm&r=g\",\"caption\":\"Geziyoo\"},\"description\":\"Do\u011fa ile i\u00e7 i\u00e7e olabilece\u011finiz yerler,do\u011fa aktivite alanlar\u0131,kamp alanlar\u0131,bungalov oteller,Tiny House Oteller, Galampingler ve da\u011f evlerinin herkes i\u00e7in ula\u015f\u0131labilir olmas\u0131n\u0131 sa\u011flamak amac\u0131yla Geziyoo\u2019ya 2019 y\u0131l\u0131nda ba\u015flad\u0131k.Do\u011fal Tatil konseptini uygulayan en geni\u015f kapsaml\u0131 sitedir.\",\"sameAs\":[\"https:\/\/geziyoo.co\/\",\"https:\/\/www.facebook.com\/geziyoo.co\",\"https:\/\/www.instagram.com\/geziyoo.co\/\",\"https:\/\/tr.pinterest.com\/geziyooco\/\",\"https:\/\/x.com\/https:\/\/twitter.com\/geziyoo\",\"https:\/\/www.youtube.com\/channel\/UCdiSMa6pe17KEY7DP1Ug4ag\"]}]}<\/script>\n<!-- \/ Yoast SEO plugin. -->","yoast_head_json":{"title":"\u00c7ekme Karavan m\u0131 Motokaravan m\u0131 ? Taraf\u0131n\u0131 Se\u00e7! | Geziyoo","description":"\u00c7ekme Karavan m\u0131? Motokaravan m\u0131? bu sorunun cevab\u0131n\u0131 arad\u0131\u011f\u0131n\u0131z\u0131n fark\u0131nday\u0131z.Bizde buradan yola \u00e7\u0131karak size uygun karavan\u0131 se\u00e7menizde...","robots":{"index":"index","follow":"follow","max-snippet":"max-snippet:-1","max-image-preview":"max-image-preview:large","max-video-preview":"max-video-preview:-1"},"canonical":"http:\/\/geziyoo.co\/blog\/cekme-karavan-mi-motokaravan-mi\/","og_locale":"tr_TR","og_type":"article","og_title":"\u00c7ekme Karavan m\u0131 Motokaravan m\u0131 ? Taraf\u0131n\u0131 Se\u00e7! | Geziyoo","og_description":"\u00c7ekme Karavan m\u0131? Motokaravan m\u0131? bu sorunun cevab\u0131n\u0131 arad\u0131\u011f\u0131n\u0131z\u0131n fark\u0131nday\u0131z.Bizde buradan yola \u00e7\u0131karak size uygun karavan\u0131 se\u00e7menizde...","og_url":"http:\/\/geziyoo.co\/blog\/cekme-karavan-mi-motokaravan-mi\/","og_site_name":"Geziyoo.co","article_publisher":"https:\/\/www.facebook.com\/Geziyooco","article_author":"https:\/\/www.facebook.com\/geziyoo.co","article_published_time":"2023-04-06T12:14:03+00:00","article_modified_time":"2026-01-23T13:10:58+00:00","og_image":[{"width":1200,"height":756,"url":"http:\/\/geziyoo.co\/blog\/wp-content\/uploads\/2023\/04\/Cekme-Karavan-mi-Motokaravan-mi-scaled.jpg","type":"image\/jpeg"}],"author":"Geziyoo","twitter_card":"summary_large_image","twitter_creator":"@https:\/\/twitter.com\/geziyoo","twitter_site":"@geziyoo","twitter_misc":{"Yazan:":"Geziyoo","Tahmini okuma s\u00fcresi":"11 dakika"},"schema":{"@context":"https:\/\/schema.org","@graph":[{"@type":"Article","@id":"http:\/\/geziyoo.co\/blog\/cekme-karavan-mi-motokaravan-mi\/#article","isPartOf":{"@id":"http:\/\/geziyoo.co\/blog\/cekme-karavan-mi-motokaravan-mi\/"},"author":{"name":"Geziyoo","@id":"https:\/\/geziyoo.co\/blog\/#\/schema\/person\/032acb2436540ed14784e7d978aef0e4"},"headline":"\u00c7ekme Karavan m\u0131 Motokaravan m\u0131 ? Taraf\u0131n\u0131 Se\u00e7!","datePublished":"2023-04-06T12:14:03+00:00","dateModified":"2026-01-23T13:10:58+00:00","mainEntityOfPage":{"@id":"http:\/\/geziyoo.co\/blog\/cekme-karavan-mi-motokaravan-mi\/"},"wordCount":2423,"commentCount":0,"publisher":{"@id":"https:\/\/geziyoo.co\/blog\/#organization"},"image":{"@id":"http:\/\/geziyoo.co\/blog\/cekme-karavan-mi-motokaravan-mi\/#primaryimage"},"thumbnailUrl":"http:\/\/geziyoo.co\/blog\/wp-content\/uploads\/2023\/04\/Cekme-Karavan-mi-Motokaravan-mi-scaled.jpg","articleSection":["Karavan \u0130pu\u00e7lar\u0131"],"inLanguage":"tr","potentialAction":[{"@type":"CommentAction","name":"Comment","target":["http:\/\/geziyoo.co\/blog\/cekme-karavan-mi-motokaravan-mi\/#respond"]}]},{"@type":"WebPage","@id":"http:\/\/geziyoo.co\/blog\/cekme-karavan-mi-motokaravan-mi\/","url":"http:\/\/geziyoo.co\/blog\/cekme-karavan-mi-motokaravan-mi\/","name":"\u00c7ekme Karavan m\u0131 Motokaravan m\u0131 ? Taraf\u0131n\u0131 Se\u00e7! | Geziyoo","isPartOf":{"@id":"https:\/\/geziyoo.co\/blog\/#website"},"primaryImageOfPage":{"@id":"http:\/\/geziyoo.co\/blog\/cekme-karavan-mi-motokaravan-mi\/#primaryimage"},"image":{"@id":"http:\/\/geziyoo.co\/blog\/cekme-karavan-mi-motokaravan-mi\/#primaryimage"},"thumbnailUrl":"http:\/\/geziyoo.co\/blog\/wp-content\/uploads\/2023\/04\/Cekme-Karavan-mi-Motokaravan-mi-scaled.jpg","datePublished":"2023-04-06T12:14:03+00:00","dateModified":"2026-01-23T13:10:58+00:00","description":"\u00c7ekme Karavan m\u0131? Motokaravan m\u0131? bu sorunun cevab\u0131n\u0131 arad\u0131\u011f\u0131n\u0131z\u0131n fark\u0131nday\u0131z.Bizde buradan yola \u00e7\u0131karak size uygun karavan\u0131 se\u00e7menizde...","breadcrumb":{"@id":"http:\/\/geziyoo.co\/blog\/cekme-karavan-mi-motokaravan-mi\/#breadcrumb"},"inLanguage":"tr","potentialAction":[{"@type":"ReadAction","target":["http:\/\/geziyoo.co\/blog\/cekme-karavan-mi-motokaravan-mi\/"]}]},{"@type":"ImageObject","inLanguage":"tr","@id":"http:\/\/geziyoo.co\/blog\/cekme-karavan-mi-motokaravan-mi\/#primaryimage","url":"http:\/\/geziyoo.co\/blog\/wp-content\/uploads\/2023\/04\/Cekme-Karavan-mi-Motokaravan-mi-scaled.jpg","contentUrl":"http:\/\/geziyoo.co\/blog\/wp-content\/uploads\/2023\/04\/Cekme-Karavan-mi-Motokaravan-mi-scaled.jpg","width":1200,"height":756},{"@type":"BreadcrumbList","@id":"http:\/\/geziyoo.co\/blog\/cekme-karavan-mi-motokaravan-mi\/#breadcrumb","itemListElement":[{"@type":"ListItem","position":1,"name":"Ana sayfa","item":"https:\/\/geziyoo.co\/blog\/"},{"@type":"ListItem","position":2,"name":"\u00c7ekme Karavan m\u0131 Motokaravan m\u0131 ? Taraf\u0131n\u0131 Se\u00e7!"}]},{"@type":"WebSite","@id":"https:\/\/geziyoo.co\/blog\/#website","url":"https:\/\/geziyoo.co\/blog\/","name":"Geziyoo Blog","description":"GeziYoo Blog&#039;da T\u00fcrkiye&#039;nin en iyi kamp alanlar\u0131ndan bungalov tatillerine, karavan ipu\u00e7lar\u0131ndan gezi rehberlerine kadar her t\u00fcrl\u00fc do\u011fa deneyimini ke\u015ffedin.","publisher":{"@id":"https:\/\/geziyoo.co\/blog\/#organization"},"potentialAction":[{"@type":"SearchAction","target":{"@type":"EntryPoint","urlTemplate":"https:\/\/geziyoo.co\/blog\/?s={search_term_string}"},"query-input":{"@type":"PropertyValueSpecification","valueRequired":true,"valueName":"search_term_string"}}],"inLanguage":"tr"},{"@type":"Organization","@id":"https:\/\/geziyoo.co\/blog\/#organization","name":"Geziyoo.co","url":"https:\/\/geziyoo.co\/blog\/","logo":{"@type":"ImageObject","inLanguage":"tr","@id":"https:\/\/geziyoo.co\/blog\/#\/schema\/logo\/image\/","url":"https:\/\/geziyoo.co\/blog\/wp-content\/uploads\/2025\/01\/Paragraf-metniniz-3.png","contentUrl":"https:\/\/geziyoo.co\/blog\/wp-content\/uploads\/2025\/01\/Paragraf-metniniz-3.png","width":270,"height":50,"caption":"Geziyoo.co"},"image":{"@id":"https:\/\/geziyoo.co\/blog\/#\/schema\/logo\/image\/"},"sameAs":["https:\/\/www.facebook.com\/Geziyooco","https:\/\/x.com\/geziyoo","https:\/\/tr.pinterest.com\/geziyooco\/","https:\/\/www.youtube.com\/@geziyoo","https:\/\/www.instagram.com\/geziyoo.co\/"]},{"@type":"Person","@id":"https:\/\/geziyoo.co\/blog\/#\/schema\/person\/032acb2436540ed14784e7d978aef0e4","name":"Geziyoo","image":{"@type":"ImageObject","inLanguage":"tr","@id":"https:\/\/geziyoo.co\/blog\/#\/schema\/person\/image\/","url":"https:\/\/secure.gravatar.com\/avatar\/ae212a4514471fdb8cab6e5af4f3c99b940a2d0a16713ea0392c8d7c8a64f30a?s=96&d=mm&r=g","contentUrl":"https:\/\/secure.gravatar.com\/avatar\/ae212a4514471fdb8cab6e5af4f3c99b940a2d0a16713ea0392c8d7c8a64f30a?s=96&d=mm&r=g","caption":"Geziyoo"},"description":"Do\u011fa ile i\u00e7 i\u00e7e olabilece\u011finiz yerler,do\u011fa aktivite alanlar\u0131,kamp alanlar\u0131,bungalov oteller,Tiny House Oteller, Galampingler ve da\u011f evlerinin herkes i\u00e7in ula\u015f\u0131labilir olmas\u0131n\u0131 sa\u011flamak amac\u0131yla Geziyoo\u2019ya 2019 y\u0131l\u0131nda ba\u015flad\u0131k.Do\u011fal Tatil konseptini uygulayan en geni\u015f kapsaml\u0131 sitedir.","sameAs":["https:\/\/geziyoo.co\/","https:\/\/www.facebook.com\/geziyoo.co","https:\/\/www.instagram.com\/geziyoo.co\/","https:\/\/tr.pinterest.com\/geziyooco\/","https:\/\/x.com\/https:\/\/twitter.com\/geziyoo","https:\/\/www.youtube.com\/channel\/UCdiSMa6pe17KEY7DP1Ug4ag"]}]}},"amp_enabled":true,"_links":{"self":[{"href":"http:\/\/geziyoo.co\/blog\/wp-json\/wp\/v2\/posts\/12287","targetHints":{"allow":["GET"]}}],"collection":[{"href":"http:\/\/geziyoo.co\/blog\/wp-json\/wp\/v2\/posts"}],"about":[{"href":"http:\/\/geziyoo.co\/blog\/wp-json\/wp\/v2\/types\/post"}],"author":[{"embeddable":true,"href":"http:\/\/geziyoo.co\/blog\/wp-json\/wp\/v2\/users\/1"}],"replies":[{"embeddable":true,"href":"http:\/\/geziyoo.co\/blog\/wp-json\/wp\/v2\/comments?post=12287"}],"version-history":[{"count":0,"href":"http:\/\/geziyoo.co\/blog\/wp-json\/wp\/v2\/posts\/12287\/revisions"}],"wp:featuredmedia":[{"embeddable":true,"href":"http:\/\/geziyoo.co\/blog\/wp-json\/wp\/v2\/media\/12291"}],"wp:attachment":[{"href":"http:\/\/geziyoo.co\/blog\/wp-json\/wp\/v2\/media?parent=12287"}],"wp:term":[{"taxonomy":"category","embeddable":true,"href":"http:\/\/geziyoo.co\/blog\/wp-json\/wp\/v2\/categories?post=12287"},{"taxonomy":"post_tag","embeddable":true,"href":"http:\/\/geziyoo.co\/blog\/wp-json\/wp\/v2\/tags?post=12287"}],"curies":[{"name":"wp","href":"https:\/\/api.w.org\/{rel}","templated":true}]}}