{"id":11878,"date":"2023-03-22T10:22:27","date_gmt":"2023-03-22T10:22:27","guid":{"rendered":"https:\/\/geziyoo.co\/blog\/?p=11878"},"modified":"2026-01-29T13:16:51","modified_gmt":"2026-01-29T13:16:51","slug":"muglada-denize-sifir-kamp-yapabileceginiz-ucretsiz-kamp-alanlari-ve-koylar","status":"publish","type":"post","link":"http:\/\/geziyoo.co\/blog\/muglada-denize-sifir-kamp-yapabileceginiz-ucretsiz-kamp-alanlari-ve-koylar\/","title":{"rendered":"Mu\u011fla Geneli Denize S\u0131f\u0131r ve \u00dccretsiz 30+ Kamp Alan\u0131 (\u0130leti\u015fim ve Konum)"},"content":{"rendered":"\n<p><strong>Mu\u011fla<\/strong>, T\u00fcrkiye\u2019nin en uzun sahil \u015feridine sahip ili olarak, kamp\u00e7\u0131lara sonsuz se\u00e7enekler sunan devasa bir yar\u0131madalar b\u00fct\u00fcn\u00fcd\u00fcr. Bodrum\u2019un hareketli gecelerinden ka\u00e7\u0131p Cennet Koyu\u2019na s\u0131\u011f\u0131nanlar, Dat\u00e7a\u2019n\u0131n virajl\u0131 yollar\u0131n\u0131 a\u015f\u0131p Palamutb\u00fck\u00fc\u2019nde huzuru bulanlar veya Fethiye\u2019de Likya Yolu\u2019nun manzaras\u0131na kar\u015f\u0131 \u00e7ad\u0131r kuranlar&#8230; Mu\u011fla\u2019da her viraj\u0131n arkas\u0131nda sizi bekleyen turkuaz bir s\u00fcrpriz mutlaka vard\u0131r. Buras\u0131 &#8220;Wild Camping&#8221; (Yaban Kamp\u0131) k\u00fclt\u00fcr\u00fcn\u00fcn T\u00fcrkiye\u2019deki ba\u015fkentidir.<\/p>\n\n\n\n<p>Ancak bu cennet co\u011frafyada &#8220;\u00fccretsiz ve denize s\u0131f\u0131r&#8221; kamp yapmak, \u00f6zellikle yaz sezonunda baz\u0131 zorluklar\u0131 beraberinde getirir. Orman yang\u0131n\u0131 riskleri nedeniyle yaz\u0131n orman giri\u015fleri yasaklanabilir (sahil \u015feritleri genellikle hari\u00e7 tutulur), su kayna\u011f\u0131 bulmak bakir koylarda zordur ve pop\u00fcler noktalarda yer bulmak imkans\u0131zla\u015fabilir. Bu listedeki alanlar\u0131n \u00e7o\u011fu <strong>tesissizdir<\/strong>; yani du\u015f, tuvalet ve elektrik l\u00fcks\u00fc yoktur, sadece siz ve do\u011fa vard\u0131r.<\/p>\n\n\n\n<p>Biz Geziyoo olarak, Ege ve Akdeniz\u2019in birle\u015fti\u011fi bu e\u015fsiz rotada arac\u0131lar\u0131 tamamen aradan \u00e7\u0131kard\u0131k ve Mu\u011fla\u2019n\u0131n en detayl\u0131 kamp rehberini haz\u0131rlad\u0131k. Listemizde <strong>hi\u00e7bir \u00fccret \u00f6demeden<\/strong> zeytin ve \u00e7am a\u011fa\u00e7lar\u0131n\u0131n g\u00f6lgesinde, antik kal\u0131nt\u0131lar\u0131n yan\u0131 ba\u015f\u0131nda veya kumsallar\u0131n \u00fczerinde kalabilece\u011finiz en \u00f6zel 30 noktay\u0131 bir araya getirdik.<\/p>\n\n\n\n<p>\u0130ster s\u0131rt \u00e7antan\u0131z\u0131 al\u0131p <strong>Kabak Koyu&#8217;nun<\/strong> gizli k\u00f6\u015felerini ke\u015ffedin, ister <strong>Dat\u00e7a&#8217;n\u0131n<\/strong> \u0131ss\u0131z b\u00fcklerinde inzivaya \u00e7ekilin; yola \u00e7\u0131kmadan \u00f6nce listedeki konumlara mutlaka g\u00f6z at\u0131n. \u0130\u015fte Mu\u011fla\u2019n\u0131n en sevilen 30 \u00fccretsiz kamp dura\u011f\u0131:<\/p>\n\n\n\n<p>Mu\u011fla&#8217;da unuttu\u011fumuz veya bilmedi\u011fimiz\u00a0\u00c7ad\u0131r ve Karavan Kamp alan\u0131\u00a0var ise l\u00fctfen yorumlar k\u0131sm\u0131ndan bizlerle payla\u015f\u0131n.\u00dccretli olarak kamp aray\u0131\u015f\u0131 i\u00e7indeyseniz 100\u2019den fazla kamp alan\u0131na sahip\u00a0<strong><em><a data-type=\"post\" data-id=\"6124\" href=\"https:\/\/geziyoo.co\/blog\/mugla-kamp-alanlari-ve-mugla-kamp-yerleri\/\">Mu\u011fla Kamp Alanlar\u0131<\/a> <\/em><\/strong>i\u00e7eri\u011fimize bakman\u0131z\u0131 \u00f6neriyoruz.<\/p>\n\n\n\n<p>Fazla uzatmadan&nbsp;<strong>Mu\u011fla \u00dccretsiz Kamp Alanlar\u0131<\/strong>&nbsp;listemize ge\u00e7elim.Bu arada listemizde yer almayan kamp alanlar\u0131 var ise l\u00fctfen yorumlar k\u0131sm\u0131ndan bizlerle payla\u015f\u0131n.<\/p>\n\n\n\n<hr class=\"wp-block-separator has-css-opacity is-style-wide\"\/>\n\n\n\n<h2 class=\"wp-block-heading\" id=\"block-2849c5e3-8dd1-4979-915a-48817cc600b5\">1.Yah\u015fi Plaj\u0131 Kamp Alan\u0131<\/h2>\n\n\n\n<figure class=\"wp-block-image\" id=\"block-ab597894-be78-43dd-bc42-54228117c868\"><img decoding=\"async\" data-src=\"https:\/\/geziyoo.co\/blog\/wp-content\/uploads\/2022\/04\/yahsi-plaji.png\" alt=\"Bu g\u00f6rsel bo\u015f bir alt niteli\u011fe sahip; dosya ad\u0131 yahsi-plaji.png\" src=\"data:image\/gif;base64,R0lGODlhAQABAAAAACH5BAEKAAEALAAAAAABAAEAAAICTAEAOw==\" class=\"lazyload\" \/><figcaption class=\"wp-element-caption\">Mu\u011fla\u2019da Denize S\u0131f\u0131r Kamp Yapabilece\u011finiz \u00dccretsiz Kamp Alanlar\u0131 ve Koylar<\/figcaption><\/figure>\n\n\n\n<p id=\"block-57244411-aed4-45e2-af4c-c4158cd6a48f\">Mu\u011fla\u2019da Denize S\u0131f\u0131r Kamp Yapabilece\u011finiz \u00dccretsiz Kamp Alanlar\u0131 ve Koylar i\u00e7eri\u011fimizin ilk s\u0131ras\u0131nda Bodrum&#8217;da yer alan <strong>Yah\u015fi Plaj\u0131 Kamp Alan\u0131<\/strong> bulunmakta.\u00dccretsiz olarak \u00e7ad\u0131r kamp\u0131 ve karavan kamp\u0131 yapma \u015fans\u0131n\u0131z var.<\/p>\n\n\n\n<p id=\"block-f537e59f-4989-475b-b076-d52e62920175\">Kamp alan\u0131nda  WC, elektrik, soyunma kabinleri ve \u015fezlong gibi imk\u00e2nlar i\u00e7in \u00fccretli plaj yerini tercih edebilir g\u00fcn\u00fcn sonunda ise \u00fccretsiz plaja giderek \u00e7ad\u0131r\u0131n\u0131z\u0131 ve karavan\u0131n\u0131z\u0131 buraya koyarak kamp keyfi ya\u015fayabilirsiniz.<\/p>\n\n\n\n<hr class=\"wp-block-separator is-style-wide\" id=\"block-bcf2556c-e3b3-4224-ab3e-b6fb41ffbb93\"\/>\n\n\n\n<ul id=\"block-c3a6e3b6-e8e6-4820-a128-a8b76cab6e44\" class=\"wp-block-list\">\n<li><strong>Yah\u015fi Plaj\u0131 Kamp Alan\u0131<\/strong>&nbsp;<strong>Adres<\/strong>&nbsp;:&nbsp;Ortakentyah\u015fi, Bodrum-yal\u0131kavak Yolu, 48420 Bodrum\/Mu\u011fla&nbsp;<strong><em><a href=\"https:\/\/www.google.com\/maps?daddr=37.01942028314413,27.34129971105005\">Konum Bilgisi<\/a><\/em><\/strong><\/li>\n\n\n\n<li><strong>Yah\u015fi Plaj\u0131 Kamp Alan\u0131<\/strong> <strong>Detayl\u0131 Bilgi :<\/strong>&nbsp;Detayl\u0131 Bilgiler i\u00e7in&nbsp;<strong><em><strong><a href=\"https:\/\/geziyoo.co\/listing\/yahsi-plaji-kamp-alani\/\">Yah\u015fi Plaj\u0131 Kamp Alan\u0131<\/a><\/strong><\/em><\/strong> sayfam\u0131za bakabilirsiniz.<\/li>\n<\/ul>\n\n\n\n<hr class=\"wp-block-separator has-css-opacity is-style-wide\"\/>\n\n\n\n<h2 class=\"wp-block-heading\" id=\"block-bf9ec025-7c03-4858-a8e0-e0eb614ab180\">2.G\u00fcm\u00fc\u015fl\u00fck Halk Plaj\u0131<\/h2>\n\n\n\n<figure class=\"wp-block-image\" id=\"block-dc604733-6922-4ef6-9fa1-f55455dd1e28\"><img decoding=\"async\" data-src=\"https:\/\/geziyoo.co\/blog\/wp-content\/uploads\/2022\/04\/gumusluk.png\" alt=\"Bodrum \u00dccretsiz Kamp Alanlar\u0131 \" src=\"data:image\/gif;base64,R0lGODlhAQABAAAAACH5BAEKAAEALAAAAAABAAEAAAICTAEAOw==\" class=\"lazyload\" \/><figcaption class=\"wp-element-caption\"><strong>Mu\u011fla \u00dccretsiz Kamp Alanlar\u0131<\/strong><\/figcaption><\/figure>\n\n\n\n<p id=\"block-ce87e665-469b-4f3c-a9f9-72709e32f743\"><strong>Mu\u011fla \u00dccretsiz Kamp Alanlar\u0131<\/strong> i\u00e7eri\u011fimizin bir di\u011fer denize s\u0131f\u0131r ve \u00fccretsiz kamp yeri <strong>G\u00fcm\u00fc\u015fl\u00fck Plaj\u0131<\/strong>.\u00c7ad\u0131r kamp\u0131 i\u00e7in uygun olsada karavan kamp\u0131 i\u00e7in maalesef uygun de\u011fil.Karavan\u0131n\u0131za yer bulmada zorluk ya\u015fayabilirsiniz.<\/p>\n\n\n\n<p id=\"block-f79806ba-b2ed-4956-a682-9581af14f23f\">Kamp yapaca\u011f\u0131n\u0131z plajda ki kamp olanaklar\u0131 di\u011fer \u00fccretsiz kamp alanlar\u0131na g\u00f6re daha iyi oldu\u011funu s\u00f6yleyebiliriz.WC, du\u015f, soyunma kabinleri, \u015femsiye ve \u015fezlong gibi kamp olanaklar\u0131 ve imkanlar\u0131 var.<\/p>\n\n\n\n<hr class=\"wp-block-separator is-style-wide\" id=\"block-958c421a-37ec-4880-8614-d50fd02ff556\"\/>\n\n\n\n<ul id=\"block-0b5be6f8-17d2-402e-9a86-043d7f240750\" class=\"wp-block-list\">\n<li><strong>G\u00fcm\u00fc\u015fl\u00fck Plaj\u0131<\/strong>&nbsp;<strong>Adres<\/strong>&nbsp;:&nbsp;&nbsp;G\u00fcm\u00fc\u015fl\u00fck, A\u00e7elya Sk., 48970 Bodrum\/Mu\u011fla&nbsp;<strong><em><a href=\"https:\/\/www.google.com\/maps?daddr=37.01942028314413,27.34129971105005\">Konum Bilgisi<\/a><\/em><\/strong><\/li>\n\n\n\n<li><strong>G\u00fcm\u00fc\u015fl\u00fck Plaj\u0131<\/strong> <strong>Detayl\u0131 Bilgi :<\/strong>&nbsp;Detayl\u0131 Bilgiler i\u00e7in&nbsp;<strong><em><strong><a href=\"https:\/\/geziyoo.co\/listing\/gumusluk-halk-plaji-kamp-alani\">G\u00fcm\u00fc\u015fl\u00fck Plaj\u0131<\/a><\/strong><\/em><\/strong> sayfam\u0131za bakabilirsiniz.<\/li>\n<\/ul>\n\n\n\n<hr class=\"wp-block-separator has-css-opacity is-style-wide\"\/>\n\n\n\n<h2 class=\"wp-block-heading\">3.\u00d6l\u00fcdeniz Beach Camping<\/h2>\n\n\n\n<figure class=\"wp-block-image\"><img decoding=\"async\" width=\"771\" height=\"571\" data-src=\"https:\/\/geziyoo.co\/blog\/wp-content\/uploads\/2022\/06\/oludeniz-kamp-alanlari-3.jpg\" alt=\"oludeniz kamp alanlari 3\" class=\"wp-image-10090 lazyload\" title=\"\u00d6l\u00fcdeniz Kamp Alanlar\u0131 ve Karavan Alanlar\u0131 4\" data-srcset=\"http:\/\/geziyoo.co\/blog\/wp-content\/uploads\/2022\/06\/oludeniz-kamp-alanlari-3.jpg 771w, http:\/\/geziyoo.co\/blog\/wp-content\/uploads\/2022\/06\/oludeniz-kamp-alanlari-3-300x222.jpg 300w, http:\/\/geziyoo.co\/blog\/wp-content\/uploads\/2022\/06\/oludeniz-kamp-alanlari-3-768x569.jpg 768w\" data-sizes=\"(max-width: 771px) 100vw, 771px\" src=\"data:image\/gif;base64,R0lGODlhAQABAAAAACH5BAEKAAEALAAAAAABAAEAAAICTAEAOw==\" style=\"--smush-placeholder-width: 771px; --smush-placeholder-aspect-ratio: 771\/571;\" \/><figcaption class=\"wp-element-caption\"><strong>Mu\u011fla \u00dccretsiz Kamp Alanlar\u0131<\/strong><\/figcaption><\/figure>\n\n\n\n<p><strong>\u00d6l\u00fcdeniz Beach Camping<\/strong>&nbsp; \u00d6l\u00fcdeniz\u2019de yer alan denize s\u0131f\u0131r \u00fccretsiz olarak \u00e7ad\u0131r kamp\u0131 yapabilece\u011finiz bir di\u011fer kamp yeri.\u00c7ad\u0131r kamp\u0131 i\u00e7in uygun olsa da karavan kamp\u0131 ve g\u00fcnd\u00fcz kamp\u0131 i\u00e7in maalesef uygun de\u011fil.<\/p>\n\n\n\n<p>Kamp alan\u0131nda WC ve du\u015f gibi temel olanaklar bulunmakta. Yiyecek ve i\u00e7eceklerinizi ise plaja yak\u0131n market ve restoranlardan temin edebilirsiniz.Kamp b\u00f6lgesinde kesinlikle ate\u015f ve mangal yakmaya izin verilmemektedir.<\/p>\n\n\n\n<p><strong>D\u0130KKAT:<\/strong>G\u00fcnd\u00fczleri \u00e7ad\u0131r kurulmas\u0131na izin verilmiyor.Ak\u015famlar\u0131 kurup g\u00fcnd\u00fczleri \u00e7ad\u0131r\u0131n\u0131z\u0131 toplaman\u0131z gerekmekte.oldu\u011funuzu hat\u0131rlatal\u0131m.<\/p>\n\n\n\n<hr class=\"wp-block-separator has-css-opacity is-style-wide\"\/>\n\n\n\n<ul class=\"wp-block-list\">\n<li><strong>\u00d6l\u00fcdeniz Beach Camping&nbsp;Adres<\/strong>&nbsp;: &nbsp;\u00d6l\u00fcdeniz Caddesi A\u015fa\u011f\u0131 Kuyu \u00c7ukuru K\u00fcme Evleri No:1 \u00d6l\u00fcdeniz\/Fethiye \u2013 MU\u011eLA&nbsp;<strong><em><a href=\"https:\/\/www.google.com\/maps?daddr=36.5484992942418,29.119144058589747\" target=\"_blank\" rel=\"noreferrer noopener\">Konum Bilgisi<\/a><\/em><\/strong><\/li>\n\n\n\n<li><strong>\u00d6l\u00fcdeniz Beach Camping&nbsp;Detayl\u0131 Bilgi :<\/strong>&nbsp;<em>Detayl\u0131 bilgiler ve Fiyatlar i\u00e7in<strong>&nbsp;<a href=\"https:\/\/geziyoo.co\/listing\/oludeniz-beach-camping\/\">\u00d6l\u00fcdeniz Beach Camping<\/a><\/strong><\/em>&nbsp;i\u00e7eri\u011fimize bakabilirsiniz<\/li>\n<\/ul>\n\n\n\n<hr class=\"wp-block-separator has-css-opacity is-style-wide\"\/>\n\n\n\n<h2 class=\"wp-block-heading\">4.<strong>Darbo\u011faz Koyu Kamp Alan\u0131<\/strong><\/h2>\n\n\n\n<figure class=\"wp-block-image size-large is-resized\"><img decoding=\"async\" width=\"693\" height=\"462\" data-src=\"https:\/\/geziyoo.co\/blog\/wp-content\/uploads\/2022\/09\/darbogaz-koyu-kamp-alani-scaled-1.jpg\" alt=\"\" class=\"wp-image-10587 lazyload\" style=\"--smush-placeholder-width: 693px; --smush-placeholder-aspect-ratio: 693\/462;width:750px\" data-srcset=\"http:\/\/geziyoo.co\/blog\/wp-content\/uploads\/2022\/09\/darbogaz-koyu-kamp-alani-scaled-1.jpg 693w, http:\/\/geziyoo.co\/blog\/wp-content\/uploads\/2022\/09\/darbogaz-koyu-kamp-alani-scaled-1-300x200.jpg 300w\" data-sizes=\"(max-width: 693px) 100vw, 693px\" src=\"data:image\/gif;base64,R0lGODlhAQABAAAAACH5BAEKAAEALAAAAAABAAEAAAICTAEAOw==\" \/><figcaption class=\"wp-element-caption\"><strong>Mu\u011fla \u00dccretsiz Kamp Alanlar\u0131<\/strong><\/figcaption><\/figure>\n\n\n\n<p><strong><em>Mu\u011fla \u00dccretsiz Kamp Alanlar\u0131<\/em><\/strong> i\u00e7eri\u011fimizin bir di\u011fer \u00f6nerisi Gemile Koyu\u2019na yak\u0131n bir di\u011fer koy alan\u0131 olan Darbo\u011faz Koyudur.Fethiye il\u00e7e merkesine 22 kilometre uzakl\u0131kta yer almaktad\u0131r.<\/p>\n\n\n\n<p>Darbo\u011faz Koyu, Fethiye\u2019nin en g\u00fczel koylar\u0131ndan bir tanesidir.Koya ara\u00e7 yolu bulunmamaktad\u0131r. Gemile Koyu\u2019na arac\u0131n\u0131z\u0131 park ederek yakla\u015f\u0131k 15 dakika s\u00fcren bir patika yolu y\u00fcr\u00fcyerek bu g\u00fczelim koya ula\u015fabilir ve \u00e7ad\u0131r\u0131n\u0131z\u0131 kurabilirsiniz. Yolun olmamas\u0131 nispeten b\u00f6lgeyi bozmam\u0131\u015f.<\/p>\n\n\n\n<p>Kamp alan\u0131nda kamp atmak \u00fccretsiz. Ayr\u0131ca mangal\u0131n\u0131z\u0131 da yakabiliyorsunuz.Ate\u015finizi kontroll\u00fc olarak yakman\u0131z ve i\u015finiz bitince s\u00f6nd\u00fcrmeniz son derece \u00f6nemlidir.Denizi temiz, dibi ise biraz ta\u015fl\u0131k. Derinli\u011fi bir s\u00fcre sonra art\u0131yor. Kumsal alan\u0131 ise ta\u015fl\u0131kt\u0131r.<\/p>\n\n\n\n<hr class=\"wp-block-separator has-css-opacity is-style-wide\"\/>\n\n\n\n<ul id=\"block-7efbaace-e894-4aea-951e-334c9c902ad5\" class=\"wp-block-list\">\n<li><strong><em><strong>Kayak\u00f6y Sanat Kamp\u0131<\/strong><\/em>&nbsp;Adres<\/strong>&nbsp;:&nbsp;&nbsp;Kayak\u00f6y Mevki Kuyuba\u015f\u0131 gemiler cad no:, D:296, 48300 Fethiye\/Mu\u011fla&nbsp;<strong><em><a href=\"https:\/\/www.google.com\/maps\/dir\/\/36.575226,29.054312\/@36.5751947,28.9842486,12z\" target=\"_blank\" rel=\"noreferrer noopener\">Konum Bilgisi<\/a><\/em><\/strong><\/li>\n\n\n\n<li><strong><em><strong>Kayak\u00f6y Sanat Kamp\u0131<\/strong><\/em><\/strong>&nbsp;<strong>Telefon<\/strong>&nbsp;: 0555 626 33 57<\/li>\n\n\n\n<li><strong><em><strong>Kayak\u00f6y Sanat Kamp\u0131<\/strong><\/em><\/strong>&nbsp;<strong>Detayl\u0131 Bilgi :<\/strong>&nbsp;Detayl\u0131 bilgiler ve tan\u0131t\u0131m\u0131 i\u00e7in&nbsp;<strong><em><strong><em><strong><em><strong><a href=\"https:\/\/geziyoo.co\/listing\/kayakoy-sanat-kampi\/\">Kayak\u00f6y Sanat Kamp\u0131<\/a><\/strong><\/em><\/strong><\/em><\/strong><\/em><\/strong>&nbsp;sayfam\u0131za bak\u0131n\u0131z.<\/li>\n<\/ul>\n\n\n\n<hr class=\"wp-block-separator has-css-opacity is-style-wide\"\/>\n\n\n\n<h2 class=\"wp-block-heading\">5.Talha Koyu (Ekincik) Kamp Alan\u0131<\/h2>\n\n\n\n<figure class=\"wp-block-image\"><img decoding=\"async\" width=\"822\" height=\"619\" data-src=\"https:\/\/geziyoo.co\/blog\/wp-content\/uploads\/2022\/08\/dalyan-kamp-alanlari-4.jpg\" alt=\"dalyan kamp alanlari 4\" class=\"wp-image-10471 lazyload\" title=\"Dalyan Kamp Alanlar\u0131 ve Dalyan Karavan Alanlar\u0131 5\" data-srcset=\"http:\/\/geziyoo.co\/blog\/wp-content\/uploads\/2022\/08\/dalyan-kamp-alanlari-4.jpg 822w, http:\/\/geziyoo.co\/blog\/wp-content\/uploads\/2022\/08\/dalyan-kamp-alanlari-4-300x226.jpg 300w, http:\/\/geziyoo.co\/blog\/wp-content\/uploads\/2022\/08\/dalyan-kamp-alanlari-4-768x578.jpg 768w\" data-sizes=\"(max-width: 822px) 100vw, 822px\" src=\"data:image\/gif;base64,R0lGODlhAQABAAAAACH5BAEKAAEALAAAAAABAAEAAAICTAEAOw==\" style=\"--smush-placeholder-width: 822px; --smush-placeholder-aspect-ratio: 822\/619;\" \/><\/figure>\n\n\n\n<p> Talha Koyu di\u011fer ad\u0131yla Ekincik Koyu do\u011fal ortamdar kamp yapmak isteyenler i\u00e7in olduk\u00e7a ideal yerlerden birisi.<\/p>\n\n\n\n<p>Kamp alan\u0131 ve \u00e7evresinde WC ve du\u015f gibi ihtiya\u00e7lar\u0131n\u0131z\u0131 kar\u015f\u0131layabilece\u011finiz herhangi bir i\u015fletme,restoran ve market yok. Ayr\u0131ca yiyecek ve i\u00e7eceklerinizi de hen\u00fcz buraya gelmeden \u00f6nce alman\u0131z\u0131 \u00f6neriyoruz.<\/p>\n\n\n\n<hr class=\"wp-block-separator has-css-opacity is-style-wide\"\/>\n\n\n\n<ul id=\"block-57420157-44f4-4008-b6cd-4c3a5628d5ce\" class=\"wp-block-list\">\n<li><strong><em><strong>Talha Koyu<\/strong><\/em>&nbsp;Adres<\/strong>&nbsp;:&nbsp;&nbsp;Dalyan, \u0130ztuzu Cd., 48600 Ortaca\/Mu\u011fla&nbsp;<strong><em><a href=\"https:\/\/www.google.com\/maps?daddr=36.82738331535485,28.56372571925727\" target=\"_blank\" rel=\"noreferrer noopener\">Konum Bilgisi<\/a><\/em><\/strong><\/li>\n\n\n\n<li><strong><em><strong>Talha Koyu<\/strong><\/em><\/strong>&nbsp;<strong>Detayl\u0131 Bilgi :<\/strong>&nbsp;Detayl\u0131 bilgiler ve tan\u0131t\u0131m\u0131 i\u00e7in&nbsp;<strong><em><strong><em><strong><em><strong><a href=\"https:\/\/geziyoo.co\/listing\/talha-koyu-ekincik-kamp-alani\/\">Talha Koyu<\/a><\/strong><\/em><\/strong><\/em><\/strong><\/em><\/strong>&nbsp;sayfam\u0131za bak\u0131n\u0131z.<\/li>\n<\/ul>\n\n\n\n<hr class=\"wp-block-separator has-css-opacity is-style-wide\"\/>\n\n\n\n<h2 class=\"wp-block-heading\">6.Boynuzb\u00fck\u00fc Koyu Kamp Alan\u0131<\/h2>\n\n\n\n<figure class=\"wp-block-image\"><img decoding=\"async\" width=\"770\" height=\"536\" data-src=\"https:\/\/geziyoo.co\/blog\/wp-content\/uploads\/2022\/08\/dalaman-kamp-alanlari.png\" alt=\"dalaman kamp alanlari\" class=\"wp-image-10428 lazyload\" title=\"Dalaman Kamp Alanlar\u0131 ve Dalaman Karavan Alanlar\u0131 5\" data-srcset=\"http:\/\/geziyoo.co\/blog\/wp-content\/uploads\/2022\/08\/dalaman-kamp-alanlari.png 770w, http:\/\/geziyoo.co\/blog\/wp-content\/uploads\/2022\/08\/dalaman-kamp-alanlari-300x209.png 300w, http:\/\/geziyoo.co\/blog\/wp-content\/uploads\/2022\/08\/dalaman-kamp-alanlari-768x535.png 768w\" data-sizes=\"(max-width: 770px) 100vw, 770px\" src=\"data:image\/gif;base64,R0lGODlhAQABAAAAACH5BAEKAAEALAAAAAABAAEAAAICTAEAOw==\" style=\"--smush-placeholder-width: 770px; --smush-placeholder-aspect-ratio: 770\/536;\" \/><\/figure>\n\n\n\n<p>Mu\u011fla &#8216;da \u00fccretsiz kamp yapabilece\u011finiz yerlerden biri olan Boynuzb\u00fck\u00fc Koyu Kamp Alan\u0131 manzaras\u0131 ve do\u011fal g\u00fczellikleriyle \u00f6n plana \u00e7\u0131kmakta.\u00c7ad\u0131r kamp\u0131 i\u00e7in uygun olan koy karavan kamp\u0131 i\u00e7in \u00e7ok da uygun de\u011fil.<\/p>\n\n\n\n<p>Yiyecek ve i\u00e7ecek ihtiya\u00e7lar\u0131n\u0131z\u0131n yan\u0131 s\u0131ra WC ve elektrik gibi ihtiya\u00e7lar\u0131n\u0131z\u0131 da buradan kolay bir \u015fekilde kar\u015f\u0131layabilirsiniz.<\/p>\n\n\n\n<hr class=\"wp-block-separator has-css-opacity is-style-wide\"\/>\n\n\n\n<ul id=\"block-57420157-44f4-4008-b6cd-4c3a5628d5ce\" class=\"wp-block-list\">\n<li><strong><em><strong>Boynuzb\u00fck\u00fc Koyu<\/strong><\/em>&nbsp;Adres<\/strong>&nbsp;:&nbsp;&nbsp;Karg\u0131nk\u00fcr\u00fc, 48770 Dalaman\/Mu\u011fla&nbsp;<strong><em><a href=\"https:\/\/www.google.com\/maps?daddr=36.710900858754115,28.893764919571346\" target=\"_blank\" rel=\"noreferrer noopener\">Konum Bilgisi<\/a><\/em><\/strong><\/li>\n\n\n\n<li><strong><em><strong>Boynuzb\u00fck\u00fc Koyu<\/strong><\/em><\/strong>&nbsp;<strong>Detayl\u0131 Bilgi :<\/strong>&nbsp;Detayl\u0131 bilgiler ve tan\u0131t\u0131m\u0131 i\u00e7in&nbsp;<strong><em><strong><em><strong><em><strong><em><strong><a href=\"https:\/\/geziyoo.co\/listing\/boynuzbuku-koyu-kamp-alani\/\">Boynuzb\u00fck\u00fc Koyu<\/a><\/strong><\/em><\/strong><\/em><\/strong><\/em><\/strong><\/em><\/strong>&nbsp;sayfam\u0131za bak\u0131n\u0131z.<\/li>\n<\/ul>\n\n\n\n<hr class=\"wp-block-separator has-css-opacity is-style-wide\"\/>\n\n\n\n<h2 class=\"wp-block-heading\">7.Kille Koyu Kamp Alan\u0131<\/h2>\n\n\n\n<figure class=\"wp-block-image\"><img decoding=\"async\" width=\"779\" height=\"542\" data-src=\"https:\/\/geziyoo.co\/blog\/wp-content\/uploads\/2022\/08\/dalaman-kamp-alanlari-3.png\" alt=\"dalaman kamp alanlari 3\" class=\"wp-image-10433 lazyload\" title=\"Dalaman Kamp Alanlar\u0131 ve Dalaman Karavan Alanlar\u0131 7\" data-srcset=\"http:\/\/geziyoo.co\/blog\/wp-content\/uploads\/2022\/08\/dalaman-kamp-alanlari-3.png 779w, http:\/\/geziyoo.co\/blog\/wp-content\/uploads\/2022\/08\/dalaman-kamp-alanlari-3-300x209.png 300w, http:\/\/geziyoo.co\/blog\/wp-content\/uploads\/2022\/08\/dalaman-kamp-alanlari-3-768x534.png 768w\" data-sizes=\"(max-width: 779px) 100vw, 779px\" src=\"data:image\/gif;base64,R0lGODlhAQABAAAAACH5BAEKAAEALAAAAAABAAEAAAICTAEAOw==\" style=\"--smush-placeholder-width: 779px; --smush-placeholder-aspect-ratio: 779\/542;\" \/><\/figure>\n\n\n\n<p><strong>Mu\u011fla \u00fccretsiz Kamp Alanlar\u0131<\/strong> i\u00e7eri\u011fimizin 7.s\u0131ras\u0131nda Killeb\u00fck\u00fc Koyu Kamp Alan\u0131 var.Koy \u00fccretsiz ve do\u011fal kamp yerlerinden bir di\u011feridir.<\/p>\n\n\n\n<p>Koy \u00e7ad\u0131r kamp\u0131 i\u00e7i uygun olsada,yollar\u0131n\u0131n k\u00f6t\u00fc olmas\u0131ndan dolay\u0131 karavan kamp\u0131 i\u00e7in maalesef uygun de\u011fil.Koyda  restoran,market ve herhangi bir i\u015fletme yok.Kampa gitmeden \u00f6nce al\u0131\u015fveri\u015finizi yap\u0131p \u00f6yle gidin.Kamp alan\u0131nda wc,du\u015f ve elektrik gibi olanaklarda yok.<\/p>\n\n\n\n<hr class=\"wp-block-separator has-css-opacity is-style-wide\"\/>\n\n\n\n<ul id=\"block-57420157-44f4-4008-b6cd-4c3a5628d5ce\" class=\"wp-block-list\">\n<li><strong><em><strong>Killeb\u00fck\u00fc Koyu<\/strong><\/em><\/strong>&nbsp;<strong>Adres<\/strong>&nbsp;:&nbsp;&nbsp;\u015eerefler, 48770 Dalaman\/Mu\u011fla&nbsp;<strong><em><a href=\"https:\/\/www.google.com\/maps?daddr=36.70004634385599,28.876693719657474\" target=\"_blank\" rel=\"noreferrer noopener\">Konum Bilgisi<\/a><\/em><\/strong><\/li>\n\n\n\n<li><strong><em><strong>Killeb\u00fck\u00fc Koyu<\/strong><\/em><\/strong>&nbsp;<strong>Detayl\u0131 Bilgi :<\/strong>&nbsp;Detayl\u0131 bilgiler ve tan\u0131t\u0131m\u0131 i\u00e7in&nbsp;<strong><em><strong><em><strong><em><strong><a href=\"https:\/\/geziyoo.co\/listing\/killebuku-koyu-kamp-alani\/\">Killeb\u00fck\u00fc Koyu<\/a><\/strong><\/em><\/strong><\/em><\/strong><\/em><\/strong>&nbsp;sayfam\u0131za bak\u0131n\u0131z.<\/li>\n<\/ul>\n\n\n\n<hr class=\"wp-block-separator has-css-opacity is-style-wide\"\/>\n\n\n\n<h2 class=\"wp-block-heading\">8.Sarsala Koyu<\/h2>\n\n\n\n<figure class=\"wp-block-image\"><img decoding=\"async\" width=\"779\" height=\"583\" data-src=\"https:\/\/geziyoo.co\/blog\/wp-content\/uploads\/2022\/08\/dalaman-kamp-alanlari-4.jpg\" alt=\"dalaman kamp alanlari 4\" class=\"wp-image-10435 lazyload\" title=\"Dalaman Kamp Alanlar\u0131 ve Dalaman Karavan Alanlar\u0131 8\" data-srcset=\"http:\/\/geziyoo.co\/blog\/wp-content\/uploads\/2022\/08\/dalaman-kamp-alanlari-4.jpg 779w, http:\/\/geziyoo.co\/blog\/wp-content\/uploads\/2022\/08\/dalaman-kamp-alanlari-4-300x225.jpg 300w, http:\/\/geziyoo.co\/blog\/wp-content\/uploads\/2022\/08\/dalaman-kamp-alanlari-4-768x575.jpg 768w\" data-sizes=\"(max-width: 779px) 100vw, 779px\" src=\"data:image\/gif;base64,R0lGODlhAQABAAAAACH5BAEKAAEALAAAAAABAAEAAAICTAEAOw==\" style=\"--smush-placeholder-width: 779px; --smush-placeholder-aspect-ratio: 779\/583;\" \/><\/figure>\n\n\n\n<p>Sarsala Koyu Mu\u011fla&#8217;da denize s\u0131f\u0131r ve \u00fccretsiz \u00e7ad\u0131r kamp\u0131 yapabilece\u011finiz bir di\u011fer koy.Mavi ile ye\u015filin birle\u015fti\u011fi yerdeki bu g\u00fczel koy tam kafa dinlemelik.Karavan kamp\u0131 i\u00e7in uygun olmad\u0131\u011f\u0131n\u0131 belirtelim.<\/p>\n\n\n\n<p>Koyda \u00fccretli olarak da kamp yapabilece\u011finiz bir i\u015fletme var. Kafe, otopark, tuvalet ve du\u015f imkan\u0131 bulunmaktad\u0131r. Ufak bir \u00fccret kar\u015f\u0131l\u0131\u011f\u0131nda \u015fezlong kiralayabilirsiniz.<\/p>\n\n\n\n<hr class=\"wp-block-separator has-css-opacity is-style-wide\"\/>\n\n\n\n<ul id=\"block-57420157-44f4-4008-b6cd-4c3a5628d5ce\" class=\"wp-block-list\">\n<li><strong><em><strong>Sarsala Koyu<\/strong><\/em><\/strong>&nbsp;<strong>Adres<\/strong>&nbsp;:&nbsp;&nbsp;\u015eerefler, 48770 Dalaman\/Mu\u011fla&nbsp;<strong><em><a href=\"https:\/\/www.google.com\/maps\/dir\/\/36.6625735,28.8502838\/@36.662544,28.7802261,12z\" target=\"_blank\" rel=\"noreferrer noopener\">Konum Bilgisi<\/a><\/em><\/strong><\/li>\n\n\n\n<li><strong><em><strong>Sarsala Koyu<\/strong><\/em><\/strong>&nbsp;<strong>Detayl\u0131 Bilgi :<\/strong>&nbsp;Detayl\u0131 bilgiler ve tan\u0131t\u0131m\u0131 i\u00e7in&nbsp;<strong><em><strong><em><strong><em><strong><a href=\"https:\/\/geziyoo.co\/listing\/sarsala-koyu-kamp-alani\/\">Sarsala Koyu<\/a><\/strong><\/em><\/strong><\/em><\/strong><\/em><\/strong>&nbsp;sayfam\u0131za bak\u0131n\u0131z.<\/li>\n<\/ul>\n\n\n\n<hr class=\"wp-block-separator has-css-opacity is-style-wide\"\/>\n\n\n\n<h2 class=\"wp-block-heading\">9.Merdivenli Koyu Kamp Alan\u0131<\/h2>\n\n\n\n<figure class=\"wp-block-image\"><img decoding=\"async\" width=\"790\" height=\"367\" data-src=\"https:\/\/geziyoo.co\/blog\/wp-content\/uploads\/2022\/07\/gocek-kamp-alanlari.png\" alt=\"G\u00f6cek \u00dccretsiz Kamp Alanlar\u0131\" class=\"wp-image-10383 lazyload\" title=\"G\u00f6cek Kamp Alanlar\u0131 ve G\u00f6cek Koylar\u0131 3\" data-srcset=\"http:\/\/geziyoo.co\/blog\/wp-content\/uploads\/2022\/07\/gocek-kamp-alanlari.png 790w, http:\/\/geziyoo.co\/blog\/wp-content\/uploads\/2022\/07\/gocek-kamp-alanlari-300x139.png 300w, http:\/\/geziyoo.co\/blog\/wp-content\/uploads\/2022\/07\/gocek-kamp-alanlari-768x357.png 768w\" data-sizes=\"(max-width: 790px) 100vw, 790px\" src=\"data:image\/gif;base64,R0lGODlhAQABAAAAACH5BAEKAAEALAAAAAABAAEAAAICTAEAOw==\" style=\"--smush-placeholder-width: 790px; --smush-placeholder-aspect-ratio: 790\/367;\" \/><figcaption class=\"wp-element-caption\"><strong>G\u00f6cek \u00dccretsiz Kamp Alanlar\u0131<\/strong><\/figcaption><\/figure>\n\n\n\n<p><strong>Mu\u011fla \u00dccretsiz Kamp Alanlar\u0131<\/strong>&nbsp;i\u00e7eri\u011fimizin p.s\u0131ras\u0131nda do\u011fal ve denize s\u0131f\u0131r kamp alan\u0131 Merdivenli Koyu yer almaktad\u0131r.\u00dccretsiz olarak \u00e7ad\u0131r kamp\u0131 yapabilirsiniz.Fakat karavan kamp\u0131 i\u00e7in uygun de\u011fil.<\/p>\n\n\n\n<p>Kamp yerinde herhangi bir i\u015fletme,market,restoran vb yap\u0131 yok.Wc ve du\u015f gibi olanaklarda maalesef yok.Fakat e\u015fsiz denizi manzaras\u0131yla gidip kamp yapmaya de\u011fer.<\/p>\n\n\n\n<hr class=\"wp-block-separator has-css-opacity is-style-wide\"\/>\n\n\n\n<ul id=\"block-57420157-44f4-4008-b6cd-4c3a5628d5ce\" class=\"wp-block-list\">\n<li><strong><em><strong>Merdivenli Koyu<\/strong><\/em>&nbsp;Adres<\/strong>&nbsp;:&nbsp;&nbsp;Karg\u0131nk\u00fcr\u00fc, tersakan sokak no 119, 48770 Dalaman\/Mu\u011fla&nbsp;<strong><em><a href=\"https:\/\/www.google.com\/maps?daddr=36.74489556703023,28.877094777689088\" target=\"_blank\" rel=\"noreferrer noopener\">Konum Bilgisi<\/a><\/em><\/strong><\/li>\n\n\n\n<li><strong><em><strong>Merdivenli Koyu<\/strong><\/em>Detayl\u0131 Bilgi :<\/strong>&nbsp;Detayl\u0131 bilgiler ve tan\u0131t\u0131m\u0131 i\u00e7in&nbsp;<strong><em><strong><em><strong><em><strong><a href=\"https:\/\/geziyoo.co\/listing\/merdivenli-koyu-kamp-alani\/\">Merdivenli Koyu<\/a><\/strong><\/em><\/strong><\/em><\/strong><\/em><\/strong>&nbsp;sayfam\u0131za bak\u0131n\u0131z.<\/li>\n<\/ul>\n\n\n\n<hr class=\"wp-block-separator has-css-opacity is-style-wide\"\/>\n\n\n\n<h2 class=\"wp-block-heading\">10.S\u0131ral\u0131b\u00fck Koyu Kamp Alan\u0131<\/h2>\n\n\n\n<figure class=\"wp-block-image\"><img decoding=\"async\" width=\"782\" height=\"545\" data-src=\"https:\/\/geziyoo.co\/blog\/wp-content\/uploads\/2022\/07\/gocek-kamp-alanlari-2.png\" alt=\"gocek kamp alanlari 2\" class=\"wp-image-10386 lazyload\" title=\"G\u00f6cek Kamp Alanlar\u0131 ve G\u00f6cek Koylar\u0131 4\" data-srcset=\"http:\/\/geziyoo.co\/blog\/wp-content\/uploads\/2022\/07\/gocek-kamp-alanlari-2.png 782w, http:\/\/geziyoo.co\/blog\/wp-content\/uploads\/2022\/07\/gocek-kamp-alanlari-2-300x209.png 300w, http:\/\/geziyoo.co\/blog\/wp-content\/uploads\/2022\/07\/gocek-kamp-alanlari-2-768x535.png 768w\" data-sizes=\"(max-width: 782px) 100vw, 782px\" src=\"data:image\/gif;base64,R0lGODlhAQABAAAAACH5BAEKAAEALAAAAAABAAEAAAICTAEAOw==\" style=\"--smush-placeholder-width: 782px; --smush-placeholder-aspect-ratio: 782\/545;\" \/><\/figure>\n\n\n\n<p>S\u0131ral\u0131b\u00fck Koyu Kamp Alan\u0131,Mu\u011fla&#8217;n\u0131n \u00fcnl\u00fc tatil beldelerinden bir tanesi olan G\u00f6cek\u2019de yer almaktad\u0131r.\u00dccretsiz olarak \u00e7ad\u0131r kamp yapabilece\u011finiz do\u011fal ve denize s\u0131f\u0131r koylardan birisidir.Koy do\u011fal g\u00fczelli\u011fi ve m\u00fcthi\u015f manzaras\u0131yla \u00f6n plana \u00e7\u0131k\u0131yor.<\/p>\n\n\n\n<p>D\u00fczl\u00fck alan\u0131 \u00e7ok k\u00fc\u00e7\u00fck bir b\u00f6l\u00fcm oldu\u011fu i\u00e7in sakin d\u00f6nemlerde kamp yapmakta fayda var. Bu d\u00fczl\u00fckten geride kalan k\u0131s\u0131m ormanl\u0131k ve genelde engebeli kayal\u0131klarla kapl\u0131.&nbsp;<\/p>\n\n\n\n<hr class=\"wp-block-separator has-css-opacity is-style-wide\"\/>\n\n\n\n<ul id=\"block-57420157-44f4-4008-b6cd-4c3a5628d5ce\" class=\"wp-block-list\">\n<li><strong><em><strong>S\u0131ral\u0131b\u00fck Koyu Kamp Alan\u0131<\/strong><\/em><\/strong>&nbsp;<strong>Adres<\/strong>&nbsp;:&nbsp;Kapukarg\u0131n, 48770 Dalaman\/Mu\u011fla&nbsp;<strong><em><a href=\"https:\/\/www.google.com\/maps?daddr=36.67298750680273,28.863416412421703\" target=\"_blank\" rel=\"noreferrer noopener\">Konum Bilgisi<\/a><\/em><\/strong><\/li>\n\n\n\n<li><strong><em><strong>S\u0131ral\u0131b\u00fck Koyu Kamp Alan\u0131<\/strong><\/em><\/strong>&nbsp;<strong>Detayl\u0131 Bilgi :<\/strong>&nbsp;Detayl\u0131 bilgiler ve tan\u0131t\u0131m\u0131 i\u00e7in&nbsp;<strong><em><strong><em><strong><em><strong><a href=\"https:\/\/geziyoo.co\/listing\/siralibuk-koyu-kamp-alani\/\">S\u0131ral\u0131b\u00fck Koyu Kamp Alan\u0131<\/a><\/strong><\/em><\/strong><\/em><\/strong><\/em><\/strong>&nbsp;sayfam\u0131za bak\u0131n\u0131z.<\/li>\n<\/ul>\n\n\n\n<hr class=\"wp-block-separator has-css-opacity is-style-wide\"\/>\n\n\n\n<h2 class=\"wp-block-heading\">11.Ayten Koyu Kamp Alan\u0131<\/h2>\n\n\n\n<figure class=\"wp-block-image\"><img decoding=\"async\" width=\"792\" height=\"588\" data-src=\"https:\/\/geziyoo.co\/blog\/wp-content\/uploads\/2022\/07\/gocek-kamp-alanlari-3.png\" alt=\"gocek kamp alanlari 3\" class=\"wp-image-10387 lazyload\" title=\"G\u00f6cek Kamp Alanlar\u0131 ve G\u00f6cek Koylar\u0131 5\" data-srcset=\"http:\/\/geziyoo.co\/blog\/wp-content\/uploads\/2022\/07\/gocek-kamp-alanlari-3.png 792w, http:\/\/geziyoo.co\/blog\/wp-content\/uploads\/2022\/07\/gocek-kamp-alanlari-3-300x223.png 300w, http:\/\/geziyoo.co\/blog\/wp-content\/uploads\/2022\/07\/gocek-kamp-alanlari-3-768x570.png 768w\" data-sizes=\"(max-width: 792px) 100vw, 792px\" src=\"data:image\/gif;base64,R0lGODlhAQABAAAAACH5BAEKAAEALAAAAAABAAEAAAICTAEAOw==\" style=\"--smush-placeholder-width: 792px; --smush-placeholder-aspect-ratio: 792\/588;\" \/><\/figure>\n\n\n\n<p>Ayten Koyu Mu\u011fla&#8217;da \u00fccretsiz olarak kamp yapabilece\u011fniz bir di\u011fer harika koy.G\u00f6cek\u2019in en \u00fcnl\u00fc ve bilinen koylar\u0131ndand\u0131r.Koy hem \u00e7ad\u0131r kamp\u0131 hem de karavan kamp\u0131 i\u00e7in uygun.<\/p>\n\n\n\n<p>Turkuaz ve ye\u015filin h\u00fck\u00fcm s\u00fcrd\u00fc\u011f\u00fc koy kamp i\u00e7in olduk\u00e7a elveri\u015fli bir zemine sahip. Koy etraf\u0131nda herhangi bir i\u015fletme,restoran,market yok.Tuvalet, du\u015f, elektrik gibi ihtiya\u00e7lar\u0131n\u0131z\u0131 gidermeniz a\u00e7\u0131s\u0131ndan eksik kal\u0131yor.<\/p>\n\n\n\n<hr class=\"wp-block-separator has-css-opacity is-style-wide\"\/>\n\n\n\n<ul id=\"block-57420157-44f4-4008-b6cd-4c3a5628d5ce\" class=\"wp-block-list\">\n<li><strong><em><strong>Ayten Koyu Kamp Alan\u0131<\/strong><\/em><\/strong>&nbsp;<strong>Adres<\/strong>&nbsp;:&nbsp;&nbsp;Karacaa\u011fa\u00e7, 48770 Dalaman\/Mu\u011fla, T\u00fcrkiye&nbsp;<strong><em><a href=\"https:\/\/www.google.com\/maps?daddr=36.74096665872853,%2028.923975435116883\" target=\"_blank\" rel=\"noreferrer noopener\">Konum Bilgisi<\/a><\/em><\/strong><\/li>\n\n\n\n<li><strong><em><strong>Ayten Koyu Kamp Alan\u0131<\/strong><\/em><\/strong>&nbsp;<strong>Detayl\u0131 Bilgi :<\/strong>&nbsp;Detayl\u0131 bilgiler ve tan\u0131t\u0131m\u0131 i\u00e7in&nbsp;<strong><em><strong><em><strong><em><strong><a href=\"https:\/\/geziyoo.co\/listing\/ayten-koyu-kamp-alani\/\">Ayten Koyu Kamp Alan\u0131<\/a><\/strong><\/em><\/strong><\/em><\/strong><\/em><\/strong>&nbsp;sayfam\u0131za bak\u0131n\u0131z.<\/li>\n<\/ul>\n\n\n\n<hr class=\"wp-block-separator has-css-opacity is-style-wide\"\/>\n\n\n\n<h2 class=\"wp-block-heading\">12.G\u00f6b\u00fcn Koyu Kamp Alan\u0131<\/h2>\n\n\n\n<figure class=\"wp-block-image\"><img decoding=\"async\" width=\"791\" height=\"547\" data-src=\"https:\/\/geziyoo.co\/blog\/wp-content\/uploads\/2022\/07\/gocek-kamp-alanlari-4.png\" alt=\"gocek kamp alanlari 4\" class=\"wp-image-10390 lazyload\" title=\"G\u00f6cek Kamp Alanlar\u0131 ve G\u00f6cek Koylar\u0131 6\" data-srcset=\"http:\/\/geziyoo.co\/blog\/wp-content\/uploads\/2022\/07\/gocek-kamp-alanlari-4.png 791w, http:\/\/geziyoo.co\/blog\/wp-content\/uploads\/2022\/07\/gocek-kamp-alanlari-4-300x207.png 300w, http:\/\/geziyoo.co\/blog\/wp-content\/uploads\/2022\/07\/gocek-kamp-alanlari-4-768x531.png 768w\" data-sizes=\"(max-width: 791px) 100vw, 791px\" src=\"data:image\/gif;base64,R0lGODlhAQABAAAAACH5BAEKAAEALAAAAAABAAEAAAICTAEAOw==\" style=\"--smush-placeholder-width: 791px; --smush-placeholder-aspect-ratio: 791\/547;\" \/><\/figure>\n\n\n\n<p>G\u00f6b\u00fcn Koyu Kamp Alan\u0131, G\u00f6cek b\u00f6lgesinde yer alan \u00fccretsiz olarak \u00e7ad\u0131r kamp yapabilece\u011finiz do\u011fal ve denize s\u0131f\u0131r koylardan bir tanesidir.Koy do\u011fal g\u00fczelli\u011fi ve m\u00fcthi\u015f manzaras\u0131yla \u00f6n plana \u00e7\u0131k\u0131yor<\/p>\n\n\n\n<p>Koy i\u00e7erisinde restoranlar bulunmakta.Manzaran\u0131n tad\u0131n\u0131 \u00e7\u0131karmak isteyen g\u00fcn\u00fcbirlik ziyaret\u00e7iler hari\u00e7, kamp severler taraf\u0131ndan da kullan\u0131lmaktad\u0131r. Yemek, tuvalet, \u00e7e\u015fme ve elektrik ihtiya\u00e7lar\u0131n\u0131z\u0131 tesisin a\u00e7\u0131k oldu\u011fu saatler i\u00e7erisinde giderebilirsiniz.<\/p>\n\n\n\n<hr class=\"wp-block-separator has-css-opacity is-style-wide\"\/>\n\n\n\n<ul id=\"block-57420157-44f4-4008-b6cd-4c3a5628d5ce\" class=\"wp-block-list\">\n<li><strong><em><strong>G\u00f6b\u00fcn Koyu Kamp Alan\u0131<\/strong><\/em><\/strong>&nbsp;<strong>Adres<\/strong>&nbsp;:&nbsp;&nbsp;Karacaa\u011fa\u00e7, 48770 Dalaman\/Mu\u011fla, T\u00fcrkiye&nbsp;<strong><em><a href=\"https:\/\/www.google.com\/maps?daddr=36.642503262931605,28.89311567117381\" target=\"_blank\" rel=\"noreferrer noopener\">Konum Bilgisi<\/a><\/em><\/strong><\/li>\n\n\n\n<li><strong><em><strong>G\u00f6b\u00fcn Koyu Kamp Alan\u0131<\/strong><\/em><\/strong>&nbsp;<strong>Detayl\u0131 Bilgi :<\/strong>&nbsp;Detayl\u0131 bilgiler ve tan\u0131t\u0131m\u0131 i\u00e7in&nbsp;<strong><em><strong><em><strong><em><strong><a href=\"https:\/\/geziyoo.co\/listing\/gobun-koyu-kamp-alani\/\">G\u00f6b\u00fcn Koyu Kamp Alan\u0131<\/a><\/strong><\/em><\/strong><\/em><\/strong><\/em><\/strong>&nbsp;sayfam\u0131za bak\u0131n\u0131z.<\/li>\n<\/ul>\n\n\n\n<hr class=\"wp-block-separator has-css-opacity is-style-wide\"\/>\n\n\n\n<h2 class=\"wp-block-heading\">13.Kleopatra (Hamam) Koyu Kamp Alan\u0131<\/h2>\n\n\n\n<figure class=\"wp-block-image\"><img decoding=\"async\" width=\"790\" height=\"592\" data-src=\"https:\/\/geziyoo.co\/blog\/wp-content\/uploads\/2022\/07\/gocek-kamp-alanlari-5.png\" alt=\"gocek kamp alanlari 5\" class=\"wp-image-10393 lazyload\" title=\"G\u00f6cek Kamp Alanlar\u0131 ve G\u00f6cek Koylar\u0131 7\" data-srcset=\"http:\/\/geziyoo.co\/blog\/wp-content\/uploads\/2022\/07\/gocek-kamp-alanlari-5.png 790w, http:\/\/geziyoo.co\/blog\/wp-content\/uploads\/2022\/07\/gocek-kamp-alanlari-5-300x225.png 300w, http:\/\/geziyoo.co\/blog\/wp-content\/uploads\/2022\/07\/gocek-kamp-alanlari-5-768x576.png 768w\" data-sizes=\"(max-width: 790px) 100vw, 790px\" src=\"data:image\/gif;base64,R0lGODlhAQABAAAAACH5BAEKAAEALAAAAAABAAEAAAICTAEAOw==\" style=\"--smush-placeholder-width: 790px; --smush-placeholder-aspect-ratio: 790\/592;\" \/><\/figure>\n\n\n\n<p>Kamp yapabilece\u011finiz bir di\u011fer \u015fahane koy ise kesinlikle Kleopatra (Hamam) Koyudur.Kleopatran\u0131n burada y\u00fczd\u00fc\u011f\u00fc rivayet edilmekte.Fakat T\u00fcrkiye&#8217;nin bir \u00e7ok noktas\u0131nda b\u00f6yle rivayetlerde yok de\u011fil:)<\/p>\n\n\n\n<p>Hamam Koyu yani Kleaopatra koyu her y\u0131l yerli ve yabanc\u0131 bir\u00e7ok kamp severi kendine \u00e7ekiyor. Her sezon gelen yo\u011fun kalabal\u0131\u011fa ra\u011fmen denizi berrak kalabilmeyi ba\u015farm\u0131\u015f. Kamp yapmak isteyenler i\u00e7in g\u00fcne\u015ften ka\u00e7\u0131p g\u00f6lgede konaklayabilecekleri ye\u015fil ormanl\u0131k alan mevcut.<\/p>\n\n\n\n<hr class=\"wp-block-separator has-css-opacity is-style-wide\"\/>\n\n\n\n<ul id=\"block-57420157-44f4-4008-b6cd-4c3a5628d5ce\" class=\"wp-block-list\">\n<li><strong><em><strong>Kleopatra (Hamam) Koyu<\/strong><\/em><\/strong>&nbsp;<strong>Adres<\/strong>&nbsp;:&nbsp;&nbsp;Karacaa\u011fa\u00e7, 48770 Dalaman\/Mu\u011fla, T\u00fcrkiye&nbsp;<strong><em><a href=\"https:\/\/www.google.com\/maps?daddr=36.640396544293665,28.855054041142356\" target=\"_blank\" rel=\"noreferrer noopener\">Konum Bilgisi<\/a><\/em><\/strong><\/li>\n\n\n\n<li><strong><em><strong>Kleopatra (Hamam) Koyu<\/strong><\/em><\/strong>&nbsp;<strong>Detayl\u0131 Bilgi :<\/strong>&nbsp;Detayl\u0131 bilgiler ve tan\u0131t\u0131m\u0131 i\u00e7in&nbsp;<strong><em><strong><em><strong><em><strong><a href=\"https:\/\/geziyoo.co\/listing\/kleopatra-hamam-koyu-kamp-alani\/\">Kleopatra (Hamam) Koyu<\/a><\/strong><\/em><\/strong><\/em><\/strong><\/em><\/strong>&nbsp;sayfam\u0131za bak\u0131n\u0131z.<\/li>\n<\/ul>\n\n\n\n<hr class=\"wp-block-separator has-css-opacity is-style-wide\"\/>\n\n\n\n<h2 class=\"wp-block-heading\">14.Bedri Rahmi Koyu Kamp Alan\u0131<\/h2>\n\n\n\n<figure class=\"wp-block-image\"><img decoding=\"async\" width=\"769\" height=\"578\" data-src=\"https:\/\/geziyoo.co\/blog\/wp-content\/uploads\/2022\/07\/gocek-kamp-alanlari-7.png\" alt=\"gocek kamp alanlari 7\" class=\"wp-image-10398 lazyload\" title=\"G\u00f6cek Kamp Alanlar\u0131 ve G\u00f6cek Koylar\u0131 8\" data-srcset=\"http:\/\/geziyoo.co\/blog\/wp-content\/uploads\/2022\/07\/gocek-kamp-alanlari-7.png 769w, http:\/\/geziyoo.co\/blog\/wp-content\/uploads\/2022\/07\/gocek-kamp-alanlari-7-300x225.png 300w\" data-sizes=\"(max-width: 769px) 100vw, 769px\" src=\"data:image\/gif;base64,R0lGODlhAQABAAAAACH5BAEKAAEALAAAAAABAAEAAAICTAEAOw==\" style=\"--smush-placeholder-width: 769px; --smush-placeholder-aspect-ratio: 769\/578;\" \/><\/figure>\n\n\n\n<p>G\u00f6cek\u2019de yer alan cennet gibi koylardan biriside Bedri Rahmi Koyu Kamp Alan\u0131.Koy e\u015fsiz g\u00fczelli\u011fi ve manzaras\u0131yla g\u00f6z dolduruyor.S\u0131rt \u00e7antal\u0131 gezginlerin s\u0131k\u00e7a gitti\u011fi ve kamp yapt\u0131\u011f\u0131 yerlerden birisi.<\/p>\n\n\n\n<p>Kamp yapmak isteyenler \u00f6ncesinde al\u0131\u015fveri\u015finizi yapabilece\u011finiz birka\u00e7 restoran ve lokanta yeri bulunmaktad\u0131r. Tuvalet ve elektrik ihtiya\u00e7lar\u0131n\u0131z\u0131 da buralardan kar\u015f\u0131layabilirsiniz.<\/p>\n\n\n\n<hr class=\"wp-block-separator has-css-opacity is-style-wide\"\/>\n\n\n\n<ul id=\"block-57420157-44f4-4008-b6cd-4c3a5628d5ce\" class=\"wp-block-list\">\n<li><strong><em><strong>Bedri Rahmi Koyu<\/strong><\/em><\/strong>&nbsp;<strong>Adres<\/strong>&nbsp;:&nbsp;Kap\u0131karg\u0131n G\u00f6cek, Dalaman\/Mu\u011fla, T\u00fcrkiye&nbsp;<strong><em><a href=\"https:\/\/www.google.com\/maps?daddr=36.69705783545337,28.871020339684435\" target=\"_blank\" rel=\"noreferrer noopener\">Konum Bilgisi<\/a><\/em><\/strong><\/li>\n\n\n\n<li><strong><em><strong>Bedri Rahmi Koyu<\/strong><\/em><\/strong>&nbsp;<strong>Detayl\u0131 Bilgi :<\/strong>&nbsp;Detayl\u0131 bilgiler ve tan\u0131t\u0131m\u0131 i\u00e7in&nbsp;<strong><em><strong><em><strong><em><strong><a href=\"https:\/\/geziyoo.co\/listing\/bedri-rahmi-koyu-kamp-alani\/\">Bedri Rahmi Koyu<\/a><\/strong><\/em><\/strong><\/em><\/strong><\/em><\/strong>&nbsp;sayfam\u0131za bak\u0131n\u0131z.<\/li>\n<\/ul>\n\n\n\n<hr class=\"wp-block-separator has-css-opacity is-style-wide\"\/>\n\n\n\n<h2 class=\"wp-block-heading\">15.Osmana\u011fa Koyu Kamp Alan\u0131<\/h2>\n\n\n\n<figure class=\"wp-block-image\"><img decoding=\"async\" width=\"782\" height=\"439\" data-src=\"https:\/\/geziyoo.co\/blog\/wp-content\/uploads\/2022\/07\/gocek-kamp-alanlari-10.png\" alt=\"gocek kamp alanlari 10\" class=\"wp-image-10402 lazyload\" title=\"G\u00f6cek Kamp Alanlar\u0131 ve G\u00f6cek Koylar\u0131 9\" data-srcset=\"http:\/\/geziyoo.co\/blog\/wp-content\/uploads\/2022\/07\/gocek-kamp-alanlari-10.png 782w, http:\/\/geziyoo.co\/blog\/wp-content\/uploads\/2022\/07\/gocek-kamp-alanlari-10-300x168.png 300w, http:\/\/geziyoo.co\/blog\/wp-content\/uploads\/2022\/07\/gocek-kamp-alanlari-10-768x431.png 768w, http:\/\/geziyoo.co\/blog\/wp-content\/uploads\/2022\/07\/gocek-kamp-alanlari-10-390x220.png 390w, http:\/\/geziyoo.co\/blog\/wp-content\/uploads\/2022\/07\/gocek-kamp-alanlari-10-780x439.png 780w\" data-sizes=\"(max-width: 782px) 100vw, 782px\" src=\"data:image\/gif;base64,R0lGODlhAQABAAAAACH5BAEKAAEALAAAAAABAAEAAAICTAEAOw==\" style=\"--smush-placeholder-width: 782px; --smush-placeholder-aspect-ratio: 782\/439;\" \/><\/figure>\n\n\n\n<p>Osmana\u011fa Koyu Kamp Alan\u0131, G\u00f6cek&#8217;de yer alan  \u00dccretsiz Kamp yerlerinden bir tanesidir.\u00c7ad\u0131r kamp yapabilece\u011finiz do\u011fal ve denize s\u0131f\u0131r koylardan birisidir.Koy do\u011fal g\u00fczelli\u011fi ve m\u00fcthi\u015f manzaras\u0131yla \u00f6n plana \u00e7\u0131k\u0131yor.Karavan kamp\u0131 i\u00e7in uygun olmad\u0131\u011f\u0131n\u0131 belirtmeliyiz.<\/p>\n\n\n\n<p>Yaz harici d\u00f6nemlerde de koy olduk\u00e7a yo\u011fun ve kalabal\u0131k.\u00d6zellikle bal\u0131k tutkunlar\u0131n\u0131n s\u0131k\u00e7a tercih etti\u011fi yerlerden. \u00c7ad\u0131r kurmak isterseniz ister ormanl\u0131k alan\u0131 ister kumsal\u0131 de\u011ferlendirebilirsiniz.<\/p>\n\n\n\n<hr class=\"wp-block-separator has-css-opacity is-style-wide\"\/>\n\n\n\n<ul id=\"block-57420157-44f4-4008-b6cd-4c3a5628d5ce\" class=\"wp-block-list\">\n<li><strong><em><strong>Osmana\u011fa Koyu Kamp Alan\u0131<\/strong><\/em><\/strong>&nbsp;<strong>Adres<\/strong>&nbsp;:&nbsp;&nbsp;Karacaa\u011fa\u00e7, Unnamed Road, Karacaa\u011fa\u00e7\/, 48770 Dalaman\/Mu\u011fla&nbsp;<strong><em><a href=\"https:\/\/www.google.com\/maps?daddr=36.7336000216429,28.921957843408443\" target=\"_blank\" rel=\"noreferrer noopener\">Konum Bilgisi<\/a><\/em><\/strong><\/li>\n\n\n\n<li><strong><em><strong>Osmana\u011fa Koyu Kamp Alan\u0131<\/strong><\/em><\/strong>&nbsp;<strong>Detayl\u0131 Bilgi :<\/strong>&nbsp;Detayl\u0131 bilgiler ve tan\u0131t\u0131m\u0131 i\u00e7in&nbsp;<strong><em><strong><em><strong><em><strong><a href=\"https:\/\/geziyoo.co\/listing\/osmanaga-koyu-kamp-alani\/\">Osmana\u011fa Koyu Kamp Alan\u0131<\/a><\/strong><\/em><\/strong><\/em><\/strong><\/em><\/strong>&nbsp;sayfam\u0131za bak\u0131n\u0131z.<\/li>\n<\/ul>\n\n\n\n<hr class=\"wp-block-separator has-css-opacity is-style-wide\"\/>\n\n\n\n<h2 class=\"wp-block-heading\">16.Boynuzb\u00fck\u00fc Koyu Kamp Alan\u0131<\/h2>\n\n\n\n<figure class=\"wp-block-image\"><img decoding=\"async\" width=\"788\" height=\"585\" data-src=\"https:\/\/geziyoo.co\/blog\/wp-content\/uploads\/2022\/07\/gocek-kamp-alanlari-11.png\" alt=\"gocek kamp alanlari 11\" class=\"wp-image-10405 lazyload\" title=\"G\u00f6cek Kamp Alanlar\u0131 ve G\u00f6cek Koylar\u0131 10\" data-srcset=\"http:\/\/geziyoo.co\/blog\/wp-content\/uploads\/2022\/07\/gocek-kamp-alanlari-11.png 788w, http:\/\/geziyoo.co\/blog\/wp-content\/uploads\/2022\/07\/gocek-kamp-alanlari-11-300x223.png 300w, http:\/\/geziyoo.co\/blog\/wp-content\/uploads\/2022\/07\/gocek-kamp-alanlari-11-768x570.png 768w\" data-sizes=\"(max-width: 788px) 100vw, 788px\" src=\"data:image\/gif;base64,R0lGODlhAQABAAAAACH5BAEKAAEALAAAAAABAAEAAAICTAEAOw==\" style=\"--smush-placeholder-width: 788px; --smush-placeholder-aspect-ratio: 788\/585;\" \/><\/figure>\n\n\n\n<p>Boynuzb\u00fck\u00fc Koyu Kamp Alan\u0131, G\u00f6cek\u2019de yer alan bir di\u011fer \u00fccretsiz  kamp yerlerinden bir tanesidir.\u00c7ad\u0131r kamp\u0131 yapabilece\u011finiz do\u011fal ve denize s\u0131f\u0131r koylardan birisidir.Koy do\u011fal g\u00fczelli\u011fi ve m\u00fcthi\u015f manzaras\u0131yla \u00f6n plana \u00e7\u0131k\u0131yor.<\/p>\n\n\n\n<p>\u00c7ad\u0131r kamp\u0131 atacaklar i\u00e7in koya birka\u00e7 dakikal\u0131k y\u00fcr\u00fcme mesafesinde yeme i\u00e7me mek\u00e2nlar\u0131 bulunmaktad\u0131r. Yiyecek ve i\u00e7ecek ihtiya\u00e7lar\u0131n\u0131z\u0131n yan\u0131 s\u0131ra WC ve elektrik gibi ihtiya\u00e7lar\u0131n\u0131z\u0131 da buradan kolay bir \u015fekilde kar\u015f\u0131layabilirsiniz.<\/p>\n\n\n\n<hr class=\"wp-block-separator has-css-opacity is-style-wide\"\/>\n\n\n\n<ul id=\"block-57420157-44f4-4008-b6cd-4c3a5628d5ce\" class=\"wp-block-list\">\n<li><strong><em><strong>Boynuzb\u00fck\u00fc Koyu<\/strong><\/em><\/strong>&nbsp;<strong>Adres<\/strong>&nbsp;:&nbsp;Karg\u0131nk\u00fcr\u00fc, 48770 Dalaman\/Mu\u011fla&nbsp;<strong><em><a href=\"https:\/\/www.google.com\/maps\/dir\/\/36.7109009,28.8937649\/@36.7108663,28.8237116,12z\" target=\"_blank\" rel=\"noreferrer noopener\">Konum Bilgisi<\/a><\/em><\/strong><\/li>\n\n\n\n<li><strong><em><strong>Boynuzb\u00fck\u00fc Koyu<\/strong><\/em><\/strong>&nbsp;<strong>Detayl\u0131 Bilgi :<\/strong>&nbsp;Detayl\u0131 bilgiler ve tan\u0131t\u0131m\u0131 i\u00e7in&nbsp;<strong><em><strong><em><strong><em><strong><a href=\"https:\/\/geziyoo.co\/listing\/boynuzbuku-koyu-kamp-alani\/\">Boynuzb\u00fck\u00fc Koyu<\/a><\/strong><\/em><\/strong><\/em><\/strong><\/em><\/strong>&nbsp;sayfam\u0131za bak\u0131n\u0131z.<\/li>\n<\/ul>\n\n\n\n<hr class=\"wp-block-separator has-css-opacity is-style-wide\"\/>\n\n\n\n<h2 class=\"wp-block-heading\">17.Yavansu (Mart\u0131) Koyu Kamp Alan\u0131<\/h2>\n\n\n\n<figure class=\"wp-block-image\"><img decoding=\"async\" width=\"791\" height=\"437\" data-src=\"https:\/\/geziyoo.co\/blog\/wp-content\/uploads\/2022\/07\/gocek-kamp-alanlari-12.png\" alt=\"gocek kamp alanlari 12\" class=\"wp-image-10409 lazyload\" title=\"G\u00f6cek Kamp Alanlar\u0131 ve G\u00f6cek Koylar\u0131 11\" data-srcset=\"http:\/\/geziyoo.co\/blog\/wp-content\/uploads\/2022\/07\/gocek-kamp-alanlari-12.png 791w, http:\/\/geziyoo.co\/blog\/wp-content\/uploads\/2022\/07\/gocek-kamp-alanlari-12-300x166.png 300w, http:\/\/geziyoo.co\/blog\/wp-content\/uploads\/2022\/07\/gocek-kamp-alanlari-12-768x424.png 768w\" data-sizes=\"(max-width: 791px) 100vw, 791px\" src=\"data:image\/gif;base64,R0lGODlhAQABAAAAACH5BAEKAAEALAAAAAABAAEAAAICTAEAOw==\" style=\"--smush-placeholder-width: 791px; --smush-placeholder-aspect-ratio: 791\/437;\" \/><\/figure>\n\n\n\n<p>Mu\u011fla \u00dccretsiz Kamp Alanlar\u0131 i\u00e7eri\u011fimizin 17.s\u0131ras\u0131nda Yavansu Koyu ,bir di\u011fer ismiyle Mart\u0131 Koyu bulunmakta.Koy \u00e7ad\u0131r kamp\u0131 i\u00e7in uygun olsada karavan kamp\u0131 i\u00e7in uygun de\u011fil.<\/p>\n\n\n\n<p>Yavan Koyunda eski ve k\u00fc\u00e7\u00fck bir ah\u015fap iskele bulunmakta. Bu k\u0131s\u0131m gelen tekneler i\u00e7in yap\u0131lm\u0131\u015ft\u0131r. Onun haricinde koyda hi\u00e7bir tesis,restoran veya market yok.&nbsp;<\/p>\n\n\n\n<hr class=\"wp-block-separator has-css-opacity is-style-wide\"\/>\n\n\n\n<ul id=\"block-57420157-44f4-4008-b6cd-4c3a5628d5ce\" class=\"wp-block-list\">\n<li><strong><em><strong>Mart\u0131 Koyu<\/strong><\/em><\/strong>&nbsp;<strong>Adres<\/strong>&nbsp;:&nbsp;Karg\u0131nk\u00fcr\u00fc, 48770 Dalaman\/Mu\u011fla&nbsp;<strong><em><a href=\"https:\/\/www.google.com\/maps?daddr=36.635482817737845,28.881636235911586\" target=\"_blank\" rel=\"noreferrer noopener\">Konum Bilgisi<\/a><\/em><\/strong><\/li>\n\n\n\n<li><strong><em><strong>Mart\u0131 Koyu<\/strong><\/em><\/strong>&nbsp;<strong>Detayl\u0131 Bilgi :<\/strong>&nbsp;Detayl\u0131 bilgiler ve tan\u0131t\u0131m\u0131 i\u00e7in&nbsp;<strong><em><strong><em><strong><em><strong><a href=\"https:\/\/geziyoo.co\/listing\/yavansu-marti-koyu-kamp-alani\/\">Mart\u0131 Koyu<\/a><\/strong><\/em><\/strong><\/em><\/strong><\/em><\/strong>&nbsp;sayfam\u0131za bak\u0131n\u0131z.<\/li>\n<\/ul>\n\n\n\n<hr class=\"wp-block-separator has-css-opacity is-style-wide\"\/>\n\n\n\n<h2 class=\"wp-block-heading\">18.Killeb\u00fck\u00fc Koyu Kamp Alan\u0131<\/h2>\n\n\n\n<figure class=\"wp-block-image\"><img decoding=\"async\" width=\"791\" height=\"594\" data-src=\"https:\/\/geziyoo.co\/blog\/wp-content\/uploads\/2022\/07\/gocek-koylari.png\" alt=\"gocek koylari\" class=\"wp-image-10411 lazyload\" title=\"G\u00f6cek Kamp Alanlar\u0131 ve G\u00f6cek Koylar\u0131 12\" data-srcset=\"http:\/\/geziyoo.co\/blog\/wp-content\/uploads\/2022\/07\/gocek-koylari.png 791w, http:\/\/geziyoo.co\/blog\/wp-content\/uploads\/2022\/07\/gocek-koylari-300x225.png 300w, http:\/\/geziyoo.co\/blog\/wp-content\/uploads\/2022\/07\/gocek-koylari-768x577.png 768w\" data-sizes=\"(max-width: 791px) 100vw, 791px\" src=\"data:image\/gif;base64,R0lGODlhAQABAAAAACH5BAEKAAEALAAAAAABAAEAAAICTAEAOw==\" style=\"--smush-placeholder-width: 791px; --smush-placeholder-aspect-ratio: 791\/594;\" \/><figcaption class=\"wp-element-caption\">G\u00f6cek \u00dccretsiz Kamp Alanlar\u0131<\/figcaption><\/figure>\n\n\n\n<p><strong>Mu\u011fla \u00dccretsiz Kamp Yerleri<\/strong> <strong>ve Mu\u011fla Koylar\u0131<\/strong> i\u00e7eri\u011fimizin 18. s\u0131ras\u0131nda Killeb\u00fck\u00fc Koyu var.Koy \u00fccretsiz ve do\u011fal kamp  b\u00f6lgelerinden bir tanesidir.<\/p>\n\n\n\n<p>Kamp alan\u0131 \u00e7ad\u0131r kamp\u0131 i\u00e7i uygun olsada,yollar\u0131n\u0131n k\u00f6t\u00fc olmas\u0131ndan dolay\u0131 karavan kamp\u0131 i\u00e7in maalesef uygun de\u011fil.<\/p>\n\n\n\n<p>Koy etraf\u0131nda herhangi bir restoran,market yok.Kampa gitmeden \u00f6nce al\u0131\u015fveri\u015f yapman\u0131z \u00f6nerilir.Koyda wc,du\u015f ve elektrik gibi olanaklarda yok.<\/p>\n\n\n\n<hr class=\"wp-block-separator has-css-opacity is-style-wide\"\/>\n\n\n\n<ul id=\"block-57420157-44f4-4008-b6cd-4c3a5628d5ce\" class=\"wp-block-list\">\n<li><strong><em><strong>Killeb\u00fck\u00fc Koyu<\/strong><\/em><\/strong>&nbsp;<strong>Adres<\/strong>&nbsp;:&nbsp;&nbsp;\u015eerefler, 48770 Dalaman\/Mu\u011fla&nbsp;<strong><em><a href=\"https:\/\/www.google.com\/maps?daddr=36.70004634385599,28.876693719657474\" target=\"_blank\" rel=\"noreferrer noopener\">Konum Bilgisi<\/a><\/em><\/strong><\/li>\n\n\n\n<li><strong><em><strong>Killeb\u00fck\u00fc Koyu<\/strong><\/em><\/strong>&nbsp;<strong>Detayl\u0131 Bilgi :<\/strong>&nbsp;Detayl\u0131 bilgiler ve tan\u0131t\u0131m\u0131 i\u00e7in&nbsp;<strong><em><strong><em><strong><em><strong><a href=\"https:\/\/geziyoo.co\/listing\/killebuku-koyu-kamp-alani\/\">Killeb\u00fck\u00fc Koyu<\/a><\/strong><\/em><\/strong><\/em><\/strong><\/em><\/strong>&nbsp;sayfam\u0131za bak\u0131n\u0131z.<\/li>\n<\/ul>\n\n\n\n<hr class=\"wp-block-separator has-css-opacity is-style-wide\"\/>\n\n\n\n<h2 class=\"wp-block-heading\">19.Kire\u00e7oca\u011f\u0131 Koyu Kamp Alan\u0131<\/h2>\n\n\n\n<figure class=\"wp-block-image\"><img decoding=\"async\" width=\"794\" height=\"444\" data-src=\"https:\/\/geziyoo.co\/blog\/wp-content\/uploads\/2022\/07\/selimiye-kamp-yerleri-2.jpg\" alt=\"selimiye kamp yerleri 2\" class=\"wp-image-10254 lazyload\" title=\"Selimiye Kamp Alanlar\u0131 ve Karavan Alanlar\u0131 5\" data-srcset=\"http:\/\/geziyoo.co\/blog\/wp-content\/uploads\/2022\/07\/selimiye-kamp-yerleri-2.jpg 794w, http:\/\/geziyoo.co\/blog\/wp-content\/uploads\/2022\/07\/selimiye-kamp-yerleri-2-300x168.jpg 300w, http:\/\/geziyoo.co\/blog\/wp-content\/uploads\/2022\/07\/selimiye-kamp-yerleri-2-768x429.jpg 768w\" data-sizes=\"(max-width: 794px) 100vw, 794px\" src=\"data:image\/gif;base64,R0lGODlhAQABAAAAACH5BAEKAAEALAAAAAABAAEAAAICTAEAOw==\" style=\"--smush-placeholder-width: 794px; --smush-placeholder-aspect-ratio: 794\/444;\" \/><\/figure>\n\n\n\n<p>\u0130\u00e7eri\u011fimizin \u015fimdiki kamp alan\u0131 Kire\u00e7oca\u011f\u0131 Koyu Kamp Alan\u0131.\u00dccretsiz olarak kamp yapabilece\u011finiz do\u011fal kamp yerlerinden birisidir.Masmavi sularda y\u00fcz\u00fcp kamp keyfini \u00e7\u0131karabilirsiniz.<\/p>\n\n\n\n<p>Sessiz sakin ve do\u011fa i\u00e7erisinde birka\u00e7 g\u00fcn ge\u00e7irmek isteyen kamp tutkunlar\u0131n\u0131n vazge\u00e7ilmez noktas\u0131 olan koyda plaj\u0131n hemen arkas\u0131nda a\u011fa\u00e7lar\u0131n alt\u0131nda harika kamp alanlar\u0131 bulunmaktad\u0131r.Koy \u00e7ok g\u00fczel olsada kamp olanaklar\u0131 a\u00e7\u0131s\u0131ndan pek de iyi de\u011fil.Wc,du\u015f,elektrik gibi imkanlar maalesef yok.<\/p>\n\n\n\n<hr class=\"wp-block-separator has-css-opacity is-style-wide\"\/>\n\n\n\n<ul class=\"wp-block-list\">\n<li><strong><em><strong>Kire\u00e7oca\u011f\u0131 Koyu Koyu<\/strong><\/em><\/strong>&nbsp;<strong>Adres&nbsp;:&nbsp;<\/strong>&nbsp;Selimiye, 48710 Marmaris\/Mu\u011fla<strong>&nbsp;<em><a href=\"https:\/\/www.google.com\/maps?daddr=36.72596579380215,28.094737080943588\" target=\"_blank\" rel=\"noreferrer noopener\">Konum Bilgisi<\/a><\/em><\/strong><\/li>\n\n\n\n<li><strong><em><strong>Kire\u00e7oca\u011f\u0131 Koyu<\/strong><\/em><\/strong>&nbsp;<strong>Detayl\u0131 Bilgi :<\/strong>&nbsp;Detayl\u0131 Bilgiler i\u00e7in&nbsp;<strong><em><strong><em><strong><a href=\"https:\/\/geziyoo.co\/listing\/kirecocagi-koyu-kamp-alani\/\">Kire\u00e7oca\u011f\u0131 Koyu<\/a><\/strong><\/em><\/strong><\/em><\/strong>&nbsp;sayfam\u0131za bakabilirsiniz.<\/li>\n<\/ul>\n\n\n\n<hr class=\"wp-block-separator has-css-opacity is-style-wide\"\/>\n\n\n\n<h2 class=\"wp-block-heading\">20.Cennet Koyu Kamp Alan\u0131<\/h2>\n\n\n\n<figure class=\"wp-block-image\"><img decoding=\"async\" width=\"788\" height=\"590\" data-src=\"https:\/\/geziyoo.co\/blog\/wp-content\/uploads\/2022\/07\/selimiye-kamp-alanlari-3.jpg\" alt=\"selimiye kamp alanlari 3\" class=\"wp-image-10257 lazyload\" title=\"Selimiye Kamp Alanlar\u0131 ve Karavan Alanlar\u0131 6\" data-srcset=\"http:\/\/geziyoo.co\/blog\/wp-content\/uploads\/2022\/07\/selimiye-kamp-alanlari-3.jpg 788w, http:\/\/geziyoo.co\/blog\/wp-content\/uploads\/2022\/07\/selimiye-kamp-alanlari-3-300x225.jpg 300w, http:\/\/geziyoo.co\/blog\/wp-content\/uploads\/2022\/07\/selimiye-kamp-alanlari-3-768x575.jpg 768w\" data-sizes=\"(max-width: 788px) 100vw, 788px\" src=\"data:image\/gif;base64,R0lGODlhAQABAAAAACH5BAEKAAEALAAAAAABAAEAAAICTAEAOw==\" style=\"--smush-placeholder-width: 788px; --smush-placeholder-aspect-ratio: 788\/590;\" \/><\/figure>\n\n\n\n<p>Mu\u011fla Marmaris\u2019de yer alan bu do\u011fal ve \u00e7ok g\u00fczel koy kamp\u00e7\u0131lar\u0131n s\u0131k\u00e7a tercih etti\u011fi yerlerden bir tanesidir.\u00dccretsiz olarak kamp yapabilirsiniz.<\/p>\n\n\n\n<p>Cennet Koyunda ihtiya\u00e7lar\u0131n\u0131z\u0131 kar\u015f\u0131layabilece\u011finiz herhangi bir i\u015fletme,market,restoran yok. Kamp yapmak i\u00e7in koya giderken 2 km uzakl\u0131ktaki Selimiye K\u00f6y\u00fc\u2019nden ihtiya\u00e7 duyaca\u011f\u0131n\u0131z yeme-i\u00e7me ve di\u011fer malzemeleri tedarik edebilirsiniz.<\/p>\n\n\n\n<p><strong>Cennet Koyu<\/strong> <strong>Kamp<\/strong>&nbsp;<strong>Olanaklar\u0131 \u015fu \u015fekilde:<\/strong>&nbsp;WC, du\u015f, elektrik ve \u00e7e\u015fme gibi imk\u00e2nlar bulunmuyor. Yiyecek ve i\u00e7ecek ihtiya\u00e7lar\u0131n\u0131z\u0131 kamp alan\u0131na gelmeden \u00f6nce temin etmelisiniz. En yak\u0131n yer 2 km uzakl\u0131ktaki Selimiye K\u00f6y\u00fc\u2019d\u00fcr. Burada market, f\u0131r\u0131n, b\u00fcfe gibi yerler bulunmaktad\u0131r.<\/p>\n\n\n\n<hr class=\"wp-block-separator has-css-opacity is-style-wide\"\/>\n\n\n\n<ul class=\"wp-block-list\">\n<li><strong><em><strong>Cennet Koyu<\/strong><\/em><\/strong>&nbsp;<strong>Adres&nbsp;:&nbsp;<\/strong>&nbsp;Selimiye, 48710 Marmaris\/Mu\u011fla<strong>&nbsp;<em><a href=\"https:\/\/www.google.com\/maps?daddr=36.72477660267576,28.091987577340234\" target=\"_blank\" rel=\"noreferrer noopener\">Konum Bilgisi<\/a><\/em><\/strong><\/li>\n\n\n\n<li><strong><em><strong>Cennet Koyu<\/strong><\/em><\/strong>&nbsp;<strong>Detayl\u0131 Bilgi :<\/strong>&nbsp;Detayl\u0131 Bilgiler i\u00e7in&nbsp;<strong><em><strong><em><strong><a href=\"https:\/\/geziyoo.co\/listing\/cennet-koyu-kamp-alani\/\">Cennet Koyu<\/a><\/strong><\/em><\/strong><\/em><\/strong>&nbsp;sayfam\u0131za bakabilirsiniz.<\/li>\n<\/ul>\n\n\n\n<hr class=\"wp-block-separator has-css-opacity is-style-wide\"\/>\n\n\n\n<h2 class=\"wp-block-heading\">21.Karg\u0131 Koyu Kamp Alan\u0131<\/h2>\n\n\n\n<figure class=\"wp-block-image\"><img decoding=\"async\" width=\"830\" height=\"415\" data-src=\"https:\/\/geziyoo.co\/blog\/wp-content\/uploads\/2022\/06\/kargi-koyu.jpg\" alt=\"kargi koyu\" class=\"wp-image-10208 lazyload\" title=\"Dat\u00e7a Kamp Alanlar\u0131 ve Karavan Alanlar\u0131 6\" data-srcset=\"http:\/\/geziyoo.co\/blog\/wp-content\/uploads\/2022\/06\/kargi-koyu.jpg 830w, http:\/\/geziyoo.co\/blog\/wp-content\/uploads\/2022\/06\/kargi-koyu-300x150.jpg 300w, http:\/\/geziyoo.co\/blog\/wp-content\/uploads\/2022\/06\/kargi-koyu-768x384.jpg 768w\" data-sizes=\"(max-width: 830px) 100vw, 830px\" src=\"data:image\/gif;base64,R0lGODlhAQABAAAAACH5BAEKAAEALAAAAAABAAEAAAICTAEAOw==\" style=\"--smush-placeholder-width: 830px; --smush-placeholder-aspect-ratio: 830\/415;\" \/><figcaption class=\"wp-element-caption\">Dat\u00e7a Kamp Alanlar\u0131<\/figcaption><\/figure>\n\n\n\n<p><strong>Mu\u011fla \u00dccretsiz Kamp Alanlar\u0131<\/strong>&nbsp;i\u00e7eri\u011fimizin di\u011fer do\u011fal kamp alan\u0131 <strong><em>Karg\u0131 Koyu<\/em><\/strong>.Koy kendine has manzaras\u0131 ve g\u00fczelli\u011fiyle \u00f6n plana \u00e7\u0131kmakta.<\/p>\n\n\n\n<p>\u00c7ad\u0131r kamp\u0131 veya karavan kamp\u0131 yapacaklar ise koyun daha i\u00e7 k\u0131s\u0131mlar\u0131n\u0131 olu\u015fturan ormanl\u0131k alan\u0131 tercih etmek zorundad\u0131lar. Koyun \u00fccretsiz k\u0131sm\u0131 olarak ge\u00e7en k\u0131smi yerler \u00e7ad\u0131r kamp\u0131 atmaya uygundur.Do\u011fal ve g\u00fczel olmas\u0131n\u0131n yan\u0131 s\u0131ra wc,du\u015f ve elektrik gibi imkanlar\u0131n olmad\u0131\u011f\u0131n\u0131 belirletlim.<\/p>\n\n\n\n<hr class=\"wp-block-separator has-css-opacity is-style-wide\"\/>\n\n\n\n<ul class=\"wp-block-list\">\n<li><strong><em>Karg\u0131 Koyu<\/em><\/strong>&nbsp;<strong>Adres<\/strong>&nbsp;:&nbsp;&nbsp;\u0130skele, 48900 Dat\u00e7a\/Mu\u011fla&nbsp;<strong><em><a href=\"https:\/\/www.google.com\/maps?daddr=36.70023398608758,27.67554582742766\" target=\"_blank\" rel=\"noreferrer noopener\">Konum Bilgisi<\/a><\/em><\/strong><\/li>\n\n\n\n<li><strong><em>Karg\u0131 Koyu<\/em><\/strong>&nbsp;<strong>Detayl\u0131 Bilgi :<\/strong>&nbsp;Detayl\u0131 Bilgiler i\u00e7in&nbsp;<strong><em><strong><em><a href=\"https:\/\/geziyoo.co\/listing\/kargi-koyu-kamp-alani\/\">Karg\u0131 Koyu<\/a><\/em><\/strong><\/em><\/strong>&nbsp;sayfam\u0131za bakabilirsiniz.<\/li>\n<\/ul>\n\n\n\n<hr class=\"wp-block-separator has-css-opacity is-style-wide\"\/>\n\n\n\n<h2 class=\"wp-block-heading\">22.Domuzb\u00fck\u00fc Koyu Kamp Alan\u0131<\/h2>\n\n\n\n<figure class=\"wp-block-image\"><img decoding=\"async\" width=\"818\" height=\"614\" data-src=\"https:\/\/geziyoo.co\/blog\/wp-content\/uploads\/2022\/06\/domuzbuku-koyu.jpg\" alt=\"domuzbuku koyu\" class=\"wp-image-10210 lazyload\" title=\"Dat\u00e7a Kamp Alanlar\u0131 ve Karavan Alanlar\u0131 7\" data-srcset=\"http:\/\/geziyoo.co\/blog\/wp-content\/uploads\/2022\/06\/domuzbuku-koyu.jpg 818w, http:\/\/geziyoo.co\/blog\/wp-content\/uploads\/2022\/06\/domuzbuku-koyu-300x225.jpg 300w, http:\/\/geziyoo.co\/blog\/wp-content\/uploads\/2022\/06\/domuzbuku-koyu-768x576.jpg 768w\" data-sizes=\"(max-width: 818px) 100vw, 818px\" src=\"data:image\/gif;base64,R0lGODlhAQABAAAAACH5BAEKAAEALAAAAAABAAEAAAICTAEAOw==\" style=\"--smush-placeholder-width: 818px; --smush-placeholder-aspect-ratio: 818\/614;\" \/><figcaption class=\"wp-element-caption\">Dat\u00e7a Kamp Alanlar\u0131<\/figcaption><\/figure>\n\n\n\n<p><strong>Domuzb\u00fck\u00fc Koyu Kamp Alan\u0131<\/strong>&nbsp;Dat\u00e7a\u2019da yer alan bir di\u011fer do\u011fal kamp aland\u0131r.Kamp alan\u0131 \u00fccretsiz olup sadece \u00e7ad\u0131r kamp\u0131 i\u00e7in uygun olup muhte\u015fem bir manzaraya sahiptir.<\/p>\n\n\n\n<p>T\u00fcm bu g\u00fczelliklerinin yan\u0131 s\u0131ra dezavantajlar\u0131 da var.Koyda ihtiya\u00e7lar\u0131n kar\u015f\u0131lanabilece\u011fi hi\u00e7bir i\u015fletme yeri bulunmuyor. WC, du\u015f imk\u00e2n\u0131, \u015fezlong ve \u015femsiye kiralama ile birlikte yeme i\u00e7me ihtiya\u00e7lar\u0131 da bu bak\u0131mdan kar\u015f\u0131lanmaz.<\/p>\n\n\n\n<hr class=\"wp-block-separator has-css-opacity is-style-wide\"\/>\n\n\n\n<ul class=\"wp-block-list\">\n<li><strong><em>Domuzb\u00fck\u00fc Koyu<\/em><\/strong>&nbsp;<strong>Adres<\/strong>&nbsp;:&nbsp;H\u0131z\u0131r\u015fah, 48900 Dat\u00e7a\/Mu\u011fla&nbsp;<strong><em><a href=\"https:\/\/www.google.com\/maps?daddr=36.67510137720308,27.63622922464439\" target=\"_blank\" rel=\"noreferrer noopener\">Konum Bilgisi<\/a><\/em><\/strong><\/li>\n\n\n\n<li><strong><em>Domuzb\u00fck\u00fc Koyu<\/em><\/strong>&nbsp;<strong>Detayl\u0131 Bilgi :<\/strong>&nbsp;Detayl\u0131 Bilgiler i\u00e7in&nbsp;<strong><em><strong><em><a href=\"https:\/\/geziyoo.co\/listing\/domuzbuku-koyu-kamp-alani\/\">Domuzb\u00fck\u00fc Koyu<\/a><\/em><\/strong><\/em><\/strong>&nbsp;sayfam\u0131za bakabilirsiniz.<\/li>\n<\/ul>\n\n\n\n<hr class=\"wp-block-separator has-css-opacity is-style-wide\"\/>\n\n\n\n<h2 class=\"wp-block-heading\">23.Akvaryum Plaj<\/h2>\n\n\n\n<figure class=\"wp-block-image\"><img decoding=\"async\" width=\"828\" height=\"456\" data-src=\"https:\/\/geziyoo.co\/blog\/wp-content\/uploads\/2022\/06\/akvaryum-plaji.jpg\" alt=\"akvaryum plaji\" class=\"wp-image-10212 lazyload\" title=\"Dat\u00e7a Kamp Alanlar\u0131 ve Karavan Alanlar\u0131 8\" data-srcset=\"http:\/\/geziyoo.co\/blog\/wp-content\/uploads\/2022\/06\/akvaryum-plaji.jpg 828w, http:\/\/geziyoo.co\/blog\/wp-content\/uploads\/2022\/06\/akvaryum-plaji-300x165.jpg 300w, http:\/\/geziyoo.co\/blog\/wp-content\/uploads\/2022\/06\/akvaryum-plaji-768x423.jpg 768w\" data-sizes=\"(max-width: 828px) 100vw, 828px\" src=\"data:image\/gif;base64,R0lGODlhAQABAAAAACH5BAEKAAEALAAAAAABAAEAAAICTAEAOw==\" style=\"--smush-placeholder-width: 828px; --smush-placeholder-aspect-ratio: 828\/456;\" \/><\/figure>\n\n\n\n<p><strong>Dat\u00e7a&#8217;da yer alan Akvaryum Plaj\u0131 ger\u00e7ektende ad\u0131n\u0131n hakk\u0131n\u0131 veriyor<\/strong>.Ad\u0131 gibi akvaryum gibi bir denize sahip olan yer Dat\u00e7a\u2019n\u0131n en g\u00fczel koylar\u0131ndan bir tanesi.<\/p>\n\n\n\n<p>Plaj g\u00fczel ve temiz olsada,\u00e7evresinde herhangi bir yerle\u015fim yeri ve restoran ve market tarz\u0131 bir yer yok.Wc ve du\u015f gibi temel kamp olanaklar\u0131n\u0131n olmad\u0131\u011f\u0131n\u0131 belirtelim.<\/p>\n\n\n\n<hr class=\"wp-block-separator has-css-opacity is-style-wide\"\/>\n\n\n\n<ul class=\"wp-block-list\">\n<li><strong><em>Akvarum Plaj\u0131<\/em><\/strong>&nbsp;<strong>Adres<\/strong>&nbsp;:&nbsp;H\u0131z\u0131r\u015fah, 48900 Dat\u00e7a\/Mu\u011fla&nbsp;<strong><em><a href=\"https:\/\/www.google.com\/maps?daddr=36.678051485586366,27.516525530545557\" target=\"_blank\" rel=\"noreferrer noopener\">Konum Bilgisi<\/a><\/em><\/strong><\/li>\n\n\n\n<li><strong><em>Akvarum Plaj\u0131<\/em><\/strong>&nbsp;<strong>Detayl\u0131 Bilgi :<\/strong>&nbsp;Detayl\u0131 Bilgiler i\u00e7in&nbsp;<strong><em><strong><em><a href=\"https:\/\/geziyoo.co\/listing\/akvaryum-plaj-ve-kamp-alani\/\">Akvarum Plaj\u0131<\/a><\/em><\/strong><\/em><\/strong>&nbsp;sayfam\u0131za bakabilirsiniz.<\/li>\n<\/ul>\n\n\n\n<hr class=\"wp-block-separator has-css-opacity is-style-wide\"\/>\n\n\n\n<h2 class=\"wp-block-heading\">24.Bencik Koyu Kamp Alan\u0131<\/h2>\n\n\n\n<figure class=\"wp-block-image is-resized\"><img decoding=\"async\" width=\"572\" height=\"532\" data-src=\"https:\/\/geziyoo.co\/blog\/wp-content\/uploads\/2022\/06\/datca-kamp-alanlari.jpg\" alt=\"Dat\u00e7a Kamp Alanlar\u0131\" class=\"wp-image-10214 lazyload\" style=\"--smush-placeholder-width: 572px; --smush-placeholder-aspect-ratio: 572\/532;width:750px\" title=\"Dat\u00e7a Kamp Alanlar\u0131 ve Karavan Alanlar\u0131 9\" data-srcset=\"http:\/\/geziyoo.co\/blog\/wp-content\/uploads\/2022\/06\/datca-kamp-alanlari.jpg 572w, http:\/\/geziyoo.co\/blog\/wp-content\/uploads\/2022\/06\/datca-kamp-alanlari-300x279.jpg 300w\" data-sizes=\"(max-width: 572px) 100vw, 572px\" src=\"data:image\/gif;base64,R0lGODlhAQABAAAAACH5BAEKAAEALAAAAAABAAEAAAICTAEAOw==\" \/><figcaption class=\"wp-element-caption\">Dat\u00e7a Kamp Alanlar\u0131<\/figcaption><\/figure>\n\n\n\n<p>Yukar\u0131da g\u00f6rd\u00fc\u011f\u00fcn\u00fcz bu g\u00fczel koy Dat\u00e7a&#8217;da yer almaktad\u0131r.<strong>Koy<\/strong>&nbsp;Dat\u00e7a b\u00f6lgesinin belkide en g\u00fczel koylar\u0131ndan ve kamp alanlar\u0131ndan birisidir.B\u00f6lge yaz aylar\u0131nda \u00f6zet yatlar\u0131n ve tekne sahiplerinin s\u0131k\u00e7a tercih etti\u011fi yerlerden bir tanesidir.<\/p>\n\n\n\n<p>Bencik Koyu ve \u00e7evresi hem y\u00fczerken hem de kamp atarken g\u00fcr\u00fclt\u00fcye maruz kal\u0131nmayacak kadar sessizdir. Kamp s\u00fcresi boyunca berrak denizin keyfini \u00e7\u0131karabilirsiniz.<\/p>\n\n\n\n<hr class=\"wp-block-separator has-css-opacity is-style-wide\"\/>\n\n\n\n<ul class=\"wp-block-list\">\n<li><strong><em><strong>Bencik Koyu<\/strong><\/em><\/strong>&nbsp;<strong>Adres<\/strong>&nbsp;:&nbsp;H\u0131z\u0131r\u015fah, 48900 Dat\u00e7a\/Mu\u011fla&nbsp;<strong><em><a href=\"https:\/\/www.google.com\/maps?daddr=36.7816497,28.0495185,6827\" target=\"_blank\" rel=\"noreferrer noopener\">Konum Bilgisi<\/a><\/em><\/strong><\/li>\n\n\n\n<li><strong><em><strong>Bencik Koyu<\/strong><\/em><\/strong>&nbsp;<strong>Detayl\u0131 Bilgi :<\/strong>&nbsp;Detayl\u0131 Bilgiler i\u00e7in&nbsp;<strong><em><strong><em><strong><a href=\"https:\/\/geziyoo.co\/listing\/bencik-koyu-kamp-alani\">Bencik Koyu<\/a><\/strong><\/em><\/strong><\/em><\/strong>&nbsp;sayfam\u0131za bakabilirsiniz.<\/li>\n<\/ul>\n\n\n\n<hr class=\"wp-block-separator has-css-opacity is-style-wide\"\/>\n\n\n\n<h2 class=\"wp-block-heading\">25.Murdala Koyu Kamp Alan\u0131<\/h2>\n\n\n\n<figure class=\"wp-block-image\"><img decoding=\"async\" width=\"821\" height=\"573\" data-src=\"https:\/\/geziyoo.co\/blog\/wp-content\/uploads\/2022\/06\/Ekran-Alintisi.jpg\" alt=\"Ekran Alintisi\" class=\"wp-image-10217 lazyload\" title=\"Dat\u00e7a Kamp Alanlar\u0131 ve Karavan Alanlar\u0131 10\" data-srcset=\"http:\/\/geziyoo.co\/blog\/wp-content\/uploads\/2022\/06\/Ekran-Alintisi.jpg 821w, http:\/\/geziyoo.co\/blog\/wp-content\/uploads\/2022\/06\/Ekran-Alintisi-300x209.jpg 300w, http:\/\/geziyoo.co\/blog\/wp-content\/uploads\/2022\/06\/Ekran-Alintisi-768x536.jpg 768w\" data-sizes=\"(max-width: 821px) 100vw, 821px\" src=\"data:image\/gif;base64,R0lGODlhAQABAAAAACH5BAEKAAEALAAAAAABAAEAAAICTAEAOw==\" style=\"--smush-placeholder-width: 821px; --smush-placeholder-aspect-ratio: 821\/573;\" \/><figcaption class=\"wp-element-caption\">Dat\u00e7a Kamp Alanlar\u0131<\/figcaption><\/figure>\n\n\n\n<p><strong>Murdala Koyu <\/strong>\u00fccretsiz olarak kamp yap\u0131p deniz keyfi ya\u015fayabilece\u011finiz do\u011fal kamp yerlerinden bir di\u011feridir.<\/p>\n\n\n\n<p>Koy ve \u00e7evresi \u00e7ad\u0131r kamp\u0131 atmak i\u00e7in uygun olup karavalar\u0131n girmesi \u00e7ok zor olabilmekte. Sahilden i\u00e7 k\u0131s\u0131mlara do\u011fru ba\u015flayan a\u011fa\u00e7l\u0131k alanlar yaz\u0131n \u00f6\u011flen s\u0131ca\u011f\u0131nda g\u00fcne\u015ften korunmak i\u00e7in do\u011fal g\u00f6lgelik alanlar sa\u011flamaktad\u0131r.<\/p>\n\n\n\n<hr class=\"wp-block-separator has-css-opacity is-style-wide\"\/>\n\n\n\n<ul class=\"wp-block-list\">\n<li><strong><em><strong>Murdala Koyu<\/strong><\/em><\/strong>&nbsp;<strong>Adres<\/strong>&nbsp;:&nbsp;Cumal\u0131, Unnamed Road, 48900 Dat\u00e7a\/Mu\u011fla&nbsp;<strong><em><a href=\"https:\/\/www.google.com\/maps?daddr=36.745443593278964,27.449268932516222\" target=\"_blank\" rel=\"noreferrer noopener\">Konum Bilgisi<\/a><\/em><\/strong><\/li>\n\n\n\n<li><strong><em><strong>Murdala Koyu<\/strong><\/em><\/strong>&nbsp;<strong>Detayl\u0131 Bilgi :<\/strong>&nbsp;Detayl\u0131 Bilgiler i\u00e7in&nbsp;<strong><em><strong><em><strong><a href=\"https:\/\/geziyoo.co\/listing\/murdala-koyu-kamp-alani\/\">Murdala Koyu<\/a><\/strong><\/em><\/strong><\/em><\/strong>&nbsp;sayfam\u0131za bakabilirsiniz.<\/li>\n<\/ul>\n\n\n\n<hr class=\"wp-block-separator has-css-opacity is-style-wide\"\/>\n\n\n\n<h2 class=\"wp-block-heading\">26.Pembe \u00c7ak\u0131l Koyu Kamp Alan\u0131<\/h2>\n\n\n\n<figure class=\"wp-block-image\"><img decoding=\"async\" width=\"828\" height=\"518\" data-src=\"https:\/\/geziyoo.co\/blog\/wp-content\/uploads\/2022\/06\/datca-kamp-yerleri.jpg\" alt=\"datca kamp yerleri\" class=\"wp-image-10218 lazyload\" title=\"Dat\u00e7a Kamp Alanlar\u0131 ve Karavan Alanlar\u0131 11\" data-srcset=\"http:\/\/geziyoo.co\/blog\/wp-content\/uploads\/2022\/06\/datca-kamp-yerleri.jpg 828w, http:\/\/geziyoo.co\/blog\/wp-content\/uploads\/2022\/06\/datca-kamp-yerleri-300x188.jpg 300w, http:\/\/geziyoo.co\/blog\/wp-content\/uploads\/2022\/06\/datca-kamp-yerleri-768x480.jpg 768w\" data-sizes=\"(max-width: 828px) 100vw, 828px\" src=\"data:image\/gif;base64,R0lGODlhAQABAAAAACH5BAEKAAEALAAAAAABAAEAAAICTAEAOw==\" style=\"--smush-placeholder-width: 828px; --smush-placeholder-aspect-ratio: 828\/518;\" \/><\/figure>\n\n\n\n<p>Pembe \u00c7ak\u0131l Koyu, bu b\u00f6lgenin denize girilebilecek ve \u00e7ad\u0131r kamp\u0131 yap\u0131labilecek g\u00fczel kamp yerlerinden birisidir. G\u00f6z alabildi\u011fine yemye\u015fil bir do\u011fa ve onu tamamlayan masmavi sular insana seyir zevki sunan koy, 200 metre kadar geni\u015flikte irili ufakl\u0131 \u00e7ak\u0131l ta\u015flar\u0131ndan olu\u015fan sahile sahip.&nbsp;<\/p>\n\n\n\n<p>Koy \u00e7ad\u0131r kamp\u0131 i\u00e7in uygun. Ula\u015f\u0131m\u0131n zahmetli olmas\u0131 buray\u0131 hem neredeyse el de\u011fmemi\u015f bir do\u011fal g\u00fczelli\u011fe hem de m\u00fcthi\u015f bir sessizlik hakim.Karavan i\u00e7in pekde uygun oldu\u011funu s\u00f6yleyemeyiz.<\/p>\n\n\n\n<hr class=\"wp-block-separator has-css-opacity is-style-wide\"\/>\n\n\n\n<ul class=\"wp-block-list\">\n<li><strong><em><strong>Pembe \u00c7ak\u0131l Koyu<\/strong><\/em><\/strong>&nbsp;<strong>Adres<\/strong>&nbsp;:&nbsp;Cumal\u0131, Unnamed Road, 48900 Dat\u00e7a\/Mu\u011fla&nbsp;<strong><em><a href=\"https:\/\/www.google.com\/maps\/dir\/\/36.6800145,27.615077\/@36.6799824,27.5450194,12z\" target=\"_blank\" rel=\"noreferrer noopener\">Konum Bilgisi<\/a><\/em><\/strong><\/li>\n\n\n\n<li><strong><em><strong>Pembe \u00c7ak\u0131l Koyu<\/strong><\/em><\/strong>&nbsp;<strong>Detayl\u0131 Bilgi :<\/strong>&nbsp;Detayl\u0131 Bilgiler i\u00e7in&nbsp;<strong><em><strong><em><strong><a href=\"https:\/\/geziyoo.co\/listing\/pembe-cakil-koyu-kamp-alani\/\">Pembe \u00c7ak\u0131l Koyu<\/a><\/strong><\/em><\/strong><\/em><\/strong>&nbsp;sayfam\u0131za bakabilirsiniz.<\/li>\n<\/ul>\n\n\n\n<hr class=\"wp-block-separator has-css-opacity is-style-wide\"\/>\n\n\n\n<h2 class=\"wp-block-heading\">27.Yaz\u0131k\u00f6y Plaj Kamp Alan\u0131<\/h2>\n\n\n\n<figure class=\"wp-block-image\"><img decoding=\"async\" width=\"821\" height=\"465\" data-src=\"https:\/\/geziyoo.co\/blog\/wp-content\/uploads\/2022\/06\/datca-kamp.jpg\" alt=\"datca kamp\" class=\"wp-image-10219 lazyload\" title=\"Dat\u00e7a Kamp Alanlar\u0131 ve Karavan Alanlar\u0131 12\" data-srcset=\"http:\/\/geziyoo.co\/blog\/wp-content\/uploads\/2022\/06\/datca-kamp.jpg 821w, http:\/\/geziyoo.co\/blog\/wp-content\/uploads\/2022\/06\/datca-kamp-300x170.jpg 300w, http:\/\/geziyoo.co\/blog\/wp-content\/uploads\/2022\/06\/datca-kamp-768x435.jpg 768w, http:\/\/geziyoo.co\/blog\/wp-content\/uploads\/2022\/06\/datca-kamp-390x220.jpg 390w\" data-sizes=\"(max-width: 821px) 100vw, 821px\" src=\"data:image\/gif;base64,R0lGODlhAQABAAAAACH5BAEKAAEALAAAAAABAAEAAAICTAEAOw==\" style=\"--smush-placeholder-width: 821px; --smush-placeholder-aspect-ratio: 821\/465;\" \/><\/figure>\n\n\n\n<p>\u0130\u00e7eri\u011fimizin bir di\u011fer do\u011fal ve \u00fccretsiz kamp yeri Yaz\u0131k\u00f6y Plaj\u0131 Kamp Alan\u0131.Yar\u0131madan\u0131n en bat\u0131 noktas\u0131nda yer alan Yaz\u0131k\u00f6y\u2019de \u00e7ad\u0131r kamp\u0131 da g\u00fcvenle yapabilirsiniz.En yak\u0131n al\u0131\u015fveri\u015f yap\u0131labilecek yer 1 km uzakl\u0131ktaki Yaz\u0131 K\u00f6y\u00fc\u2019d\u00fcr.<\/p>\n\n\n\n<p>Plaj ve kamp yapabilece\u011finiz alanda maalesef wc ve du\u015f gibi olanaklar yok.Fakat e\u015fsiz bir deniz manzras\u0131 ve tertemiz deniz var.<\/p>\n\n\n\n<hr class=\"wp-block-separator has-css-opacity is-style-wide\"\/>\n\n\n\n<ul class=\"wp-block-list\">\n<li><strong><em><strong>Yaz\u0131k\u00f6y Plaj\u0131<\/strong><\/em><\/strong>&nbsp;<strong>Adres<\/strong>&nbsp;:&nbsp;&nbsp;Yaz\u0131, Unnamed Road,, 48900 Yaz\u0131k\u00f6y\/Dat\u00e7a\/Mu\u011fla&nbsp;<strong><em><a href=\"https:\/\/www.google.com\/maps\/dir\/\/36.6704159,27.4209763\/@36.6703815,27.3509364,12z\/data=!3m1!4b1\">Konum Bilgisi<\/a><\/em><\/strong><\/li>\n\n\n\n<li><strong><em><strong>Yaz\u0131k\u00f6y Plaj\u0131<\/strong><\/em><\/strong>&nbsp;<strong>Detayl\u0131 Bilgi :<\/strong>&nbsp;Detayl\u0131 Bilgiler i\u00e7in&nbsp;<strong><em><strong><em><strong><a href=\"https:\/\/geziyoo.co\/listing\/yazikoy-plaj-kamp-alani\/\">Yaz\u0131k\u00f6y Plaj\u0131<\/a><\/strong><\/em><\/strong><\/em><\/strong>&nbsp;sayfam\u0131za bakabilirsiniz.<\/li>\n<\/ul>\n\n\n\n<hr class=\"wp-block-separator has-css-opacity is-style-wide\"\/>\n\n\n\n<h2 class=\"wp-block-heading\">28.G\u0131ynap Koyu Kamp Alan\u0131<\/h2>\n\n\n\n<figure class=\"wp-block-image\"><img decoding=\"async\" width=\"830\" height=\"573\" data-src=\"https:\/\/geziyoo.co\/blog\/wp-content\/uploads\/2022\/06\/datca-kamp-2.jpg\" alt=\"datca kamp 2\" class=\"wp-image-10220 lazyload\" title=\"Dat\u00e7a Kamp Alanlar\u0131 ve Karavan Alanlar\u0131 13\" data-srcset=\"http:\/\/geziyoo.co\/blog\/wp-content\/uploads\/2022\/06\/datca-kamp-2.jpg 830w, http:\/\/geziyoo.co\/blog\/wp-content\/uploads\/2022\/06\/datca-kamp-2-300x207.jpg 300w, http:\/\/geziyoo.co\/blog\/wp-content\/uploads\/2022\/06\/datca-kamp-2-768x530.jpg 768w\" data-sizes=\"(max-width: 830px) 100vw, 830px\" src=\"data:image\/gif;base64,R0lGODlhAQABAAAAACH5BAEKAAEALAAAAAABAAEAAAICTAEAOw==\" style=\"--smush-placeholder-width: 830px; --smush-placeholder-aspect-ratio: 830\/573;\" \/><\/figure>\n\n\n\n<p>G\u0131ynap Koyu Dat\u00e7a Yar\u0131madas\u0131\u2019n\u0131n en bat\u0131 ucunda Knidos Antik Kenti\u2019ne gelmeden hemen \u00f6nce yolun solunda kalmaktad\u0131r.<\/p>\n\n\n\n<p>Dat\u00e7a\u2019ya yakla\u015f\u0131k 34 kilometre uzakl\u0131kta yer almaktad\u0131r. Koya en rahat ula\u015f\u0131m teknelerle olup, ara\u00e7la gelecek olanlar\u0131n Knidos yolu \u00fczerinde ara\u00e7lar\u0131n\u0131 b\u0131rak\u0131p koya kadar y\u00fcr\u00fcmeleri gerekmekte.Anla\u015falaca\u011f\u0131 \u00fczere kamp alan\u0131 etrad\u0131nda herhangi bir i\u015fletme yok.Wc ve du\u015f gibi olanaklarda yok.<\/p>\n\n\n\n<hr class=\"wp-block-separator has-css-opacity is-style-wide\"\/>\n\n\n\n<ul class=\"wp-block-list\">\n<li><strong><em><strong>G\u0131ynap Koyu<\/strong><\/em><\/strong>&nbsp;<strong>Adres<\/strong>&nbsp;:&nbsp;Yaz\u0131, Unnamed Road, 48900 Dat\u00e7a\/Mu\u011fla&nbsp;<strong><em><a href=\"https:\/\/www.google.com\/maps?daddr=36.682318008204724,27.390053806406616\" target=\"_blank\" rel=\"noreferrer noopener\">Konum Bilgisi<\/a><\/em><\/strong><\/li>\n\n\n\n<li><strong><em><strong>G\u0131ynap Koyu<\/strong><\/em><\/strong>&nbsp;<strong>Detayl\u0131 Bilgi :<\/strong>&nbsp;Detayl\u0131 Bilgiler i\u00e7in&nbsp;<strong><em><strong><em><strong><a href=\"https:\/\/geziyoo.co\/listing\/giynap-koyu-kamp-alani\/\">G\u0131ynap Koyu<\/a><\/strong><\/em><\/strong><\/em><\/strong>&nbsp;sayfam\u0131za bakabilirsiniz.<\/li>\n<\/ul>\n\n\n\n<hr class=\"wp-block-separator has-css-opacity is-style-wide\"\/>\n\n\n\n<h2 class=\"wp-block-heading\">29.Bal\u0131ka\u015f\u0131ran Koyu Kamp Alan\u0131<\/h2>\n\n\n\n<figure class=\"wp-block-image\"><img decoding=\"async\" width=\"827\" height=\"550\" data-src=\"https:\/\/geziyoo.co\/blog\/wp-content\/uploads\/2022\/06\/datca-ucretsiz-kamp-alanlari.jpg\" alt=\"datca ucretsiz kamp alanlari\" class=\"wp-image-10232 lazyload\" title=\"Dat\u00e7a Kamp Alanlar\u0131 ve Karavan Alanlar\u0131 14\" data-srcset=\"http:\/\/geziyoo.co\/blog\/wp-content\/uploads\/2022\/06\/datca-ucretsiz-kamp-alanlari.jpg 827w, http:\/\/geziyoo.co\/blog\/wp-content\/uploads\/2022\/06\/datca-ucretsiz-kamp-alanlari-300x200.jpg 300w, http:\/\/geziyoo.co\/blog\/wp-content\/uploads\/2022\/06\/datca-ucretsiz-kamp-alanlari-768x511.jpg 768w\" data-sizes=\"(max-width: 827px) 100vw, 827px\" src=\"data:image\/gif;base64,R0lGODlhAQABAAAAACH5BAEKAAEALAAAAAABAAEAAAICTAEAOw==\" style=\"--smush-placeholder-width: 827px; --smush-placeholder-aspect-ratio: 827\/550;\" \/><\/figure>\n\n\n\n<p><strong>Mu\u011fla \u00dccretsiz Kamp Alanlar\u0131<\/strong>&nbsp;i\u00e7eri\u011fimizin son s\u0131ras\u0131nda Bal\u0131ka\u015f\u0131ran Koyu Kamp Alan\u0131 bulunmakta.\u00dccretsiz olarak denize s\u0131f\u0131r kamp yapabilirsiniz.<\/p>\n\n\n\n<p>Bal\u0131ka\u015f\u0131ran Koyu, \u00e7ad\u0131r kamp\u0131 atmaya uygun bir yerdir. Yaz aylar\u0131nda koya d\u0131\u015far\u0131dan pek \u00e7ok s\u0131rt \u00e7antal\u0131 gezgin gelip kamp yapmaktad\u0131r.<\/p>\n\n\n\n<hr class=\"wp-block-separator has-css-opacity is-style-wide\"\/>\n\n\n\n<ul class=\"wp-block-list\">\n<li><strong><em><strong>Bal\u0131ka\u015f\u0131ran Koyu<\/strong><\/em><\/strong>&nbsp;<strong>Adres<\/strong>&nbsp;:&nbsp;Yaz\u0131, Unnamed Road, 48900 Dat\u00e7a\/Mu\u011fla&nbsp;<strong><em><a href=\"https:\/\/www.google.com\/maps?daddr=36.78970398993355,28.012553528001895\" target=\"_blank\" rel=\"noreferrer noopener\">Konum Bilgisi<\/a><\/em><\/strong><\/li>\n\n\n\n<li><strong><em><strong>Bal\u0131ka\u015f\u0131ran Koyu<\/strong><\/em><\/strong>&nbsp;<strong>Detayl\u0131 Bilgi :<\/strong>&nbsp;Detayl\u0131 Bilgiler i\u00e7in&nbsp;<strong><em><strong><em><strong><a href=\"https:\/\/geziyoo.co\/listing\/balikasiran-koyu-kamp-alani\/\">Bal\u0131ka\u015f\u0131ran Koyu<\/a><\/strong><\/em><\/strong><\/em><\/strong>&nbsp;sayfam\u0131za bakabilirsiniz.<\/li>\n<\/ul>\n\n\n\n<hr class=\"wp-block-separator has-css-opacity is-style-wide\"\/>\n\n\n\n<h2 class=\"wp-block-heading\">30.\u0130nb\u00fck\u00fc Kamp Alan\u0131<\/h2>\n\n\n\n<figure class=\"wp-block-image\"><img decoding=\"async\" width=\"800\" height=\"533\" data-src=\"https:\/\/geziyoo.co\/blog\/wp-content\/uploads\/2022\/06\/Inbuku-Kamp-Alani-5.jpg\" alt=\"Inbuku Kamp Alani 5\" class=\"wp-image-10201 lazyload\" title=\"Marmaris Kamp Alanlar\u0131 ve Karavan Alanlar\u0131 12\" data-srcset=\"http:\/\/geziyoo.co\/blog\/wp-content\/uploads\/2022\/06\/Inbuku-Kamp-Alani-5.jpg 800w, http:\/\/geziyoo.co\/blog\/wp-content\/uploads\/2022\/06\/Inbuku-Kamp-Alani-5-300x200.jpg 300w, http:\/\/geziyoo.co\/blog\/wp-content\/uploads\/2022\/06\/Inbuku-Kamp-Alani-5-768x512.jpg 768w\" data-sizes=\"(max-width: 800px) 100vw, 800px\" src=\"data:image\/gif;base64,R0lGODlhAQABAAAAACH5BAEKAAEALAAAAAABAAEAAAICTAEAOw==\" style=\"--smush-placeholder-width: 800px; --smush-placeholder-aspect-ratio: 800\/533;\" \/><figcaption class=\"wp-element-caption\">Marmaris \u00dccretsiz Kamp Alanlar\u0131<\/figcaption><\/figure>\n\n\n\n<p><strong>\u0130nb\u00fck\u00fc Kamp Alan\u0131<\/strong>&nbsp;Mu\u011fla\u2019n\u0131n en \u00e7ok tercih edilen yerlerinden birisi olan Marmaris\u2019de yer almaktad\u0131r.\u00c7ad\u0131r kamp\u0131 be karavan kamp\u0131 i\u00e7in uygun kamp yerlerinden birisi.<\/p>\n\n\n\n<p>Park alan\u0131 i\u00e7erisinde ihtiya\u00e7lar\u0131n\u0131z\u0131 kar\u015f\u0131layabilece\u011finiz herhangi bir tesis bulunmuyor. Bu nedenle yiyecek ve i\u00e7eceklerinizi hen\u00fcz kamp alan\u0131na gelmeden \u00f6nce temin etmelisiniz. Giri\u015fi \u00fccretsiz.<\/p>\n\n\n\n<hr class=\"wp-block-separator has-css-opacity is-style-wide\"\/>\n\n\n\n<ul class=\"wp-block-list\">\n<li><strong>\u0130nb\u00fck\u00fc Kamp Alan\u0131&nbsp;Adres<\/strong>&nbsp;:&nbsp;&nbsp;Hisar\u00f6n\u00fc, 48700 Marmaris\/Mu\u011fla&nbsp;<strong><em><a href=\"https:\/\/www.google.com\/maps?daddr=36.797398494647695,28.076504675113483\" target=\"_blank\" rel=\"noreferrer noopener\">Konum Bilgisi<\/a><\/em><\/strong><\/li>\n\n\n\n<li><strong>\u0130nb\u00fck\u00fc Kamp Alan\u0131&nbsp;<\/strong>&nbsp;<strong>Telefon:<\/strong>\u2014<\/li>\n\n\n\n<li><strong>\u0130nb\u00fck\u00fc Kamp Alan\u0131&nbsp;<\/strong>&nbsp;<strong>Detayl\u0131 Bilgi :<\/strong>&nbsp;Detayl\u0131 Bilgiler i\u00e7in&nbsp;<strong><em><strong><a href=\"https:\/\/geziyoo.co\/listing\/inbuku-kamp-alani\/\">\u0130nb\u00fck\u00fc Kamp Alan\u0131<\/a>&nbsp;<\/strong><\/em><\/strong>&nbsp;sayfam\u0131za bakabilirsiniz&#8230;<\/li>\n<\/ul>\n\n\n\n<hr class=\"wp-block-separator has-css-opacity is-style-wide\"\/>\n\n\n\n<p><strong>Mu\u011fla \u00dccretsiz Kamp Alanlar\u0131 ve Karavan Kamp Alanlar\u0131 Listemizin \u015fimdilik sonuna geldik.Her ge\u00e7en ge\u00e7en g\u00fcn eklemeler yaparak devam edece\u011fiz.Sizlerde Mu\u011fla\u2019da yer alan Karavan veya normal kamp alanlar\u0131n\u0131 yorumlar k\u0131sm\u0131ndan bizlerle payla\u015fabilirsiniz.G\u00fczel bir kamp ge\u00e7irmeniz dile\u011fiyle ho\u015f\u00e7akal\u0131n<\/strong><\/p>\n","protected":false},"excerpt":{"rendered":"<p>Mu\u011fla, T\u00fcrkiye\u2019nin en uzun sahil \u015feridine sahip ili olarak, kamp\u00e7\u0131lara sonsuz se\u00e7enekler sunan devasa bir yar\u0131madalar b\u00fct\u00fcn\u00fcd\u00fcr. Bodrum\u2019un hareketli gecelerinden ka\u00e7\u0131p Cennet Koyu\u2019na s\u0131\u011f\u0131nanlar, Dat\u00e7a\u2019n\u0131n virajl\u0131 yollar\u0131n\u0131 a\u015f\u0131p Palamutb\u00fck\u00fc\u2019nde huzuru bulanlar veya Fethiye\u2019de Likya Yolu\u2019nun manzaras\u0131na kar\u015f\u0131 \u00e7ad\u0131r kuranlar&#8230; Mu\u011fla\u2019da her viraj\u0131n arkas\u0131nda sizi bekleyen turkuaz bir s\u00fcrpriz mutlaka vard\u0131r. Buras\u0131 &#8220;Wild Camping&#8221; (Yaban Kamp\u0131) &hellip;<\/p>\n","protected":false},"author":1,"featured_media":6176,"comment_status":"open","ping_status":"closed","sticky":false,"template":"","format":"standard","meta":{"footnotes":""},"categories":[589,23],"tags":[],"class_list":["post-11878","post","type-post","status-publish","format-standard","has-post-thumbnail","hentry","category-kamp1","category-kamp-kamp-alanlari"],"yoast_head":"<!-- This site is optimized with the Yoast SEO plugin v26.9 - https:\/\/yoast.com\/product\/yoast-seo-wordpress\/ -->\n<title>Mu\u011fla\u2019da Denize S\u0131f\u0131r ve \u00dccretsiz En \u0130yi 30 Kamp Alan\u0131 | Geziyoo<\/title>\n<meta name=\"description\" content=\"Mu\u011fla Fethiye, Dat\u00e7a, Bodrum, Marmaris, K\u00f6yce\u011fiz ve Milas koylar\u0131 dahil denize s\u0131f\u0131r, bakir ve \u00fccretsiz 30 kamp alan\u0131n\u0131 listeledik. Konumlar Geziyoo&#039;da.\" \/>\n<meta name=\"robots\" content=\"index, follow, max-snippet:-1, max-image-preview:large, max-video-preview:-1\" \/>\n<link rel=\"canonical\" href=\"https:\/\/geziyoo.co\/blog\/muglada-denize-sifir-kamp-yapabileceginiz-ucretsiz-kamp-alanlari-ve-koylar\/\" \/>\n<meta property=\"og:locale\" content=\"tr_TR\" \/>\n<meta property=\"og:type\" content=\"article\" \/>\n<meta property=\"og:title\" content=\"Mu\u011fla\u2019da Denize S\u0131f\u0131r ve \u00dccretsiz En \u0130yi 30 Kamp Alan\u0131 | Geziyoo\" \/>\n<meta property=\"og:description\" content=\"Mu\u011fla Fethiye, Dat\u00e7a, Bodrum, Marmaris, K\u00f6yce\u011fiz ve Milas koylar\u0131 dahil denize s\u0131f\u0131r, bakir ve \u00fccretsiz 30 kamp alan\u0131n\u0131 listeledik. Konumlar Geziyoo&#039;da.\" \/>\n<meta property=\"og:url\" content=\"https:\/\/geziyoo.co\/blog\/muglada-denize-sifir-kamp-yapabileceginiz-ucretsiz-kamp-alanlari-ve-koylar\/\" \/>\n<meta property=\"og:site_name\" content=\"Geziyoo.co\" \/>\n<meta property=\"article:publisher\" content=\"https:\/\/www.facebook.com\/Geziyooco\" \/>\n<meta property=\"article:author\" content=\"https:\/\/www.facebook.com\/geziyoo.co\" \/>\n<meta property=\"article:published_time\" content=\"2023-03-22T10:22:27+00:00\" \/>\n<meta property=\"article:modified_time\" content=\"2026-01-29T13:16:51+00:00\" \/>\n<meta property=\"og:image\" content=\"https:\/\/geziyoo.co\/blog\/wp-content\/uploads\/2021\/01\/Mugla-Kamp-Alanlari-ve-Karavan-Alanlari.jpg\" \/>\n\t<meta property=\"og:image:width\" content=\"960\" \/>\n\t<meta property=\"og:image:height\" content=\"720\" \/>\n\t<meta property=\"og:image:type\" content=\"image\/jpeg\" \/>\n<meta name=\"author\" content=\"Geziyoo\" \/>\n<meta name=\"twitter:card\" content=\"summary_large_image\" \/>\n<meta name=\"twitter:creator\" content=\"@https:\/\/twitter.com\/geziyoo\" \/>\n<meta name=\"twitter:site\" content=\"@geziyoo\" \/>\n<meta name=\"twitter:label1\" content=\"Yazan:\" \/>\n\t<meta name=\"twitter:data1\" content=\"Geziyoo\" \/>\n\t<meta name=\"twitter:label2\" content=\"Tahmini okuma s\u00fcresi\" \/>\n\t<meta name=\"twitter:data2\" content=\"24 dakika\" \/>\n<script type=\"application\/ld+json\" class=\"yoast-schema-graph\">{\"@context\":\"https:\/\/schema.org\",\"@graph\":[{\"@type\":\"Article\",\"@id\":\"https:\/\/geziyoo.co\/blog\/muglada-denize-sifir-kamp-yapabileceginiz-ucretsiz-kamp-alanlari-ve-koylar\/#article\",\"isPartOf\":{\"@id\":\"https:\/\/geziyoo.co\/blog\/muglada-denize-sifir-kamp-yapabileceginiz-ucretsiz-kamp-alanlari-ve-koylar\/\"},\"author\":{\"name\":\"Geziyoo\",\"@id\":\"https:\/\/geziyoo.co\/blog\/#\/schema\/person\/032acb2436540ed14784e7d978aef0e4\"},\"headline\":\"Mu\u011fla Geneli Denize S\u0131f\u0131r ve \u00dccretsiz 30+ Kamp Alan\u0131 (\u0130leti\u015fim ve Konum)\",\"datePublished\":\"2023-03-22T10:22:27+00:00\",\"dateModified\":\"2026-01-29T13:16:51+00:00\",\"mainEntityOfPage\":{\"@id\":\"https:\/\/geziyoo.co\/blog\/muglada-denize-sifir-kamp-yapabileceginiz-ucretsiz-kamp-alanlari-ve-koylar\/\"},\"wordCount\":4358,\"commentCount\":0,\"publisher\":{\"@id\":\"https:\/\/geziyoo.co\/blog\/#organization\"},\"image\":{\"@id\":\"https:\/\/geziyoo.co\/blog\/muglada-denize-sifir-kamp-yapabileceginiz-ucretsiz-kamp-alanlari-ve-koylar\/#primaryimage\"},\"thumbnailUrl\":\"http:\/\/geziyoo.co\/blog\/wp-content\/uploads\/2021\/01\/Mugla-Kamp-Alanlari-ve-Karavan-Alanlari.jpg\",\"articleSection\":[\"Kamp\",\"Kamp Alanlar\u0131\"],\"inLanguage\":\"tr\",\"potentialAction\":[{\"@type\":\"CommentAction\",\"name\":\"Comment\",\"target\":[\"https:\/\/geziyoo.co\/blog\/muglada-denize-sifir-kamp-yapabileceginiz-ucretsiz-kamp-alanlari-ve-koylar\/#respond\"]}]},{\"@type\":\"WebPage\",\"@id\":\"https:\/\/geziyoo.co\/blog\/muglada-denize-sifir-kamp-yapabileceginiz-ucretsiz-kamp-alanlari-ve-koylar\/\",\"url\":\"https:\/\/geziyoo.co\/blog\/muglada-denize-sifir-kamp-yapabileceginiz-ucretsiz-kamp-alanlari-ve-koylar\/\",\"name\":\"Mu\u011fla\u2019da Denize S\u0131f\u0131r ve \u00dccretsiz En \u0130yi 30 Kamp Alan\u0131 | Geziyoo\",\"isPartOf\":{\"@id\":\"https:\/\/geziyoo.co\/blog\/#website\"},\"primaryImageOfPage\":{\"@id\":\"https:\/\/geziyoo.co\/blog\/muglada-denize-sifir-kamp-yapabileceginiz-ucretsiz-kamp-alanlari-ve-koylar\/#primaryimage\"},\"image\":{\"@id\":\"https:\/\/geziyoo.co\/blog\/muglada-denize-sifir-kamp-yapabileceginiz-ucretsiz-kamp-alanlari-ve-koylar\/#primaryimage\"},\"thumbnailUrl\":\"http:\/\/geziyoo.co\/blog\/wp-content\/uploads\/2021\/01\/Mugla-Kamp-Alanlari-ve-Karavan-Alanlari.jpg\",\"datePublished\":\"2023-03-22T10:22:27+00:00\",\"dateModified\":\"2026-01-29T13:16:51+00:00\",\"description\":\"Mu\u011fla Fethiye, Dat\u00e7a, Bodrum, Marmaris, K\u00f6yce\u011fiz ve Milas koylar\u0131 dahil denize s\u0131f\u0131r, bakir ve \u00fccretsiz 30 kamp alan\u0131n\u0131 listeledik. Konumlar Geziyoo'da.\",\"breadcrumb\":{\"@id\":\"https:\/\/geziyoo.co\/blog\/muglada-denize-sifir-kamp-yapabileceginiz-ucretsiz-kamp-alanlari-ve-koylar\/#breadcrumb\"},\"inLanguage\":\"tr\",\"potentialAction\":[{\"@type\":\"ReadAction\",\"target\":[\"https:\/\/geziyoo.co\/blog\/muglada-denize-sifir-kamp-yapabileceginiz-ucretsiz-kamp-alanlari-ve-koylar\/\"]}]},{\"@type\":\"ImageObject\",\"inLanguage\":\"tr\",\"@id\":\"https:\/\/geziyoo.co\/blog\/muglada-denize-sifir-kamp-yapabileceginiz-ucretsiz-kamp-alanlari-ve-koylar\/#primaryimage\",\"url\":\"http:\/\/geziyoo.co\/blog\/wp-content\/uploads\/2021\/01\/Mugla-Kamp-Alanlari-ve-Karavan-Alanlari.jpg\",\"contentUrl\":\"http:\/\/geziyoo.co\/blog\/wp-content\/uploads\/2021\/01\/Mugla-Kamp-Alanlari-ve-Karavan-Alanlari.jpg\",\"width\":960,\"height\":720},{\"@type\":\"BreadcrumbList\",\"@id\":\"https:\/\/geziyoo.co\/blog\/muglada-denize-sifir-kamp-yapabileceginiz-ucretsiz-kamp-alanlari-ve-koylar\/#breadcrumb\",\"itemListElement\":[{\"@type\":\"ListItem\",\"position\":1,\"name\":\"Ana sayfa\",\"item\":\"https:\/\/geziyoo.co\/blog\/\"},{\"@type\":\"ListItem\",\"position\":2,\"name\":\"Mu\u011fla Geneli Denize S\u0131f\u0131r ve \u00dccretsiz 30+ Kamp Alan\u0131 (\u0130leti\u015fim ve Konum)\"}]},{\"@type\":\"WebSite\",\"@id\":\"https:\/\/geziyoo.co\/blog\/#website\",\"url\":\"https:\/\/geziyoo.co\/blog\/\",\"name\":\"Geziyoo Blog\",\"description\":\"GeziYoo Blog&#039;da T\u00fcrkiye&#039;nin en iyi kamp alanlar\u0131ndan bungalov tatillerine, karavan ipu\u00e7lar\u0131ndan gezi rehberlerine kadar her t\u00fcrl\u00fc do\u011fa deneyimini ke\u015ffedin.\",\"publisher\":{\"@id\":\"https:\/\/geziyoo.co\/blog\/#organization\"},\"potentialAction\":[{\"@type\":\"SearchAction\",\"target\":{\"@type\":\"EntryPoint\",\"urlTemplate\":\"https:\/\/geziyoo.co\/blog\/?s={search_term_string}\"},\"query-input\":{\"@type\":\"PropertyValueSpecification\",\"valueRequired\":true,\"valueName\":\"search_term_string\"}}],\"inLanguage\":\"tr\"},{\"@type\":\"Organization\",\"@id\":\"https:\/\/geziyoo.co\/blog\/#organization\",\"name\":\"Geziyoo.co\",\"url\":\"https:\/\/geziyoo.co\/blog\/\",\"logo\":{\"@type\":\"ImageObject\",\"inLanguage\":\"tr\",\"@id\":\"https:\/\/geziyoo.co\/blog\/#\/schema\/logo\/image\/\",\"url\":\"https:\/\/geziyoo.co\/blog\/wp-content\/uploads\/2025\/01\/Paragraf-metniniz-3.png\",\"contentUrl\":\"https:\/\/geziyoo.co\/blog\/wp-content\/uploads\/2025\/01\/Paragraf-metniniz-3.png\",\"width\":270,\"height\":50,\"caption\":\"Geziyoo.co\"},\"image\":{\"@id\":\"https:\/\/geziyoo.co\/blog\/#\/schema\/logo\/image\/\"},\"sameAs\":[\"https:\/\/www.facebook.com\/Geziyooco\",\"https:\/\/x.com\/geziyoo\",\"https:\/\/tr.pinterest.com\/geziyooco\/\",\"https:\/\/www.youtube.com\/@geziyoo\",\"https:\/\/www.instagram.com\/geziyoo.co\/\"]},{\"@type\":\"Person\",\"@id\":\"https:\/\/geziyoo.co\/blog\/#\/schema\/person\/032acb2436540ed14784e7d978aef0e4\",\"name\":\"Geziyoo\",\"image\":{\"@type\":\"ImageObject\",\"inLanguage\":\"tr\",\"@id\":\"https:\/\/geziyoo.co\/blog\/#\/schema\/person\/image\/\",\"url\":\"https:\/\/secure.gravatar.com\/avatar\/ae212a4514471fdb8cab6e5af4f3c99b940a2d0a16713ea0392c8d7c8a64f30a?s=96&d=mm&r=g\",\"contentUrl\":\"https:\/\/secure.gravatar.com\/avatar\/ae212a4514471fdb8cab6e5af4f3c99b940a2d0a16713ea0392c8d7c8a64f30a?s=96&d=mm&r=g\",\"caption\":\"Geziyoo\"},\"description\":\"Do\u011fa ile i\u00e7 i\u00e7e olabilece\u011finiz yerler,do\u011fa aktivite alanlar\u0131,kamp alanlar\u0131,bungalov oteller,Tiny House Oteller, Galampingler ve da\u011f evlerinin herkes i\u00e7in ula\u015f\u0131labilir olmas\u0131n\u0131 sa\u011flamak amac\u0131yla Geziyoo\u2019ya 2019 y\u0131l\u0131nda ba\u015flad\u0131k.Do\u011fal Tatil konseptini uygulayan en geni\u015f kapsaml\u0131 sitedir.\",\"sameAs\":[\"https:\/\/geziyoo.co\/\",\"https:\/\/www.facebook.com\/geziyoo.co\",\"https:\/\/www.instagram.com\/geziyoo.co\/\",\"https:\/\/tr.pinterest.com\/geziyooco\/\",\"https:\/\/x.com\/https:\/\/twitter.com\/geziyoo\",\"https:\/\/www.youtube.com\/channel\/UCdiSMa6pe17KEY7DP1Ug4ag\"]}]}<\/script>\n<!-- \/ Yoast SEO plugin. -->","yoast_head_json":{"title":"Mu\u011fla\u2019da Denize S\u0131f\u0131r ve \u00dccretsiz En \u0130yi 30 Kamp Alan\u0131 | Geziyoo","description":"Mu\u011fla Fethiye, Dat\u00e7a, Bodrum, Marmaris, K\u00f6yce\u011fiz ve Milas koylar\u0131 dahil denize s\u0131f\u0131r, bakir ve \u00fccretsiz 30 kamp alan\u0131n\u0131 listeledik. Konumlar Geziyoo'da.","robots":{"index":"index","follow":"follow","max-snippet":"max-snippet:-1","max-image-preview":"max-image-preview:large","max-video-preview":"max-video-preview:-1"},"canonical":"https:\/\/geziyoo.co\/blog\/muglada-denize-sifir-kamp-yapabileceginiz-ucretsiz-kamp-alanlari-ve-koylar\/","og_locale":"tr_TR","og_type":"article","og_title":"Mu\u011fla\u2019da Denize S\u0131f\u0131r ve \u00dccretsiz En \u0130yi 30 Kamp Alan\u0131 | Geziyoo","og_description":"Mu\u011fla Fethiye, Dat\u00e7a, Bodrum, Marmaris, K\u00f6yce\u011fiz ve Milas koylar\u0131 dahil denize s\u0131f\u0131r, bakir ve \u00fccretsiz 30 kamp alan\u0131n\u0131 listeledik. Konumlar Geziyoo'da.","og_url":"https:\/\/geziyoo.co\/blog\/muglada-denize-sifir-kamp-yapabileceginiz-ucretsiz-kamp-alanlari-ve-koylar\/","og_site_name":"Geziyoo.co","article_publisher":"https:\/\/www.facebook.com\/Geziyooco","article_author":"https:\/\/www.facebook.com\/geziyoo.co","article_published_time":"2023-03-22T10:22:27+00:00","article_modified_time":"2026-01-29T13:16:51+00:00","og_image":[{"width":960,"height":720,"url":"https:\/\/geziyoo.co\/blog\/wp-content\/uploads\/2021\/01\/Mugla-Kamp-Alanlari-ve-Karavan-Alanlari.jpg","type":"image\/jpeg"}],"author":"Geziyoo","twitter_card":"summary_large_image","twitter_creator":"@https:\/\/twitter.com\/geziyoo","twitter_site":"@geziyoo","twitter_misc":{"Yazan:":"Geziyoo","Tahmini okuma s\u00fcresi":"24 dakika"},"schema":{"@context":"https:\/\/schema.org","@graph":[{"@type":"Article","@id":"https:\/\/geziyoo.co\/blog\/muglada-denize-sifir-kamp-yapabileceginiz-ucretsiz-kamp-alanlari-ve-koylar\/#article","isPartOf":{"@id":"https:\/\/geziyoo.co\/blog\/muglada-denize-sifir-kamp-yapabileceginiz-ucretsiz-kamp-alanlari-ve-koylar\/"},"author":{"name":"Geziyoo","@id":"https:\/\/geziyoo.co\/blog\/#\/schema\/person\/032acb2436540ed14784e7d978aef0e4"},"headline":"Mu\u011fla Geneli Denize S\u0131f\u0131r ve \u00dccretsiz 30+ Kamp Alan\u0131 (\u0130leti\u015fim ve Konum)","datePublished":"2023-03-22T10:22:27+00:00","dateModified":"2026-01-29T13:16:51+00:00","mainEntityOfPage":{"@id":"https:\/\/geziyoo.co\/blog\/muglada-denize-sifir-kamp-yapabileceginiz-ucretsiz-kamp-alanlari-ve-koylar\/"},"wordCount":4358,"commentCount":0,"publisher":{"@id":"https:\/\/geziyoo.co\/blog\/#organization"},"image":{"@id":"https:\/\/geziyoo.co\/blog\/muglada-denize-sifir-kamp-yapabileceginiz-ucretsiz-kamp-alanlari-ve-koylar\/#primaryimage"},"thumbnailUrl":"http:\/\/geziyoo.co\/blog\/wp-content\/uploads\/2021\/01\/Mugla-Kamp-Alanlari-ve-Karavan-Alanlari.jpg","articleSection":["Kamp","Kamp Alanlar\u0131"],"inLanguage":"tr","potentialAction":[{"@type":"CommentAction","name":"Comment","target":["https:\/\/geziyoo.co\/blog\/muglada-denize-sifir-kamp-yapabileceginiz-ucretsiz-kamp-alanlari-ve-koylar\/#respond"]}]},{"@type":"WebPage","@id":"https:\/\/geziyoo.co\/blog\/muglada-denize-sifir-kamp-yapabileceginiz-ucretsiz-kamp-alanlari-ve-koylar\/","url":"https:\/\/geziyoo.co\/blog\/muglada-denize-sifir-kamp-yapabileceginiz-ucretsiz-kamp-alanlari-ve-koylar\/","name":"Mu\u011fla\u2019da Denize S\u0131f\u0131r ve \u00dccretsiz En \u0130yi 30 Kamp Alan\u0131 | Geziyoo","isPartOf":{"@id":"https:\/\/geziyoo.co\/blog\/#website"},"primaryImageOfPage":{"@id":"https:\/\/geziyoo.co\/blog\/muglada-denize-sifir-kamp-yapabileceginiz-ucretsiz-kamp-alanlari-ve-koylar\/#primaryimage"},"image":{"@id":"https:\/\/geziyoo.co\/blog\/muglada-denize-sifir-kamp-yapabileceginiz-ucretsiz-kamp-alanlari-ve-koylar\/#primaryimage"},"thumbnailUrl":"http:\/\/geziyoo.co\/blog\/wp-content\/uploads\/2021\/01\/Mugla-Kamp-Alanlari-ve-Karavan-Alanlari.jpg","datePublished":"2023-03-22T10:22:27+00:00","dateModified":"2026-01-29T13:16:51+00:00","description":"Mu\u011fla Fethiye, Dat\u00e7a, Bodrum, Marmaris, K\u00f6yce\u011fiz ve Milas koylar\u0131 dahil denize s\u0131f\u0131r, bakir ve \u00fccretsiz 30 kamp alan\u0131n\u0131 listeledik. Konumlar Geziyoo'da.","breadcrumb":{"@id":"https:\/\/geziyoo.co\/blog\/muglada-denize-sifir-kamp-yapabileceginiz-ucretsiz-kamp-alanlari-ve-koylar\/#breadcrumb"},"inLanguage":"tr","potentialAction":[{"@type":"ReadAction","target":["https:\/\/geziyoo.co\/blog\/muglada-denize-sifir-kamp-yapabileceginiz-ucretsiz-kamp-alanlari-ve-koylar\/"]}]},{"@type":"ImageObject","inLanguage":"tr","@id":"https:\/\/geziyoo.co\/blog\/muglada-denize-sifir-kamp-yapabileceginiz-ucretsiz-kamp-alanlari-ve-koylar\/#primaryimage","url":"http:\/\/geziyoo.co\/blog\/wp-content\/uploads\/2021\/01\/Mugla-Kamp-Alanlari-ve-Karavan-Alanlari.jpg","contentUrl":"http:\/\/geziyoo.co\/blog\/wp-content\/uploads\/2021\/01\/Mugla-Kamp-Alanlari-ve-Karavan-Alanlari.jpg","width":960,"height":720},{"@type":"BreadcrumbList","@id":"https:\/\/geziyoo.co\/blog\/muglada-denize-sifir-kamp-yapabileceginiz-ucretsiz-kamp-alanlari-ve-koylar\/#breadcrumb","itemListElement":[{"@type":"ListItem","position":1,"name":"Ana sayfa","item":"https:\/\/geziyoo.co\/blog\/"},{"@type":"ListItem","position":2,"name":"Mu\u011fla Geneli Denize S\u0131f\u0131r ve \u00dccretsiz 30+ Kamp Alan\u0131 (\u0130leti\u015fim ve Konum)"}]},{"@type":"WebSite","@id":"https:\/\/geziyoo.co\/blog\/#website","url":"https:\/\/geziyoo.co\/blog\/","name":"Geziyoo Blog","description":"GeziYoo Blog&#039;da T\u00fcrkiye&#039;nin en iyi kamp alanlar\u0131ndan bungalov tatillerine, karavan ipu\u00e7lar\u0131ndan gezi rehberlerine kadar her t\u00fcrl\u00fc do\u011fa deneyimini ke\u015ffedin.","publisher":{"@id":"https:\/\/geziyoo.co\/blog\/#organization"},"potentialAction":[{"@type":"SearchAction","target":{"@type":"EntryPoint","urlTemplate":"https:\/\/geziyoo.co\/blog\/?s={search_term_string}"},"query-input":{"@type":"PropertyValueSpecification","valueRequired":true,"valueName":"search_term_string"}}],"inLanguage":"tr"},{"@type":"Organization","@id":"https:\/\/geziyoo.co\/blog\/#organization","name":"Geziyoo.co","url":"https:\/\/geziyoo.co\/blog\/","logo":{"@type":"ImageObject","inLanguage":"tr","@id":"https:\/\/geziyoo.co\/blog\/#\/schema\/logo\/image\/","url":"https:\/\/geziyoo.co\/blog\/wp-content\/uploads\/2025\/01\/Paragraf-metniniz-3.png","contentUrl":"https:\/\/geziyoo.co\/blog\/wp-content\/uploads\/2025\/01\/Paragraf-metniniz-3.png","width":270,"height":50,"caption":"Geziyoo.co"},"image":{"@id":"https:\/\/geziyoo.co\/blog\/#\/schema\/logo\/image\/"},"sameAs":["https:\/\/www.facebook.com\/Geziyooco","https:\/\/x.com\/geziyoo","https:\/\/tr.pinterest.com\/geziyooco\/","https:\/\/www.youtube.com\/@geziyoo","https:\/\/www.instagram.com\/geziyoo.co\/"]},{"@type":"Person","@id":"https:\/\/geziyoo.co\/blog\/#\/schema\/person\/032acb2436540ed14784e7d978aef0e4","name":"Geziyoo","image":{"@type":"ImageObject","inLanguage":"tr","@id":"https:\/\/geziyoo.co\/blog\/#\/schema\/person\/image\/","url":"https:\/\/secure.gravatar.com\/avatar\/ae212a4514471fdb8cab6e5af4f3c99b940a2d0a16713ea0392c8d7c8a64f30a?s=96&d=mm&r=g","contentUrl":"https:\/\/secure.gravatar.com\/avatar\/ae212a4514471fdb8cab6e5af4f3c99b940a2d0a16713ea0392c8d7c8a64f30a?s=96&d=mm&r=g","caption":"Geziyoo"},"description":"Do\u011fa ile i\u00e7 i\u00e7e olabilece\u011finiz yerler,do\u011fa aktivite alanlar\u0131,kamp alanlar\u0131,bungalov oteller,Tiny House Oteller, Galampingler ve da\u011f evlerinin herkes i\u00e7in ula\u015f\u0131labilir olmas\u0131n\u0131 sa\u011flamak amac\u0131yla Geziyoo\u2019ya 2019 y\u0131l\u0131nda ba\u015flad\u0131k.Do\u011fal Tatil konseptini uygulayan en geni\u015f kapsaml\u0131 sitedir.","sameAs":["https:\/\/geziyoo.co\/","https:\/\/www.facebook.com\/geziyoo.co","https:\/\/www.instagram.com\/geziyoo.co\/","https:\/\/tr.pinterest.com\/geziyooco\/","https:\/\/x.com\/https:\/\/twitter.com\/geziyoo","https:\/\/www.youtube.com\/channel\/UCdiSMa6pe17KEY7DP1Ug4ag"]}]}},"amp_enabled":true,"_links":{"self":[{"href":"http:\/\/geziyoo.co\/blog\/wp-json\/wp\/v2\/posts\/11878","targetHints":{"allow":["GET"]}}],"collection":[{"href":"http:\/\/geziyoo.co\/blog\/wp-json\/wp\/v2\/posts"}],"about":[{"href":"http:\/\/geziyoo.co\/blog\/wp-json\/wp\/v2\/types\/post"}],"author":[{"embeddable":true,"href":"http:\/\/geziyoo.co\/blog\/wp-json\/wp\/v2\/users\/1"}],"replies":[{"embeddable":true,"href":"http:\/\/geziyoo.co\/blog\/wp-json\/wp\/v2\/comments?post=11878"}],"version-history":[{"count":0,"href":"http:\/\/geziyoo.co\/blog\/wp-json\/wp\/v2\/posts\/11878\/revisions"}],"wp:featuredmedia":[{"embeddable":true,"href":"http:\/\/geziyoo.co\/blog\/wp-json\/wp\/v2\/media\/6176"}],"wp:attachment":[{"href":"http:\/\/geziyoo.co\/blog\/wp-json\/wp\/v2\/media?parent=11878"}],"wp:term":[{"taxonomy":"category","embeddable":true,"href":"http:\/\/geziyoo.co\/blog\/wp-json\/wp\/v2\/categories?post=11878"},{"taxonomy":"post_tag","embeddable":true,"href":"http:\/\/geziyoo.co\/blog\/wp-json\/wp\/v2\/tags?post=11878"}],"curies":[{"name":"wp","href":"https:\/\/api.w.org\/{rel}","templated":true}]}}