{"id":11861,"date":"2023-03-21T12:57:32","date_gmt":"2023-03-21T12:57:32","guid":{"rendered":"https:\/\/geziyoo.co\/blog\/?p=11861"},"modified":"2026-01-29T13:14:27","modified_gmt":"2026-01-29T13:14:27","slug":"izmirde-denize-sifir-kamp-yapabileceginiz-ucretsiz-kamp-alanlari-ve-koylar","status":"publish","type":"post","link":"http:\/\/geziyoo.co\/blog\/izmirde-denize-sifir-kamp-yapabileceginiz-ucretsiz-kamp-alanlari-ve-koylar\/","title":{"rendered":"\u0130zmir Geneli Denize S\u0131f\u0131r ve \u00dccretsiz 16+ Kamp Alan\u0131 (\u0130leti\u015fim ve Konum)"},"content":{"rendered":"\n<p><strong>\u0130zmir<\/strong>, kuzeyden g\u00fcneye uzanan uzun sahil \u015feridiyle T\u00fcrkiye&#8217;nin en pop\u00fcler kamp rotalar\u0131ndan biridir. \u015eehir, sadece Ala\u00e7at\u0131&#8217;n\u0131n hareketli sokaklar\u0131ndan ibaret de\u011fildir; \u00c7e\u015fme&#8217;nin d\u00fcnyaca \u00fcnl\u00fc Delikli Koy&#8217;u, Karaburun&#8217;un fiyortlar\u0131 and\u0131ran Dolungaz Koyu ve Dikili&#8217;nin cam gibi deniziyle \u00fcnl\u00fc Pissa Koyu gibi noktalar, &#8220;Wild Camping&#8221; (Yaban Kamp\u0131) tutkunlar\u0131 i\u00e7in birer mabettir. Burada kamp yapmak, genellikle tesis aramayan, &#8220;Deniz olsun, \u00e7ad\u0131r\u0131m olsun, gerisi \u00f6nemli de\u011fil&#8221; diyen maceraperestlerin tercihidir.<\/p>\n\n\n\n<p>B\u00f6lgenin a\u015f\u0131r\u0131 pop\u00fcler olmas\u0131, \u00f6zellikle hafta sonlar\u0131 &#8220;Yer bulabilir miyiz?&#8221;, &#8220;Delikli Koy&#8217;da yer var m\u0131?&#8221;, &#8220;Jandarma\/Zab\u0131ta sorun \u00e7\u0131kar\u0131yor mu?&#8221; sorular\u0131n\u0131 beraberinde getirir. Listemizdeki \u00fccretsiz alanlar\u0131n \u00e7o\u011fu &#8220;tesissiz&#8221; bakir koylard\u0131r; yani tuvalet, du\u015f ve elektrik yoktur. Ayr\u0131ca yaz sezonunda orman yang\u0131n\u0131 riskine kar\u015f\u0131 valilik kararlar\u0131yla baz\u0131 ormanl\u0131k alanlara giri\u015fler k\u0131s\u0131tlanabilir, ancak sahil \u015feritleri genellikle bu yasaklar\u0131n d\u0131\u015f\u0131nda (k\u0131y\u0131 kanunu gere\u011fi) daha esnektir.<\/p>\n\n\n\n<p>Biz Geziyoo olarak, Ege&#8217;nin bu mavi rotas\u0131nda arac\u0131lar\u0131 tamamen aradan \u00e7\u0131kard\u0131k ve \u0130zmir&#8217;in en &#8220;Deniz Kokulu&#8221; kamp rehberini haz\u0131rlad\u0131k. Listemizde <strong>hi\u00e7bir \u00fccret \u00f6demeden<\/strong> beyaz kayal\u0131klar\u0131n \u00fczerinde, zeytin a\u011fa\u00e7lar\u0131n\u0131n g\u00f6lgesinde veya kumsallar\u0131n tam \u00fczerinde kalabilece\u011finiz en \u00f6zel 16 noktay\u0131 bir araya getirdik. Bu alanlar\u0131n \u00e7o\u011funda g\u00f6lge sorunu olabilece\u011fini ve tedarikli gitmeniz gerekti\u011fini unutmay\u0131n.<\/p>\n\n\n\n<p>\u0130ster s\u0131rt \u00e7antan\u0131z\u0131 al\u0131p <strong>Karaburun&#8217;un<\/strong> \u0131ss\u0131zl\u0131\u011f\u0131na g\u00f6m\u00fcl\u00fcn, ister arkada\u015flar\u0131n\u0131zla <strong>\u00c7e\u015fme&#8217;nin<\/strong> turkuaz sular\u0131na atlay\u0131n; yola \u00e7\u0131kmadan \u00f6nce listedeki konumlara mutlaka g\u00f6z at\u0131n. \u0130\u015fte \u0130zmir&#8217;in en sevilen 16 \u00fccretsiz kamp dura\u011f\u0131:<\/p>\n\n\n\n<p>\u0130zmir\u2019de unuttu\u011fumuz veya bilmedi\u011fimiz&nbsp;\u00c7ad\u0131r ve Karavan Kamp alan\u0131&nbsp;var ise l\u00fctfen yorumlar k\u0131sm\u0131ndan bizlerle payla\u015f\u0131n.\u00dccretli olarak kamp aray\u0131\u015f\u0131 i\u00e7indeyseniz 100\u2019den fazla kamp alan\u0131na sahip&nbsp;<strong><em><a href=\"https:\/\/geziyoo.co\/blog\/izmir-kamp-alanlari-ve-karavan-alanlari\/\" data-type=\"post\" data-id=\"4609\">\u0130zmir Kamp Alanlar\u0131<\/a><\/em><\/strong>&nbsp;i\u00e7eri\u011fimize bakman\u0131z\u0131 \u00f6neriyoruz.<\/p>\n\n\n\n<p>Fazla uzatmadan&nbsp;<strong>\u0130zmir \u00dccretsiz Kamp Alanlar\u0131<\/strong>&nbsp;listemize ge\u00e7elim.Bu arada listemizde yer almayan kamp alanlar\u0131 var ise l\u00fctfen yorumlar k\u0131sm\u0131ndan bizlerle payla\u015f\u0131n.<\/p>\n\n\n\n<hr class=\"wp-block-separator has-css-opacity is-style-wide\"\/>\n\n\n\n<h2 class=\"wp-block-heading\">1.\u00c7anak Koyu Kamp Alan\u0131<\/h2>\n\n\n\n<figure class=\"wp-block-image\"><img decoding=\"async\" width=\"1024\" height=\"768\" data-src=\"https:\/\/geziyoo.co\/blog\/wp-content\/uploads\/2021\/05\/Canak-Koyu-Izmir-Kamp-Alanlari.jpg\" alt=\"Canak Koyu Izmir Kamp Alanlari\" class=\"wp-image-6817 lazyload\" title=\"\u0130zmir Kamp Alanlar\u0131 ve Karavan Alanlar\u0131 18\" data-srcset=\"http:\/\/geziyoo.co\/blog\/wp-content\/uploads\/2021\/05\/Canak-Koyu-Izmir-Kamp-Alanlari.jpg 1024w, http:\/\/geziyoo.co\/blog\/wp-content\/uploads\/2021\/05\/Canak-Koyu-Izmir-Kamp-Alanlari-300x225.jpg 300w, http:\/\/geziyoo.co\/blog\/wp-content\/uploads\/2021\/05\/Canak-Koyu-Izmir-Kamp-Alanlari-768x576.jpg 768w\" data-sizes=\"(max-width: 1024px) 100vw, 1024px\" src=\"data:image\/gif;base64,R0lGODlhAQABAAAAACH5BAEKAAEALAAAAAABAAEAAAICTAEAOw==\" style=\"--smush-placeholder-width: 1024px; --smush-placeholder-aspect-ratio: 1024\/768;\" \/><figcaption class=\"wp-element-caption\">\u0130zmir\u2019de Denize S\u0131f\u0131r Kamp Yapabilece\u011finiz \u00dccretsiz Kamp Alanlar\u0131 ve Koylar<\/figcaption><\/figure>\n\n\n\n<p><strong><em>\u0130zmir\u2019de Denize S\u0131f\u0131r Kamp Yapabilece\u011finiz \u00dccretsiz Kamp Alanlar\u0131 ve Koylar<\/em><\/strong> i\u00e7eri\u011fimizin ilk s\u0131ras\u0131nda \u00c7anak Koyu Kamp Alan\u0131 var.Fo\u00e7a\u2019da yer  \u00fccretsiz kamp yelerinden bir tanesidir.\u0130zmir \u015eehir merkezine yakla\u015f\u0131k 64 km mesafede olan kamp alan\u0131 denize s\u0131f\u0131r konumda yer almaktad\u0131r.Kamp alan\u0131 hem \u00e7ad\u0131r kamp\u0131 hem de karavan kamplar\u0131 i\u00e7in uygun.<\/p>\n\n\n\n<p>\u00c7anak Koyu&#8217;nda \u00e7e\u015fme,su,elektrik veya di\u011fer kamp olanaklar\u0131 maalesef bulunmamakta.Fakat yak\u0131nlar\u0131nda market ve bu ihtiya\u00e7lar\u0131n\u0131z\u0131 kar\u015f\u0131layabilece\u011finiz yerler var.<\/p>\n\n\n\n<figure class=\"wp-block-table\"><table><tbody><tr><td><strong>\u00c7anak Koyu Kamp Alan\u0131<\/strong>&nbsp;<strong>ADRES:<\/strong><\/td><td>&nbsp;&nbsp;Atat\u00fcrk, 35680 Fo\u00e7a\/\u0130zmir<\/td><\/tr><tr><td><strong>\u00c7anak Koyu Kamp Alan\u0131<\/strong>&nbsp;<strong>TELEFON:<\/strong><\/td><td>\u2014\u2013<\/td><\/tr><tr><td><strong>\u00c7anak Koyu Kamp Alan\u0131<\/strong>&nbsp;<strong>KONUM:<\/strong><\/td><td>Konum \u0130\u00e7in&nbsp;<strong><em><a href=\"https:\/\/www.google.com\/maps\/place\/%C3%87anak+Koyu\/@38.6667129,26.7428828,3a,75y,90t\/data=!3m8!1e2!3m6!1sAF1QipPktPqbAPeEW_-4UTqkR56tOzvag8EZKmQec-mS!2e10!3e12!6shttps:%2F%2Flh5.googleusercontent.com%2Fp%2FAF1QipPktPqbAPeEW_-4UTqkR56tOzvag8EZKmQec-mS%3Dw203-h152-k-no!7i4608!8i3456!4m5!3m4!1s0x14bbb44991bd60a1:0x9419075400b2d590!8m2!3d38.6667129!4d26.7428828\" target=\"_blank\" rel=\"noreferrer noopener\">TIKLAYIN<\/a><\/em><\/strong><\/td><\/tr><\/tbody><\/table><\/figure>\n\n\n\n<hr class=\"wp-block-separator has-css-opacity is-style-wide\"\/>\n\n\n\n<h2 class=\"wp-block-heading\">2.Akkum Halk Plaj\u0131 Kamp Alan\u0131<\/h2>\n\n\n\n<figure class=\"wp-block-image\"><img decoding=\"async\" width=\"1024\" height=\"595\" data-src=\"https:\/\/geziyoo.co\/blog\/wp-content\/uploads\/2021\/05\/Izmir-Kamp-Alanlari-Akkum-Halk-Plaji-Kamp-Alani-1-scaled-1-1024x595.jpg\" alt=\"Izmir Kamp Alanlari Akkum Halk Plaji Kamp Alani 1 scaled 1\" class=\"wp-image-6865 lazyload\" title=\"\u0130zmir Kamp Alanlar\u0131 ve Karavan Alanlar\u0131 24\" data-srcset=\"http:\/\/geziyoo.co\/blog\/wp-content\/uploads\/2021\/05\/Izmir-Kamp-Alanlari-Akkum-Halk-Plaji-Kamp-Alani-1-scaled-1-1024x595.jpg 1024w, http:\/\/geziyoo.co\/blog\/wp-content\/uploads\/2021\/05\/Izmir-Kamp-Alanlari-Akkum-Halk-Plaji-Kamp-Alani-1-scaled-1-300x174.jpg 300w, http:\/\/geziyoo.co\/blog\/wp-content\/uploads\/2021\/05\/Izmir-Kamp-Alanlari-Akkum-Halk-Plaji-Kamp-Alani-1-scaled-1-768x446.jpg 768w, http:\/\/geziyoo.co\/blog\/wp-content\/uploads\/2021\/05\/Izmir-Kamp-Alanlari-Akkum-Halk-Plaji-Kamp-Alani-1-scaled-1-scaled.jpg 1200w\" data-sizes=\"(max-width: 1024px) 100vw, 1024px\" src=\"data:image\/gif;base64,R0lGODlhAQABAAAAACH5BAEKAAEALAAAAAABAAEAAAICTAEAOw==\" style=\"--smush-placeholder-width: 1024px; --smush-placeholder-aspect-ratio: 1024\/595;\" \/><figcaption class=\"wp-element-caption\">\u0130zmir Kamp Alanlar\u0131 \u2013 Akkum Halk Plaj\u0131<\/figcaption><\/figure>\n\n\n\n<p>&nbsp;\u0130zmir Seferihisar\u2019da yer alan <strong>Akkum Halk Plaj\u0131 Kamp Alan\u0131<\/strong> \u00fccretsiz ve halka a\u00e7\u0131k kamp yerlerinden bir di\u011feridir.Plaj\u0131n yak\u0131n\u0131nda olmas\u0131 art\u0131 bir avantaj.Kamp alan\u0131 karavan i\u00e7in uygun de\u011fil.\u015eehir i\u00e7inde kalmas\u0131ndan dolay\u0131 karavan\u0131n\u0131z\u0131 yerle\u015ftirebilece\u011finiz bir yer bulmakta zorlanabilirsiniz.<\/p>\n\n\n\n<p>Akkum Halk Plaj\u0131nda kamp \u00e7evresinde \u00fccretsiz kamp yapabilece\u011finiz yerler bulunmaktad\u0131r.&nbsp;Detayl\u0131 bilgiler i\u00e7in&nbsp;<strong><em><a href=\"https:\/\/geziyoo.co\/listing\/akkum-halk-plaji-kamp-alani\/\" target=\"_blank\" rel=\"noreferrer noopener\">AKKUM HALK PLAJI KAMP ALANI<\/a><\/em><\/strong>&nbsp;sayfas\u0131na bakabilirsiniz.<\/p>\n\n\n\n<figure class=\"wp-block-table\"><table><tbody><tr><td><strong>Akkum Halk Plaj\u0131 Kamp Alan\u0131<\/strong>&nbsp;<strong>ADRES:<\/strong><\/td><td>&nbsp;&nbsp;Akkum Halk Plaj\u0131 Kamp Alan\u0131<\/td><\/tr><tr><td><strong>Akkum Halk Plaj\u0131 Kamp Alan\u0131<\/strong>&nbsp;<strong>TELEFON:<\/strong><\/td><td>\u2014\u2013<\/td><\/tr><tr><td><strong>Akkum Halk Plaj\u0131 Kamp Alan\u0131<\/strong>&nbsp;<strong>KONUM:<\/strong><\/td><td>Konum \u0130\u00e7in&nbsp;<strong><em><a href=\"https:\/\/www.google.com\/maps?daddr=38.190606003613304%20,26.773212772024362\" target=\"_blank\" rel=\"noreferrer noopener\">TIKLAYIN<\/a><\/em><\/strong><\/td><\/tr><\/tbody><\/table><\/figure>\n\n\n\n<hr class=\"wp-block-separator has-css-opacity is-style-wide\"\/>\n\n\n\n<h2 class=\"wp-block-heading\">3.Mersinaki Koyu Kamp Alan\u0131<\/h2>\n\n\n\n<figure class=\"wp-block-image\"><img decoding=\"async\" width=\"1024\" height=\"768\" data-src=\"https:\/\/geziyoo.co\/blog\/wp-content\/uploads\/2021\/05\/Izmir-Karavan-Alanlari-Mersinaki-Koyu-Kamp-Alani-2.jpg\" alt=\"Izmir Karavan Alanlari Mersinaki Koyu Kamp Alani 2\" class=\"wp-image-6769 lazyload\" title=\"\u0130zmir Kamp Alanlar\u0131 ve Karavan Alanlar\u0131 12\" data-srcset=\"http:\/\/geziyoo.co\/blog\/wp-content\/uploads\/2021\/05\/Izmir-Karavan-Alanlari-Mersinaki-Koyu-Kamp-Alani-2.jpg 1024w, http:\/\/geziyoo.co\/blog\/wp-content\/uploads\/2021\/05\/Izmir-Karavan-Alanlari-Mersinaki-Koyu-Kamp-Alani-2-300x225.jpg 300w, http:\/\/geziyoo.co\/blog\/wp-content\/uploads\/2021\/05\/Izmir-Karavan-Alanlari-Mersinaki-Koyu-Kamp-Alani-2-768x576.jpg 768w\" data-sizes=\"(max-width: 1024px) 100vw, 1024px\" src=\"data:image\/gif;base64,R0lGODlhAQABAAAAACH5BAEKAAEALAAAAAABAAEAAAICTAEAOw==\" style=\"--smush-placeholder-width: 1024px; --smush-placeholder-aspect-ratio: 1024\/768;\" \/><\/figure>\n\n\n\n<p>\u0130zmir \u00dccretsiz Kamp yerleri i\u00e7eri\u011fimizin 3.s\u0131ras\u0131nda <strong><em>Mersinaki koyu<\/em><\/strong> var. Fo\u00e7a&#8217;da en g\u00fczel ve do\u011fal kamp alanlar\u0131ndan bir tanesidir.Kamp alan\u0131 do\u011fal bir kamp alan\u0131 oldu\u011fundan herhangi bir i\u015fletme,restoran veya market yok.\u00c7ad\u0131r kamp\u0131 i\u00e7in uygun olan koy maalesef karavan kamp\u0131 i\u00e7in uygun de\u011fil.<\/p>\n\n\n\n<p>Bundan dolay\u0131 bo\u015f yere karavan ile buraya gitmeyin fakat yol \u00fczerinde durabilece\u011finiz m\u00fcsait alanlar bulabilir ve k\u0131sa bir karavan kamp\u0131 yapabilirsiniz.Mersinaki Koyunda wc,du\u015f,elektrik,\u00e7e\u015fme,su yok haz\u0131rl\u0131kl\u0131 gitmenizde fayda var.Bundan dolay\u0131 haz\u0131rl\u0131kl\u0131 gitmeniz \u00f6nemli.<\/p>\n\n\n\n<figure class=\"wp-block-table\"><table><tbody><tr><td><strong>Mersinaki Koyu Kamp Alan\u0131<\/strong>&nbsp;<strong>ADRES:<\/strong><\/td><td>&nbsp;\u0130smetpa\u015fa, Mersinaki Cd., 35680 Fo\u00e7a\/\u0130zmir<\/td><\/tr><tr><td><strong>Mersinaki Koyu Kamp Alan\u0131<\/strong>&nbsp;<strong>TELEFON:<\/strong><\/td><td>\u2014\u2013<\/td><\/tr><tr><td><strong>Mersinaki Koyu Kamp Alan\u0131<\/strong>&nbsp;<strong>KONUM:<\/strong><\/td><td>Konum \u0130\u00e7in&nbsp;<strong><em><a href=\"https:\/\/www.google.com\/maps?daddr=38.73078485521548,26.73658126050585\" target=\"_blank\" rel=\"noreferrer noopener\">TIKLAYIN<\/a><\/em><\/strong><\/td><\/tr><\/tbody><\/table><\/figure>\n\n\n\n<hr class=\"wp-block-separator has-css-opacity is-style-wide\"\/>\n\n\n\n<h2 class=\"wp-block-heading\">4.Pissa Koyu Kamp Alan\u0131<\/h2>\n\n\n\n<figure class=\"wp-block-image\"><img decoding=\"async\" width=\"1024\" height=\"622\" data-src=\"https:\/\/geziyoo.co\/blog\/wp-content\/uploads\/2021\/05\/Izmir-Kamp-Alanlari-Pissa-Koyu-Kamp-Alani-3-1024x622-1.jpg\" alt=\"Izmir Kamp Alanlari Pissa Koyu Kamp Alani 3 1024x622 1\" class=\"wp-image-6773 lazyload\" title=\"\u0130zmir Kamp Alanlar\u0131 ve Karavan Alanlar\u0131 13\" data-srcset=\"http:\/\/geziyoo.co\/blog\/wp-content\/uploads\/2021\/05\/Izmir-Kamp-Alanlari-Pissa-Koyu-Kamp-Alani-3-1024x622-1.jpg 1024w, http:\/\/geziyoo.co\/blog\/wp-content\/uploads\/2021\/05\/Izmir-Kamp-Alanlari-Pissa-Koyu-Kamp-Alani-3-1024x622-1-300x182.jpg 300w, http:\/\/geziyoo.co\/blog\/wp-content\/uploads\/2021\/05\/Izmir-Kamp-Alanlari-Pissa-Koyu-Kamp-Alani-3-1024x622-1-768x467.jpg 768w\" data-sizes=\"(max-width: 1024px) 100vw, 1024px\" src=\"data:image\/gif;base64,R0lGODlhAQABAAAAACH5BAEKAAEALAAAAAABAAEAAAICTAEAOw==\" style=\"--smush-placeholder-width: 1024px; --smush-placeholder-aspect-ratio: 1024\/622;\" \/><\/figure>\n\n\n\n<p><strong>Pissa Koyu \u0130zmir Dikili\u2019de yer alan hem \u00fccretli hemde \u00fccretsiz \u00e7ad\u0131r ve karavan kamp\u0131 yapabilece\u011finiz ve do\u011fayla ba\u015f ba\u015fa kalabilece\u011finiz g\u00fczel kamp alanlar\u0131ndan birisidir.<\/strong><\/p>\n\n\n\n<p>Dikili il\u00e7e merkezine 12 km uzakl\u0131kta bulunan Pissa Koyu d\u00fczg\u00fcn bir yoldan ula\u015fabilirsiniz. Pissa Koyuna vard\u0131\u011f\u0131n\u0131zda sol tarafta 10 d\u00f6n\u00fcml\u00fck zeytinlik arazi i\u00e7erisine yap\u0131lm\u0131\u015f \u00f6zel bir kamp alan\u0131 hizmet veriyor.<\/p>\n\n\n\n<figure class=\"wp-block-table\"><table><tbody><tr><td><strong>Pissa Koyu Kamp Alan\u0131<\/strong>&nbsp;<strong>ADRES:<\/strong><\/td><td>&nbsp;&nbsp;Bademli, 11. Sk. No:26, 35980 Dikili\/\u0130zmir<\/td><\/tr><tr><td><strong>Pissa Koyu Kamp Alan\u0131<\/strong>&nbsp;<strong>TELEFON:<\/strong><\/td><td>\u2014\u2013<\/td><\/tr><tr><td><strong>Pissa Koyu Kamp Alan\u0131<\/strong>&nbsp;<strong>KONUM:<\/strong><\/td><td>Konum \u0130\u00e7in&nbsp;<strong><em><a href=\"https:\/\/geziyoo.co\/listing\/pissa-koyu-kamp-alani\/\" target=\"_blank\" rel=\"noreferrer noopener\">TIKLAYIN<\/a><\/em><\/strong><\/td><\/tr><\/tbody><\/table><\/figure>\n\n\n\n<hr class=\"wp-block-separator has-css-opacity is-style-wide\"\/>\n\n\n\n<h2 class=\"wp-block-heading\">5.Dolungaz Koyu Kamp Alan\u0131<\/h2>\n\n\n\n<figure class=\"wp-block-image\"><img decoding=\"async\" width=\"1024\" height=\"768\" data-src=\"https:\/\/geziyoo.co\/blog\/wp-content\/uploads\/2021\/05\/Izmir-Dolungaz-Koyu-Kamp-Alani-1.jpg\" alt=\"Izmir Dolungaz Koyu Kamp Alani 1\" class=\"wp-image-6788 lazyload\" title=\"\u0130zmir Kamp Alanlar\u0131 ve Karavan Alanlar\u0131 17\" data-srcset=\"http:\/\/geziyoo.co\/blog\/wp-content\/uploads\/2021\/05\/Izmir-Dolungaz-Koyu-Kamp-Alani-1.jpg 1024w, http:\/\/geziyoo.co\/blog\/wp-content\/uploads\/2021\/05\/Izmir-Dolungaz-Koyu-Kamp-Alani-1-300x225.jpg 300w, http:\/\/geziyoo.co\/blog\/wp-content\/uploads\/2021\/05\/Izmir-Dolungaz-Koyu-Kamp-Alani-1-768x576.jpg 768w\" data-sizes=\"(max-width: 1024px) 100vw, 1024px\" src=\"data:image\/gif;base64,R0lGODlhAQABAAAAACH5BAEKAAEALAAAAAABAAEAAAICTAEAOw==\" style=\"--smush-placeholder-width: 1024px; --smush-placeholder-aspect-ratio: 1024\/768;\" \/><figcaption class=\"wp-element-caption\">\u0130zmir \u00dccretsiz Kamp Alanlar\u0131<\/figcaption><\/figure>\n\n\n\n<p>\u0130zmir Dolungaz Koyu Kamp Alan\u0131 \u0130zmir Karaburun\u2019da yer alan do\u011fal ve \u00fccretsiz kamp alanlar\u0131ndan birisidir.\u015eehir merkezine yakla\u015f\u0131k 100 km uzakl\u0131kta olan kamp alan\u0131 denize s\u0131f\u0131r konumda ve etraf\u0131 ormanlar ile \u00e7evrilidir.<\/p>\n\n\n\n<p>Kamp yeri hem \u00e7ad\u0131r kamp\u0131 hem de karavan kamp\u0131 yapmak i\u00e7in uygun.Detayl\u0131 bilgiler i\u00e7in&nbsp;<strong><em><a href=\"https:\/\/geziyoo.co\/listing\/izmir-dolungaz-koyu-kamp-alani\/\" target=\"_blank\" rel=\"noreferrer noopener\">DOLUNGAZ KOYU KAMP ALANI<\/a><\/em><\/strong>&nbsp;sayfam\u0131za g\u00f6z atabilirsiniz.<\/p>\n\n\n\n<figure class=\"wp-block-table\"><table><tbody><tr><td><strong>Dolungaz Koyu Kamp Alan\u0131<\/strong>&nbsp;<strong>ADRES:<\/strong><\/td><td>&nbsp;Merkez, 35970 Karaburun\/\u0130zmir<\/td><\/tr><tr><td><strong>Dolungaz Koyu Kamp Alan\u0131<\/strong>&nbsp;<strong>TELEFON:<\/strong><\/td><td>\u2014\u2013<\/td><\/tr><tr><td><strong>DelDolungaz Koyu Kamp Alan\u0131<\/strong>&nbsp;&nbsp;<strong>KONUM:<\/strong><\/td><td>Konum \u0130\u00e7in&nbsp;<strong><em><a href=\"https:\/\/www.google.com\/maps\/place\/Dolungaz+Camping+Alan%C4%B1\/@38.6613643,26.4871698,17z\/data=!3m1!4b1!4m5!3m4!1s0x14bba8e777e44357:0x99433f4dc7e6c1ce!8m2!3d38.6613643!4d26.4893585\" target=\"_blank\" rel=\"noreferrer noopener\">TIKLAYIN<\/a><\/em><\/strong><\/td><\/tr><\/tbody><\/table><\/figure>\n\n\n\n<hr class=\"wp-block-separator has-css-opacity is-style-wide\"\/>\n\n\n\n<h2 class=\"wp-block-heading\">6.Kosova Plaj\u0131 Kamp Alan\u0131<\/h2>\n\n\n\n<figure class=\"wp-block-image\"><img decoding=\"async\" width=\"1024\" height=\"485\" data-src=\"https:\/\/geziyoo.co\/blog\/wp-content\/uploads\/2021\/05\/Kosova-Plaji-Kamp-Alani-1-1.jpg\" alt=\"Kosova Plaji Kamp Alani 1 1\" class=\"wp-image-6948 lazyload\" title=\"\u0130zmir Kamp Alanlar\u0131 ve Karavan Alanlar\u0131 25\" data-srcset=\"http:\/\/geziyoo.co\/blog\/wp-content\/uploads\/2021\/05\/Kosova-Plaji-Kamp-Alani-1-1.jpg 1024w, http:\/\/geziyoo.co\/blog\/wp-content\/uploads\/2021\/05\/Kosova-Plaji-Kamp-Alani-1-1-300x142.jpg 300w, http:\/\/geziyoo.co\/blog\/wp-content\/uploads\/2021\/05\/Kosova-Plaji-Kamp-Alani-1-1-768x364.jpg 768w\" data-sizes=\"(max-width: 1024px) 100vw, 1024px\" src=\"data:image\/gif;base64,R0lGODlhAQABAAAAACH5BAEKAAEALAAAAAABAAEAAAICTAEAOw==\" style=\"--smush-placeholder-width: 1024px; --smush-placeholder-aspect-ratio: 1024\/485;\" \/><\/figure>\n\n\n\n<p><strong>Kosova Plaj\u0131 Kamp Alan\u0131&nbsp;<\/strong>\u0130zmir Fo\u00e7a\u2019da yer alan \u00fccretsiz kamp alanlar\u0131ndan birisidir.Hem \u00e7ad\u0131r kamp\u0131 hemde karavan kamp\u0131 i\u00e7in uygun yerlerden birisi.Denizin dibinde kamp yapmak isteyenler i\u00e7in \u00e7ok ideal.<\/p>\n\n\n\n<p>Kamp alan\u0131nda \u00fccretli hizmet veren bir i\u015fletmede bulunmakta.Dilerseniz \u00fccret \u00f6deyip buradada kamp yapabilirsiniz.Fiyatlar ve di\u011fer detaylar i\u00e7in&nbsp;<strong><a href=\"https:\/\/geziyoo.co\/listing\/kosova-plaji-kamp-alani\/\">Kosova Plaj\u0131 Kamp Alan\u0131<\/a><\/strong>&nbsp;i\u00e7eri\u011fimize bakabilirsiniz.<\/p>\n\n\n\n<hr class=\"wp-block-separator has-css-opacity is-style-wide\"\/>\n\n\n\n<figure class=\"wp-block-table\"><table><tbody><tr><td><strong>Kosova Plaj\u0131 Kamp Alan\u0131&nbsp;ADRES:<\/strong><\/td><td>&nbsp;&nbsp;\u0130smetpa\u015fa, \u0130smetpa\u015fa mersinaki caddesi kosova kume evleri, D:no 1, 35680 Fo\u00e7a\/\u0130zmir<\/td><\/tr><tr><td><strong>Kosova Plaj\u0131 Kamp Alan\u0131<\/strong>&nbsp;<strong>TELEFON:<\/strong><\/td><td>535 848 56 10<\/td><\/tr><tr><td><strong>Kosova Plaj\u0131 Kamp Alan\u0131KONUM:<\/strong><\/td><td>Konum \u0130\u00e7in&nbsp;<strong><em><a href=\"https:\/\/www.google.com\/maps?daddr=38.7197390519868,26.733273723549143\" target=\"_blank\" rel=\"noreferrer noopener\">TIKLAYIN<\/a><\/em><\/strong><\/td><\/tr><\/tbody><\/table><\/figure>\n\n\n\n<hr class=\"wp-block-separator has-css-opacity is-style-wide\"\/>\n\n\n\n<h2 class=\"wp-block-heading\">7.Hay\u0131tl\u0131 Koyu Kamp Alan\u0131<\/h2>\n\n\n\n<figure class=\"wp-block-image\"><img decoding=\"async\" width=\"1024\" height=\"582\" data-src=\"https:\/\/geziyoo.co\/blog\/wp-content\/uploads\/2021\/05\/Izmir-Kamp-Alanlari-Hayitli-Koyu-Kamp-Alani-2.jpg\" alt=\"Izmir Kamp Alanlari Hayitli Koyu Kamp Alani 2\" class=\"wp-image-6778 lazyload\" title=\"\u0130zmir Kamp Alanlar\u0131 ve Karavan Alanlar\u0131 15\" data-srcset=\"http:\/\/geziyoo.co\/blog\/wp-content\/uploads\/2021\/05\/Izmir-Kamp-Alanlari-Hayitli-Koyu-Kamp-Alani-2.jpg 1024w, http:\/\/geziyoo.co\/blog\/wp-content\/uploads\/2021\/05\/Izmir-Kamp-Alanlari-Hayitli-Koyu-Kamp-Alani-2-300x171.jpg 300w, http:\/\/geziyoo.co\/blog\/wp-content\/uploads\/2021\/05\/Izmir-Kamp-Alanlari-Hayitli-Koyu-Kamp-Alani-2-768x437.jpg 768w\" data-sizes=\"(max-width: 1024px) 100vw, 1024px\" src=\"data:image\/gif;base64,R0lGODlhAQABAAAAACH5BAEKAAEALAAAAAABAAEAAAICTAEAOw==\" style=\"--smush-placeholder-width: 1024px; --smush-placeholder-aspect-ratio: 1024\/582;\" \/><\/figure>\n\n\n\n<p><strong>Hay\u0131tl\u0131 Koyu Kamp Alan\u0131&nbsp;<\/strong>\u0130zmir Dikili\u2019de yer alan \u00dccretsiz kamp yapabilece\u011finiz i\u015fletmelerden bir tanesidir.Kamp yerinde herhangi bir i\u015fletme,restoran ve market bulunmamaktad\u0131r.\u00c7ad\u0131r kamp\u0131 ve karavan kamp\u0131 i\u00e7in uygun kamp alanlar\u0131ndan bir tanesidir.<\/p>\n\n\n\n<p>Hay\u0131tl\u0131 Koyu Kamp Alan\u0131, \u0130zmir merkeze 108 kilometre uzakl\u0131kta yer almaktad\u0131r. Hay\u0131tl\u0131, b\u00f6lgenin en sakin plajlar\u0131ndan biri olarak kabul edilir<\/p>\n\n\n\n<p><strong>Hay\u0131tl\u0131 Koyu Kamp Alan\u0131 Olanaklar\u0131:<\/strong>Ate\u015f Alan\u0131,&nbsp;Bah\u00e7e,&nbsp;\u00dccretsiz,&nbsp;\u00dccretsiz Otopark,&nbsp;Y\u00fcr\u00fcy\u00fc\u015f Alan\u0131<\/p>\n\n\n\n<figure class=\"wp-block-table\"><table><tbody><tr><td><strong>Hay\u0131tl\u0131 Koyu Kamp Alan\u0131&nbsp;ADRES:<\/strong><\/td><td>&nbsp;&nbsp;Denizk\u00f6y, 35980 Dikili\/\u0130zmir<\/td><\/tr><tr><td><strong>Hay\u0131tl\u0131 Koyu Kamp Alan\u0131<\/strong>&nbsp;<strong>TELEFON:<\/strong><\/td><td>\u2014\u2013<\/td><\/tr><tr><td><strong>Hay\u0131tl\u0131 Koyu Kamp Alan\u0131<\/strong>&nbsp;<strong>KONUM:<\/strong><\/td><td>Konum \u0130\u00e7in&nbsp;<strong><em><a href=\"https:\/\/www.google.com\/maps?daddr=38.989934791099884,26.79924445210905\" target=\"_blank\" rel=\"noreferrer noopener\">TIKLAYIN<\/a><\/em><\/strong><\/td><\/tr><\/tbody><\/table><\/figure>\n\n\n\n<hr class=\"wp-block-separator has-css-opacity is-style-wide\"\/>\n\n\n\n<h2 class=\"wp-block-heading\">8.Zindanc\u0131k Koyu Kamp Alan\u0131<\/h2>\n\n\n\n<figure class=\"wp-block-image\"><img decoding=\"async\" width=\"1024\" height=\"768\" data-src=\"https:\/\/geziyoo.co\/blog\/wp-content\/uploads\/2021\/05\/Zindancik-Koyu-Kamp-Alani-6.jpg\" alt=\"Zindancik Koyu Kamp Alani 6\" class=\"wp-image-6787 lazyload\" title=\"\u0130zmir Kamp Alanlar\u0131 ve Karavan Alanlar\u0131 16\" data-srcset=\"http:\/\/geziyoo.co\/blog\/wp-content\/uploads\/2021\/05\/Zindancik-Koyu-Kamp-Alani-6.jpg 1024w, http:\/\/geziyoo.co\/blog\/wp-content\/uploads\/2021\/05\/Zindancik-Koyu-Kamp-Alani-6-300x225.jpg 300w, http:\/\/geziyoo.co\/blog\/wp-content\/uploads\/2021\/05\/Zindancik-Koyu-Kamp-Alani-6-768x576.jpg 768w\" data-sizes=\"(max-width: 1024px) 100vw, 1024px\" src=\"data:image\/gif;base64,R0lGODlhAQABAAAAACH5BAEKAAEALAAAAAABAAEAAAICTAEAOw==\" style=\"--smush-placeholder-width: 1024px; --smush-placeholder-aspect-ratio: 1024\/768;\" \/><figcaption class=\"wp-element-caption\">\u0130zmir \u00dccretsiz Kamp Alanlar\u0131<\/figcaption><\/figure>\n\n\n\n<p>\u0130zmir Dikili\u2019de denize s\u0131f\u0131r bir yerde kamp yapmak m\u0131 istiyorsunuz?o halde Zindanc\u0131k Koyu Kamp Alan\u0131 tam size g\u00f6re.  Kamp yeri \u00e7ad\u0131r kamp\u0131 ve karavan kamp\u0131 i\u00e7in uygun olan denize s\u0131f\u0131r ve ayr\u0131ca \u0130zmir\u2019de \u00fccretsiz kamp yapabilece\u011finiz yerlerden bir tanesidir.<\/p>\n\n\n\n<p>Kamp alan\u0131nda herhangi bir kamp i\u015fletme,restoran merket vb bulunmamaktad\u0131r.Tamamen do\u011fal ve kendi halinde kamp alan\u0131d\u0131r.Denize s\u0131f\u0131r olmas\u0131ndan dolay\u0131 yaz aylar\u0131nda y\u00fczebilir,bal\u0131k tutabilir ve kafa dinleyebilirsiniz.Koy ile ilgili detayl\u0131 bilgileri&nbsp;<strong><em><a href=\"https:\/\/geziyoo.co\/listing\/zindancik-koyu-kamp-alani\/\" target=\"_blank\" rel=\"noreferrer noopener\">Z\u0130NDANCIK KOYU<\/a><\/em><\/strong>&nbsp;kamp alan\u0131 sayfam\u0131zda bulabilirsiniz.<\/p>\n\n\n\n<figure class=\"wp-block-table\"><table><tbody><tr><td><strong>Zindanc\u0131k Koyu Kamp Alan\u0131<\/strong>&nbsp;<strong>ADRES:<\/strong><\/td><td>&nbsp;&nbsp;Bademli, 35980 Dikili\/\u0130zmir<\/td><\/tr><tr><td><strong>Zindanc\u0131k Koyu Kamp Alan\u0131<\/strong>&nbsp;<strong>TELEFON:<\/strong><\/td><td>\u2014\u2013<\/td><\/tr><tr><td><strong>Zindanc\u0131k Koyu Kamp Alan\u0131<\/strong>&nbsp;<strong>KONUM:<\/strong><\/td><td>Konum \u0130\u00e7in&nbsp;<strong><em><a href=\"https:\/\/www.google.com\/maps\/place\/K%C3%BC%C3%A7%C3%BCk+Zindanc%C4%B1k+Koyu\/@39.0368928,26.7995162,15z\/data=!3m1!4b1!4m5!3m4!1s0x14ba15480beb838d:0x141beff96ffc8b33!8m2!3d39.036877!4d26.808271\" target=\"_blank\" rel=\"noreferrer noopener\">TIKLAYIN<\/a><\/em><\/strong><\/td><\/tr><\/tbody><\/table><\/figure>\n\n\n\n<hr class=\"wp-block-separator has-css-opacity is-style-wide\"\/>\n\n\n\n<h2 class=\"wp-block-heading\">9.Demircili Koyu Kamp Alan\u0131<\/h2>\n\n\n\n<figure class=\"wp-block-image\"><img decoding=\"async\" width=\"1024\" height=\"768\" data-src=\"https:\/\/geziyoo.co\/blog\/wp-content\/uploads\/2021\/05\/Izmir-Kamp-Alanlari-Demircili-Koyu-Kamp-Alani-4.jpg\" alt=\"Izmir Kamp Alanlari Demircili Koyu Kamp Alani 4\" class=\"wp-image-6818 lazyload\" title=\"\u0130zmir Kamp Alanlar\u0131 ve Karavan Alanlar\u0131 19\" data-srcset=\"http:\/\/geziyoo.co\/blog\/wp-content\/uploads\/2021\/05\/Izmir-Kamp-Alanlari-Demircili-Koyu-Kamp-Alani-4.jpg 1024w, http:\/\/geziyoo.co\/blog\/wp-content\/uploads\/2021\/05\/Izmir-Kamp-Alanlari-Demircili-Koyu-Kamp-Alani-4-300x225.jpg 300w, http:\/\/geziyoo.co\/blog\/wp-content\/uploads\/2021\/05\/Izmir-Kamp-Alanlari-Demircili-Koyu-Kamp-Alani-4-768x576.jpg 768w\" data-sizes=\"(max-width: 1024px) 100vw, 1024px\" src=\"data:image\/gif;base64,R0lGODlhAQABAAAAACH5BAEKAAEALAAAAAABAAEAAAICTAEAOw==\" style=\"--smush-placeholder-width: 1024px; --smush-placeholder-aspect-ratio: 1024\/768;\" \/><\/figure>\n\n\n\n<p>Demircili Koyu Kamp Alan\u0131 \u0130zmir \u0130zmir\u2019de yer alan do\u011fal ve \u00fccretsiz kamp alanlar\u0131ndan birisidir.\u0130zmir \u015eehir merkezine yakla\u015f\u0131k 60 kilometre uzakl\u0131kta olan kamp alan\u0131 denize s\u0131f\u0131r konumda ve etraf\u0131 ormanlar ile \u00e7evrilidir.Kamp alan\u0131 hem \u00e7ad\u0131r kamp\u0131 hem de karavan kamplar\u0131 i\u00e7in uygun bir kamp alan\u0131d\u0131r.<\/p>\n\n\n\n<p>Kamp alan\u0131nda maalesef wc,su,elektrik gibi olanaklar bulunmamaktad\u0131r.Bundan dolay\u0131 haz\u0131rl\u0131kl\u0131 gitmeniz \u00f6nerilir.<\/p>\n\n\n\n<figure class=\"wp-block-table is-style-regular\"><table><tbody><tr><td><strong>Demircili Koyu Kamp Alan\u0131<\/strong>&nbsp;<strong>ADRES:<\/strong><\/td><td>&nbsp;&nbsp;Ya\u011fc\u0131lar, 35430 Urla\/\u0130zmir<\/td><\/tr><tr><td><strong>Demircili Koyu Kamp Alan\u0131<\/strong>&nbsp;<strong>TELEFON:<\/strong><\/td><td>\u2014\u2013<\/td><\/tr><tr><td><strong>Demircili Koyu Kamp Alan\u0131<\/strong>&nbsp;<strong>KONUM:<\/strong><\/td><td>Konum \u0130\u00e7in&nbsp;<strong><em><a href=\"https:\/\/www.google.com\/maps?daddr=38.20640902041299,26.6869961207893\" target=\"_blank\" rel=\"noreferrer noopener\">TIKLAYIN<\/a><\/em><\/strong><\/td><\/tr><\/tbody><\/table><\/figure>\n\n\n\n<hr class=\"wp-block-separator has-css-opacity is-style-wide\"\/>\n\n\n\n<h2 class=\"wp-block-heading\">10.P\u0131rlanta Plaj\u0131 Kamp Alan\u0131<\/h2>\n\n\n\n<figure class=\"wp-block-image\"><img decoding=\"async\" width=\"1024\" height=\"682\" data-src=\"https:\/\/geziyoo.co\/blog\/wp-content\/uploads\/2021\/05\/Izmir-Kamp-Alanlari-Pirlanta-Plaji-Kamp-Alani-2.jpg\" alt=\"Izmir Kamp Alanlari Pirlanta Plaji Kamp Alani 2\" class=\"wp-image-6839 lazyload\" title=\"\u0130zmir Kamp Alanlar\u0131 ve Karavan Alanlar\u0131 20\" data-srcset=\"http:\/\/geziyoo.co\/blog\/wp-content\/uploads\/2021\/05\/Izmir-Kamp-Alanlari-Pirlanta-Plaji-Kamp-Alani-2.jpg 1024w, http:\/\/geziyoo.co\/blog\/wp-content\/uploads\/2021\/05\/Izmir-Kamp-Alanlari-Pirlanta-Plaji-Kamp-Alani-2-300x200.jpg 300w, http:\/\/geziyoo.co\/blog\/wp-content\/uploads\/2021\/05\/Izmir-Kamp-Alanlari-Pirlanta-Plaji-Kamp-Alani-2-768x512.jpg 768w\" data-sizes=\"(max-width: 1024px) 100vw, 1024px\" src=\"data:image\/gif;base64,R0lGODlhAQABAAAAACH5BAEKAAEALAAAAAABAAEAAAICTAEAOw==\" style=\"--smush-placeholder-width: 1024px; --smush-placeholder-aspect-ratio: 1024\/682;\" \/><\/figure>\n\n\n\n<p>\u0130zmir \u00dccretsiz Kamp Alanlar\u0131 i\u00e7eir\u011fimizin 10.s\u0131ras\u0131nda P\u0131rlanta Plaj\u0131 var. \u0130zmir \u00c7e\u015fme\u2019de yer alan \u00c7ad\u0131r kamp\u0131 i\u00e7in uygun do\u011fal ve denize s\u0131f\u0131r kamp alanlar\u0131ndan bir tanesidir.Kamp alan\u0131 hem denize s\u0131f\u0131r olmas\u0131 hem de kamp olanaklar\u0131n\u0131n di\u011fer yerlere g\u00f6re daha iyi olmas\u0131 tercih sebeplerinizden olabilir.<\/p>\n\n\n\n<p>Kamp alan\u0131nda wc ve temiz su bulunmakta.Fakat g\u00f6lgelik alanlar az oldu\u011fundan yan\u0131n\u0131zda \u015fem\u015fiye g\u00f6t\u00fcr\u00fcmeniz tavsiyemizdir.<\/p>\n\n\n\n<figure class=\"wp-block-table\"><table><tbody><tr><td><strong>P\u0131rlanta Plaj\u0131 Kamp Alan\u0131<\/strong>&nbsp;<strong>ADRES:<\/strong><\/td><td>&nbsp;&nbsp;&nbsp;\u015eehit Mehmet, 35930 \u00c7e\u015fme\/\u0130zmir<\/td><\/tr><tr><td><strong>Demircili Koyu Kamp Alan\u0131<\/strong>&nbsp;<strong>TELEFON:<\/strong><\/td><td>\u2014\u2013<\/td><\/tr><tr><td><strong>P\u0131rlanta Plaj\u0131 Kamp Alan\u0131<\/strong>&nbsp;<strong>KONUM:<\/strong><\/td><td>Konum \u0130\u00e7in&nbsp;<strong><em><a href=\"https:\/\/www.google.com\/maps?daddr=38.285725258052196,26.247025998114186\" target=\"_blank\" rel=\"noreferrer noopener\">TIKLAYIN<\/a><\/em><\/strong><\/td><\/tr><\/tbody><\/table><\/figure>\n\n\n\n<hr class=\"wp-block-separator has-css-opacity is-style-wide\"\/>\n\n\n\n<h2 class=\"wp-block-heading\">11.\u0130zmir Kleopatra Koyu Kamp Alan\u0131<\/h2>\n\n\n\n<figure class=\"wp-block-image\"><img decoding=\"async\" width=\"1024\" height=\"768\" data-src=\"https:\/\/geziyoo.co\/blog\/wp-content\/uploads\/2021\/05\/Izmir-Kamp-Alanlari-Izmir-Kleopatra-Koyu-Kamp-Alani-6.jpg\" alt=\"Izmir Kamp Alanlari Izmir Kleopatra Koyu Kamp Alani 6\" class=\"wp-image-6860 lazyload\" title=\"\u0130zmir Kamp Alanlar\u0131 ve Karavan Alanlar\u0131 21\" data-srcset=\"http:\/\/geziyoo.co\/blog\/wp-content\/uploads\/2021\/05\/Izmir-Kamp-Alanlari-Izmir-Kleopatra-Koyu-Kamp-Alani-6.jpg 1024w, http:\/\/geziyoo.co\/blog\/wp-content\/uploads\/2021\/05\/Izmir-Kamp-Alanlari-Izmir-Kleopatra-Koyu-Kamp-Alani-6-300x225.jpg 300w, http:\/\/geziyoo.co\/blog\/wp-content\/uploads\/2021\/05\/Izmir-Kamp-Alanlari-Izmir-Kleopatra-Koyu-Kamp-Alani-6-768x576.jpg 768w\" data-sizes=\"(max-width: 1024px) 100vw, 1024px\" src=\"data:image\/gif;base64,R0lGODlhAQABAAAAACH5BAEKAAEALAAAAAABAAEAAAICTAEAOw==\" style=\"--smush-placeholder-width: 1024px; --smush-placeholder-aspect-ratio: 1024\/768;\" \/><figcaption class=\"wp-element-caption\">\u0130zmir \u00dccretsiz Kamp Alanlar\u0131 \u2013 Kleopatra Koyu<\/figcaption><\/figure>\n\n\n\n<p>\u0130zmir Kleopatra Koyu Kamp Alan\u0131 \u0130zmir \u00c7e\u015fme\u2019de yer alan \u00dccretsiz ve denize s\u0131f\u0131r kamp yapabilece\u011finiz ba\u015fka bir koy.\u0130zmir\u2019in gizli kalm\u0131\u015f ve pek bilinmeyen kamp alanlar\u0131ndan biri olan Kleopatra Koyu bulunmaktad\u0131r.<\/p>\n\n\n\n<p>Ula\u015f\u0131m konusunda biraz s\u0131k\u0131nt\u0131l\u0131 olmas\u0131ndan dolay\u0131 karavan kamp\u0131 i\u00e7in uygun de\u011fildir.Kamp alan\u0131nda maalesef wc,su,market,restoran gibi olanaklar bulunmamakta.Bunun i\u00e7in gitmeden \u00f6nce muhakkak tedarikli gidin.Detayl\u0131 bilgiler i\u00e7in&nbsp;<strong><em><a href=\"https:\/\/geziyoo.co\/listing\/izmir-kleopatra-koyu-kamp-alani\/\">\u0130zmir Kleopatra Koyu Kamp Alan\u0131<\/a><\/em><\/strong>&nbsp;sayfas\u0131na bir g\u00f6z atabilirsiniz.<\/p>\n\n\n\n<figure class=\"wp-block-table\"><table><tbody><tr><td><strong>\u0130zmir Kleopatra Koyu Kamp Alan\u0131 ADRES:<\/strong><\/td><td>&nbsp;&nbsp;&nbsp;Ovac\u0131k, 35930 \u00c7e\u015fme\/\u0130zmir<\/td><\/tr><tr><td><strong>\u0130zmir Kleopatra Koyu Kamp Alan\u0131<\/strong>&nbsp;<strong>TELEFON:<\/strong><\/td><td>\u2014\u2013<\/td><\/tr><tr><td><strong>\u0130zmir Kleopatra Koyu Kamp Alan\u0131<\/strong>&nbsp;<strong>KONUM:<\/strong><\/td><td>Konum \u0130\u00e7in&nbsp;<strong><em><a href=\"https:\/\/www.google.com\/maps?daddr=38.23141284346333,26.32899383200057\" target=\"_blank\" rel=\"noreferrer noopener\">TIKLAYIN<\/a><\/em><\/strong><\/td><\/tr><\/tbody><\/table><\/figure>\n\n\n\n<hr class=\"wp-block-separator has-css-opacity is-style-wide\"\/>\n\n\n\n<h2 class=\"wp-block-heading\">12.Fedon Koyu Kamp Alan\u0131<\/h2>\n\n\n\n<figure class=\"wp-block-image\"><img decoding=\"async\" width=\"1024\" height=\"497\" data-src=\"https:\/\/geziyoo.co\/blog\/wp-content\/uploads\/2021\/05\/Izmir-Kamp-Alanlari-Fedon-Koyu-Kamp-Alani-3.jpg\" alt=\"Izmir Kamp Alanlari Fedon Koyu Kamp Alani 3\" class=\"wp-image-6861 lazyload\" title=\"\u0130zmir Kamp Alanlar\u0131 ve Karavan Alanlar\u0131 22\" data-srcset=\"http:\/\/geziyoo.co\/blog\/wp-content\/uploads\/2021\/05\/Izmir-Kamp-Alanlari-Fedon-Koyu-Kamp-Alani-3.jpg 1024w, http:\/\/geziyoo.co\/blog\/wp-content\/uploads\/2021\/05\/Izmir-Kamp-Alanlari-Fedon-Koyu-Kamp-Alani-3-300x146.jpg 300w, http:\/\/geziyoo.co\/blog\/wp-content\/uploads\/2021\/05\/Izmir-Kamp-Alanlari-Fedon-Koyu-Kamp-Alani-3-768x373.jpg 768w\" data-sizes=\"(max-width: 1024px) 100vw, 1024px\" src=\"data:image\/gif;base64,R0lGODlhAQABAAAAACH5BAEKAAEALAAAAAABAAEAAAICTAEAOw==\" style=\"--smush-placeholder-width: 1024px; --smush-placeholder-aspect-ratio: 1024\/497;\" \/><figcaption class=\"wp-element-caption\">\u0130zmir \u00dccretsiz Kamp Alanlar\u0131 \u2013 Fedon Koyu<\/figcaption><\/figure>\n\n\n\n<p>Sessiz ve \u015fehirden bir kamp yeri aray\u0131\u015f\u0131ndaysan\u0131z  Fedon Koyu imdad\u0131n\u0131za ko\u015facakt\u0131r.Fedon Koyu Kamp Alan\u0131 \u0130zmir \u00c7e\u015fme\u2019de yer alan \u00dccretsiz kamp alanlar\u0131ndan birisidir.\u00c7e\u015fme\u2019nin az bilinen sessiz ve sakin \u00e7ad\u0131r kamp alanlar\u0131ndan birisidir.Fakat koyun yollar\u0131 k\u00f6t\u00fc olmas\u0131ndan dolay\u0131 Karavan kamp\u0131 i\u00e7in maalesef uygun de\u011fil.Kamp alan\u0131 kalabal\u0131\u011f\u0131 sevmeyenler i\u00e7in ideal kamp alanlar\u0131ndan biridir.<\/p>\n\n\n\n<p>Kamp alan\u0131nda maalesef wc,du\u015f,elektrik,market vb kamp olanaklar\u0131 yetersiz bundan dolay\u0131 gitmeden \u00f6nce muhakkak tedarikli gidiniz.Detayl\u0131 bilgiler i\u00e7in&nbsp;<strong><em><a href=\"https:\/\/geziyoo.co\/listing\/fedon-koyu-kamp-alani\/\" target=\"_blank\" rel=\"noreferrer noopener\">FEDON KOYU KAMP ALANI<\/a><\/em><\/strong>&nbsp;sayfam\u0131za bakabilirsiniz.<\/p>\n\n\n\n<figure class=\"wp-block-table\"><table><tbody><tr><td><strong>Fedon Koyu Kamp Alan\u0131 ADRES:<\/strong><\/td><td>&nbsp;&nbsp;&nbsp;Alt\u0131nkum, 35930 \u00c7e\u015fme\/\u0130zmir<\/td><\/tr><tr><td><strong>Fedon Koyu Kamp Alan\u0131<\/strong>&nbsp;<strong>TELEFON:<\/strong><\/td><td>\u2014\u2013<\/td><\/tr><tr><td><strong>Fedon Koyu Kamp Alan\u0131<\/strong>&nbsp;<strong>KONUM:<\/strong><\/td><td>Konum \u0130\u00e7in&nbsp;<strong><em><a href=\"https:\/\/www.google.com\/maps?daddr=38.26766155039852,26.2759658517678\" target=\"_blank\" rel=\"noreferrer noopener\">TIKLAYIN<\/a><\/em><\/strong><\/td><\/tr><\/tbody><\/table><\/figure>\n\n\n\n<hr class=\"wp-block-separator has-css-opacity is-style-wide\"\/>\n\n\n\n<h2 class=\"wp-block-heading\">13.Il\u0131ca Halk Plaj\u0131 Kamp Alan\u0131<\/h2>\n\n\n\n<figure class=\"wp-block-image\"><img decoding=\"async\" width=\"1024\" height=\"768\" data-src=\"https:\/\/geziyoo.co\/blog\/wp-content\/uploads\/2021\/05\/Izmir-Kamp-Alanlari-Ilica-Halk-Plaji-Kamp-Alani-5.jpg\" alt=\"Izmir Kamp Alanlari Ilica Halk Plaji Kamp Alani 5\" class=\"wp-image-6864 lazyload\" title=\"\u0130zmir Kamp Alanlar\u0131 ve Karavan Alanlar\u0131 23\" data-srcset=\"http:\/\/geziyoo.co\/blog\/wp-content\/uploads\/2021\/05\/Izmir-Kamp-Alanlari-Ilica-Halk-Plaji-Kamp-Alani-5.jpg 1024w, http:\/\/geziyoo.co\/blog\/wp-content\/uploads\/2021\/05\/Izmir-Kamp-Alanlari-Ilica-Halk-Plaji-Kamp-Alani-5-300x225.jpg 300w, http:\/\/geziyoo.co\/blog\/wp-content\/uploads\/2021\/05\/Izmir-Kamp-Alanlari-Ilica-Halk-Plaji-Kamp-Alani-5-768x576.jpg 768w\" data-sizes=\"(max-width: 1024px) 100vw, 1024px\" src=\"data:image\/gif;base64,R0lGODlhAQABAAAAACH5BAEKAAEALAAAAAABAAEAAAICTAEAOw==\" style=\"--smush-placeholder-width: 1024px; --smush-placeholder-aspect-ratio: 1024\/768;\" \/><\/figure>\n\n\n\n<p><strong>Il\u0131ca Halk Plaj\u0131 Kamp Alan\u0131&nbsp;<\/strong>\u0130zmir \u00c7e\u015fme\u2019de yer alan \u00fccretsiz ve halka a\u00e7\u0131k kamp alanlar\u0131ndan birisidir.Plaj\u0131n yak\u0131n\u0131nda olmas\u0131 art\u0131 bir avantaj.Kamp alan\u0131 karavan i\u00e7in uygun de\u011fil.\u015eehir i\u00e7inde kalmas\u0131ndan dolay\u0131 karavan\u0131n\u0131z\u0131 yerle\u015ftirebilece\u011finiz bir yer bulmakta zorlanabilirsiniz.<\/p>\n\n\n\n<p>Kamp alan\u0131nda wc,du\u015f vb ihtiya\u00e7lar\u0131n\u0131z\u0131 \u00e7evredeki i\u015fletmelerden kar\u015f\u0131layabilirsiniz.Ayr\u0131ca plaj \u00e7evresinde restoran ve marketlerde bulunmakta detayl\u0131 bilgiler i\u00e7in&nbsp;<strong><em><a href=\"https:\/\/geziyoo.co\/listing\/ilica-halk-plaji-kamp-alani\/\" target=\"_blank\" rel=\"noreferrer noopener\">ILICA HALK PLAJI KAMP ALANI<\/a><\/em><\/strong>&nbsp;SAYFAMIZA bakabilirsiniz.<\/p>\n\n\n\n<figure class=\"wp-block-table\"><table><tbody><tr><td><strong>Il\u0131ca Halk Plaj\u0131 Kamp Alan\u0131<\/strong>&nbsp;<strong>ADRES:<\/strong><\/td><td>&nbsp;&nbsp;&nbsp;Il\u0131ca Halk Plaj\u0131 Kamp Alan\u0131<\/td><\/tr><tr><td><strong>Il\u0131ca Halk Plaj\u0131 Kamp Alan\u0131<\/strong>&nbsp;<strong>TELEFON:<\/strong><\/td><td>\u2014\u2013<\/td><\/tr><tr><td><strong>Il\u0131ca Halk Plaj\u0131 Kamp Alan\u0131<\/strong>&nbsp;<strong>KONUM:<\/strong><\/td><td>Konum \u0130\u00e7in&nbsp;<strong><em><a href=\"https:\/\/www.google.com\/maps?daddr=38.309008849585496,%2026.37260767095696\" target=\"_blank\" rel=\"noreferrer noopener\">TIKLAYIN<\/a><\/em><\/strong><\/td><\/tr><\/tbody><\/table><\/figure>\n\n\n\n<hr class=\"wp-block-separator has-css-opacity is-style-wide\"\/>\n\n\n\n<h2 class=\"wp-block-heading\">14.Killik Koyu Kamp Alanlar\u0131<\/h2>\n\n\n\n<figure class=\"wp-block-image\"><img decoding=\"async\" width=\"1024\" height=\"768\" data-src=\"https:\/\/geziyoo.co\/blog\/wp-content\/uploads\/2021\/05\/Killik-Koyu-Kamp-Alani-5.jpg\" alt=\"Killik Koyu Kamp Alani 5\" class=\"wp-image-6976 lazyload\" title=\"\u0130zmir Kamp Alanlar\u0131 ve Karavan Alanlar\u0131 26\" data-srcset=\"http:\/\/geziyoo.co\/blog\/wp-content\/uploads\/2021\/05\/Killik-Koyu-Kamp-Alani-5.jpg 1024w, http:\/\/geziyoo.co\/blog\/wp-content\/uploads\/2021\/05\/Killik-Koyu-Kamp-Alani-5-300x225.jpg 300w, http:\/\/geziyoo.co\/blog\/wp-content\/uploads\/2021\/05\/Killik-Koyu-Kamp-Alani-5-768x576.jpg 768w\" data-sizes=\"(max-width: 1024px) 100vw, 1024px\" src=\"data:image\/gif;base64,R0lGODlhAQABAAAAACH5BAEKAAEALAAAAAABAAEAAAICTAEAOw==\" style=\"--smush-placeholder-width: 1024px; --smush-placeholder-aspect-ratio: 1024\/768;\" \/><figcaption class=\"wp-element-caption\">\u0130zmir Kamp Alanlar\u0131 \u2013 Killik Koyu Kamp Alan\u0131<\/figcaption><\/figure>\n\n\n\n<p><strong>\u0130zmir \u00dccretsiz Kamp Alanlar\u0131<\/strong>&nbsp;i\u00e7eri\u011fimizde 14.s\u0131rada \u00fccretsiz kamp yerlerinden bir tanesi olan Killik Koyu Kamp Yeri bulunmakta.Kamp alan\u0131 hem \u00e7ad\u0131r kamp\u0131 hem de karavan kamp\u0131 i\u00e7in uygun oldu\u011funu belirtelim.Yaz aylar\u0131nda haftasonu a\u015f\u0131r\u0131 derecede kalabal\u0131k oldu\u011fundan kamp i\u00e7in haftai\u00e7i tercih etmek isteyebilirsiniz.<\/p>\n\n\n\n<p>Koyun etraf\u0131nda i\u015fletmeler ve restoran tarz\u0131 yerler bulunmakta.Wc,du\u015f eletrik gibi ihtiya\u00e7lar\u0131n\u0131z\u0131 buralardan halledebilirsiniz.\u00dccretsiz yapmak isterseniz kamp olanaklar\u0131n\u0131n \u00e7o\u011fu bulunmakta.Kamp alan\u0131 ile ilgili&nbsp;<strong><em><a href=\"https:\/\/geziyoo.co\/listing\/killik-koyu-kamp-alani\/\" target=\"_blank\" rel=\"noreferrer noopener\">K\u0130LL\u0130K KOYU KAMP ALANI<\/a><\/em><\/strong>&nbsp;sayfam\u0131za bakabilirsiniz.<\/p>\n\n\n\n<figure class=\"wp-block-table\"><table><tbody><tr><td><strong>Killik Koyu Kamp Alan\u0131&nbsp;ADRES:<\/strong><\/td><td>Bademli Mh, Bademli 1. Sk No:214, 35980, 35980 Dikili\/\u0130zmir<\/td><\/tr><tr><td><strong>Killik Koyu&nbsp;Kamp Alan\u0131<\/strong>&nbsp;<strong>TELEFON:<\/strong><\/td><td>\u2014-<\/td><\/tr><tr><td><strong>Killik Koyu&nbsp;Kamp Alan\u0131&nbsp;KONUM:<\/strong><\/td><td>Konum \u0130\u00e7in&nbsp;<strong><em><a href=\"https:\/\/www.google.com\/maps?daddr=39.036600106258824,26.811564151098494\" target=\"_blank\" rel=\"noreferrer noopener\">TIKLAYIN<\/a><\/em><\/strong><\/td><\/tr><\/tbody><\/table><\/figure>\n\n\n\n<hr class=\"wp-block-separator has-css-opacity is-style-wide\"\/>\n\n\n\n<h2 class=\"wp-block-heading\">15.Delikli Koy Kamp Alan\u0131<\/h2>\n\n\n\n<figure class=\"wp-block-image\"><img decoding=\"async\" width=\"1024\" height=\"687\" data-src=\"https:\/\/geziyoo.co\/blog\/wp-content\/uploads\/2021\/03\/Izmir-Kamp-Alanlari-1024x687.jpg\" alt=\"Izmir Kamp Alanlari\" class=\"wp-image-6437 lazyload\" title=\"\u0130zmir Kamp Alanlar\u0131 ve Karavan Alanlar\u0131 27\" data-srcset=\"http:\/\/geziyoo.co\/blog\/wp-content\/uploads\/2021\/03\/Izmir-Kamp-Alanlari-1024x687.jpg 1024w, http:\/\/geziyoo.co\/blog\/wp-content\/uploads\/2021\/03\/Izmir-Kamp-Alanlari-300x201.jpg 300w, http:\/\/geziyoo.co\/blog\/wp-content\/uploads\/2021\/03\/Izmir-Kamp-Alanlari-768x515.jpg 768w, http:\/\/geziyoo.co\/blog\/wp-content\/uploads\/2021\/03\/Izmir-Kamp-Alanlari.jpg 1170w\" data-sizes=\"(max-width: 1024px) 100vw, 1024px\" src=\"data:image\/gif;base64,R0lGODlhAQABAAAAACH5BAEKAAEALAAAAAABAAEAAAICTAEAOw==\" style=\"--smush-placeholder-width: 1024px; --smush-placeholder-aspect-ratio: 1024\/687;\" \/><figcaption class=\"wp-element-caption\">\u0130zmir Kamp Alanlar\u0131 ve Karavan Alanlar\u0131 37<\/figcaption><\/figure>\n\n\n\n<p>Delikli Koy Kamp Alan\u0131 \u00c7e\u015fme\u2019de yer alan ve \u00fccretsiz olarak kamp yapabilece\u011finiz yerlerden bir tanesidir.Yak\u0131n zamana kadar ismini \u00e7evrede ya\u015fayanlar d\u0131\u015f\u0131nda kimsenin bilmedi\u011fi&nbsp;Ala\u00e7at\u0131\u2019da yer alan Delikli Koy, kalabal\u0131ktan uzak, stres ve insan g\u00fcr\u00fclt\u00fcs\u00fcn\u00fcn olmad\u0131\u011f\u0131, manzaras\u0131 ve g\u00fczelli\u011fiyle insan\u0131 b\u00fcy\u00fclemektedir.<\/p>\n\n\n\n<p>Delikli koy do\u011fal bir kamp alan\u0131 olup,herhangi bir i\u015fletme mevcut de\u011fildir.<strong>Du\u015f ve wc<\/strong>&nbsp;imkan\u0131 bulunmayan koyda&nbsp;<strong>telefon<\/strong>&nbsp;\u00e7ekmektedir.Detayl\u0131 bilgiler i\u00e7in<strong><em>&nbsp;<a href=\"https:\/\/geziyoo.co\/listing\/delikli-koy-kamp-alani\/\">DEL\u0130KL\u0130 KOY KAMP ALANI&nbsp;<\/a><\/em><\/strong>sayfam\u0131za bakabilirsiniz.<\/p>\n\n\n\n<hr class=\"wp-block-separator has-css-opacity is-style-wide\"\/>\n\n\n\n<figure class=\"wp-block-table\"><table><tbody><tr><td><strong>Delikli Koy ADRES:<\/strong><\/td><td>Ovac\u0131k, Delikli Koy, \u00c7e\u015fme\/\u0130zmir, T\u00fcrkiye<\/td><\/tr><tr><td><strong>Delikli KoyTELEFON:<\/strong><\/td><td>\u2014\u2013<\/td><\/tr><tr><td><strong>Delikli Koy<\/strong>&nbsp;<strong>KONUM:<\/strong><\/td><td>Konum \u0130\u00e7in&nbsp;<strong><em><a href=\"https:\/\/www.google.com\/maps?daddr=38.229266,26.342690\" target=\"_blank\" rel=\"noreferrer noopener\">TIKLAYIN<\/a><\/em><\/strong><\/td><\/tr><\/tbody><\/table><\/figure>\n\n\n\n<hr class=\"wp-block-separator has-css-opacity is-style-wide\"\/>\n\n\n\n<h2 class=\"wp-block-heading\">16.Yelken Kayal\u0131klar\u0131 Kamp Alan\u0131<\/h2>\n\n\n\n<figure class=\"wp-block-image\"><img decoding=\"async\" width=\"1024\" height=\"768\" data-src=\"https:\/\/geziyoo.co\/blog\/wp-content\/uploads\/2021\/05\/Izmir-Kamp-Alanlari-Yelken-Kayaliklari-Kamp-Alani-4.jpg\" alt=\"Izmir Kamp Alanlari Yelken Kayaliklari Kamp Alani 4\" class=\"wp-image-6768 lazyload\" title=\"\u0130zmir Kamp Alanlar\u0131 ve Karavan Alanlar\u0131 11\" data-srcset=\"http:\/\/geziyoo.co\/blog\/wp-content\/uploads\/2021\/05\/Izmir-Kamp-Alanlari-Yelken-Kayaliklari-Kamp-Alani-4.jpg 1024w, http:\/\/geziyoo.co\/blog\/wp-content\/uploads\/2021\/05\/Izmir-Kamp-Alanlari-Yelken-Kayaliklari-Kamp-Alani-4-300x225.jpg 300w, http:\/\/geziyoo.co\/blog\/wp-content\/uploads\/2021\/05\/Izmir-Kamp-Alanlari-Yelken-Kayaliklari-Kamp-Alani-4-768x576.jpg 768w\" data-sizes=\"(max-width: 1024px) 100vw, 1024px\" src=\"data:image\/gif;base64,R0lGODlhAQABAAAAACH5BAEKAAEALAAAAAABAAEAAAICTAEAOw==\" style=\"--smush-placeholder-width: 1024px; --smush-placeholder-aspect-ratio: 1024\/768;\" \/><\/figure>\n\n\n\n<p>Yelken Kayal\u0131klar\u0131 Yeni Fo\u00e7a\u2019da yer alan  en g\u00fczel ve do\u011fal kamp alanlar\u0131ndan birisi olarak g\u00f6sterebiliriz.Kamp yeri do\u011fal bir kamp alan\u0131 oldu\u011fundan herhangi bir tesis bulunmamakta.<\/p>\n\n\n\n<p>\u00c7ad\u0131r kamp\u0131 i\u00e7in uygun olan koy maalesef karavan kamp\u0131 i\u00e7in uygun de\u011fil.Bundan dolay\u0131 bo\u015f yere karavan ile buraya gitmeyin fakat yol \u00fczerinde durabilece\u011finiz m\u00fcsait alanlar bulabilirsiniz.<\/p>\n\n\n\n<hr class=\"wp-block-separator has-css-opacity is-style-wide\"\/>\n\n\n\n<figure class=\"wp-block-table\"><table><tbody><tr><td><strong>Yelken Kayal\u0131klar\u0131 Kamp Alan\u0131<\/strong>&nbsp;<strong>ADRES:<\/strong><\/td><td>Fatih, 35687 Fo\u00e7a\/\u0130zmir<\/td><\/tr><tr><td><strong>Yelken Kayal\u0131klar\u0131 Kamp Alan\u0131<\/strong>&nbsp;<strong>TELEFON:<\/strong><\/td><td>\u2014\u2013<\/td><\/tr><tr><td><strong>Yelken Kayal\u0131klar\u0131 Kamp Alan\u0131<\/strong>&nbsp;<strong>KONUM:<\/strong><\/td><td>Konum \u0130\u00e7in&nbsp;<strong><em><a href=\"https:\/\/www.google.com\/maps\/place\/Yelken+Kayalar%C4%B1\/@38.7502847,26.7350989,12z\/data=!4m15!1m9!4m8!1m3!2m2!1d26.8216162!2d38.7508202!1m3!2m2!1d26.8051184!2d38.7504458!3m4!1s0x14ba3583a5916035:0xb0c78177c884c351!8m2!3d38.7503056!4d26.8051389\" target=\"_blank\" rel=\"noreferrer noopener\">TIKLAYIN<\/a><\/em><\/strong><\/td><\/tr><\/tbody><\/table><\/figure>\n\n\n\n<hr class=\"wp-block-separator has-css-opacity is-style-wide\"\/>\n\n\n\n<p><strong>\u0130zmir \u00dccretsiz Kamp Alanlar\u0131 ve Karavan Kamp Alanlar\u0131 Listemizin \u015fimdilik sonuna geldik.Her ge\u00e7en ge\u00e7en g\u00fcn eklemeler yaparak devam edece\u011fiz.Sizlerde \u0130zmir\u2019de yer alan Karavan veya normal kamp alanlar\u0131n\u0131 yorumlar k\u0131sm\u0131ndan bizlerle payla\u015fabilirsiniz.G\u00fczel bir kamp ge\u00e7irmeniz dile\u011fiyle ho\u015f\u00e7akal\u0131n\u2026<\/strong><\/p>\n","protected":false},"excerpt":{"rendered":"<p>\u0130zmir, kuzeyden g\u00fcneye uzanan uzun sahil \u015feridiyle T\u00fcrkiye&#8217;nin en pop\u00fcler kamp rotalar\u0131ndan biridir. \u015eehir, sadece Ala\u00e7at\u0131&#8217;n\u0131n hareketli sokaklar\u0131ndan ibaret de\u011fildir; \u00c7e\u015fme&#8217;nin d\u00fcnyaca \u00fcnl\u00fc Delikli Koy&#8217;u, Karaburun&#8217;un fiyortlar\u0131 and\u0131ran Dolungaz Koyu ve Dikili&#8217;nin cam gibi deniziyle \u00fcnl\u00fc Pissa Koyu gibi noktalar, &#8220;Wild Camping&#8221; (Yaban Kamp\u0131) tutkunlar\u0131 i\u00e7in birer mabettir. Burada kamp yapmak, genellikle tesis aramayan, &#8220;Deniz &hellip;<\/p>\n","protected":false},"author":1,"featured_media":6839,"comment_status":"open","ping_status":"closed","sticky":false,"template":"","format":"standard","meta":{"footnotes":""},"categories":[589,23],"tags":[],"class_list":["post-11861","post","type-post","status-publish","format-standard","has-post-thumbnail","hentry","category-kamp1","category-kamp-kamp-alanlari"],"yoast_head":"<!-- This site is optimized with the Yoast SEO plugin v26.9 - https:\/\/yoast.com\/product\/yoast-seo-wordpress\/ -->\n<title>\u0130zmir\u2019de Denize S\u0131f\u0131r ve \u00dccretsiz En \u0130yi 16 Kamp Alan\u0131 | Geziyoo<\/title>\n<meta name=\"description\" content=\"\u0130zmir \u00c7e\u015fme Delikli Koy, Karaburun Dolungaz, Dikili Pissa Koyu, Fo\u00e7a ve Seferihisar sahil \u015feridi dahil denize s\u0131f\u0131r ve \u00fccretsiz 16 kamp alan\u0131n\u0131 listeledik. Konumlar Geziyoo&#039;da.\" \/>\n<meta name=\"robots\" content=\"index, follow, max-snippet:-1, max-image-preview:large, max-video-preview:-1\" \/>\n<link rel=\"canonical\" href=\"https:\/\/geziyoo.co\/blog\/izmirde-denize-sifir-kamp-yapabileceginiz-ucretsiz-kamp-alanlari-ve-koylar\/\" \/>\n<meta property=\"og:locale\" content=\"tr_TR\" \/>\n<meta property=\"og:type\" content=\"article\" \/>\n<meta property=\"og:title\" content=\"\u0130zmir\u2019de Denize S\u0131f\u0131r ve \u00dccretsiz En \u0130yi 16 Kamp Alan\u0131 | Geziyoo\" \/>\n<meta property=\"og:description\" content=\"\u0130zmir \u00c7e\u015fme Delikli Koy, Karaburun Dolungaz, Dikili Pissa Koyu, Fo\u00e7a ve Seferihisar sahil \u015feridi dahil denize s\u0131f\u0131r ve \u00fccretsiz 16 kamp alan\u0131n\u0131 listeledik. Konumlar Geziyoo&#039;da.\" \/>\n<meta property=\"og:url\" content=\"https:\/\/geziyoo.co\/blog\/izmirde-denize-sifir-kamp-yapabileceginiz-ucretsiz-kamp-alanlari-ve-koylar\/\" \/>\n<meta property=\"og:site_name\" content=\"Geziyoo.co\" \/>\n<meta property=\"article:publisher\" content=\"https:\/\/www.facebook.com\/Geziyooco\" \/>\n<meta property=\"article:author\" content=\"https:\/\/www.facebook.com\/geziyoo.co\" \/>\n<meta property=\"article:published_time\" content=\"2023-03-21T12:57:32+00:00\" \/>\n<meta property=\"article:modified_time\" content=\"2026-01-29T13:14:27+00:00\" \/>\n<meta property=\"og:image\" content=\"https:\/\/geziyoo.co\/blog\/wp-content\/uploads\/2021\/05\/Izmir-Kamp-Alanlari-Pirlanta-Plaji-Kamp-Alani-2.jpg\" \/>\n\t<meta property=\"og:image:width\" content=\"1024\" \/>\n\t<meta property=\"og:image:height\" content=\"682\" \/>\n\t<meta property=\"og:image:type\" content=\"image\/jpeg\" \/>\n<meta name=\"author\" content=\"Geziyoo\" \/>\n<meta name=\"twitter:card\" content=\"summary_large_image\" \/>\n<meta name=\"twitter:creator\" content=\"@https:\/\/twitter.com\/geziyoo\" \/>\n<meta name=\"twitter:site\" content=\"@geziyoo\" \/>\n<meta name=\"twitter:label1\" content=\"Yazan:\" \/>\n\t<meta name=\"twitter:data1\" content=\"Geziyoo\" \/>\n\t<meta name=\"twitter:label2\" content=\"Tahmini okuma s\u00fcresi\" \/>\n\t<meta name=\"twitter:data2\" content=\"15 dakika\" \/>\n<script type=\"application\/ld+json\" class=\"yoast-schema-graph\">{\"@context\":\"https:\/\/schema.org\",\"@graph\":[{\"@type\":\"Article\",\"@id\":\"https:\/\/geziyoo.co\/blog\/izmirde-denize-sifir-kamp-yapabileceginiz-ucretsiz-kamp-alanlari-ve-koylar\/#article\",\"isPartOf\":{\"@id\":\"https:\/\/geziyoo.co\/blog\/izmirde-denize-sifir-kamp-yapabileceginiz-ucretsiz-kamp-alanlari-ve-koylar\/\"},\"author\":{\"name\":\"Geziyoo\",\"@id\":\"https:\/\/geziyoo.co\/blog\/#\/schema\/person\/032acb2436540ed14784e7d978aef0e4\"},\"headline\":\"\u0130zmir Geneli Denize S\u0131f\u0131r ve \u00dccretsiz 16+ Kamp Alan\u0131 (\u0130leti\u015fim ve Konum)\",\"datePublished\":\"2023-03-21T12:57:32+00:00\",\"dateModified\":\"2026-01-29T13:14:27+00:00\",\"mainEntityOfPage\":{\"@id\":\"https:\/\/geziyoo.co\/blog\/izmirde-denize-sifir-kamp-yapabileceginiz-ucretsiz-kamp-alanlari-ve-koylar\/\"},\"wordCount\":2459,\"commentCount\":0,\"publisher\":{\"@id\":\"https:\/\/geziyoo.co\/blog\/#organization\"},\"image\":{\"@id\":\"https:\/\/geziyoo.co\/blog\/izmirde-denize-sifir-kamp-yapabileceginiz-ucretsiz-kamp-alanlari-ve-koylar\/#primaryimage\"},\"thumbnailUrl\":\"http:\/\/geziyoo.co\/blog\/wp-content\/uploads\/2021\/05\/Izmir-Kamp-Alanlari-Pirlanta-Plaji-Kamp-Alani-2.jpg\",\"articleSection\":[\"Kamp\",\"Kamp Alanlar\u0131\"],\"inLanguage\":\"tr\",\"potentialAction\":[{\"@type\":\"CommentAction\",\"name\":\"Comment\",\"target\":[\"https:\/\/geziyoo.co\/blog\/izmirde-denize-sifir-kamp-yapabileceginiz-ucretsiz-kamp-alanlari-ve-koylar\/#respond\"]}]},{\"@type\":\"WebPage\",\"@id\":\"https:\/\/geziyoo.co\/blog\/izmirde-denize-sifir-kamp-yapabileceginiz-ucretsiz-kamp-alanlari-ve-koylar\/\",\"url\":\"https:\/\/geziyoo.co\/blog\/izmirde-denize-sifir-kamp-yapabileceginiz-ucretsiz-kamp-alanlari-ve-koylar\/\",\"name\":\"\u0130zmir\u2019de Denize S\u0131f\u0131r ve \u00dccretsiz En \u0130yi 16 Kamp Alan\u0131 | Geziyoo\",\"isPartOf\":{\"@id\":\"https:\/\/geziyoo.co\/blog\/#website\"},\"primaryImageOfPage\":{\"@id\":\"https:\/\/geziyoo.co\/blog\/izmirde-denize-sifir-kamp-yapabileceginiz-ucretsiz-kamp-alanlari-ve-koylar\/#primaryimage\"},\"image\":{\"@id\":\"https:\/\/geziyoo.co\/blog\/izmirde-denize-sifir-kamp-yapabileceginiz-ucretsiz-kamp-alanlari-ve-koylar\/#primaryimage\"},\"thumbnailUrl\":\"http:\/\/geziyoo.co\/blog\/wp-content\/uploads\/2021\/05\/Izmir-Kamp-Alanlari-Pirlanta-Plaji-Kamp-Alani-2.jpg\",\"datePublished\":\"2023-03-21T12:57:32+00:00\",\"dateModified\":\"2026-01-29T13:14:27+00:00\",\"description\":\"\u0130zmir \u00c7e\u015fme Delikli Koy, Karaburun Dolungaz, Dikili Pissa Koyu, Fo\u00e7a ve Seferihisar sahil \u015feridi dahil denize s\u0131f\u0131r ve \u00fccretsiz 16 kamp alan\u0131n\u0131 listeledik. Konumlar Geziyoo'da.\",\"breadcrumb\":{\"@id\":\"https:\/\/geziyoo.co\/blog\/izmirde-denize-sifir-kamp-yapabileceginiz-ucretsiz-kamp-alanlari-ve-koylar\/#breadcrumb\"},\"inLanguage\":\"tr\",\"potentialAction\":[{\"@type\":\"ReadAction\",\"target\":[\"https:\/\/geziyoo.co\/blog\/izmirde-denize-sifir-kamp-yapabileceginiz-ucretsiz-kamp-alanlari-ve-koylar\/\"]}]},{\"@type\":\"ImageObject\",\"inLanguage\":\"tr\",\"@id\":\"https:\/\/geziyoo.co\/blog\/izmirde-denize-sifir-kamp-yapabileceginiz-ucretsiz-kamp-alanlari-ve-koylar\/#primaryimage\",\"url\":\"http:\/\/geziyoo.co\/blog\/wp-content\/uploads\/2021\/05\/Izmir-Kamp-Alanlari-Pirlanta-Plaji-Kamp-Alani-2.jpg\",\"contentUrl\":\"http:\/\/geziyoo.co\/blog\/wp-content\/uploads\/2021\/05\/Izmir-Kamp-Alanlari-Pirlanta-Plaji-Kamp-Alani-2.jpg\",\"width\":1024,\"height\":682},{\"@type\":\"BreadcrumbList\",\"@id\":\"https:\/\/geziyoo.co\/blog\/izmirde-denize-sifir-kamp-yapabileceginiz-ucretsiz-kamp-alanlari-ve-koylar\/#breadcrumb\",\"itemListElement\":[{\"@type\":\"ListItem\",\"position\":1,\"name\":\"Ana sayfa\",\"item\":\"https:\/\/geziyoo.co\/blog\/\"},{\"@type\":\"ListItem\",\"position\":2,\"name\":\"\u0130zmir Geneli Denize S\u0131f\u0131r ve \u00dccretsiz 16+ Kamp Alan\u0131 (\u0130leti\u015fim ve Konum)\"}]},{\"@type\":\"WebSite\",\"@id\":\"https:\/\/geziyoo.co\/blog\/#website\",\"url\":\"https:\/\/geziyoo.co\/blog\/\",\"name\":\"Geziyoo Blog\",\"description\":\"GeziYoo Blog&#039;da T\u00fcrkiye&#039;nin en iyi kamp alanlar\u0131ndan bungalov tatillerine, karavan ipu\u00e7lar\u0131ndan gezi rehberlerine kadar her t\u00fcrl\u00fc do\u011fa deneyimini ke\u015ffedin.\",\"publisher\":{\"@id\":\"https:\/\/geziyoo.co\/blog\/#organization\"},\"potentialAction\":[{\"@type\":\"SearchAction\",\"target\":{\"@type\":\"EntryPoint\",\"urlTemplate\":\"https:\/\/geziyoo.co\/blog\/?s={search_term_string}\"},\"query-input\":{\"@type\":\"PropertyValueSpecification\",\"valueRequired\":true,\"valueName\":\"search_term_string\"}}],\"inLanguage\":\"tr\"},{\"@type\":\"Organization\",\"@id\":\"https:\/\/geziyoo.co\/blog\/#organization\",\"name\":\"Geziyoo.co\",\"url\":\"https:\/\/geziyoo.co\/blog\/\",\"logo\":{\"@type\":\"ImageObject\",\"inLanguage\":\"tr\",\"@id\":\"https:\/\/geziyoo.co\/blog\/#\/schema\/logo\/image\/\",\"url\":\"https:\/\/geziyoo.co\/blog\/wp-content\/uploads\/2025\/01\/Paragraf-metniniz-3.png\",\"contentUrl\":\"https:\/\/geziyoo.co\/blog\/wp-content\/uploads\/2025\/01\/Paragraf-metniniz-3.png\",\"width\":270,\"height\":50,\"caption\":\"Geziyoo.co\"},\"image\":{\"@id\":\"https:\/\/geziyoo.co\/blog\/#\/schema\/logo\/image\/\"},\"sameAs\":[\"https:\/\/www.facebook.com\/Geziyooco\",\"https:\/\/x.com\/geziyoo\",\"https:\/\/tr.pinterest.com\/geziyooco\/\",\"https:\/\/www.youtube.com\/@geziyoo\",\"https:\/\/www.instagram.com\/geziyoo.co\/\"]},{\"@type\":\"Person\",\"@id\":\"https:\/\/geziyoo.co\/blog\/#\/schema\/person\/032acb2436540ed14784e7d978aef0e4\",\"name\":\"Geziyoo\",\"image\":{\"@type\":\"ImageObject\",\"inLanguage\":\"tr\",\"@id\":\"https:\/\/geziyoo.co\/blog\/#\/schema\/person\/image\/\",\"url\":\"https:\/\/secure.gravatar.com\/avatar\/ae212a4514471fdb8cab6e5af4f3c99b940a2d0a16713ea0392c8d7c8a64f30a?s=96&d=mm&r=g\",\"contentUrl\":\"https:\/\/secure.gravatar.com\/avatar\/ae212a4514471fdb8cab6e5af4f3c99b940a2d0a16713ea0392c8d7c8a64f30a?s=96&d=mm&r=g\",\"caption\":\"Geziyoo\"},\"description\":\"Do\u011fa ile i\u00e7 i\u00e7e olabilece\u011finiz yerler,do\u011fa aktivite alanlar\u0131,kamp alanlar\u0131,bungalov oteller,Tiny House Oteller, Galampingler ve da\u011f evlerinin herkes i\u00e7in ula\u015f\u0131labilir olmas\u0131n\u0131 sa\u011flamak amac\u0131yla Geziyoo\u2019ya 2019 y\u0131l\u0131nda ba\u015flad\u0131k.Do\u011fal Tatil konseptini uygulayan en geni\u015f kapsaml\u0131 sitedir.\",\"sameAs\":[\"https:\/\/geziyoo.co\/\",\"https:\/\/www.facebook.com\/geziyoo.co\",\"https:\/\/www.instagram.com\/geziyoo.co\/\",\"https:\/\/tr.pinterest.com\/geziyooco\/\",\"https:\/\/x.com\/https:\/\/twitter.com\/geziyoo\",\"https:\/\/www.youtube.com\/channel\/UCdiSMa6pe17KEY7DP1Ug4ag\"]}]}<\/script>\n<!-- \/ Yoast SEO plugin. -->","yoast_head_json":{"title":"\u0130zmir\u2019de Denize S\u0131f\u0131r ve \u00dccretsiz En \u0130yi 16 Kamp Alan\u0131 | Geziyoo","description":"\u0130zmir \u00c7e\u015fme Delikli Koy, Karaburun Dolungaz, Dikili Pissa Koyu, Fo\u00e7a ve Seferihisar sahil \u015feridi dahil denize s\u0131f\u0131r ve \u00fccretsiz 16 kamp alan\u0131n\u0131 listeledik. Konumlar Geziyoo'da.","robots":{"index":"index","follow":"follow","max-snippet":"max-snippet:-1","max-image-preview":"max-image-preview:large","max-video-preview":"max-video-preview:-1"},"canonical":"https:\/\/geziyoo.co\/blog\/izmirde-denize-sifir-kamp-yapabileceginiz-ucretsiz-kamp-alanlari-ve-koylar\/","og_locale":"tr_TR","og_type":"article","og_title":"\u0130zmir\u2019de Denize S\u0131f\u0131r ve \u00dccretsiz En \u0130yi 16 Kamp Alan\u0131 | Geziyoo","og_description":"\u0130zmir \u00c7e\u015fme Delikli Koy, Karaburun Dolungaz, Dikili Pissa Koyu, Fo\u00e7a ve Seferihisar sahil \u015feridi dahil denize s\u0131f\u0131r ve \u00fccretsiz 16 kamp alan\u0131n\u0131 listeledik. Konumlar Geziyoo'da.","og_url":"https:\/\/geziyoo.co\/blog\/izmirde-denize-sifir-kamp-yapabileceginiz-ucretsiz-kamp-alanlari-ve-koylar\/","og_site_name":"Geziyoo.co","article_publisher":"https:\/\/www.facebook.com\/Geziyooco","article_author":"https:\/\/www.facebook.com\/geziyoo.co","article_published_time":"2023-03-21T12:57:32+00:00","article_modified_time":"2026-01-29T13:14:27+00:00","og_image":[{"width":1024,"height":682,"url":"https:\/\/geziyoo.co\/blog\/wp-content\/uploads\/2021\/05\/Izmir-Kamp-Alanlari-Pirlanta-Plaji-Kamp-Alani-2.jpg","type":"image\/jpeg"}],"author":"Geziyoo","twitter_card":"summary_large_image","twitter_creator":"@https:\/\/twitter.com\/geziyoo","twitter_site":"@geziyoo","twitter_misc":{"Yazan:":"Geziyoo","Tahmini okuma s\u00fcresi":"15 dakika"},"schema":{"@context":"https:\/\/schema.org","@graph":[{"@type":"Article","@id":"https:\/\/geziyoo.co\/blog\/izmirde-denize-sifir-kamp-yapabileceginiz-ucretsiz-kamp-alanlari-ve-koylar\/#article","isPartOf":{"@id":"https:\/\/geziyoo.co\/blog\/izmirde-denize-sifir-kamp-yapabileceginiz-ucretsiz-kamp-alanlari-ve-koylar\/"},"author":{"name":"Geziyoo","@id":"https:\/\/geziyoo.co\/blog\/#\/schema\/person\/032acb2436540ed14784e7d978aef0e4"},"headline":"\u0130zmir Geneli Denize S\u0131f\u0131r ve \u00dccretsiz 16+ Kamp Alan\u0131 (\u0130leti\u015fim ve Konum)","datePublished":"2023-03-21T12:57:32+00:00","dateModified":"2026-01-29T13:14:27+00:00","mainEntityOfPage":{"@id":"https:\/\/geziyoo.co\/blog\/izmirde-denize-sifir-kamp-yapabileceginiz-ucretsiz-kamp-alanlari-ve-koylar\/"},"wordCount":2459,"commentCount":0,"publisher":{"@id":"https:\/\/geziyoo.co\/blog\/#organization"},"image":{"@id":"https:\/\/geziyoo.co\/blog\/izmirde-denize-sifir-kamp-yapabileceginiz-ucretsiz-kamp-alanlari-ve-koylar\/#primaryimage"},"thumbnailUrl":"http:\/\/geziyoo.co\/blog\/wp-content\/uploads\/2021\/05\/Izmir-Kamp-Alanlari-Pirlanta-Plaji-Kamp-Alani-2.jpg","articleSection":["Kamp","Kamp Alanlar\u0131"],"inLanguage":"tr","potentialAction":[{"@type":"CommentAction","name":"Comment","target":["https:\/\/geziyoo.co\/blog\/izmirde-denize-sifir-kamp-yapabileceginiz-ucretsiz-kamp-alanlari-ve-koylar\/#respond"]}]},{"@type":"WebPage","@id":"https:\/\/geziyoo.co\/blog\/izmirde-denize-sifir-kamp-yapabileceginiz-ucretsiz-kamp-alanlari-ve-koylar\/","url":"https:\/\/geziyoo.co\/blog\/izmirde-denize-sifir-kamp-yapabileceginiz-ucretsiz-kamp-alanlari-ve-koylar\/","name":"\u0130zmir\u2019de Denize S\u0131f\u0131r ve \u00dccretsiz En \u0130yi 16 Kamp Alan\u0131 | Geziyoo","isPartOf":{"@id":"https:\/\/geziyoo.co\/blog\/#website"},"primaryImageOfPage":{"@id":"https:\/\/geziyoo.co\/blog\/izmirde-denize-sifir-kamp-yapabileceginiz-ucretsiz-kamp-alanlari-ve-koylar\/#primaryimage"},"image":{"@id":"https:\/\/geziyoo.co\/blog\/izmirde-denize-sifir-kamp-yapabileceginiz-ucretsiz-kamp-alanlari-ve-koylar\/#primaryimage"},"thumbnailUrl":"http:\/\/geziyoo.co\/blog\/wp-content\/uploads\/2021\/05\/Izmir-Kamp-Alanlari-Pirlanta-Plaji-Kamp-Alani-2.jpg","datePublished":"2023-03-21T12:57:32+00:00","dateModified":"2026-01-29T13:14:27+00:00","description":"\u0130zmir \u00c7e\u015fme Delikli Koy, Karaburun Dolungaz, Dikili Pissa Koyu, Fo\u00e7a ve Seferihisar sahil \u015feridi dahil denize s\u0131f\u0131r ve \u00fccretsiz 16 kamp alan\u0131n\u0131 listeledik. Konumlar Geziyoo'da.","breadcrumb":{"@id":"https:\/\/geziyoo.co\/blog\/izmirde-denize-sifir-kamp-yapabileceginiz-ucretsiz-kamp-alanlari-ve-koylar\/#breadcrumb"},"inLanguage":"tr","potentialAction":[{"@type":"ReadAction","target":["https:\/\/geziyoo.co\/blog\/izmirde-denize-sifir-kamp-yapabileceginiz-ucretsiz-kamp-alanlari-ve-koylar\/"]}]},{"@type":"ImageObject","inLanguage":"tr","@id":"https:\/\/geziyoo.co\/blog\/izmirde-denize-sifir-kamp-yapabileceginiz-ucretsiz-kamp-alanlari-ve-koylar\/#primaryimage","url":"http:\/\/geziyoo.co\/blog\/wp-content\/uploads\/2021\/05\/Izmir-Kamp-Alanlari-Pirlanta-Plaji-Kamp-Alani-2.jpg","contentUrl":"http:\/\/geziyoo.co\/blog\/wp-content\/uploads\/2021\/05\/Izmir-Kamp-Alanlari-Pirlanta-Plaji-Kamp-Alani-2.jpg","width":1024,"height":682},{"@type":"BreadcrumbList","@id":"https:\/\/geziyoo.co\/blog\/izmirde-denize-sifir-kamp-yapabileceginiz-ucretsiz-kamp-alanlari-ve-koylar\/#breadcrumb","itemListElement":[{"@type":"ListItem","position":1,"name":"Ana sayfa","item":"https:\/\/geziyoo.co\/blog\/"},{"@type":"ListItem","position":2,"name":"\u0130zmir Geneli Denize S\u0131f\u0131r ve \u00dccretsiz 16+ Kamp Alan\u0131 (\u0130leti\u015fim ve Konum)"}]},{"@type":"WebSite","@id":"https:\/\/geziyoo.co\/blog\/#website","url":"https:\/\/geziyoo.co\/blog\/","name":"Geziyoo Blog","description":"GeziYoo Blog&#039;da T\u00fcrkiye&#039;nin en iyi kamp alanlar\u0131ndan bungalov tatillerine, karavan ipu\u00e7lar\u0131ndan gezi rehberlerine kadar her t\u00fcrl\u00fc do\u011fa deneyimini ke\u015ffedin.","publisher":{"@id":"https:\/\/geziyoo.co\/blog\/#organization"},"potentialAction":[{"@type":"SearchAction","target":{"@type":"EntryPoint","urlTemplate":"https:\/\/geziyoo.co\/blog\/?s={search_term_string}"},"query-input":{"@type":"PropertyValueSpecification","valueRequired":true,"valueName":"search_term_string"}}],"inLanguage":"tr"},{"@type":"Organization","@id":"https:\/\/geziyoo.co\/blog\/#organization","name":"Geziyoo.co","url":"https:\/\/geziyoo.co\/blog\/","logo":{"@type":"ImageObject","inLanguage":"tr","@id":"https:\/\/geziyoo.co\/blog\/#\/schema\/logo\/image\/","url":"https:\/\/geziyoo.co\/blog\/wp-content\/uploads\/2025\/01\/Paragraf-metniniz-3.png","contentUrl":"https:\/\/geziyoo.co\/blog\/wp-content\/uploads\/2025\/01\/Paragraf-metniniz-3.png","width":270,"height":50,"caption":"Geziyoo.co"},"image":{"@id":"https:\/\/geziyoo.co\/blog\/#\/schema\/logo\/image\/"},"sameAs":["https:\/\/www.facebook.com\/Geziyooco","https:\/\/x.com\/geziyoo","https:\/\/tr.pinterest.com\/geziyooco\/","https:\/\/www.youtube.com\/@geziyoo","https:\/\/www.instagram.com\/geziyoo.co\/"]},{"@type":"Person","@id":"https:\/\/geziyoo.co\/blog\/#\/schema\/person\/032acb2436540ed14784e7d978aef0e4","name":"Geziyoo","image":{"@type":"ImageObject","inLanguage":"tr","@id":"https:\/\/geziyoo.co\/blog\/#\/schema\/person\/image\/","url":"https:\/\/secure.gravatar.com\/avatar\/ae212a4514471fdb8cab6e5af4f3c99b940a2d0a16713ea0392c8d7c8a64f30a?s=96&d=mm&r=g","contentUrl":"https:\/\/secure.gravatar.com\/avatar\/ae212a4514471fdb8cab6e5af4f3c99b940a2d0a16713ea0392c8d7c8a64f30a?s=96&d=mm&r=g","caption":"Geziyoo"},"description":"Do\u011fa ile i\u00e7 i\u00e7e olabilece\u011finiz yerler,do\u011fa aktivite alanlar\u0131,kamp alanlar\u0131,bungalov oteller,Tiny House Oteller, Galampingler ve da\u011f evlerinin herkes i\u00e7in ula\u015f\u0131labilir olmas\u0131n\u0131 sa\u011flamak amac\u0131yla Geziyoo\u2019ya 2019 y\u0131l\u0131nda ba\u015flad\u0131k.Do\u011fal Tatil konseptini uygulayan en geni\u015f kapsaml\u0131 sitedir.","sameAs":["https:\/\/geziyoo.co\/","https:\/\/www.facebook.com\/geziyoo.co","https:\/\/www.instagram.com\/geziyoo.co\/","https:\/\/tr.pinterest.com\/geziyooco\/","https:\/\/x.com\/https:\/\/twitter.com\/geziyoo","https:\/\/www.youtube.com\/channel\/UCdiSMa6pe17KEY7DP1Ug4ag"]}]}},"amp_enabled":true,"_links":{"self":[{"href":"http:\/\/geziyoo.co\/blog\/wp-json\/wp\/v2\/posts\/11861","targetHints":{"allow":["GET"]}}],"collection":[{"href":"http:\/\/geziyoo.co\/blog\/wp-json\/wp\/v2\/posts"}],"about":[{"href":"http:\/\/geziyoo.co\/blog\/wp-json\/wp\/v2\/types\/post"}],"author":[{"embeddable":true,"href":"http:\/\/geziyoo.co\/blog\/wp-json\/wp\/v2\/users\/1"}],"replies":[{"embeddable":true,"href":"http:\/\/geziyoo.co\/blog\/wp-json\/wp\/v2\/comments?post=11861"}],"version-history":[{"count":0,"href":"http:\/\/geziyoo.co\/blog\/wp-json\/wp\/v2\/posts\/11861\/revisions"}],"wp:featuredmedia":[{"embeddable":true,"href":"http:\/\/geziyoo.co\/blog\/wp-json\/wp\/v2\/media\/6839"}],"wp:attachment":[{"href":"http:\/\/geziyoo.co\/blog\/wp-json\/wp\/v2\/media?parent=11861"}],"wp:term":[{"taxonomy":"category","embeddable":true,"href":"http:\/\/geziyoo.co\/blog\/wp-json\/wp\/v2\/categories?post=11861"},{"taxonomy":"post_tag","embeddable":true,"href":"http:\/\/geziyoo.co\/blog\/wp-json\/wp\/v2\/tags?post=11861"}],"curies":[{"name":"wp","href":"https:\/\/api.w.org\/{rel}","templated":true}]}}