{"id":11778,"date":"2023-03-19T04:23:44","date_gmt":"2023-03-19T04:23:44","guid":{"rendered":"https:\/\/geziyoo.co\/blog\/?p=11778"},"modified":"2026-01-29T12:43:00","modified_gmt":"2026-01-29T12:43:00","slug":"denizli-kamp-alanlari-ve-karavan-alanlari","status":"publish","type":"post","link":"http:\/\/geziyoo.co\/blog\/denizli-kamp-alanlari-ve-karavan-alanlari\/","title":{"rendered":"Denizli Geneli \u00dccretli ve \u00dccretsiz 22+ Kamp Alan\u0131 (\u0130leti\u015fim ve Konum)"},"content":{"rendered":"\n<p><strong>Denizli<\/strong>, turizm d\u00fcnyas\u0131nda Pamukkale\u2019nin beyazl\u0131\u011f\u0131yla \u00f6zde\u015fle\u015fmi\u015f olsa da, kamp ve karavan tutkunlar\u0131 i\u00e7in \u015fehrin as\u0131l rengi &#8220;Yayla Ye\u015fili&#8221;dir. \u015eehir merkezi ve Pamukkale yaz\u0131n Ege s\u0131ca\u011f\u0131n\u0131 hissederken, sadece 30 dakika mesafedeki Ba\u011fba\u015f\u0131, Kefe veya Cankurtaran yaylalar\u0131 1500 metre rak\u0131mlar\u0131yla do\u011fal klima etkisi yarat\u0131r. Bu co\u011frafya size ayn\u0131 g\u00fcn i\u00e7inde hem 35 derecelik termal suda y\u00fczme hem de 15 derecelik yayla havas\u0131nda \u00fc\u015f\u00fcme l\u00fcks\u00fcn\u00fc sunar.<\/p>\n\n\n\n<p>B\u00f6lgenin bu iklimsel \u00e7e\u015fitlili\u011fi, kamp plan\u0131 yaparken &#8220;Hangi mevsimde nereye gidilir?&#8221; sorusunu kritik hale getirir. K\u0131\u015f\u0131n ve baharda Pamukkale ve Karahay\u0131t b\u00f6lgesindeki termal kampingler tercih edilirken; yaz aylar\u0131nda rota kesinlikle \u00c7ameli, Beya\u011fa\u00e7 ve Serinhisar yaylalar\u0131na \u00e7evrilmelidir. Denizli&#8217;de kamp\u00e7\u0131l\u0131k; otel konforundaki havuzlu tesislerden, Beya\u011fa\u00e7&#8217;\u0131n \u0131ss\u0131z krater g\u00f6llerine kadar geni\u015f bir yelpazeye yay\u0131l\u0131r.<\/p>\n\n\n\n<p>Biz Geziyoo olarak, horozuyla me\u015fhur bu \u015fehrin do\u011fa haritas\u0131n\u0131 sizin i\u00e7in detayland\u0131rd\u0131k ve Denizli\u2019nin en kapsaml\u0131 kamp rehberini haz\u0131rlad\u0131k. Listemizde hem <strong>hi\u00e7bir \u00fccret \u00f6demeden<\/strong> Honaz Da\u011f\u0131\u2019n\u0131n eteklerinde veya Kartal G\u00f6l\u00fc\u2019n\u00fcn mistik havas\u0131nda kalabilece\u011finiz do\u011fal alanlar\u0131, hem de <strong>elektrik, du\u015f, havuz ve market<\/strong> imkan\u0131 sunan profesyonel i\u015fletmeleri bir araya getirdik.<\/p>\n\n\n\n<p>\u0130ster s\u0131rt \u00e7antan\u0131z\u0131 al\u0131p <strong>Kefe Yaylas\u0131&#8217;nda<\/strong> \u015fenliklere kat\u0131l\u0131n, ister karavan\u0131n\u0131zla <strong>Pamukkale<\/strong> manzaras\u0131na kar\u015f\u0131 kahvalt\u0131 yap\u0131n; yola \u00e7\u0131kmadan \u00f6nce listedeki numaralardan bilgi almay\u0131 unutmay\u0131n. \u0130\u015fte Denizli\u2019nin en sevilen 22 kamp dura\u011f\u0131:<\/p>\n\n\n\n<p><strong>Denizli<\/strong>&nbsp;haricinde,kamp alanlar\u0131na bakmak i\u00e7in&nbsp;<strong><em><a href=\"https:\/\/geziyoo.co\/\">T\u00fcrkiye Kamp Alanlar\u0131<\/a>&nbsp;<\/em><\/strong><em>i\u00e7eri\u011fimizi<\/em>&nbsp;kullanabilirsiniz.Unuttu\u011fumuz veya bilmedi\u011fimiz&nbsp;<strong>\u00c7ad\u0131r ve Karavan Kamp alan\u0131<\/strong>&nbsp;var ise l\u00fctfen yorumlar k\u0131sm\u0131ndan bizlerle payla\u015fs\u0131n.<\/p>\n\n\n\n<p>Unutmadan Bungalov veya Da\u011f evi ar\u0131yorsan\u0131z ,&nbsp;<em><strong><a href=\"https:\/\/geziyoo.co\/\">Bungalov Oteller<\/a>&nbsp;<\/strong><\/em>sayfam\u0131za bakman\u0131z\u0131 tavsiye diyoruz.<\/p>\n\n\n\n<hr class=\"wp-block-separator has-css-opacity is-style-wide\"\/>\n\n\n\n<h2 class=\"wp-block-heading\">1.G\u00fcm\u00fc\u015fsu \u015eelalesi Kamp Alan\u0131<\/h2>\n\n\n\n<figure class=\"wp-block-image\"><img decoding=\"async\" width=\"768\" height=\"1024\" data-src=\"https:\/\/geziyoo.co\/blog\/wp-content\/uploads\/2023\/03\/Gumussu-Selalesi-Kamp-Alani-768x1024.jpg\" alt=\"Denizli Kamp Alanlar\u0131 ve Karavan Alanlar\u0131\" class=\"wp-image-11754 lazyload\" title=\"\u00c7ivril Kamp Alanlar\u0131 ve Karavan Alanlar\u0131 2\" data-srcset=\"http:\/\/geziyoo.co\/blog\/wp-content\/uploads\/2023\/03\/Gumussu-Selalesi-Kamp-Alani-768x1024.jpg 768w, http:\/\/geziyoo.co\/blog\/wp-content\/uploads\/2023\/03\/Gumussu-Selalesi-Kamp-Alani-225x300.jpg 225w, http:\/\/geziyoo.co\/blog\/wp-content\/uploads\/2023\/03\/Gumussu-Selalesi-Kamp-Alani.jpg 800w\" data-sizes=\"(max-width: 768px) 100vw, 768px\" src=\"data:image\/gif;base64,R0lGODlhAQABAAAAACH5BAEKAAEALAAAAAABAAEAAAICTAEAOw==\" style=\"--smush-placeholder-width: 768px; --smush-placeholder-aspect-ratio: 768\/1024;\" \/><figcaption class=\"wp-element-caption\">Denizli Kamp Alanlar\u0131 ve Karavan Alanlar\u0131<\/figcaption><\/figure>\n\n\n\n<p><strong>Denizli Kamp Alanlar\u0131 ve Karavan Alanlar\u0131<\/strong> i\u00e7eri\u011fimizin ilk s\u0131ras\u0131nda G\u00fcm\u00fc\u015fsu \u015eelalesi Kamp Alan\u0131 bulunmakta.Kamp yeri \u00e7ad\u0131r kamp\u0131 i\u00e7in uygun olsada karavan kamp\u0131 pek uygun de\u011fil.<\/p>\n\n\n\n<p>Kamp alan\u0131  sakin ve \u00e7ok g\u00fczel bir manzaraya sahip.Wc,du\u015f,elektrik gibi olanaklar maalesef yok.Yiyecek ve i\u00e7eceklerinizi kamp alan\u0131na gitmeden \u00f6nce muhakkak tedarik edin.\u00d6zel ara\u00e7lar\u0131yla gelecek olanlar \u00c7ivril\u2019den sonra Isparta-U\u015fak yol ayr\u0131m\u0131na saparak G\u00fcm\u00fc\u015fsu \u015eelalesine kolay bir \u015fekilde gidebilirsiniz.<\/p>\n\n\n\n<hr class=\"wp-block-separator has-css-opacity is-style-wide\"\/>\n\n\n\n<ul class=\"wp-block-list\">\n<li><strong>G\u00fcm\u00fc\u015fsu \u015eelalesi<\/strong>\u00a0<strong>Adres<\/strong>\u00a0:\u00a0\u00a0G\u00fcm\u00fc\u015fsu, Unnamed Road,, 20620 \u00c7ivril\/Denizli\u00a0<strong><em><a href=\"https:\/\/www.google.com\/maps?daddr=38.24313303665687,29.984687082942646\" target=\"_blank\" rel=\"noreferrer noopener\">Konum Bilgisi<\/a><\/em><\/strong><\/li>\n\n\n\n<li><strong>G\u00fcm\u00fc\u015fsu \u015eelalesi<\/strong>\u00a0<strong>Detayl\u0131 Bilgi :<\/strong>\u00a0Detayl\u0131 Bilgiler i\u00e7in\u00a0<strong><em><strong><a href=\"https:\/\/geziyoo.co\/listing\/gumussu-selalesi-kamp-alani\/\">G\u00fcm\u00fc\u015fsu \u015eelalesi<\/a><\/strong>\u00a0<\/em><\/strong>sayfam\u0131za bakabilirsiniz.<\/li>\n<\/ul>\n\n\n\n<hr class=\"wp-block-separator has-css-opacity is-style-wide\"\/>\n\n\n\n<h2 class=\"wp-block-heading\">2.I\u015f\u0131kl\u0131 G\u00f6l\u00fc Kamp Alan\u0131<\/h2>\n\n\n\n<figure class=\"wp-block-image\"><img decoding=\"async\" width=\"800\" height=\"600\" data-src=\"https:\/\/geziyoo.co\/blog\/wp-content\/uploads\/2023\/03\/Isikli-Golu-Kamp-Alani.jpg\" alt=\"Isikli Golu Kamp Alani\" class=\"wp-image-11756 lazyload\" title=\"\u00c7ivril Kamp Alanlar\u0131 ve Karavan Alanlar\u0131 3\" data-srcset=\"http:\/\/geziyoo.co\/blog\/wp-content\/uploads\/2023\/03\/Isikli-Golu-Kamp-Alani.jpg 800w, http:\/\/geziyoo.co\/blog\/wp-content\/uploads\/2023\/03\/Isikli-Golu-Kamp-Alani-300x225.jpg 300w, http:\/\/geziyoo.co\/blog\/wp-content\/uploads\/2023\/03\/Isikli-Golu-Kamp-Alani-768x576.jpg 768w\" data-sizes=\"(max-width: 800px) 100vw, 800px\" src=\"data:image\/gif;base64,R0lGODlhAQABAAAAACH5BAEKAAEALAAAAAABAAEAAAICTAEAOw==\" style=\"--smush-placeholder-width: 800px; --smush-placeholder-aspect-ratio: 800\/600;\" \/><\/figure>\n\n\n\n<p><strong>I\u015f\u0131kl\u0131 G\u00f6l\u00fc Kamp Alan\u0131<\/strong>&nbsp;Denizli&#8217;nin \u00c7ivril il\u00e7esinde olan \u00fccretsiz kamp alanlar\u0131ndan bir tanesidir.\u00c7ad\u0131r kamp\u0131 ve karavan kamp\u0131 i\u00e7in uygundur.<\/p>\n\n\n\n<p>I\u015f\u0131kl\u0131 G\u00f6l\u00fcn\u00fcn etraf\u0131n\u0131 saran irili ufakl\u0131 s\u0131ral\u0131 da\u011flar suya olan yans\u0131mas\u0131yla ola\u011fan\u00fcst\u00fc bir manzaraya sahip.G\u00f6l\u00fcn k\u0131y\u0131s\u0131 \u00e7ad\u0131r kamp\u0131 i\u00e7in d\u00fczl\u00fck alanlara sahip.Kontroll\u00fc olarak ate\u015f veya mangal yakabiliyorsunuz.<\/p>\n\n\n\n<hr class=\"wp-block-separator has-css-opacity is-style-wide\"\/>\n\n\n\n<ul class=\"wp-block-list\">\n<li><strong>G\u00fcm\u00fc\u015fsu \u015eelalesi<\/strong>\u00a0<strong>Adres<\/strong>\u00a0:\u00a0\u00a0G\u00fcm\u00fc\u015fsu, Unnamed Road,, 20620 \u00c7ivril\/Denizli\u00a0<strong><em><a href=\"https:\/\/www.google.com\/maps?daddr=38.22169704886299,29.882324965570927\" target=\"_blank\" rel=\"noreferrer noopener\">Konum Bilgisi<\/a><\/em><\/strong><\/li>\n\n\n\n<li><strong>G\u00fcm\u00fc\u015fsu \u015eelalesi<\/strong>\u00a0<strong>Detayl\u0131 Bilgi :<\/strong>\u00a0Detayl\u0131 Bilgiler i\u00e7in\u00a0<strong><em><strong><a href=\"https:\/\/geziyoo.co\/listing\/gumussu-selalesi-kamp-alani\/\">G\u00fcm\u00fc\u015fsu \u015eelalesi<\/a><\/strong>\u00a0<\/em><\/strong>sayfam\u0131za bakabilirsiniz.<\/li>\n<\/ul>\n\n\n\n<hr class=\"wp-block-separator has-css-opacity is-style-wide\"\/>\n\n\n\n<h2 class=\"wp-block-heading\">3.Honaz Sakl\u0131g\u00f6l Kamp Alan\u0131<\/h2>\n\n\n\n<figure class=\"wp-block-image\"><img decoding=\"async\" width=\"800\" height=\"600\" data-src=\"https:\/\/geziyoo.co\/blog\/wp-content\/uploads\/2023\/03\/Honaz-Sakligol-Kamp-Alani.jpg\" alt=\"Honaz Sakligol Kamp Alani\" class=\"wp-image-11747 lazyload\" title=\"Honaz Kamp Alanlar\u0131 ve Karavan Alanlar\u0131 2\" data-srcset=\"http:\/\/geziyoo.co\/blog\/wp-content\/uploads\/2023\/03\/Honaz-Sakligol-Kamp-Alani.jpg 800w, http:\/\/geziyoo.co\/blog\/wp-content\/uploads\/2023\/03\/Honaz-Sakligol-Kamp-Alani-300x225.jpg 300w, http:\/\/geziyoo.co\/blog\/wp-content\/uploads\/2023\/03\/Honaz-Sakligol-Kamp-Alani-768x576.jpg 768w\" data-sizes=\"(max-width: 800px) 100vw, 800px\" src=\"data:image\/gif;base64,R0lGODlhAQABAAAAACH5BAEKAAEALAAAAAABAAEAAAICTAEAOw==\" style=\"--smush-placeholder-width: 800px; --smush-placeholder-aspect-ratio: 800\/600;\" \/><\/figure>\n\n\n\n<p>Honaz Sakl\u0131g\u00f6l Kamp Alan\u0131 \u00e7ad\u0131r kamp\u0131 i\u00e7in uygun olsada yollar\u0131n\u0131n k\u00f6t\u00fc olmas\u0131ndan dolay\u0131 karavan kamp\u0131 i\u00e7in pek uygun de\u011fildir.Muhte\u015fem bir manzaraya sahip oldu\u011funu belirtelim.<\/p>\n\n\n\n<p>Sakl\u0131g\u00f6l yolunun da\u011fl\u0131k ve gidenleri biraz yordu\u011funu belirtelim. G\u00f6l\u00fcn oldu\u011fu alana giri\u015f ise \u00fccretlidir. \u00c7ad\u0131r kamp\u0131 yapacak olanlar alanda WC ve \u00e7e\u015fme gibi temel gereksinimlerini kar\u015f\u0131layabilirler. Yiyecek ve i\u00e7ecek i\u00e7in yol \u00fczerinde tedarik edip gitmenizi \u00f6neririz.<\/p>\n\n\n\n<hr class=\"wp-block-separator has-css-opacity is-style-wide\"\/>\n\n\n\n<ul class=\"wp-block-list\">\n<li><strong>Honaz Sakl\u0131g\u00f6l<\/strong>\u00a0<strong>Adres<\/strong>\u00a0:\u00a0\u00a0Yukar\u0131da\u011fdere, 20330 Honaz\/Denizli\u00a0<strong><em><a href=\"https:\/\/www.google.com\/maps?daddr=37.7775293970823,29.397906842014574\" target=\"_blank\" rel=\"noreferrer noopener\">Konum Bilgisi<\/a><\/em><\/strong><\/li>\n\n\n\n<li><strong>Honaz Sakl\u0131g\u00f6l<\/strong>\u00a0<strong>Detayl\u0131 Bilgi :<\/strong>\u00a0Detayl\u0131 Bilgiler i\u00e7in\u00a0<strong><em><strong><a href=\"https:\/\/geziyoo.co\/listing\/honaz-sakligol-kamp-alani\/\">Honaz Sakl\u0131g\u00f6l<\/a><\/strong>\u00a0<\/em><\/strong>sayfam\u0131za bakabilirsiniz.<\/li>\n<\/ul>\n\n\n\n<hr class=\"wp-block-separator has-css-opacity is-style-wide\"\/>\n\n\n\n<h2 class=\"wp-block-heading\">4.Honaz Da\u011f\u0131 Milli Park\u0131 Kamp Alan\u0131<\/h2>\n\n\n\n<figure class=\"wp-block-image\"><img decoding=\"async\" width=\"800\" height=\"450\" data-src=\"https:\/\/geziyoo.co\/blog\/wp-content\/uploads\/2023\/03\/Honaz-Dagi-Milli-Parki-Kamp-Alani.jpg\" alt=\"Honaz Dagi Milli Parki Kamp Alani\" class=\"wp-image-11749 lazyload\" title=\"Honaz Kamp Alanlar\u0131 ve Karavan Alanlar\u0131 3\" data-srcset=\"http:\/\/geziyoo.co\/blog\/wp-content\/uploads\/2023\/03\/Honaz-Dagi-Milli-Parki-Kamp-Alani.jpg 800w, http:\/\/geziyoo.co\/blog\/wp-content\/uploads\/2023\/03\/Honaz-Dagi-Milli-Parki-Kamp-Alani-300x169.jpg 300w, http:\/\/geziyoo.co\/blog\/wp-content\/uploads\/2023\/03\/Honaz-Dagi-Milli-Parki-Kamp-Alani-768x432.jpg 768w, http:\/\/geziyoo.co\/blog\/wp-content\/uploads\/2023\/03\/Honaz-Dagi-Milli-Parki-Kamp-Alani-390x220.jpg 390w\" data-sizes=\"(max-width: 800px) 100vw, 800px\" src=\"data:image\/gif;base64,R0lGODlhAQABAAAAACH5BAEKAAEALAAAAAABAAEAAAICTAEAOw==\" style=\"--smush-placeholder-width: 800px; --smush-placeholder-aspect-ratio: 800\/450;\" \/><\/figure>\n\n\n\n<p>Denizli&#8217;de yer alan bir di\u011fer kamp yeri ise Honaz Da\u011f\u0131 Milli Park\u0131 Kamp Alan\u0131.\u00dccretli kamp yerlerinden bir di\u011feridir.Kamp alan\u0131 \u00e7ad\u0131r kamp\u0131 i\u00e7in hem de karavan kamp\u0131 i\u00e7in uygundur.<\/p>\n\n\n\n<p>2.571 metre rak\u0131mla Ege B\u00f6lgesi\u2019nin en y\u00fcksek da\u011f\u0131 Honaz Da\u011f\u0131d\u0131r.Hafta sonunuzu g\u00fczel ge\u00e7irebilece\u011finiz milli park i\u00e7erisinde y\u00fcr\u00fcy\u00fc\u015f yapabilir, bisiklet s\u00fcrebilir, \u00e7ad\u0131r kamp\u0131 atabilir hatta bal\u0131k tutabilirsiniz. Park alan\u0131 do\u011fal ve temiz bir havaya sahiptir.<\/p>\n\n\n\n<hr class=\"wp-block-separator has-css-opacity is-style-wide\"\/>\n\n\n\n<ul class=\"wp-block-list\">\n<li><strong>Honaz Da\u011f\u0131 Milli Park\u0131<\/strong>\u00a0<strong>Adres<\/strong>\u00a0:\u00a0Honaz Da\u011f\u0131 Milli Park\u0131 Yolu, 20430 Honaz\/Denizli\u00a0<strong><em><a href=\"https:\/\/www.google.com\/maps?daddr=37.66197163852289,29.24612146871254\" target=\"_blank\" rel=\"noreferrer noopener\">Konum Bilgisi<\/a><\/em><\/strong><\/li>\n\n\n\n<li><strong>Honaz Da\u011f\u0131 Milli Park\u0131<\/strong>\u00a0<strong>Detayl\u0131 Bilgi :<\/strong>\u00a0Detayl\u0131 Bilgiler i\u00e7in\u00a0<strong><em><strong><a href=\"https:\/\/geziyoo.co\/listing\/honaz-dagi-milli-parki-kamp-alani\/\">Honaz Da\u011f\u0131 Milli Park\u0131<\/a><\/strong>\u00a0<\/em><\/strong>sayfam\u0131za bakabilirsiniz.<\/li>\n<\/ul>\n\n\n\n<hr class=\"wp-block-separator has-css-opacity is-style-wide\"\/>\n\n\n\n<h2 class=\"wp-block-heading\">5.Buldan Yayla G\u00f6l\u00fc Kamp Alan\u0131<\/h2>\n\n\n\n<figure class=\"wp-block-image\"><img decoding=\"async\" width=\"800\" height=\"451\" data-src=\"https:\/\/geziyoo.co\/blog\/wp-content\/uploads\/2023\/03\/Buldan-kamp-alanlari-ve-karavan-alanlari.jpg\" alt=\"Buldan Kamp Alanlar\u0131 ve Karavan Alanlar\u0131\" class=\"wp-image-11740 lazyload\" title=\"Buldan Kamp Alanlar\u0131 ve Karavan Alanlar\u0131 2\" data-srcset=\"http:\/\/geziyoo.co\/blog\/wp-content\/uploads\/2023\/03\/Buldan-kamp-alanlari-ve-karavan-alanlari.jpg 800w, http:\/\/geziyoo.co\/blog\/wp-content\/uploads\/2023\/03\/Buldan-kamp-alanlari-ve-karavan-alanlari-300x169.jpg 300w, http:\/\/geziyoo.co\/blog\/wp-content\/uploads\/2023\/03\/Buldan-kamp-alanlari-ve-karavan-alanlari-768x433.jpg 768w, http:\/\/geziyoo.co\/blog\/wp-content\/uploads\/2023\/03\/Buldan-kamp-alanlari-ve-karavan-alanlari-390x220.jpg 390w\" data-sizes=\"(max-width: 800px) 100vw, 800px\" src=\"data:image\/gif;base64,R0lGODlhAQABAAAAACH5BAEKAAEALAAAAAABAAEAAAICTAEAOw==\" style=\"--smush-placeholder-width: 800px; --smush-placeholder-aspect-ratio: 800\/451;\" \/><figcaption class=\"wp-element-caption\">Buldan Kamp Alanlar\u0131 ve Karavan Alanlar\u0131<\/figcaption><\/figure>\n\n\n\n<p><strong>Denizli Kamp Alanlar\u0131 ve Karavan Alanlar\u0131<\/strong>&nbsp;i\u00e7eri\u011fimizin 5.s\u0131ras\u0131nda Buldan Yayla G\u00f6l\u00fc Kamp Alan\u0131 var.\u00dccretsiz kamp yerlerinden bir tanesi olan kamp alan\u0131 hem \u00e7ad\u0131r kamp\u0131 hemde karavan kamp\u0131 i\u00e7in uygundur<\/p>\n\n\n\n<p>Yaz ve bahar aylar\u0131nda b\u00f6lge halk\u0131n\u0131n en \u00e7ok u\u011frad\u0131\u011f\u0131 kamp yerlerinin ba\u015f\u0131nda gelmektedir.Sessizli\u011fin hakim oldu\u011fu yayla do\u011fa severler i\u00e7in m\u00fcthi\u015f bir yer olarak kar\u015f\u0131m\u0131za \u00e7\u0131kmaktad\u0131r.<\/p>\n\n\n\n<p>Kamp alan\u0131nda WC ve \u00e7e\u015fme gibi yerler mevcut de\u011fil. \u00c7ad\u0131r kamp\u0131n\u0131z\u0131 konaklamal\u0131 yapacaksan\u0131z yiyecek ve i\u00e7eceklerinizi \u00f6nceden alman\u0131z \u00f6nerilir.<\/p>\n\n\n\n<hr class=\"wp-block-separator has-css-opacity is-style-wide\"\/>\n\n\n\n<ul class=\"wp-block-list\">\n<li><strong>Yayla G\u00f6l\u00fc Kamp Alan\u0131<\/strong>\u00a0<strong>Adres<\/strong>\u00a0:\u00a0S\u00fcleymanl\u0131, 20400 Buldan\/Denizli\u00a0<strong><em><a href=\"https:\/\/www.google.com\/maps?daddr=38.05196946776845,%2028.77258594250415\" target=\"_blank\" rel=\"noreferrer noopener\">Konum Bilgisi<\/a><\/em><\/strong><\/li>\n\n\n\n<li><strong>Yayla G\u00f6l\u00fc Kamp Alan\u0131\u00a0Detayl\u0131 Bilgi :<\/strong>\u00a0Detayl\u0131 Bilgiler i\u00e7in\u00a0<strong><em><strong><a href=\"https:\/\/geziyoo.co\/listing\/buldan-yayla-golu-kamp-alani\/\">Yayla G\u00f6l\u00fc Kamp Alan\u0131<\/a><\/strong>\u00a0<\/em><\/strong>sayfam\u0131za bakabilirsiniz.<\/li>\n<\/ul>\n\n\n\n<hr class=\"wp-block-separator has-css-opacity is-style-wide\"\/>\n\n\n\n<h2 class=\"wp-block-heading\">6.Sar\u0131mahmutlu Kamp Alan\u0131<\/h2>\n\n\n\n<figure class=\"wp-block-image\"><img decoding=\"async\" width=\"995\" height=\"480\" data-src=\"https:\/\/geziyoo.co\/blog\/wp-content\/uploads\/2023\/03\/Sarimahmutlu-Kamp-Alani.png\" alt=\"Sarimahmutlu Kamp Alani\" class=\"wp-image-11739 lazyload\" title=\"Buldan Kamp Alanlar\u0131 ve Karavan Alanlar\u0131 4\" data-srcset=\"http:\/\/geziyoo.co\/blog\/wp-content\/uploads\/2023\/03\/Sarimahmutlu-Kamp-Alani.png 995w, http:\/\/geziyoo.co\/blog\/wp-content\/uploads\/2023\/03\/Sarimahmutlu-Kamp-Alani-300x145.png 300w, http:\/\/geziyoo.co\/blog\/wp-content\/uploads\/2023\/03\/Sarimahmutlu-Kamp-Alani-768x370.png 768w\" data-sizes=\"(max-width: 995px) 100vw, 995px\" src=\"data:image\/gif;base64,R0lGODlhAQABAAAAACH5BAEKAAEALAAAAAABAAEAAAICTAEAOw==\" style=\"--smush-placeholder-width: 995px; --smush-placeholder-aspect-ratio: 995\/480;\" \/><\/figure>\n\n\n\n<p><strong>Sar\u0131mahmutlu Kamp Alan\u0131<\/strong>&nbsp;Denizli&#8217;nin Buldan il\u00e7esinde olan \u00fccretsiz kamp yerlerinden bir tanesidir.Kamp alan\u0131 \u00e7ad\u0131r kamp\u0131 i\u00e7in hemde karavan kamp\u0131 i\u00e7in uygun olup m\u00fcthi\u015f bir manzaraya sahiptir.<\/p>\n\n\n\n<p>Tam olarak kafa dinlemelik bir yer olsada,kamp b\u00f6lgesinde herhangi bir tesis ve restoran yok.Denizli merkezine 20 km uzakl\u0131ktad\u0131r.WC,du\u015f,elektrik gibi olanaklar yok.<\/p>\n\n\n\n<hr class=\"wp-block-separator has-css-opacity is-style-wide\"\/>\n\n\n\n<ul class=\"wp-block-list\">\n<li><strong>Yayla G\u00f6l\u00fc Kamp Alan\u0131<\/strong>\u00a0<strong>Adres<\/strong>\u00a0:\u00a0S\u00fcleymanl\u0131, 20400 Buldan\/Denizli\u00a0<strong><em><a href=\"https:\/\/www.google.com\/maps?daddr=38.05196946776845,%2028.77258594250415\" target=\"_blank\" rel=\"noreferrer noopener\">Konum Bilgisi<\/a><\/em><\/strong><\/li>\n\n\n\n<li><strong>Yayla G\u00f6l\u00fc Kamp Alan\u0131\u00a0Detayl\u0131 Bilgi :<\/strong>\u00a0Detayl\u0131 Bilgiler i\u00e7in\u00a0<strong><em><strong><a href=\"https:\/\/geziyoo.co\/listing\/buldan-yayla-golu-kamp-alani\/\">Yayla G\u00f6l\u00fc Kamp Alan\u0131<\/a><\/strong>\u00a0<\/em><\/strong>sayfam\u0131za bakabilirsiniz.<\/li>\n<\/ul>\n\n\n\n<hr class=\"wp-block-separator has-css-opacity is-style-wide\"\/>\n\n\n\n<h2 class=\"wp-block-heading\">7.Kurhaus Arslan Kamping<\/h2>\n\n\n\n<figure class=\"wp-block-image\"><img decoding=\"async\" width=\"800\" height=\"389\" data-src=\"https:\/\/geziyoo.co\/blog\/wp-content\/uploads\/2023\/03\/Kurhaus-Arslan-Kamping.jpg\" alt=\"Kurhaus Arslan Kamping\" class=\"wp-image-11762 lazyload\" title=\"Pamukkale Kamp Alanlar\u0131 ve Karavan Alanlar\u0131 2\" data-srcset=\"http:\/\/geziyoo.co\/blog\/wp-content\/uploads\/2023\/03\/Kurhaus-Arslan-Kamping.jpg 800w, http:\/\/geziyoo.co\/blog\/wp-content\/uploads\/2023\/03\/Kurhaus-Arslan-Kamping-300x146.jpg 300w, http:\/\/geziyoo.co\/blog\/wp-content\/uploads\/2023\/03\/Kurhaus-Arslan-Kamping-768x373.jpg 768w\" data-sizes=\"(max-width: 800px) 100vw, 800px\" src=\"data:image\/gif;base64,R0lGODlhAQABAAAAACH5BAEKAAEALAAAAAABAAEAAAICTAEAOw==\" style=\"--smush-placeholder-width: 800px; --smush-placeholder-aspect-ratio: 800\/389;\" \/><figcaption class=\"wp-element-caption\">Pamukkale Kamp Alanlar\u0131 ve Karavan Alanlar\u0131<\/figcaption><\/figure>\n\n\n\n<p><strong>Denizli&#8217;nin en \u00e7ok bilinen tatil b\u00f6lgelerinden birisi olan<\/strong>&nbsp;Pamukkale&#8217;de yer alan Kurhaus Arslan Kamping yer almakta. \u00dccretli olarak \u00e7ad\u0131r ve karavan kamp\u0131 yapabilirsiniz.<\/p>\n\n\n\n<p>\u0130\u015fletme Karahay\u0131t beldesi merkezinde bulunmaktad\u0131r.\u00c7ocuklu ailelerin tercih etti\u011fin kamp yerlerinden bir tanesidir. Kurhaus Arslan Kampingin kendi b\u00fcnyesinde bir havuzu bulunmaktad\u0131r.\u0130\u015fletme b\u00fcnyesinde wc,du\u015f,elektrik,mutfak gibi olanaklar sunulmakta.<\/p>\n\n\n\n<hr class=\"wp-block-separator has-css-opacity is-style-wide\"\/>\n\n\n\n<ul class=\"wp-block-list\">\n<li><strong>Kurhaus Arslan Kamping<\/strong>\u00a0<strong>Adres<\/strong>\u00a0:Karakaya Sok. 117 No.7, 20290 Denizli\u00a0<strong><em><a href=\"https:\/\/www.google.com\/maps\/dir\/\/37.9574457,29.1028433\/@37.9575792,29.032787,12z\" target=\"_blank\" rel=\"noreferrer noopener\">Konum Bilgisi<\/a><\/em><\/strong><\/li>\n\n\n\n<li><strong>Kurhaus Arslan Kamping<\/strong>\u00a0<strong>Telefon:<\/strong>\u00a00535 839 28 97<\/li>\n\n\n\n<li><strong>Kurhaus Arslan Kamping<\/strong>\u00a0<strong>Detayl\u0131 Bilgi :<\/strong>\u00a0Detayl\u0131 Bilgiler i\u00e7in\u00a0<strong><em><strong><a href=\"https:\/\/geziyoo.co\/listing\/kurhaus-arslan-kamping\/\">Kurhaus Arslan Kamping<\/a><\/strong>\u00a0<\/em><\/strong>sayfam\u0131za bakabilirsiniz.<\/li>\n<\/ul>\n\n\n\n<hr class=\"wp-block-separator has-css-opacity is-style-wide\"\/>\n\n\n\n<h2 class=\"wp-block-heading\">8.Ba\u011fba\u015f\u0131 Yaylas\u0131 Kamp Alan\u0131<\/h2>\n\n\n\n<figure class=\"wp-block-image\"><img decoding=\"async\" width=\"800\" height=\"598\" data-src=\"https:\/\/geziyoo.co\/blog\/wp-content\/uploads\/2023\/03\/Bagbasi-Yaylasi-Bungalov-1.jpg\" alt=\"Bagbasi Yaylasi Bungalov 1\" class=\"wp-image-11770 lazyload\" title=\"Pamukkale Kamp Alanlar\u0131 ve Karavan Alanlar\u0131 3\" data-srcset=\"http:\/\/geziyoo.co\/blog\/wp-content\/uploads\/2023\/03\/Bagbasi-Yaylasi-Bungalov-1.jpg 800w, http:\/\/geziyoo.co\/blog\/wp-content\/uploads\/2023\/03\/Bagbasi-Yaylasi-Bungalov-1-300x224.jpg 300w, http:\/\/geziyoo.co\/blog\/wp-content\/uploads\/2023\/03\/Bagbasi-Yaylasi-Bungalov-1-768x574.jpg 768w\" data-sizes=\"(max-width: 800px) 100vw, 800px\" src=\"data:image\/gif;base64,R0lGODlhAQABAAAAACH5BAEKAAEALAAAAAABAAEAAAICTAEAOw==\" style=\"--smush-placeholder-width: 800px; --smush-placeholder-aspect-ratio: 800\/598;\" \/><\/figure>\n\n\n\n<p>Denizli&#8217;de \u00dccretli kamp yerlerinden bir tanesi olan Ba\u011fba\u015f\u0131 Yaylas\u0131 Kamp Alan\u0131 hem \u00e7ad\u0131r kamp\u0131 i\u00e7in hem de karavan kamp\u0131 i\u00e7in uygun.Ayr\u0131ca bungalov konaklamas\u0131 yapmak isteyenlerinde imdad\u0131na yeti\u015fiyor.<\/p>\n\n\n\n<p>Ba\u011fba\u015f\u0131 Yaylas\u0131 Bungalov ve Kamp Alan\u0131 oanaklar\u0131 ise \u015fu \u015fekilde;WC, elektrik, du\u015f, 24 saat s\u0131cak su, g\u00fcvenlik, 24 saat resepsiyon, restoran, b\u00fcfe, kafe, \u00e7ocuk oyun alan\u0131, piknik alan\u0131 ve piknik masalar\u0131, ayd\u0131nlatma sistemi,&nbsp;<\/p>\n\n\n\n<hr class=\"wp-block-separator has-css-opacity is-style-wide\"\/>\n\n\n\n<ul class=\"wp-block-list\">\n<li><strong>Ba\u011fba\u015f\u0131 Yaylas\u0131 Kamp Alan\u0131<\/strong>\u00a0<strong>Adres<\/strong>\u00a0:Karakaya Sok. 117 No.7, 20290 Denizli\u00a0<strong><em><a href=\"https:\/\/www.google.com\/maps\/dir\/\/37.7259076,29.140125\/@37.7258782,29.0700665,12z\" target=\"_blank\" rel=\"noreferrer noopener\">Konum Bilgisi<\/a><\/em><\/strong><\/li>\n\n\n\n<li><strong>Ba\u011fba\u015f\u0131 Yaylas\u0131 Kamp Alan\u0131<\/strong>\u00a0<strong>Detayl\u0131 Bilgi :<\/strong>\u00a0Detayl\u0131 Bilgiler i\u00e7in\u00a0<strong><em><strong><a href=\"https:\/\/geziyoo.co\/listing\/bagbasi-yaylasi-bungalov-ve-kamp-alani\/\">Ba\u011fba\u015f\u0131 Yaylas\u0131 Kamp Alan\u0131<\/a><\/strong>\u00a0<\/em><\/strong>sayfam\u0131za bakabilirsiniz.<\/li>\n<\/ul>\n\n\n\n<hr class=\"wp-block-separator has-css-opacity is-style-wide\"\/>\n\n\n\n<h2 class=\"wp-block-heading\">9.Ceylan P\u0131nar\u0131 Karavan Kamp Alan\u0131<\/h2>\n\n\n\n<figure class=\"wp-block-image\"><img decoding=\"async\" width=\"800\" height=\"599\" data-src=\"https:\/\/geziyoo.co\/blog\/wp-content\/uploads\/2023\/03\/Ceylan-Pinari-Karavan-Kamp-Alani.jpg\" alt=\"Ceylan Pinari Karavan Kamp Alani\" class=\"wp-image-11771 lazyload\" title=\"Pamukkale Kamp Alanlar\u0131 ve Karavan Alanlar\u0131 5\" data-srcset=\"http:\/\/geziyoo.co\/blog\/wp-content\/uploads\/2023\/03\/Ceylan-Pinari-Karavan-Kamp-Alani.jpg 800w, http:\/\/geziyoo.co\/blog\/wp-content\/uploads\/2023\/03\/Ceylan-Pinari-Karavan-Kamp-Alani-300x225.jpg 300w, http:\/\/geziyoo.co\/blog\/wp-content\/uploads\/2023\/03\/Ceylan-Pinari-Karavan-Kamp-Alani-768x575.jpg 768w\" data-sizes=\"(max-width: 800px) 100vw, 800px\" src=\"data:image\/gif;base64,R0lGODlhAQABAAAAACH5BAEKAAEALAAAAAABAAEAAAICTAEAOw==\" style=\"--smush-placeholder-width: 800px; --smush-placeholder-aspect-ratio: 800\/599;\" \/><\/figure>\n\n\n\n<p><strong>Denizli Kamp Alanlar\u0131 ve Karavan Alanlar\u0131<\/strong> i\u00e7eri\u011fimizin 9.s\u0131ras\u0131nda Ceylan P\u0131nar\u0131 Karavan Kamp Alan\u0131 yer almakta.<strong>\u00dccretli kamp i\u015fletmelerinden bir tanesidir.Kamp alan\u0131 \u00e7ad\u0131r kamp\u0131 i\u00e7in hemde karavan kamp\u0131 i\u00e7in uygun.<\/strong><\/p>\n\n\n\n<p>Ceylan P\u0131nar\u0131 Karavan Kamp Alan\u0131 misafirlerine bir \u00e7ok olanak ve imkan sunmakta.Bu olanaklar\u0131 \u015fu \u015fekildedir;WC, elektrik, du\u015f, 24 saat s\u0131cak su, g\u00fcvenlik, 24 saat resepsiyon, restoran, b\u00fcfe, kafe, y\u00fczme havuzu, \u00e7ocuk oyun alan\u0131, kendin pi\u015fir kendin ye ocak, a\u00e7\u0131k b\u00fcfe k\u00f6y kahvalt\u0131s\u0131, piknik alan\u0131 ve piknik masalar\u0131, \u00e7ad\u0131r ve pansiyon konaklama yeri ve \u00fccretsiz otopark alan\u0131.<\/p>\n\n\n\n<hr class=\"wp-block-separator has-css-opacity is-style-wide\"\/>\n\n\n\n<ul class=\"wp-block-list\">\n<li><strong>Ceylan P\u0131nar\u0131 Adres<\/strong>\u00a0:\u00a0Develi, 20000 Denizli Merkez\/Denizli\u00a0<strong><em><a href=\"https:\/\/www.google.com\/maps\/dir\/\/37.933101,29.1041923\/@37.9330943,29.0342628,12z\" target=\"_blank\" rel=\"noreferrer noopener\">Konum Bilgisi<\/a><\/em><\/strong><\/li>\n\n\n\n<li><strong>Ceylan P\u0131nar\u0131<\/strong>\u00a0<strong>Telefon:<\/strong>\u00a00532 586 94 50<\/li>\n\n\n\n<li><strong>Ceylan P\u0131nar\u0131<\/strong>\u00a0<strong>Detayl\u0131 Bilgi :<\/strong>\u00a0Detayl\u0131 Bilgiler i\u00e7in\u00a0<strong><em><a href=\"https:\/\/geziyoo.co\/listing\/ceylan-pinari-karavan-kamp-alani\/\">Ceylan P\u0131nar\u0131 Karavan Kamp Alan\u0131<\/a>\u00a0<\/em><\/strong>sayfam\u0131za bakabilirsiniz.<\/li>\n<\/ul>\n\n\n\n<hr class=\"wp-block-separator has-css-opacity is-style-wide\"\/>\n\n\n\n<h2 class=\"wp-block-heading\">10.D\u00f6rt Mevsim Kamping<\/h2>\n\n\n\n<figure class=\"wp-block-image\"><img decoding=\"async\" width=\"800\" height=\"600\" data-src=\"https:\/\/geziyoo.co\/blog\/wp-content\/uploads\/2023\/03\/Dort-Mevsim-Kamping.jpg\" alt=\"Dort Mevsim Kamping\" class=\"wp-image-11772 lazyload\" title=\"Pamukkale Kamp Alanlar\u0131 ve Karavan Alanlar\u0131 6\" data-srcset=\"http:\/\/geziyoo.co\/blog\/wp-content\/uploads\/2023\/03\/Dort-Mevsim-Kamping.jpg 800w, http:\/\/geziyoo.co\/blog\/wp-content\/uploads\/2023\/03\/Dort-Mevsim-Kamping-300x225.jpg 300w, http:\/\/geziyoo.co\/blog\/wp-content\/uploads\/2023\/03\/Dort-Mevsim-Kamping-768x576.jpg 768w\" data-sizes=\"(max-width: 800px) 100vw, 800px\" src=\"data:image\/gif;base64,R0lGODlhAQABAAAAACH5BAEKAAEALAAAAAABAAEAAAICTAEAOw==\" style=\"--smush-placeholder-width: 800px; --smush-placeholder-aspect-ratio: 800\/600;\" \/><\/figure>\n\n\n\n<p>D\u00f6rt Mevsim Kamping&nbsp;Denizli Pamukkale il\u00e7esinde yer alan \u00fccretli kamp yerlerinden bir tanesidir.Kamp alan\u0131 \u00e7ad\u0131r kamp\u0131 i\u00e7in hemde karavan kamp\u0131 i\u00e7in uygun i\u015fletmelerden bir tanesidir.<\/p>\n\n\n\n<p>Pamukkale Travertenleri\u2019ne \u00e7ok yak\u0131n bir konumda yer almaktad\u0131r.D\u00f6rt Mevsim Kamping baz\u0131 sundu\u011fu olanaklar \u015fu \u015fekilde;WC, elektrik, du\u015f, 24 saat s\u0131cak su, Wi-Fi, restoran, 24 saat a\u00e7\u0131k resepsiyon, emanet kasas\u0131, \u00fccretsiz otopark alan\u0131, bebek bak\u0131m servisi,&nbsp;<\/p>\n\n\n\n<hr class=\"wp-block-separator has-css-opacity is-style-wide\"\/>\n\n\n\n<ul class=\"wp-block-list\">\n<li><strong>D\u00f6rt Mevsim Kamping<\/strong>\u00a0<strong>Adres<\/strong>\u00a0:\u00a0Pamuk Mah., Hasan Tahsin Cd., 20190 Pamukkale\/Denizli\u00a0<strong><em><a href=\"https:\/\/www.google.com\/maps\/dir\/\/37.9113526,29.1192955\/@37.9112122,29.0490475,12z\" target=\"_blank\" rel=\"noreferrer noopener\">Konum Bilgisi<\/a><\/em><\/strong><\/li>\n\n\n\n<li><strong>D\u00f6rt Mevsim Kamping<\/strong>\u00a0<strong>Telefon:<\/strong>\u00a00533 729 93 02<\/li>\n\n\n\n<li><strong>D\u00f6rt Mevsim Kamping<\/strong>\u00a0<strong>Detayl\u0131 Bilgi :<\/strong>\u00a0Detayl\u0131 Bilgiler i\u00e7in\u00a0<strong><em><a href=\"https:\/\/geziyoo.co\/listing\/dort-mevsim-kamping\/\">D\u00f6rt Mevsim Kamping<\/a>\u00a0<\/em><\/strong>sayfam\u0131za bakabilirsiniz.<\/li>\n<\/ul>\n\n\n\n<hr class=\"wp-block-separator has-css-opacity is-style-wide\"\/>\n\n\n\n<h2 class=\"wp-block-heading\">11.Baydil Kamping<\/h2>\n\n\n\n<figure class=\"wp-block-image\"><img decoding=\"async\" width=\"800\" height=\"450\" data-src=\"https:\/\/geziyoo.co\/blog\/wp-content\/uploads\/2023\/03\/Baydil-Kamping.jpg\" alt=\"Baydil Kamping\" class=\"wp-image-11773 lazyload\" title=\"Pamukkale Kamp Alanlar\u0131 ve Karavan Alanlar\u0131 7\" data-srcset=\"http:\/\/geziyoo.co\/blog\/wp-content\/uploads\/2023\/03\/Baydil-Kamping.jpg 800w, http:\/\/geziyoo.co\/blog\/wp-content\/uploads\/2023\/03\/Baydil-Kamping-300x169.jpg 300w, http:\/\/geziyoo.co\/blog\/wp-content\/uploads\/2023\/03\/Baydil-Kamping-768x432.jpg 768w, http:\/\/geziyoo.co\/blog\/wp-content\/uploads\/2023\/03\/Baydil-Kamping-390x220.jpg 390w\" data-sizes=\"(max-width: 800px) 100vw, 800px\" src=\"data:image\/gif;base64,R0lGODlhAQABAAAAACH5BAEKAAEALAAAAAABAAEAAAICTAEAOw==\" style=\"--smush-placeholder-width: 800px; --smush-placeholder-aspect-ratio: 800\/450;\" \/><\/figure>\n\n\n\n<p>Pamukkale\u2019de kamp yapabilece\u011finiz bir di\u011fer i\u015fletme Baydil Kamping.\u00dccretli kamp alanlar\u0131ndan birtanesi olan i\u015fletme \u00e7ad\u0131r kamp\u0131 ve karavan kamp\u0131 i\u00e7in uygun.<\/p>\n\n\n\n<p>Traverten manzaralar\u0131na kar\u015f\u0131 kamp at\u0131p keyifli vakit ge\u00e7irebilece\u011finiz tesiste t\u00fcm ihtiya\u00e7lar\u0131n\u0131z\u0131 kar\u015f\u0131layabilecek olanaklar ve imkanlar de mevcuttur.<\/p>\n\n\n\n<hr class=\"wp-block-separator has-css-opacity is-style-wide\"\/>\n\n\n\n<ul class=\"wp-block-list\">\n<li><strong>Baydil Kamping<\/strong>\u00a0<strong>Adres<\/strong>\u00a0:\u00a0Traverten Sk. no:61, 20100 Pamukkale\/Denizli\u00a0<strong><em><a href=\"https:\/\/www.google.com\/maps\/dir\/\/37.9113526,29.1192955\/@37.9112122,29.0490475,12z\" target=\"_blank\" rel=\"noreferrer noopener\">Konum Bilgisi<\/a><\/em><\/strong><\/li>\n\n\n\n<li><strong>Baydil Kamping<\/strong>\u00a0<strong>Telefon:<\/strong>\u00a00553 006 89 89<\/li>\n\n\n\n<li><strong>Baydil Kamping<\/strong>\u00a0<strong>Detayl\u0131 Bilgi :<\/strong>\u00a0Detayl\u0131 Bilgiler i\u00e7in\u00a0<strong><em><a href=\"https:\/\/geziyoo.co\/listing\/baydil-kamping\/\">Baydil Kamping<\/a><\/em><\/strong>\u00a0sayfam\u0131za bakabilirsiniz.<\/li>\n<\/ul>\n\n\n\n<hr class=\"wp-block-separator has-css-opacity is-style-wide\"\/>\n\n\n\n<h2 class=\"wp-block-heading\">12.Denizli Tepe Kamping<\/h2>\n\n\n\n<figure class=\"wp-block-image\"><img decoding=\"async\" width=\"800\" height=\"600\" data-src=\"https:\/\/geziyoo.co\/blog\/wp-content\/uploads\/2023\/03\/Denizli-Tepe-Kamping.jpg\" alt=\"Denizli Tepe Kamping\" class=\"wp-image-11774 lazyload\" title=\"Pamukkale Kamp Alanlar\u0131 ve Karavan Alanlar\u0131 8\" data-srcset=\"http:\/\/geziyoo.co\/blog\/wp-content\/uploads\/2023\/03\/Denizli-Tepe-Kamping.jpg 800w, http:\/\/geziyoo.co\/blog\/wp-content\/uploads\/2023\/03\/Denizli-Tepe-Kamping-300x225.jpg 300w, http:\/\/geziyoo.co\/blog\/wp-content\/uploads\/2023\/03\/Denizli-Tepe-Kamping-768x576.jpg 768w\" data-sizes=\"(max-width: 800px) 100vw, 800px\" src=\"data:image\/gif;base64,R0lGODlhAQABAAAAACH5BAEKAAEALAAAAAABAAEAAAICTAEAOw==\" style=\"--smush-placeholder-width: 800px; --smush-placeholder-aspect-ratio: 800\/600;\" \/><\/figure>\n\n\n\n<p><strong>Denizli Tepe Kamping<\/strong>&nbsp;Denizli Pamukkale il\u00e7esinde yer alan \u00fccretli kamp yerlerinden bir tanesidir.Kamp alan\u0131 \u00e7ad\u0131r kamp\u0131 i\u00e7in hemde karavan kamp\u0131 i\u00e7in uygun.<\/p>\n\n\n\n<p>Denizli Tepe Kamping \u00e7erisinde ihtiya\u00e7lar\u0131n\u0131z\u0131 kar\u015f\u0131layabilece\u011finiz olanaklara ev sahipli\u011fi yapmakta. \u0130l merkezine 22 kilometre uzakl\u0131kta bulunan kamp alan\u0131na Pamukkale \u00fczerinden gelebilirsiniz.<\/p>\n\n\n\n<hr class=\"wp-block-separator has-css-opacity is-style-wide\"\/>\n\n\n\n<ul class=\"wp-block-list\">\n<li><strong>Denizli Tepe Kamping<\/strong>\u00a0<strong>Adres<\/strong>\u00a0:\u00a0\u00a0Merkez Denizli TR, 20190 Pamukkale\/Denizli\u00a0<strong><em><a href=\"https:\/\/www.google.com\/maps?daddr=37.94208218114877,%2029.139647258547686\" target=\"_blank\" rel=\"noreferrer noopener\">Konum Bilgisi<\/a><\/em><\/strong><\/li>\n\n\n\n<li><strong>Denizli Tepe Kamping<\/strong>\u00a0<strong>Telefon:<\/strong>\u00a00532 614 53 48<\/li>\n\n\n\n<li><strong>Denizli Tepe Kamping<\/strong>\u00a0<strong>Detayl\u0131 Bilgi :<\/strong>\u00a0Detayl\u0131 Bilgiler i\u00e7in\u00a0<strong><em><a href=\"https:\/\/geziyoo.co\/listing\/denizli-tepe-kamping\/\">Denizli Tepe Kamping<\/a><\/em><\/strong>\u00a0sayfam\u0131za bakabilirsiniz.<\/li>\n<\/ul>\n\n\n\n<hr class=\"wp-block-separator has-css-opacity is-style-wide\"\/>\n\n\n\n<h2 class=\"wp-block-heading\">13.G\u00f6kp\u0131nar Baraj\u0131 Kamp Alan\u0131<\/h2>\n\n\n\n<figure class=\"wp-block-image\"><img decoding=\"async\" width=\"800\" height=\"600\" data-src=\"https:\/\/geziyoo.co\/blog\/wp-content\/uploads\/2023\/03\/Gokpinar-Baraji-Kamp-Alani.jpg\" alt=\"Gokpinar Baraji Kamp Alani\" class=\"wp-image-11775 lazyload\" title=\"Pamukkale Kamp Alanlar\u0131 ve Karavan Alanlar\u0131 9\" data-srcset=\"http:\/\/geziyoo.co\/blog\/wp-content\/uploads\/2023\/03\/Gokpinar-Baraji-Kamp-Alani.jpg 800w, http:\/\/geziyoo.co\/blog\/wp-content\/uploads\/2023\/03\/Gokpinar-Baraji-Kamp-Alani-300x225.jpg 300w, http:\/\/geziyoo.co\/blog\/wp-content\/uploads\/2023\/03\/Gokpinar-Baraji-Kamp-Alani-768x576.jpg 768w\" data-sizes=\"(max-width: 800px) 100vw, 800px\" src=\"data:image\/gif;base64,R0lGODlhAQABAAAAACH5BAEKAAEALAAAAAABAAEAAAICTAEAOw==\" style=\"--smush-placeholder-width: 800px; --smush-placeholder-aspect-ratio: 800\/600;\" \/><\/figure>\n\n\n\n<p><strong>G\u00f6kp\u0131nar Baraj\u0131 Kamp Alan\u0131<\/strong>&nbsp;Denizli Pamukkale il\u00e7esinde yer alan \u00fccretsiz kamp yerlerinden bir tanesidir.G\u00f6l \u00e7ad\u0131r kamp\u0131 i\u00e7in hemde karavan kamp\u0131 i\u00e7in uygun.<\/p>\n\n\n\n<p>Kamp alan\u0131nda WC ve \u00e7e\u015fme gibi yerler maalesef yok. Yiyecek ve i\u00e7eceklerinizi de kamp alan\u0131na gelmeden \u00f6nce temin etmenizi \u00f6neriyoruz.<\/p>\n\n\n\n<hr class=\"wp-block-separator has-css-opacity is-style-wide\"\/>\n\n\n\n<ul class=\"wp-block-list\">\n<li><strong>G\u00f6kp\u0131nar Baraj\u0131 Kamp Alan\u0131<\/strong>\u00a0<strong>Adres<\/strong>\u00a0:\u00a0\u00a0Karakurt, 20170 Pamukkale\/Denizli\u00a0<strong><em><a href=\"https:\/\/www.google.com\/maps?daddr=37.785810407465505,%2029.128823810615813\" target=\"_blank\" rel=\"noreferrer noopener\">Konum Bilgisi<\/a><\/em><\/strong><\/li>\n\n\n\n<li><strong>G\u00f6kp\u0131nar Baraj\u0131 Kamp Alan\u0131<\/strong>\u00a0<strong>Detayl\u0131 Bilgi :<\/strong>\u00a0Detayl\u0131 Bilgiler i\u00e7in\u00a0<strong><em><a href=\"https:\/\/geziyoo.co\/listing\/gokpinar-baraji-kamp-alani\/\">G\u00f6kp\u0131nar Baraj\u0131 Kamp Alan\u0131<\/a><\/em><\/strong>\u00a0sayfam\u0131za bakabilirsiniz.<\/li>\n<\/ul>\n\n\n\n<hr class=\"wp-block-separator has-css-opacity is-style-wide\"\/>\n\n\n\n<h2 class=\"wp-block-heading\">14.Kolak G\u00f6l\u00fc Kamp Alan\u0131<\/h2>\n\n\n\n<figure class=\"wp-block-image size-large\"><img decoding=\"async\" width=\"800\" height=\"450\" data-src=\"https:\/\/geziyoo.co\/blog\/wp-content\/uploads\/2023\/03\/Kolak-Golu-Kamp-Alani.jpg\" alt=\"\" class=\"wp-image-11781 lazyload\" data-srcset=\"http:\/\/geziyoo.co\/blog\/wp-content\/uploads\/2023\/03\/Kolak-Golu-Kamp-Alani.jpg 800w, http:\/\/geziyoo.co\/blog\/wp-content\/uploads\/2023\/03\/Kolak-Golu-Kamp-Alani-300x169.jpg 300w, http:\/\/geziyoo.co\/blog\/wp-content\/uploads\/2023\/03\/Kolak-Golu-Kamp-Alani-768x432.jpg 768w, http:\/\/geziyoo.co\/blog\/wp-content\/uploads\/2023\/03\/Kolak-Golu-Kamp-Alani-390x220.jpg 390w\" data-sizes=\"(max-width: 800px) 100vw, 800px\" src=\"data:image\/gif;base64,R0lGODlhAQABAAAAACH5BAEKAAEALAAAAAABAAEAAAICTAEAOw==\" style=\"--smush-placeholder-width: 800px; --smush-placeholder-aspect-ratio: 800\/450;\" \/><\/figure>\n\n\n\n<p>Kolak G\u00f6l\u00fc Kamp Alan\u0131 Denizli \u00c7ameli il\u00e7esinde yer alan \u00fccretsiz kamp yerlerinden bir tanesi.Kamp b\u00f6lgesi \u00e7ad\u0131r kamp\u0131 i\u00e7in uygun olsa da karavan kamp\u0131 i\u00e7in uygun de\u011fil.<\/p>\n\n\n\n<p>Piknik ve kamp i\u00e7in ideal bir yer. Alanda WC ve mescit bulunuyor. Yiyecek ve i\u00e7eceklerinizi en yak\u0131n Kolay K\u00f6y\u00fc\u2019nden sat\u0131n alman\u0131z\u0131 \u00f6neriyoruz.<\/p>\n\n\n\n<hr class=\"wp-block-separator has-css-opacity is-style-wide\"\/>\n\n\n\n<ul class=\"wp-block-list\">\n<li><strong>Kolak G\u00f6l\u00fc Kamp Alan\u0131<\/strong>\u00a0<strong>Adres<\/strong>\u00a0:\u00a0Kolak, Unnamed Road, 20980 \u00c7ameli\/Denizli\u00a0<strong><em><a href=\"https:\/\/www.google.com\/maps?daddr=37.080193616566056,29.191547765498274\">Konum Bilgisi<\/a><\/em><\/strong><\/li>\n\n\n\n<li><strong>Kolak G\u00f6l\u00fc Kamp Alan\u0131<\/strong>\u00a0<strong>Detayl\u0131 Bilgi :<\/strong>\u00a0Detayl\u0131 Bilgiler i\u00e7in\u00a0<strong><em><a href=\"https:\/\/geziyoo.co\/listing\/kolak-golu-kamp-alani\/\">Kolak G\u00f6l\u00fc Kamp Alan\u0131<\/a><\/em><\/strong>\u00a0sayfam\u0131za bakabilirsiniz.<\/li>\n<\/ul>\n\n\n\n<hr class=\"wp-block-separator has-css-opacity is-style-wide\"\/>\n\n\n\n<h2 class=\"wp-block-heading\">15.Beya\u011fa\u00e7 Topuklu Yaylas\u0131 Kamp Alan\u0131<\/h2>\n\n\n\n<figure class=\"wp-block-image size-large\"><img decoding=\"async\" width=\"800\" height=\"600\" data-src=\"https:\/\/geziyoo.co\/blog\/wp-content\/uploads\/2023\/03\/Beyagac-Topuklu-Yaylasi-Kamp-Alani.jpg\" alt=\"\" class=\"wp-image-11782 lazyload\" data-srcset=\"http:\/\/geziyoo.co\/blog\/wp-content\/uploads\/2023\/03\/Beyagac-Topuklu-Yaylasi-Kamp-Alani.jpg 800w, http:\/\/geziyoo.co\/blog\/wp-content\/uploads\/2023\/03\/Beyagac-Topuklu-Yaylasi-Kamp-Alani-300x225.jpg 300w, http:\/\/geziyoo.co\/blog\/wp-content\/uploads\/2023\/03\/Beyagac-Topuklu-Yaylasi-Kamp-Alani-768x576.jpg 768w\" data-sizes=\"(max-width: 800px) 100vw, 800px\" src=\"data:image\/gif;base64,R0lGODlhAQABAAAAACH5BAEKAAEALAAAAAABAAEAAAICTAEAOw==\" style=\"--smush-placeholder-width: 800px; --smush-placeholder-aspect-ratio: 800\/600;\" \/><\/figure>\n\n\n\n<p><strong>Beya\u011fa\u00e7 Topuklu Yaylas\u0131 Kamp Alan\u0131<\/strong>&nbsp;Denizli Beya\u011fa\u00e7 il\u00e7esinde yer alan \u00fccretsiz kamp yerlerinden bir tanesidir.G\u00f6l \u00e7ad\u0131r kamp\u0131 i\u00e7in uygun olsada karavan kamp\u0131 i\u00e7in uygun de\u011fil.<\/p>\n\n\n\n<p>Yaln\u0131zca \u00e7ad\u0131r kamp\u0131na izin verilmektedir. Bu alanda \u00e7imlere uzan\u0131p gece kayan y\u0131ld\u0131zlar\u0131 seyredebilir gecenin tad\u0131na varabilirsiniz.Wc ve du\u015f gibi olanaklar maalesef yok.Kamp alan\u0131na gelmeden \u00f6nce al\u0131\u015fveri\u015f yapman\u0131z \u00f6nerilir.<\/p>\n\n\n\n<hr class=\"wp-block-separator has-css-opacity is-style-wide\"\/>\n\n\n\n<ul class=\"wp-block-list\">\n<li><strong><strong>Beya\u011fa\u00e7 Topuklu Yaylas\u0131<\/strong><\/strong>\u00a0<strong>Adres<\/strong>\u00a0:\u00a0Kolak, Unnamed Road, 20980 \u00c7ameli\/Denizli\u00a0<strong><em><a href=\"https:\/\/www.google.com\/maps\/dir\/\/37.2376099,28.8918201\/@37.2365776,28.8173102,12z\">Konum Bilgisi<\/a><\/em><\/strong><\/li>\n\n\n\n<li><strong><strong>Beya\u011fa\u00e7 Topuklu Yaylas\u0131<\/strong><\/strong>\u00a0<strong>Detayl\u0131 Bilgi :<\/strong>\u00a0Detayl\u0131 Bilgiler i\u00e7in\u00a0<strong><em><strong><a href=\"https:\/\/geziyoo.co\/listing\/beyagac-topuklu-yaylasi-kamp-alani\/\">Beya\u011fa\u00e7 Topuklu Yaylas\u0131<\/a><\/strong><\/em><\/strong>\u00a0sayfam\u0131za bakabilirsiniz.<\/li>\n<\/ul>\n\n\n\n<hr class=\"wp-block-separator has-css-opacity is-style-wide\"\/>\n\n\n\n<h2 class=\"wp-block-heading\">16.Nikfer Bozda\u011f Kamp Alan\u0131<\/h2>\n\n\n\n<figure class=\"wp-block-image size-large\"><img decoding=\"async\" width=\"800\" height=\"600\" data-src=\"https:\/\/geziyoo.co\/blog\/wp-content\/uploads\/2023\/03\/Nikfer-Bozdag-Kamp-Alani.jpg\" alt=\"\" class=\"wp-image-11783 lazyload\" data-srcset=\"http:\/\/geziyoo.co\/blog\/wp-content\/uploads\/2023\/03\/Nikfer-Bozdag-Kamp-Alani.jpg 800w, http:\/\/geziyoo.co\/blog\/wp-content\/uploads\/2023\/03\/Nikfer-Bozdag-Kamp-Alani-300x225.jpg 300w, http:\/\/geziyoo.co\/blog\/wp-content\/uploads\/2023\/03\/Nikfer-Bozdag-Kamp-Alani-768x576.jpg 768w\" data-sizes=\"(max-width: 800px) 100vw, 800px\" src=\"data:image\/gif;base64,R0lGODlhAQABAAAAACH5BAEKAAEALAAAAAABAAEAAAICTAEAOw==\" style=\"--smush-placeholder-width: 800px; --smush-placeholder-aspect-ratio: 800\/600;\" \/><\/figure>\n\n\n\n<p>Nikfer Bozda\u011f Kamp Alan\u0131 do\u011fal bir ortamda kamp yapmak isteyenler i\u00e7in olduk\u00e7a ideal.\u00c7ad\u0131r kamp\u00e7\u0131l\u0131\u011f\u0131 i\u00e7in uygun olsada karavan kamp\u00e7\u0131l\u0131\u011f\u0131m i\u00e7in uygun olmad\u0131\u011f\u0131n\u0131 belirtelim.<\/p>\n\n\n\n<p><strong>Denizli \u00fccretsiz kamp alanlar\u0131<\/strong>&nbsp;aras\u0131nda bulunmaktad\u0131r. B\u00f6lgede bulunan tesisler sadece k\u0131\u015f\u0131n \u00e7al\u0131\u015f\u0131r.Di\u011fer zamanlar ihtiya\u00e7lar\u0131n\u0131z\u0131 kar\u015f\u0131layabilece\u011finiz bir yer bulmak zor.Bundan dolay\u0131 haz\u0131rl\u0131kl\u0131 gitmenizde fayda var.<\/p>\n\n\n\n<hr class=\"wp-block-separator has-css-opacity is-style-wide\"\/>\n\n\n\n<ul class=\"wp-block-list\">\n<li><strong><strong>Nikfer Bozda\u011f Kamp Alan\u0131<\/strong><\/strong>\u00a0<strong>Adres<\/strong>\u00a0:\u00a0Bah\u00e7ek\u00f6y, 20500 Tavas\/Denizli\u00a0<strong><em><a href=\"https:\/\/www.google.com\/maps?daddr=37.36182294357431,29.16959231577241\">Konum Bilgisi<\/a><\/em><\/strong><\/li>\n\n\n\n<li><strong><strong>Nikfer Bozda\u011f Kamp Alan\u0131<\/strong><\/strong>\u00a0<strong>Detayl\u0131 Bilgi :<\/strong>\u00a0Detayl\u0131 Bilgiler i\u00e7in\u00a0<strong><em><strong><a href=\"https:\/\/geziyoo.co\/listing\/nikfer-bozdag-kamp-alani\/\">Nikfer Bozda\u011f Kamp Alan\u0131<\/a><\/strong><\/em><\/strong>\u00a0sayfam\u0131za bakabilirsiniz.<\/li>\n<\/ul>\n\n\n\n<hr class=\"wp-block-separator has-css-opacity is-style-wide\"\/>\n\n\n\n<h2 class=\"wp-block-heading\">17.K\u0131ranyer Kamp Alan\u0131<\/h2>\n\n\n\n<figure class=\"wp-block-image size-large\"><img decoding=\"async\" width=\"800\" height=\"533\" data-src=\"https:\/\/geziyoo.co\/blog\/wp-content\/uploads\/2023\/03\/Kiranyer-Kamp-Alani.jpg\" alt=\"\" class=\"wp-image-11786 lazyload\" data-srcset=\"http:\/\/geziyoo.co\/blog\/wp-content\/uploads\/2023\/03\/Kiranyer-Kamp-Alani.jpg 800w, http:\/\/geziyoo.co\/blog\/wp-content\/uploads\/2023\/03\/Kiranyer-Kamp-Alani-300x200.jpg 300w, http:\/\/geziyoo.co\/blog\/wp-content\/uploads\/2023\/03\/Kiranyer-Kamp-Alani-768x512.jpg 768w\" data-sizes=\"(max-width: 800px) 100vw, 800px\" src=\"data:image\/gif;base64,R0lGODlhAQABAAAAACH5BAEKAAEALAAAAAABAAEAAAICTAEAOw==\" style=\"--smush-placeholder-width: 800px; --smush-placeholder-aspect-ratio: 800\/533;\" \/><\/figure>\n\n\n\n<p><strong>K\u0131ranyer Kamp Alan\u0131<\/strong>&nbsp;Denizli Babada\u011f il\u00e7esinde yer alan \u00fccretsiz kamp yerlerinden bir tanesidir.Kamp alan\u0131 \u00e7ad\u0131r kamp\u0131 i\u00e7in hemde karavan kamp\u0131 i\u00e7in uygun.<\/p>\n\n\n\n<p>Bir bardak su i\u00e7in k\u00f6y sakinlerinin kap\u0131s\u0131n\u0131 \u00e7alabilirsiniz. B\u00f6lge sessizlik ve sakinlik arayanlar\u0131n tercih edebilecekleri yerler aras\u0131ndad\u0131r. \u015eehir merkezine uzakl\u0131\u011f\u0131 12 km. Alanda \u00e7ad\u0131r ve karavan ile kamp yapabilirsiniz.<\/p>\n\n\n\n<hr class=\"wp-block-separator has-css-opacity is-style-wide\"\/>\n\n\n\n<ul class=\"wp-block-list\">\n<li><strong><strong>K\u0131ranyer Kamp Alan\u0131<\/strong><\/strong> <strong>Adres<\/strong>\u00a0:\u00a020480 Babada\u011f\/Denizli <strong><em><a href=\"https:\/\/www.google.com\/maps?daddr=37.821249537715104,28.814521455936912\">Konum Bilgisi<\/a><\/em><\/strong><\/li>\n\n\n\n<li><strong><strong>K\u0131ranyer Kamp Alan\u0131<\/strong><\/strong> <strong>Detayl\u0131 Bilgi :<\/strong>\u00a0Detayl\u0131 Bilgiler i\u00e7in\u00a0<strong><em><strong><a href=\"https:\/\/geziyoo.co\/listing\/kiranyer-kamp-alani\/\">K\u0131ranyer Kamp Alan\u0131<\/a><\/strong><\/em><\/strong>\u00a0sayfam\u0131za bakabilirsiniz.<\/li>\n<\/ul>\n\n\n\n<hr class=\"wp-block-separator has-css-opacity is-style-wide\"\/>\n\n\n\n<h2 class=\"wp-block-heading\">18.Ye\u015fildere \u015eelalesi (A\u011flayankaya) Kamp Alan\u0131<\/h2>\n\n\n\n<figure class=\"wp-block-image size-large\"><img decoding=\"async\" width=\"800\" height=\"533\" data-src=\"https:\/\/geziyoo.co\/blog\/wp-content\/uploads\/2023\/03\/Yesildere-Selalesi.jpg\" alt=\"\" class=\"wp-image-11787 lazyload\" data-srcset=\"http:\/\/geziyoo.co\/blog\/wp-content\/uploads\/2023\/03\/Yesildere-Selalesi.jpg 800w, http:\/\/geziyoo.co\/blog\/wp-content\/uploads\/2023\/03\/Yesildere-Selalesi-300x200.jpg 300w, http:\/\/geziyoo.co\/blog\/wp-content\/uploads\/2023\/03\/Yesildere-Selalesi-768x512.jpg 768w\" data-sizes=\"(max-width: 800px) 100vw, 800px\" src=\"data:image\/gif;base64,R0lGODlhAQABAAAAACH5BAEKAAEALAAAAAABAAEAAAICTAEAOw==\" style=\"--smush-placeholder-width: 800px; --smush-placeholder-aspect-ratio: 800\/533;\" \/><\/figure>\n\n\n\n<p><strong><strong>Ye\u015fildere \u015eelalesi<\/strong><\/strong>&nbsp;Denizli \u00c7al il\u00e7esinde yer alan \u00fccretsiz kamp yerlerinden bir tanesidir.\u00c7ad\u0131r kamp\u0131 ve karavan kamp\u0131 i\u00e7in uygun \u00fccretsiz kamp yerlerinden bir tanesidir.<\/p>\n\n\n\n<p>Do\u011fal hayat\u0131 tam anlam\u0131 ile bu yerde ya\u015fayabilirsiniz.\u0130htiya\u00e7lar\u0131n\u0131z\u0131 kar\u015f\u0131layabilece\u011finiz bir restoran bulunmakta. WC, elektrik, yiyecek ve i\u00e7ecekleriniz iburadan kar\u015f\u0131layabilirsiniz.<\/p>\n\n\n\n<hr class=\"wp-block-separator has-css-opacity is-style-wide\"\/>\n\n\n\n<ul class=\"wp-block-list\">\n<li><strong><strong><strong><strong>Ye\u015fildere \u015eelalesi<\/strong><\/strong>\u00a0<\/strong>Adres<\/strong>\u00a0:\u00a020480 Babada\u011f\/Denizli <strong><em><a href=\"https:\/\/www.google.com\/maps?daddr=38.027279210634454,29.271910589973594\">Konum Bilgisi<\/a><\/em><\/strong><\/li>\n\n\n\n<li><strong><strong><strong><strong>Ye\u015fildere \u015eelalesi<\/strong><\/strong>\u00a0<\/strong>Detayl\u0131 Bilgi :<\/strong>\u00a0Detayl\u0131 Bilgiler i\u00e7in\u00a0<strong><em><strong><strong><strong><a href=\"https:\/\/geziyoo.co\/listing\/yesildere-selalesi-aglayankaya-kamp-alani\/\">Ye\u015fildere \u015eelalesi<\/a><\/strong><\/strong>\u00a0<\/strong><\/em><\/strong>\u00a0sayfam\u0131za bakabilirsiniz.<\/li>\n<\/ul>\n\n\n\n<hr class=\"wp-block-separator has-css-opacity is-style-wide\"\/>\n\n\n\n<h2 class=\"wp-block-heading\">19.E\u015fen G\u00f6leti Kamp Alan\u0131<\/h2>\n\n\n\n<figure class=\"wp-block-image size-large\"><img decoding=\"async\" width=\"800\" height=\"450\" data-src=\"https:\/\/geziyoo.co\/blog\/wp-content\/uploads\/2023\/03\/Esen-Goleti-Kamp-Alani.jpg\" alt=\"\" class=\"wp-image-11792 lazyload\" data-srcset=\"http:\/\/geziyoo.co\/blog\/wp-content\/uploads\/2023\/03\/Esen-Goleti-Kamp-Alani.jpg 800w, http:\/\/geziyoo.co\/blog\/wp-content\/uploads\/2023\/03\/Esen-Goleti-Kamp-Alani-300x169.jpg 300w, http:\/\/geziyoo.co\/blog\/wp-content\/uploads\/2023\/03\/Esen-Goleti-Kamp-Alani-768x432.jpg 768w, http:\/\/geziyoo.co\/blog\/wp-content\/uploads\/2023\/03\/Esen-Goleti-Kamp-Alani-390x220.jpg 390w\" data-sizes=\"(max-width: 800px) 100vw, 800px\" src=\"data:image\/gif;base64,R0lGODlhAQABAAAAACH5BAEKAAEALAAAAAABAAEAAAICTAEAOw==\" style=\"--smush-placeholder-width: 800px; --smush-placeholder-aspect-ratio: 800\/450;\" \/><\/figure>\n\n\n\n<p>Denizli Kamp Alanlar\u0131 ve Karavan Alanlar\u0131 i\u00e7eri\u011fimizin 18.s\u0131ras\u0131nda E\u015fen G\u00f6leti Kamp Alan\u0131 yer almakta.ad\u0131r kamp\u0131 i\u00e7in uygun olasada karavan kamp\u0131 i\u00e7in pek uygun de\u011fil.<\/p>\n\n\n\n<p>Beya\u011fa\u00e7 il\u00e7esine yakla\u015f\u0131k 13 kilometre uzakl\u0131kta bulunan E\u015fen G\u00f6leti su sporlar\u0131, olta bal\u0131k\u00e7\u0131l\u0131\u011f\u0131, \u00e7evresindeki ormanl\u0131k alan\u0131n sundu\u011fu y\u00fcr\u00fcy\u00fc\u015f yollar\u0131 ve g\u00f6le yak\u0131n kamp alanlar\u0131 ile t\u00fcm g\u00fcr\u00fclt\u00fcden uzak kafa dinleyebilece\u011finiz harika bir ortam sunmaktad\u0131r.Wc,du\u015f,market,restoran tarz\u0131 olanaklar maalesef yok.<\/p>\n\n\n\n<hr class=\"wp-block-separator has-css-opacity is-style-wide\"\/>\n\n\n\n<ul class=\"wp-block-list\">\n<li><strong><strong><strong><strong>E\u015fen G\u00f6leti<\/strong><\/strong>\u00a0<\/strong>Adres<\/strong>\u00a0:\u00a020480 Babada\u011f\/Denizli <strong><em><a href=\"https:\/\/www.google.com\/maps?daddr=37.202539290640885,29.017605555605194\">Konum Bilgisi<\/a><\/em><\/strong><\/li>\n\n\n\n<li><strong><strong><strong><strong>E\u015fen G\u00f6leti<\/strong><\/strong>\u00a0<\/strong>Detayl\u0131 Bilgi :<\/strong>\u00a0Detayl\u0131 Bilgiler i\u00e7in\u00a0<strong><em><strong><strong><strong><a href=\"https:\/\/geziyoo.co\/listing\/esen-goleti-kamp-alani\/\">E\u015fen G\u00f6leti<\/a><\/strong><\/strong><\/strong><\/em><\/strong>\u00a0sayfam\u0131za bakabilirsiniz.<\/li>\n<\/ul>\n\n\n\n<hr class=\"wp-block-separator has-css-opacity is-style-wide\"\/>\n\n\n\n<h2 class=\"wp-block-heading\">20.Yata\u011fan Kefe Yaylas\u0131 Kamp Alan\u0131<\/h2>\n\n\n\n<figure class=\"wp-block-image size-large\"><img decoding=\"async\" width=\"800\" height=\"536\" data-src=\"https:\/\/geziyoo.co\/blog\/wp-content\/uploads\/2023\/03\/Yatagan-Kefe-Yaylasi-Kamp-Alani.jpg\" alt=\"\" class=\"wp-image-11793 lazyload\" data-srcset=\"http:\/\/geziyoo.co\/blog\/wp-content\/uploads\/2023\/03\/Yatagan-Kefe-Yaylasi-Kamp-Alani.jpg 800w, http:\/\/geziyoo.co\/blog\/wp-content\/uploads\/2023\/03\/Yatagan-Kefe-Yaylasi-Kamp-Alani-300x201.jpg 300w, http:\/\/geziyoo.co\/blog\/wp-content\/uploads\/2023\/03\/Yatagan-Kefe-Yaylasi-Kamp-Alani-768x515.jpg 768w\" data-sizes=\"(max-width: 800px) 100vw, 800px\" src=\"data:image\/gif;base64,R0lGODlhAQABAAAAACH5BAEKAAEALAAAAAABAAEAAAICTAEAOw==\" style=\"--smush-placeholder-width: 800px; --smush-placeholder-aspect-ratio: 800\/536;\" \/><\/figure>\n\n\n\n<p><strong>Yata\u011fan Kefe Yaylas\u0131 Kamp Alan\u0131<\/strong>&nbsp;Denizli Seferihisar il\u00e7esinde yer alan \u00fccretli kamp yerlerinden bir tanesidir.Kamp alan\u0131 \u00e7ad\u0131r kamp\u0131 i\u00e7in hemde karavan kamp\u0131 i\u00e7in uygun.<\/p>\n\n\n\n<p>Yata\u011fan Mahallesi\u2019nde bulunan Kefe Yaylas\u0131 Kamp Alan\u0131\u0131 aileler ve kamp severler i\u00e7in harika bir ortam sunmaktad\u0131r..&nbsp;Tesis Belediye b\u00fcnyesinde hizmet veriyor. Piknik ve kamp s\u00fcreniz boyunca yararlanabilece\u011finiz restoran, b\u00fcfe, manav, \u00e7ay bah\u00e7esi, WC gibi imk\u00e2nlar sunmaktad\u0131r.<\/p>\n\n\n\n<hr class=\"wp-block-separator has-css-opacity is-style-wide\"\/>\n\n\n\n<ul class=\"wp-block-list\">\n<li><strong><strong><strong><strong><strong>Yata\u011fan Kefe Yaylas\u0131<\/strong><\/strong><\/strong><\/strong><\/strong> <strong>Adres<\/strong>\u00a0:\u00a0\u00a0Kocap\u0131nar, 20430 Serinhisar\/Denizli <strong><em><a href=\"https:\/\/www.google.com\/maps?daddr=37.624955333377805,29.382659971007328\">Konum Bilgisi<\/a><\/em><\/strong><\/li>\n\n\n\n<li><strong><strong>Yata\u011fan Kefe Yaylas<\/strong>\u0131 Telefon:<\/strong> 0258 280 20 20<\/li>\n\n\n\n<li><strong><strong><strong><strong><strong>Yata\u011fan Kefe Yaylas\u0131<\/strong><\/strong><\/strong>\u00a0<\/strong>Detayl\u0131 Bilgi :<\/strong>\u00a0Detayl\u0131 Bilgiler i\u00e7in\u00a0<strong><em><strong><strong><strong><strong><a href=\"https:\/\/geziyoo.co\/listing\/yatagan-kefe-yaylasi-kamp-alani\/\">Yata\u011fan Kefe Yaylas\u0131<\/a><\/strong><\/strong><\/strong><\/strong><\/em><\/strong>\u00a0sayfam\u0131za bakabilirsiniz.<\/li>\n<\/ul>\n\n\n\n<hr class=\"wp-block-separator has-css-opacity is-style-wide\"\/>\n\n\n\n<h2 class=\"wp-block-heading\">21.G\u00fcney \u015eelalesi Kamp Alan\u0131<\/h2>\n\n\n\n<figure class=\"wp-block-image size-large\"><img decoding=\"async\" width=\"800\" height=\"600\" data-src=\"https:\/\/geziyoo.co\/blog\/wp-content\/uploads\/2023\/03\/Guney-Selalesi-Kamp-Alani.jpg\" alt=\"\" class=\"wp-image-11795 lazyload\" data-srcset=\"http:\/\/geziyoo.co\/blog\/wp-content\/uploads\/2023\/03\/Guney-Selalesi-Kamp-Alani.jpg 800w, http:\/\/geziyoo.co\/blog\/wp-content\/uploads\/2023\/03\/Guney-Selalesi-Kamp-Alani-300x225.jpg 300w, http:\/\/geziyoo.co\/blog\/wp-content\/uploads\/2023\/03\/Guney-Selalesi-Kamp-Alani-768x576.jpg 768w\" data-sizes=\"(max-width: 800px) 100vw, 800px\" src=\"data:image\/gif;base64,R0lGODlhAQABAAAAACH5BAEKAAEALAAAAAABAAEAAAICTAEAOw==\" style=\"--smush-placeholder-width: 800px; --smush-placeholder-aspect-ratio: 800\/600;\" \/><\/figure>\n\n\n\n<p>Denizli&#8217;de do\u011fa i\u00e7erisinde kamp yapabilece\u011finiz bir di\u011fer yer G\u00fcney \u015eelalesi Kamp Alan\u0131.\u00c7ad\u0131r kamp\u0131 i\u00e7in uygun olsada karavan kamp\u0131 i\u00e7in pek uygun de\u011fil.<\/p>\n\n\n\n<p>Denizli \u015fehir merkesine yakla\u015f\u0131k 70 kilometre uzakl\u0131kta bulunmaktad\u0131r.\u015eelale Cindere Da\u011f\u0131 yamac\u0131ndan \u00e7\u0131kan sularla beslenerek 20 metre y\u00fckseklikten akmaktad\u0131r.Kamp alan\u0131nda wc,du\u015f,market gibi olanaklar bulunmamakta.<\/p>\n\n\n\n<hr class=\"wp-block-separator has-css-opacity is-style-wide\"\/>\n\n\n\n<ul class=\"wp-block-list\">\n<li><strong><strong><strong><strong><strong>G\u00fcney \u015eelalesi<\/strong><\/strong><\/strong><\/strong><\/strong> <strong>Adres<\/strong>\u00a0:\u00a0\u00a0Cindere, 20460 G\u00fcney\/Denizli <strong><em><a href=\"https:\/\/www.google.com\/maps?daddr=38.1197940197175,29.060716239965586\">Konum Bilgisi<\/a><\/em><\/strong><\/li>\n\n\n\n<li><strong><strong><strong><strong><strong>G\u00fcney \u015eelalesi<\/strong><\/strong><\/strong><\/strong><\/strong> <strong>Detayl\u0131 Bilgi :<\/strong>\u00a0Detayl\u0131 Bilgiler i\u00e7in\u00a0<strong><em><strong><strong><strong><strong><a href=\"https:\/\/geziyoo.co\/listing\/guney-selalesi-kamp-alani\/\">G\u00fcney \u015eelalesi<\/a><\/strong><\/strong><\/strong><\/strong><\/em><\/strong>\u00a0sayfam\u0131za bakabilirsiniz.<\/li>\n<\/ul>\n\n\n\n<hr class=\"wp-block-separator has-css-opacity is-style-wide\"\/>\n\n\n\n<h2 class=\"wp-block-heading\">22.Ornaz Vadisi Kamp Alan\u0131<\/h2>\n\n\n\n<figure class=\"wp-block-image size-large\"><img decoding=\"async\" width=\"800\" height=\"600\" data-src=\"https:\/\/geziyoo.co\/blog\/wp-content\/uploads\/2023\/03\/Ornaz-Vadisi-Kamp-Alani.jpg\" alt=\"\" class=\"wp-image-11796 lazyload\" data-srcset=\"http:\/\/geziyoo.co\/blog\/wp-content\/uploads\/2023\/03\/Ornaz-Vadisi-Kamp-Alani.jpg 800w, http:\/\/geziyoo.co\/blog\/wp-content\/uploads\/2023\/03\/Ornaz-Vadisi-Kamp-Alani-300x225.jpg 300w, http:\/\/geziyoo.co\/blog\/wp-content\/uploads\/2023\/03\/Ornaz-Vadisi-Kamp-Alani-768x576.jpg 768w\" data-sizes=\"(max-width: 800px) 100vw, 800px\" src=\"data:image\/gif;base64,R0lGODlhAQABAAAAACH5BAEKAAEALAAAAAABAAEAAAICTAEAOw==\" style=\"--smush-placeholder-width: 800px; --smush-placeholder-aspect-ratio: 800\/600;\" \/><\/figure>\n\n\n\n<p><strong><strong>Ornaz Vadisi Kamp Alan\u0131<\/strong><\/strong>&nbsp;Denizli Merkezefendi il\u00e7esinde yer alan \u00fccretli kamp yerlerinden bir tanesidir.Kamp alan\u0131 \u00e7ad\u0131r kamp\u0131 i\u00e7in uygun.Ayn\u0131 zamanda karavan\u0131n\u0131z\u0131 park edebilecei\u011finiz yerlerde bulunmakta.<\/p>\n\n\n\n<p>\u00dccretsiz olarak kamp yapabilece\u011finiz alanda ihtiya\u00e7lar\u0131n\u0131z\u0131 kar\u015f\u0131layabilece\u011finiz bir restoran mevcut. Bu alanda kamp yapt\u0131\u011f\u0131n\u0131z s\u00fcre boyunca oksijene doyabilirsiniz.<\/p>\n\n\n\n<hr class=\"wp-block-separator has-css-opacity is-style-wide\"\/>\n\n\n\n<ul class=\"wp-block-list\">\n<li><strong><strong><strong><strong><strong><strong><strong>Ornaz Vadisi<\/strong><\/strong><\/strong><\/strong><\/strong><\/strong><\/strong> <strong>Adres<\/strong>\u00a0:\u00a0Ba\u015fkarc\u0131, Erenler Cd., 20050 Merkezefendi\/Denizli <strong><em><a href=\"https:\/\/www.google.com\/maps?daddr=37.76958895826084,28.978412992055873\">Konum Bilgisi<\/a><\/em><\/strong><\/li>\n\n\n\n<li><strong><strong><strong><strong><strong><strong><strong>Ornaz Vadisi<\/strong><\/strong><\/strong><\/strong><\/strong><\/strong><\/strong> <strong>Detayl\u0131 Bilgi :<\/strong>\u00a0Detayl\u0131 Bilgiler i\u00e7in\u00a0<strong><em><strong><strong><strong><strong><strong><strong><a href=\"https:\/\/geziyoo.co\/listing\/ornaz-vadisi-kamp-alani\/\">Ornaz Vadisi<\/a><\/strong><\/strong><\/strong><\/strong><\/strong><\/strong><\/em><\/strong>\u00a0sayfam\u0131za bakabilirsiniz.<\/li>\n<\/ul>\n\n\n\n<hr class=\"wp-block-separator has-css-opacity is-style-wide\"\/>\n\n\n\n<h3 class=\"wp-block-heading\">Bunlar\u0131 da Sevebilirsiniz;<\/h3>\n\n\n<ul class=\"wp-block-latest-posts__list wp-block-latest-posts\"><li><a class=\"wp-block-latest-posts__post-title\" href=\"http:\/\/geziyoo.co\/blog\/batman-kamp-alanlari\/\">Batman ve \u00c7evresi Do\u011fa \u0130\u00e7inde 4 Kamp Noktas\u0131 (Konum ve \u0130pu\u00e7lar\u0131)<\/a><\/li>\n<li><a class=\"wp-block-latest-posts__post-title\" href=\"http:\/\/geziyoo.co\/blog\/ayder-yaylasi-kamp-alanlari-ve-karavan-alanlari\/\">Ayder Yaylas\u0131 ve \u00c7evresi 2 Kamp Noktas\u0131 (Konum ve \u0130pu\u00e7lar\u0131)<\/a><\/li>\n<li><a class=\"wp-block-latest-posts__post-title\" href=\"http:\/\/geziyoo.co\/blog\/ardesen-kamp-alanlari-ve-karavan-alanlari\/\">Arde\u015fen ve F\u0131rt\u0131na Vadisi Giri\u015fi 5 Kamp Noktas\u0131 (Konum ve \u0130pu\u00e7lar\u0131)<\/a><\/li>\n<\/ul>","protected":false},"excerpt":{"rendered":"<p>Denizli, turizm d\u00fcnyas\u0131nda Pamukkale\u2019nin beyazl\u0131\u011f\u0131yla \u00f6zde\u015fle\u015fmi\u015f olsa da, kamp ve karavan tutkunlar\u0131 i\u00e7in \u015fehrin as\u0131l rengi &#8220;Yayla Ye\u015fili&#8221;dir. \u015eehir merkezi ve Pamukkale yaz\u0131n Ege s\u0131ca\u011f\u0131n\u0131 hissederken, sadece 30 dakika mesafedeki Ba\u011fba\u015f\u0131, Kefe veya Cankurtaran yaylalar\u0131 1500 metre rak\u0131mlar\u0131yla do\u011fal klima etkisi yarat\u0131r. Bu co\u011frafya size ayn\u0131 g\u00fcn i\u00e7inde hem 35 derecelik termal suda y\u00fczme hem &hellip;<\/p>\n","protected":false},"author":1,"featured_media":11781,"comment_status":"open","ping_status":"closed","sticky":false,"template":"","format":"standard","meta":{"footnotes":""},"categories":[589,23],"tags":[],"class_list":["post-11778","post","type-post","status-publish","format-standard","has-post-thumbnail","hentry","category-kamp1","category-kamp-kamp-alanlari"],"yoast_head":"<!-- This site is optimized with the Yoast SEO plugin v26.9 - https:\/\/yoast.com\/product\/yoast-seo-wordpress\/ -->\n<title>Denizli\u2019de En \u0130yi 22 Kamp Alan\u0131: \u00dccretli, \u00dccretsiz ve Tesisli | Geziyoo<\/title>\n<meta name=\"description\" content=\"Denizli Pamukkale, Ba\u011fba\u015f\u0131 ve Kefe yaylalar\u0131, I\u015f\u0131kl\u0131 ve Salda g\u00f6l\u00fc \u00e7evresi, \u00c7ameli ve Honaz Da\u011f\u0131 dahil \u00fccretli ve \u00fccretsiz 22 kamp alan\u0131n\u0131 listeledik. Konumlar Geziyoo&#039;da.\" \/>\n<meta name=\"robots\" content=\"index, follow, max-snippet:-1, max-image-preview:large, max-video-preview:-1\" \/>\n<link rel=\"canonical\" href=\"http:\/\/geziyoo.co\/blog\/denizli-kamp-alanlari-ve-karavan-alanlari\/\" \/>\n<meta property=\"og:locale\" content=\"tr_TR\" \/>\n<meta property=\"og:type\" content=\"article\" \/>\n<meta property=\"og:title\" content=\"Denizli\u2019de En \u0130yi 22 Kamp Alan\u0131: \u00dccretli, \u00dccretsiz ve Tesisli | Geziyoo\" \/>\n<meta property=\"og:description\" content=\"Denizli Pamukkale, Ba\u011fba\u015f\u0131 ve Kefe yaylalar\u0131, I\u015f\u0131kl\u0131 ve Salda g\u00f6l\u00fc \u00e7evresi, \u00c7ameli ve Honaz Da\u011f\u0131 dahil \u00fccretli ve \u00fccretsiz 22 kamp alan\u0131n\u0131 listeledik. Konumlar Geziyoo&#039;da.\" \/>\n<meta property=\"og:url\" content=\"http:\/\/geziyoo.co\/blog\/denizli-kamp-alanlari-ve-karavan-alanlari\/\" \/>\n<meta property=\"og:site_name\" content=\"Geziyoo.co\" \/>\n<meta property=\"article:publisher\" content=\"https:\/\/www.facebook.com\/Geziyooco\" \/>\n<meta property=\"article:author\" content=\"https:\/\/www.facebook.com\/geziyoo.co\" \/>\n<meta property=\"article:published_time\" content=\"2023-03-19T04:23:44+00:00\" \/>\n<meta property=\"article:modified_time\" content=\"2026-01-29T12:43:00+00:00\" \/>\n<meta property=\"og:image\" content=\"http:\/\/geziyoo.co\/blog\/wp-content\/uploads\/2023\/03\/Kolak-Golu-Kamp-Alani.jpg\" \/>\n\t<meta property=\"og:image:width\" content=\"800\" \/>\n\t<meta property=\"og:image:height\" content=\"450\" \/>\n\t<meta property=\"og:image:type\" content=\"image\/jpeg\" \/>\n<meta name=\"author\" content=\"Geziyoo\" \/>\n<meta name=\"twitter:card\" content=\"summary_large_image\" \/>\n<meta name=\"twitter:creator\" content=\"@https:\/\/twitter.com\/geziyoo\" \/>\n<meta name=\"twitter:site\" content=\"@geziyoo\" \/>\n<meta name=\"twitter:label1\" content=\"Yazan:\" \/>\n\t<meta name=\"twitter:data1\" content=\"Geziyoo\" \/>\n\t<meta name=\"twitter:label2\" content=\"Tahmini okuma s\u00fcresi\" \/>\n\t<meta name=\"twitter:data2\" content=\"18 dakika\" \/>\n<script type=\"application\/ld+json\" class=\"yoast-schema-graph\">{\"@context\":\"https:\/\/schema.org\",\"@graph\":[{\"@type\":\"Article\",\"@id\":\"http:\/\/geziyoo.co\/blog\/denizli-kamp-alanlari-ve-karavan-alanlari\/#article\",\"isPartOf\":{\"@id\":\"http:\/\/geziyoo.co\/blog\/denizli-kamp-alanlari-ve-karavan-alanlari\/\"},\"author\":{\"name\":\"Geziyoo\",\"@id\":\"https:\/\/geziyoo.co\/blog\/#\/schema\/person\/032acb2436540ed14784e7d978aef0e4\"},\"headline\":\"Denizli Geneli \u00dccretli ve \u00dccretsiz 22+ Kamp Alan\u0131 (\u0130leti\u015fim ve Konum)\",\"datePublished\":\"2023-03-19T04:23:44+00:00\",\"dateModified\":\"2026-01-29T12:43:00+00:00\",\"mainEntityOfPage\":{\"@id\":\"http:\/\/geziyoo.co\/blog\/denizli-kamp-alanlari-ve-karavan-alanlari\/\"},\"wordCount\":2745,\"commentCount\":0,\"publisher\":{\"@id\":\"https:\/\/geziyoo.co\/blog\/#organization\"},\"image\":{\"@id\":\"http:\/\/geziyoo.co\/blog\/denizli-kamp-alanlari-ve-karavan-alanlari\/#primaryimage\"},\"thumbnailUrl\":\"http:\/\/geziyoo.co\/blog\/wp-content\/uploads\/2023\/03\/Kolak-Golu-Kamp-Alani.jpg\",\"articleSection\":[\"Kamp\",\"Kamp Alanlar\u0131\"],\"inLanguage\":\"tr\",\"potentialAction\":[{\"@type\":\"CommentAction\",\"name\":\"Comment\",\"target\":[\"http:\/\/geziyoo.co\/blog\/denizli-kamp-alanlari-ve-karavan-alanlari\/#respond\"]}]},{\"@type\":\"WebPage\",\"@id\":\"http:\/\/geziyoo.co\/blog\/denizli-kamp-alanlari-ve-karavan-alanlari\/\",\"url\":\"http:\/\/geziyoo.co\/blog\/denizli-kamp-alanlari-ve-karavan-alanlari\/\",\"name\":\"Denizli\u2019de En \u0130yi 22 Kamp Alan\u0131: \u00dccretli, \u00dccretsiz ve Tesisli | Geziyoo\",\"isPartOf\":{\"@id\":\"https:\/\/geziyoo.co\/blog\/#website\"},\"primaryImageOfPage\":{\"@id\":\"http:\/\/geziyoo.co\/blog\/denizli-kamp-alanlari-ve-karavan-alanlari\/#primaryimage\"},\"image\":{\"@id\":\"http:\/\/geziyoo.co\/blog\/denizli-kamp-alanlari-ve-karavan-alanlari\/#primaryimage\"},\"thumbnailUrl\":\"http:\/\/geziyoo.co\/blog\/wp-content\/uploads\/2023\/03\/Kolak-Golu-Kamp-Alani.jpg\",\"datePublished\":\"2023-03-19T04:23:44+00:00\",\"dateModified\":\"2026-01-29T12:43:00+00:00\",\"description\":\"Denizli Pamukkale, Ba\u011fba\u015f\u0131 ve Kefe yaylalar\u0131, I\u015f\u0131kl\u0131 ve Salda g\u00f6l\u00fc \u00e7evresi, \u00c7ameli ve Honaz Da\u011f\u0131 dahil \u00fccretli ve \u00fccretsiz 22 kamp alan\u0131n\u0131 listeledik. Konumlar Geziyoo'da.\",\"breadcrumb\":{\"@id\":\"http:\/\/geziyoo.co\/blog\/denizli-kamp-alanlari-ve-karavan-alanlari\/#breadcrumb\"},\"inLanguage\":\"tr\",\"potentialAction\":[{\"@type\":\"ReadAction\",\"target\":[\"http:\/\/geziyoo.co\/blog\/denizli-kamp-alanlari-ve-karavan-alanlari\/\"]}]},{\"@type\":\"ImageObject\",\"inLanguage\":\"tr\",\"@id\":\"http:\/\/geziyoo.co\/blog\/denizli-kamp-alanlari-ve-karavan-alanlari\/#primaryimage\",\"url\":\"http:\/\/geziyoo.co\/blog\/wp-content\/uploads\/2023\/03\/Kolak-Golu-Kamp-Alani.jpg\",\"contentUrl\":\"http:\/\/geziyoo.co\/blog\/wp-content\/uploads\/2023\/03\/Kolak-Golu-Kamp-Alani.jpg\",\"width\":800,\"height\":450},{\"@type\":\"BreadcrumbList\",\"@id\":\"http:\/\/geziyoo.co\/blog\/denizli-kamp-alanlari-ve-karavan-alanlari\/#breadcrumb\",\"itemListElement\":[{\"@type\":\"ListItem\",\"position\":1,\"name\":\"Ana sayfa\",\"item\":\"https:\/\/geziyoo.co\/blog\/\"},{\"@type\":\"ListItem\",\"position\":2,\"name\":\"Denizli Geneli \u00dccretli ve \u00dccretsiz 22+ Kamp Alan\u0131 (\u0130leti\u015fim ve Konum)\"}]},{\"@type\":\"WebSite\",\"@id\":\"https:\/\/geziyoo.co\/blog\/#website\",\"url\":\"https:\/\/geziyoo.co\/blog\/\",\"name\":\"Geziyoo Blog\",\"description\":\"GeziYoo Blog&#039;da T\u00fcrkiye&#039;nin en iyi kamp alanlar\u0131ndan bungalov tatillerine, karavan ipu\u00e7lar\u0131ndan gezi rehberlerine kadar her t\u00fcrl\u00fc do\u011fa deneyimini ke\u015ffedin.\",\"publisher\":{\"@id\":\"https:\/\/geziyoo.co\/blog\/#organization\"},\"potentialAction\":[{\"@type\":\"SearchAction\",\"target\":{\"@type\":\"EntryPoint\",\"urlTemplate\":\"https:\/\/geziyoo.co\/blog\/?s={search_term_string}\"},\"query-input\":{\"@type\":\"PropertyValueSpecification\",\"valueRequired\":true,\"valueName\":\"search_term_string\"}}],\"inLanguage\":\"tr\"},{\"@type\":\"Organization\",\"@id\":\"https:\/\/geziyoo.co\/blog\/#organization\",\"name\":\"Geziyoo.co\",\"url\":\"https:\/\/geziyoo.co\/blog\/\",\"logo\":{\"@type\":\"ImageObject\",\"inLanguage\":\"tr\",\"@id\":\"https:\/\/geziyoo.co\/blog\/#\/schema\/logo\/image\/\",\"url\":\"https:\/\/geziyoo.co\/blog\/wp-content\/uploads\/2025\/01\/Paragraf-metniniz-3.png\",\"contentUrl\":\"https:\/\/geziyoo.co\/blog\/wp-content\/uploads\/2025\/01\/Paragraf-metniniz-3.png\",\"width\":270,\"height\":50,\"caption\":\"Geziyoo.co\"},\"image\":{\"@id\":\"https:\/\/geziyoo.co\/blog\/#\/schema\/logo\/image\/\"},\"sameAs\":[\"https:\/\/www.facebook.com\/Geziyooco\",\"https:\/\/x.com\/geziyoo\",\"https:\/\/tr.pinterest.com\/geziyooco\/\",\"https:\/\/www.youtube.com\/@geziyoo\",\"https:\/\/www.instagram.com\/geziyoo.co\/\"]},{\"@type\":\"Person\",\"@id\":\"https:\/\/geziyoo.co\/blog\/#\/schema\/person\/032acb2436540ed14784e7d978aef0e4\",\"name\":\"Geziyoo\",\"image\":{\"@type\":\"ImageObject\",\"inLanguage\":\"tr\",\"@id\":\"https:\/\/geziyoo.co\/blog\/#\/schema\/person\/image\/\",\"url\":\"https:\/\/secure.gravatar.com\/avatar\/ae212a4514471fdb8cab6e5af4f3c99b940a2d0a16713ea0392c8d7c8a64f30a?s=96&d=mm&r=g\",\"contentUrl\":\"https:\/\/secure.gravatar.com\/avatar\/ae212a4514471fdb8cab6e5af4f3c99b940a2d0a16713ea0392c8d7c8a64f30a?s=96&d=mm&r=g\",\"caption\":\"Geziyoo\"},\"description\":\"Do\u011fa ile i\u00e7 i\u00e7e olabilece\u011finiz yerler,do\u011fa aktivite alanlar\u0131,kamp alanlar\u0131,bungalov oteller,Tiny House Oteller, Galampingler ve da\u011f evlerinin herkes i\u00e7in ula\u015f\u0131labilir olmas\u0131n\u0131 sa\u011flamak amac\u0131yla Geziyoo\u2019ya 2019 y\u0131l\u0131nda ba\u015flad\u0131k.Do\u011fal Tatil konseptini uygulayan en geni\u015f kapsaml\u0131 sitedir.\",\"sameAs\":[\"https:\/\/geziyoo.co\/\",\"https:\/\/www.facebook.com\/geziyoo.co\",\"https:\/\/www.instagram.com\/geziyoo.co\/\",\"https:\/\/tr.pinterest.com\/geziyooco\/\",\"https:\/\/x.com\/https:\/\/twitter.com\/geziyoo\",\"https:\/\/www.youtube.com\/channel\/UCdiSMa6pe17KEY7DP1Ug4ag\"]}]}<\/script>\n<!-- \/ Yoast SEO plugin. -->","yoast_head_json":{"title":"Denizli\u2019de En \u0130yi 22 Kamp Alan\u0131: \u00dccretli, \u00dccretsiz ve Tesisli | Geziyoo","description":"Denizli Pamukkale, Ba\u011fba\u015f\u0131 ve Kefe yaylalar\u0131, I\u015f\u0131kl\u0131 ve Salda g\u00f6l\u00fc \u00e7evresi, \u00c7ameli ve Honaz Da\u011f\u0131 dahil \u00fccretli ve \u00fccretsiz 22 kamp alan\u0131n\u0131 listeledik. Konumlar Geziyoo'da.","robots":{"index":"index","follow":"follow","max-snippet":"max-snippet:-1","max-image-preview":"max-image-preview:large","max-video-preview":"max-video-preview:-1"},"canonical":"http:\/\/geziyoo.co\/blog\/denizli-kamp-alanlari-ve-karavan-alanlari\/","og_locale":"tr_TR","og_type":"article","og_title":"Denizli\u2019de En \u0130yi 22 Kamp Alan\u0131: \u00dccretli, \u00dccretsiz ve Tesisli | Geziyoo","og_description":"Denizli Pamukkale, Ba\u011fba\u015f\u0131 ve Kefe yaylalar\u0131, I\u015f\u0131kl\u0131 ve Salda g\u00f6l\u00fc \u00e7evresi, \u00c7ameli ve Honaz Da\u011f\u0131 dahil \u00fccretli ve \u00fccretsiz 22 kamp alan\u0131n\u0131 listeledik. Konumlar Geziyoo'da.","og_url":"http:\/\/geziyoo.co\/blog\/denizli-kamp-alanlari-ve-karavan-alanlari\/","og_site_name":"Geziyoo.co","article_publisher":"https:\/\/www.facebook.com\/Geziyooco","article_author":"https:\/\/www.facebook.com\/geziyoo.co","article_published_time":"2023-03-19T04:23:44+00:00","article_modified_time":"2026-01-29T12:43:00+00:00","og_image":[{"width":800,"height":450,"url":"http:\/\/geziyoo.co\/blog\/wp-content\/uploads\/2023\/03\/Kolak-Golu-Kamp-Alani.jpg","type":"image\/jpeg"}],"author":"Geziyoo","twitter_card":"summary_large_image","twitter_creator":"@https:\/\/twitter.com\/geziyoo","twitter_site":"@geziyoo","twitter_misc":{"Yazan:":"Geziyoo","Tahmini okuma s\u00fcresi":"18 dakika"},"schema":{"@context":"https:\/\/schema.org","@graph":[{"@type":"Article","@id":"http:\/\/geziyoo.co\/blog\/denizli-kamp-alanlari-ve-karavan-alanlari\/#article","isPartOf":{"@id":"http:\/\/geziyoo.co\/blog\/denizli-kamp-alanlari-ve-karavan-alanlari\/"},"author":{"name":"Geziyoo","@id":"https:\/\/geziyoo.co\/blog\/#\/schema\/person\/032acb2436540ed14784e7d978aef0e4"},"headline":"Denizli Geneli \u00dccretli ve \u00dccretsiz 22+ Kamp Alan\u0131 (\u0130leti\u015fim ve Konum)","datePublished":"2023-03-19T04:23:44+00:00","dateModified":"2026-01-29T12:43:00+00:00","mainEntityOfPage":{"@id":"http:\/\/geziyoo.co\/blog\/denizli-kamp-alanlari-ve-karavan-alanlari\/"},"wordCount":2745,"commentCount":0,"publisher":{"@id":"https:\/\/geziyoo.co\/blog\/#organization"},"image":{"@id":"http:\/\/geziyoo.co\/blog\/denizli-kamp-alanlari-ve-karavan-alanlari\/#primaryimage"},"thumbnailUrl":"http:\/\/geziyoo.co\/blog\/wp-content\/uploads\/2023\/03\/Kolak-Golu-Kamp-Alani.jpg","articleSection":["Kamp","Kamp Alanlar\u0131"],"inLanguage":"tr","potentialAction":[{"@type":"CommentAction","name":"Comment","target":["http:\/\/geziyoo.co\/blog\/denizli-kamp-alanlari-ve-karavan-alanlari\/#respond"]}]},{"@type":"WebPage","@id":"http:\/\/geziyoo.co\/blog\/denizli-kamp-alanlari-ve-karavan-alanlari\/","url":"http:\/\/geziyoo.co\/blog\/denizli-kamp-alanlari-ve-karavan-alanlari\/","name":"Denizli\u2019de En \u0130yi 22 Kamp Alan\u0131: \u00dccretli, \u00dccretsiz ve Tesisli | Geziyoo","isPartOf":{"@id":"https:\/\/geziyoo.co\/blog\/#website"},"primaryImageOfPage":{"@id":"http:\/\/geziyoo.co\/blog\/denizli-kamp-alanlari-ve-karavan-alanlari\/#primaryimage"},"image":{"@id":"http:\/\/geziyoo.co\/blog\/denizli-kamp-alanlari-ve-karavan-alanlari\/#primaryimage"},"thumbnailUrl":"http:\/\/geziyoo.co\/blog\/wp-content\/uploads\/2023\/03\/Kolak-Golu-Kamp-Alani.jpg","datePublished":"2023-03-19T04:23:44+00:00","dateModified":"2026-01-29T12:43:00+00:00","description":"Denizli Pamukkale, Ba\u011fba\u015f\u0131 ve Kefe yaylalar\u0131, I\u015f\u0131kl\u0131 ve Salda g\u00f6l\u00fc \u00e7evresi, \u00c7ameli ve Honaz Da\u011f\u0131 dahil \u00fccretli ve \u00fccretsiz 22 kamp alan\u0131n\u0131 listeledik. Konumlar Geziyoo'da.","breadcrumb":{"@id":"http:\/\/geziyoo.co\/blog\/denizli-kamp-alanlari-ve-karavan-alanlari\/#breadcrumb"},"inLanguage":"tr","potentialAction":[{"@type":"ReadAction","target":["http:\/\/geziyoo.co\/blog\/denizli-kamp-alanlari-ve-karavan-alanlari\/"]}]},{"@type":"ImageObject","inLanguage":"tr","@id":"http:\/\/geziyoo.co\/blog\/denizli-kamp-alanlari-ve-karavan-alanlari\/#primaryimage","url":"http:\/\/geziyoo.co\/blog\/wp-content\/uploads\/2023\/03\/Kolak-Golu-Kamp-Alani.jpg","contentUrl":"http:\/\/geziyoo.co\/blog\/wp-content\/uploads\/2023\/03\/Kolak-Golu-Kamp-Alani.jpg","width":800,"height":450},{"@type":"BreadcrumbList","@id":"http:\/\/geziyoo.co\/blog\/denizli-kamp-alanlari-ve-karavan-alanlari\/#breadcrumb","itemListElement":[{"@type":"ListItem","position":1,"name":"Ana sayfa","item":"https:\/\/geziyoo.co\/blog\/"},{"@type":"ListItem","position":2,"name":"Denizli Geneli \u00dccretli ve \u00dccretsiz 22+ Kamp Alan\u0131 (\u0130leti\u015fim ve Konum)"}]},{"@type":"WebSite","@id":"https:\/\/geziyoo.co\/blog\/#website","url":"https:\/\/geziyoo.co\/blog\/","name":"Geziyoo Blog","description":"GeziYoo Blog&#039;da T\u00fcrkiye&#039;nin en iyi kamp alanlar\u0131ndan bungalov tatillerine, karavan ipu\u00e7lar\u0131ndan gezi rehberlerine kadar her t\u00fcrl\u00fc do\u011fa deneyimini ke\u015ffedin.","publisher":{"@id":"https:\/\/geziyoo.co\/blog\/#organization"},"potentialAction":[{"@type":"SearchAction","target":{"@type":"EntryPoint","urlTemplate":"https:\/\/geziyoo.co\/blog\/?s={search_term_string}"},"query-input":{"@type":"PropertyValueSpecification","valueRequired":true,"valueName":"search_term_string"}}],"inLanguage":"tr"},{"@type":"Organization","@id":"https:\/\/geziyoo.co\/blog\/#organization","name":"Geziyoo.co","url":"https:\/\/geziyoo.co\/blog\/","logo":{"@type":"ImageObject","inLanguage":"tr","@id":"https:\/\/geziyoo.co\/blog\/#\/schema\/logo\/image\/","url":"https:\/\/geziyoo.co\/blog\/wp-content\/uploads\/2025\/01\/Paragraf-metniniz-3.png","contentUrl":"https:\/\/geziyoo.co\/blog\/wp-content\/uploads\/2025\/01\/Paragraf-metniniz-3.png","width":270,"height":50,"caption":"Geziyoo.co"},"image":{"@id":"https:\/\/geziyoo.co\/blog\/#\/schema\/logo\/image\/"},"sameAs":["https:\/\/www.facebook.com\/Geziyooco","https:\/\/x.com\/geziyoo","https:\/\/tr.pinterest.com\/geziyooco\/","https:\/\/www.youtube.com\/@geziyoo","https:\/\/www.instagram.com\/geziyoo.co\/"]},{"@type":"Person","@id":"https:\/\/geziyoo.co\/blog\/#\/schema\/person\/032acb2436540ed14784e7d978aef0e4","name":"Geziyoo","image":{"@type":"ImageObject","inLanguage":"tr","@id":"https:\/\/geziyoo.co\/blog\/#\/schema\/person\/image\/","url":"https:\/\/secure.gravatar.com\/avatar\/ae212a4514471fdb8cab6e5af4f3c99b940a2d0a16713ea0392c8d7c8a64f30a?s=96&d=mm&r=g","contentUrl":"https:\/\/secure.gravatar.com\/avatar\/ae212a4514471fdb8cab6e5af4f3c99b940a2d0a16713ea0392c8d7c8a64f30a?s=96&d=mm&r=g","caption":"Geziyoo"},"description":"Do\u011fa ile i\u00e7 i\u00e7e olabilece\u011finiz yerler,do\u011fa aktivite alanlar\u0131,kamp alanlar\u0131,bungalov oteller,Tiny House Oteller, Galampingler ve da\u011f evlerinin herkes i\u00e7in ula\u015f\u0131labilir olmas\u0131n\u0131 sa\u011flamak amac\u0131yla Geziyoo\u2019ya 2019 y\u0131l\u0131nda ba\u015flad\u0131k.Do\u011fal Tatil konseptini uygulayan en geni\u015f kapsaml\u0131 sitedir.","sameAs":["https:\/\/geziyoo.co\/","https:\/\/www.facebook.com\/geziyoo.co","https:\/\/www.instagram.com\/geziyoo.co\/","https:\/\/tr.pinterest.com\/geziyooco\/","https:\/\/x.com\/https:\/\/twitter.com\/geziyoo","https:\/\/www.youtube.com\/channel\/UCdiSMa6pe17KEY7DP1Ug4ag"]}]}},"amp_enabled":true,"_links":{"self":[{"href":"http:\/\/geziyoo.co\/blog\/wp-json\/wp\/v2\/posts\/11778","targetHints":{"allow":["GET"]}}],"collection":[{"href":"http:\/\/geziyoo.co\/blog\/wp-json\/wp\/v2\/posts"}],"about":[{"href":"http:\/\/geziyoo.co\/blog\/wp-json\/wp\/v2\/types\/post"}],"author":[{"embeddable":true,"href":"http:\/\/geziyoo.co\/blog\/wp-json\/wp\/v2\/users\/1"}],"replies":[{"embeddable":true,"href":"http:\/\/geziyoo.co\/blog\/wp-json\/wp\/v2\/comments?post=11778"}],"version-history":[{"count":0,"href":"http:\/\/geziyoo.co\/blog\/wp-json\/wp\/v2\/posts\/11778\/revisions"}],"wp:featuredmedia":[{"embeddable":true,"href":"http:\/\/geziyoo.co\/blog\/wp-json\/wp\/v2\/media\/11781"}],"wp:attachment":[{"href":"http:\/\/geziyoo.co\/blog\/wp-json\/wp\/v2\/media?parent=11778"}],"wp:term":[{"taxonomy":"category","embeddable":true,"href":"http:\/\/geziyoo.co\/blog\/wp-json\/wp\/v2\/categories?post=11778"},{"taxonomy":"post_tag","embeddable":true,"href":"http:\/\/geziyoo.co\/blog\/wp-json\/wp\/v2\/tags?post=11778"}],"curies":[{"name":"wp","href":"https:\/\/api.w.org\/{rel}","templated":true}]}}