{"id":10946,"date":"2022-12-17T14:18:12","date_gmt":"2022-12-17T14:18:12","guid":{"rendered":"https:\/\/geziyoo.co\/blog\/?p=10946"},"modified":"2026-01-29T11:55:08","modified_gmt":"2026-01-29T11:55:08","slug":"geyve-kamp-alanlari-ve-karavan-alanlari","status":"publish","type":"post","link":"http:\/\/geziyoo.co\/blog\/geyve-kamp-alanlari-ve-karavan-alanlari\/","title":{"rendered":"Geyve Geneli \u00dccretli ve \u00dccretsiz 3+ Kamp Alan\u0131 (\u0130leti\u015fim ve Konum)"},"content":{"rendered":"\n<p><strong>Geyve<\/strong>, \u0130stanbul-Ankara hatt\u0131nda yolculuk edenlerin genellikle sadece ayva sat\u0131c\u0131lar\u0131n\u0131 g\u00f6rd\u00fc\u011f\u00fc, ancak i\u00e7ine girildi\u011finde Do\u011fan\u00e7ay \u015eelalesi gibi bir do\u011fa harikas\u0131n\u0131 saklayan s\u00fcrprizli bir il\u00e7edir. Tarihi \u0130pek Yolu \u00fczerinde bulunan il\u00e7e, Ali Fuat Pa\u015fa K\u00f6pr\u00fcs\u00fc ve Kuva-yi Milliye ruhunu ta\u015f\u0131yan tarihi dokusuyla k\u00fclt\u00fcr merakl\u0131lar\u0131n\u0131; K\u00f6m\u00fcrl\u00fck Yaylas\u0131 gibi y\u00fcksek rak\u0131ml\u0131 rotalar\u0131yla da do\u011fa tutkunlar\u0131n\u0131 cezbeder. \u00d6zellikle Do\u011fan\u00e7ay, tren yolu hatt\u0131 \u00fczerinde olmas\u0131yla foto\u011fraf\u00e7\u0131lar ve kamp\u00e7\u0131lar i\u00e7in ikonik bir manzaraya sahiptir.<\/p>\n\n\n\n<p>B\u00f6lgenin hem tar\u0131m hem de turizm odakl\u0131 olmas\u0131 nedeniyle &#8220;Do\u011fan\u00e7ay \u015eelalesi&#8217;nde kamp yasak m\u0131?&#8221;, &#8220;Sakarya Nehri kenar\u0131 batakl\u0131k m\u0131?&#8221;, &#8220;Yaylada su kayna\u011f\u0131 var m\u0131?&#8221; sorular\u0131 yola \u00e7\u0131kmadan \u00f6nce bilinmelidir. Do\u011fan\u00e7ay \u015eelalesi bir Tabiat Park\u0131 stat\u00fcs\u00fcnde oldu\u011fu i\u00e7in kamp alanlar\u0131 ve kurallar\u0131 mevsime g\u00f6re de\u011fi\u015febilir. Nehir kenar\u0131 ise \u00f6zellikle bal\u0131k tutkunlar\u0131 i\u00e7in idealdir ancak zemin kontrol\u00fc yap\u0131lmal\u0131d\u0131r.<\/p>\n\n\n\n<p>Biz Geziyoo olarak, Sakarya\u2019n\u0131n bu bereketli topraklar\u0131ndaki planlar\u0131n\u0131zda arac\u0131lar\u0131 tamamen aradan \u00e7\u0131kard\u0131k ve Geyve\u2019nin en net kamp rehberini haz\u0131rlad\u0131k. Listemizde hem <strong>hi\u00e7bir \u00fccret \u00f6demeden<\/strong> K\u00f6m\u00fcrl\u00fck Yaylas\u0131\u2019n\u0131n sessizli\u011finde veya Nehir kenar\u0131nda kalabilece\u011finiz do\u011fal alanlar\u0131, hem de <strong>giri\u015f \u00fccreti veya otopark bedeli<\/strong> kar\u015f\u0131l\u0131\u011f\u0131nda hizmet alabilece\u011finiz Do\u011fan\u00e7ay \u00e7evresindeki alanlar\u0131 bir araya getirdik. Sizi k\u00f6y muhtarlar\u0131yla veya i\u015fletmelerle <strong>do\u011frudan g\u00f6r\u00fc\u015ft\u00fcren<\/strong>, gitmeden \u00f6nce \u015felalenin debisini ve doluluk durumunu <strong>teyit etmenizi sa\u011flayan<\/strong> telefon numaralar\u0131n\u0131 i\u00e7eri\u011fimize ekledik.<\/p>\n\n\n\n<p>\u0130ster s\u0131rt \u00e7antan\u0131z\u0131 al\u0131p <strong>Do\u011fan\u00e7ay&#8217;\u0131n<\/strong> serinli\u011finde trekking yap\u0131n, ister oltan\u0131z\u0131 al\u0131p <strong>Sakarya Nehri&#8217;nde<\/strong> yay\u0131n bal\u0131\u011f\u0131 pe\u015fine d\u00fc\u015f\u00fcn; yola \u00e7\u0131kmadan \u00f6nce listedeki numaralardan bilgi almay\u0131 unutmay\u0131n. \u0130\u015fte Geyve\u2019nin en sevilen 3 kamp dura\u011f\u0131:<\/p>\n\n\n\n<p><strong>Geyve<\/strong>&nbsp;haricinde,Sakarya\u2019da ki kamp alanlar\u0131na bakmak i\u00e7in&nbsp;<strong><em><a href=\"https:\/\/geziyoo.co\/?select=Kamp+Alanlar%C4%B1&amp;lp_s_loc=234&amp;lp_s_tag=&amp;lp_s_cat=189&amp;s=home&amp;post_type=listing\">Sakarya Kamp Alanlar\u0131<\/a>&nbsp;<\/em><\/strong><em>i\u00e7eri\u011fimizi<\/em>&nbsp;kullanabilirsiniz.Unuttu\u011fumuz veya bilmedi\u011fimiz&nbsp;<strong>\u00c7ad\u0131r ve Karavan Kamp alan\u0131<\/strong>&nbsp;var ise l\u00fctfen yorumlar k\u0131sm\u0131ndan bizlerle payla\u015fs\u0131n.<\/p>\n\n\n\n<p>Unutmadan Sakarya veya&nbsp;<strong>Geyve<\/strong>&nbsp;haricinde Kamp Alan\u0131, Bungalov veya Da\u011f evi ar\u0131yorsan\u0131z ,&nbsp;<a href=\"https:\/\/geziyoo.co\/\" target=\"_blank\" rel=\"noreferrer noopener\"><em><strong>500\u2019den fazla Kamp ve Karavan Yeri<\/strong><\/em><\/a>&nbsp;sayfam\u0131za bakman\u0131z\u0131 tavsiye diyoruz.<\/p>\n\n\n\n<hr class=\"wp-block-separator has-css-opacity is-style-wide\"\/>\n\n\n\n<h2 class=\"wp-block-heading\">1.Do\u011fanc\u0131l Yaylas\u0131 Kamp Alan\u0131<\/h2>\n\n\n\n<figure class=\"wp-block-image size-large is-resized\"><img decoding=\"async\" width=\"598\" height=\"356\" data-src=\"https:\/\/geziyoo.co\/blog\/wp-content\/uploads\/2022\/12\/dogancil-yaylasi.jpg\" alt=\"Geyve Kamp Alanlar\u0131\" class=\"wp-image-10949 lazyload\" style=\"--smush-placeholder-width: 598px; --smush-placeholder-aspect-ratio: 598\/356;width:750px\" data-srcset=\"http:\/\/geziyoo.co\/blog\/wp-content\/uploads\/2022\/12\/dogancil-yaylasi.jpg 598w, http:\/\/geziyoo.co\/blog\/wp-content\/uploads\/2022\/12\/dogancil-yaylasi-300x179.jpg 300w\" data-sizes=\"(max-width: 598px) 100vw, 598px\" src=\"data:image\/gif;base64,R0lGODlhAQABAAAAACH5BAEKAAEALAAAAAABAAEAAAICTAEAOw==\" \/><figcaption class=\"wp-element-caption\">Geyve Kamp Alanlar\u0131<\/figcaption><\/figure>\n\n\n\n<p><strong>Geyve Kamp Alanlar\u0131<\/strong> i\u00e7eri\u011fimizin ilk s\u0131ras\u0131nda Do\u011fanc\u0131l Yaylas\u0131 Kamp Alan\u0131 bulunmakta.\u00dccretsiz olarak \u00e7ad\u0131r ve karavan kamp\u0131 yapabilece\u011finiz yerlerden bir tanesidir.<\/p>\n\n\n\n<p>Kafa dinlemeye bire bir olan bu kamo alan\u0131nda maalesef wc,du\u015f,elektrik gibi olanaklar yok.Kamp alan\u0131, merkeze yakla\u015f\u0131k olarak 35 kilometre uzakl\u0131kta bulunmaktad\u0131r.<\/p>\n\n\n\n<hr class=\"wp-block-separator has-css-opacity is-style-wide\"\/>\n\n\n\n<ul class=\"wp-block-list\">\n<li><strong><em><strong>Do\u011fanc\u0131l Yaylas\u0131<\/strong><\/em><\/strong>\u00a0<strong>Adres<\/strong>\u00a0:\u00a0\u00a0Do\u011fanc\u0131l 54700 Geyve\/Sakarya<\/li>\n\n\n\n<li><strong><em><strong>Do\u011fanc\u0131l Yaylas\u0131<\/strong><\/em><\/strong>\u00a0<strong>Detayl\u0131 Bilgi :<\/strong>\u00a0 Detayl\u0131 bilgiler i\u00e7in\u00a0<strong><em><strong><a href=\"https:\/\/geziyoo.co\/listing\/dogancil-yaylasi-kamp-alani\/\">Do\u011fanc\u0131l Yaylas\u0131<\/a><\/strong><\/em><\/strong>\u00a0sayfam\u0131za bak\u0131n\u0131z.<\/li>\n\n\n\n<li><strong><em><strong>Do\u011fanc\u0131l Yaylas\u0131<\/strong><\/em><\/strong> <strong>Konumu:<\/strong>\u00a0Yol Tarifi i\u00e7in\u00a0<em><strong><a href=\"https:\/\/www.google.com\/maps?daddr=40.477362995976705,30.45912329468847\">Konum<\/a>\u00a0<\/strong><\/em>ba\u011flant\u0131s\u0131na t\u0131klay\u0131n<\/li>\n<\/ul>\n\n\n\n<hr class=\"wp-block-separator has-css-opacity is-style-wide\"\/>\n\n\n\n<h2 class=\"wp-block-heading\">2.Belp\u0131nar K\u00f6y\u00fc Kamp Alan\u0131<\/h2>\n\n\n\n<figure class=\"wp-block-image size-large\"><img decoding=\"async\" width=\"786\" height=\"381\" data-src=\"https:\/\/geziyoo.co\/blog\/wp-content\/uploads\/2022\/12\/belpinar-kamp-alani.jpg\" alt=\"\" class=\"wp-image-10950 lazyload\" data-srcset=\"http:\/\/geziyoo.co\/blog\/wp-content\/uploads\/2022\/12\/belpinar-kamp-alani.jpg 786w, http:\/\/geziyoo.co\/blog\/wp-content\/uploads\/2022\/12\/belpinar-kamp-alani-300x145.jpg 300w, http:\/\/geziyoo.co\/blog\/wp-content\/uploads\/2022\/12\/belpinar-kamp-alani-768x372.jpg 768w\" data-sizes=\"(max-width: 786px) 100vw, 786px\" src=\"data:image\/gif;base64,R0lGODlhAQABAAAAACH5BAEKAAEALAAAAAABAAEAAAICTAEAOw==\" style=\"--smush-placeholder-width: 786px; --smush-placeholder-aspect-ratio: 786\/381;\" \/><\/figure>\n\n\n\n<p><strong>Belp\u0131nar K\u00f6y\u00fc Kamp Alan\u0131<\/strong>&nbsp;Sakarya Geyve\u2019de yer alan \u00fccretsiz olarak do\u011fayla i\u00e7 i\u00e7e kamp yapma f\u0131rsat\u0131 veren kamp yerlerinden birisidir.<\/p>\n\n\n\n<p>\u00c7ad\u0131r kamp\u0131 ve karavan kamp\u0131 i\u00e7in uygun olan yerlerden birisidir.Kamp alan\u0131 il\u00e7e merkezine yakla\u015f\u0131k 10 kilometre uzakl\u0131kta yer almaktad\u0131r. Belp\u0131nar K\u00f6y\u00fc\u2019ne Adapazar\u0131-Bilecik yolu \u00fczerinden rahatl\u0131kla ula\u015fabilirsiniz.<\/p>\n\n\n\n<hr class=\"wp-block-separator has-css-opacity is-style-wide\"\/>\n\n\n\n<ul class=\"wp-block-list\">\n<li><strong><em><strong><strong>Belp\u0131nar K\u00f6y\u00fc<\/strong><\/strong><\/em><\/strong>\u00a0<strong>Adres<\/strong>\u00a0:\u00a0\u00a054700 Geyve\/Sakarya<\/li>\n\n\n\n<li><strong><em><strong><strong>Belp\u0131nar K\u00f6y\u00fc<\/strong><\/strong><\/em><\/strong>\u00a0<strong>Detayl\u0131 Bilgi :<\/strong>\u00a0 Detayl\u0131 bilgiler i\u00e7in\u00a0<strong><em><strong><strong><em><strong><a href=\"https:\/\/geziyoo.co\/listing\/belpinar-koyu-kamp-alani\/\">Belp\u0131nar K\u00f6y\u00fc<\/a><\/strong><\/em><\/strong><\/strong><\/em><\/strong>\u00a0sayfam\u0131za bak\u0131n\u0131z.<\/li>\n\n\n\n<li><strong><em><strong><strong>Belp\u0131nar K\u00f6y\u00fc<\/strong><\/strong><\/em><\/strong> <strong>Konumu:<\/strong>\u00a0Yol Tarifi i\u00e7in\u00a0<em><strong><a href=\"https:\/\/www.google.com\/maps?daddr=40.53852909082092,%2030.490309045149846\">Konum<\/a>\u00a0<\/strong><\/em>ba\u011flant\u0131s\u0131na t\u0131klay\u0131n<\/li>\n<\/ul>\n\n\n\n<hr class=\"wp-block-separator has-css-opacity is-style-wide\"\/>\n\n\n\n<h2 class=\"wp-block-heading\">3.Yan\u0131k Yaylas\u0131 Kamp Alan\u0131<\/h2>\n\n\n\n<figure class=\"wp-block-image size-large is-resized\"><img decoding=\"async\" width=\"533\" height=\"357\" data-src=\"https:\/\/geziyoo.co\/blog\/wp-content\/uploads\/2022\/12\/geyve-kamp-alanlari.jpg\" alt=\"\" class=\"wp-image-10952 lazyload\" style=\"--smush-placeholder-width: 533px; --smush-placeholder-aspect-ratio: 533\/357;width:750px\" data-srcset=\"http:\/\/geziyoo.co\/blog\/wp-content\/uploads\/2022\/12\/geyve-kamp-alanlari.jpg 533w, http:\/\/geziyoo.co\/blog\/wp-content\/uploads\/2022\/12\/geyve-kamp-alanlari-300x201.jpg 300w\" data-sizes=\"(max-width: 533px) 100vw, 533px\" src=\"data:image\/gif;base64,R0lGODlhAQABAAAAACH5BAEKAAEALAAAAAABAAEAAAICTAEAOw==\" \/><\/figure>\n\n\n\n<p>Geyve Kamp Alanlar\u0131 i\u00e7eri\u011fimizin son s\u0131ras\u0131nda Yan\u0131k Yaylas\u0131 Kamp Alan\u0131 yer almakta.<strong>Yan\u0131k Yaylas\u0131 Kamp Alan\u0131<\/strong>&nbsp;<strong>Sakarya Geyve&#8217;de yer alan kamp yerlerinden birisidir.\u00dccretsiz olarak \u00e7ad\u0131r kamp\u0131 ve karavan kamp\u0131 yapabilirsiniz.<\/strong><\/p>\n\n\n\n<p>Akyaz\u0131 il\u00e7esi Hanyatak K\u00f6y\u00fc s\u0131n\u0131rlar\u0131nda olan yayla, di\u011fer yaylalardan fark\u0131 yerle\u015fim yerlerinden oldu\u011fu. Y\u0131l\u0131n t\u00fcm ay\u0131 burada ya\u015fayan mutlaka birka\u00e7 yayla sakinine rastlayabilirsiniz.<\/p>\n\n\n\n<hr class=\"wp-block-separator has-css-opacity is-style-wide\"\/>\n\n\n\n<ul class=\"wp-block-list\">\n<li><strong><em><strong><strong>Yan\u0131k Yaylas\u0131<\/strong><\/strong><\/em><\/strong>\u00a0<strong>Adres<\/strong>\u00a0:\u00a054700 Geyve\/Sakarya<\/li>\n\n\n\n<li><strong><em><strong><strong>Yan\u0131k Yaylas\u0131<\/strong><\/strong><\/em><\/strong>\u00a0<strong>Detayl\u0131 Bilgi :<\/strong>\u00a0 Detayl\u0131 bilgiler i\u00e7in <strong><em><a href=\"https:\/\/geziyoo.co\/listing\/yanik-yaylasi-kamp-alani\/\">Yan\u0131k Yaylas\u0131<\/a><\/em><\/strong>\u00a0sayfam\u0131za bak\u0131n\u0131z.<\/li>\n\n\n\n<li><strong><em><strong><strong>Yan\u0131k Yaylas\u0131<\/strong><\/strong><\/em><\/strong> <strong>Konumu:<\/strong>\u00a0Yol Tarifi i\u00e7in\u00a0<em><strong><a href=\"https:\/\/www.google.com\/maps?daddr=40.527193330659976,30.565121119065424\">Konum<\/a>\u00a0<\/strong><\/em>ba\u011flant\u0131s\u0131na t\u0131klay\u0131n<\/li>\n<\/ul>\n\n\n\n<hr class=\"wp-block-separator has-css-opacity is-style-wide\"\/>\n\n\n\n<p><strong>Geyve Kamp Alanlar\u0131<\/strong>&nbsp;i\u00e7eri\u011fimizin sonuna geldik sizlere Sakarya Geyve\u2019de kamp yapabilece\u011finiz \u00fccretli ve \u00fccretsiz kamp alanlar\u0131n\u0131 aktarmaya \u00e7al\u0131\u015ft\u0131k.Umar\u0131z i\u00e7eri\u011fimiz sizlere faydal\u0131 olabilmi\u015ftir.<\/p>\n","protected":false},"excerpt":{"rendered":"<p>Geyve, \u0130stanbul-Ankara hatt\u0131nda yolculuk edenlerin genellikle sadece ayva sat\u0131c\u0131lar\u0131n\u0131 g\u00f6rd\u00fc\u011f\u00fc, ancak i\u00e7ine girildi\u011finde Do\u011fan\u00e7ay \u015eelalesi gibi bir do\u011fa harikas\u0131n\u0131 saklayan s\u00fcrprizli bir il\u00e7edir. Tarihi \u0130pek Yolu \u00fczerinde bulunan il\u00e7e, Ali Fuat Pa\u015fa K\u00f6pr\u00fcs\u00fc ve Kuva-yi Milliye ruhunu ta\u015f\u0131yan tarihi dokusuyla k\u00fclt\u00fcr merakl\u0131lar\u0131n\u0131; K\u00f6m\u00fcrl\u00fck Yaylas\u0131 gibi y\u00fcksek rak\u0131ml\u0131 rotalar\u0131yla da do\u011fa tutkunlar\u0131n\u0131 cezbeder. \u00d6zellikle Do\u011fan\u00e7ay, tren &hellip;<\/p>\n","protected":false},"author":1,"featured_media":10952,"comment_status":"open","ping_status":"closed","sticky":false,"template":"","format":"standard","meta":{"footnotes":""},"categories":[589,23],"tags":[],"class_list":["post-10946","post","type-post","status-publish","format-standard","has-post-thumbnail","hentry","category-kamp1","category-kamp-kamp-alanlari"],"yoast_head":"<!-- This site is optimized with the Yoast SEO plugin v26.9 - https:\/\/yoast.com\/product\/yoast-seo-wordpress\/ -->\n<title>Geyve\u2019de En \u0130yi 3 Kamp Alan\u0131: \u00dccretli, \u00dccretsiz ve Tesisli | Geziyoo<\/title>\n<meta name=\"description\" content=\"Sakarya Geyve, Do\u011fan\u00e7ay \u015eelalesi Tabiat Park\u0131, K\u00f6m\u00fcrl\u00fck Yaylas\u0131 ve Sakarya Nehri k\u0131y\u0131s\u0131 dahil \u00fccretli ve \u00fccretsiz 3 kamp alan\u0131n\u0131 listeledik. Konumlar Geziyoo&#039;da.\" \/>\n<meta name=\"robots\" content=\"index, follow, max-snippet:-1, max-image-preview:large, max-video-preview:-1\" \/>\n<link rel=\"canonical\" href=\"http:\/\/geziyoo.co\/blog\/geyve-kamp-alanlari-ve-karavan-alanlari\/\" \/>\n<meta property=\"og:locale\" content=\"tr_TR\" \/>\n<meta property=\"og:type\" content=\"article\" \/>\n<meta property=\"og:title\" content=\"Geyve\u2019de En \u0130yi 3 Kamp Alan\u0131: \u00dccretli, \u00dccretsiz ve Tesisli | Geziyoo\" \/>\n<meta property=\"og:description\" content=\"Sakarya Geyve, Do\u011fan\u00e7ay \u015eelalesi Tabiat Park\u0131, K\u00f6m\u00fcrl\u00fck Yaylas\u0131 ve Sakarya Nehri k\u0131y\u0131s\u0131 dahil \u00fccretli ve \u00fccretsiz 3 kamp alan\u0131n\u0131 listeledik. Konumlar Geziyoo&#039;da.\" \/>\n<meta property=\"og:url\" content=\"http:\/\/geziyoo.co\/blog\/geyve-kamp-alanlari-ve-karavan-alanlari\/\" \/>\n<meta property=\"og:site_name\" content=\"Geziyoo.co\" \/>\n<meta property=\"article:publisher\" content=\"https:\/\/www.facebook.com\/Geziyooco\" \/>\n<meta property=\"article:author\" content=\"https:\/\/www.facebook.com\/geziyoo.co\" \/>\n<meta property=\"article:published_time\" content=\"2022-12-17T14:18:12+00:00\" \/>\n<meta property=\"article:modified_time\" content=\"2026-01-29T11:55:08+00:00\" \/>\n<meta property=\"og:image\" content=\"http:\/\/geziyoo.co\/blog\/wp-content\/uploads\/2022\/12\/geyve-kamp-alanlari.jpg\" \/>\n\t<meta property=\"og:image:width\" content=\"533\" \/>\n\t<meta property=\"og:image:height\" content=\"357\" \/>\n\t<meta property=\"og:image:type\" content=\"image\/jpeg\" \/>\n<meta name=\"author\" content=\"Geziyoo\" \/>\n<meta name=\"twitter:card\" content=\"summary_large_image\" \/>\n<meta name=\"twitter:creator\" content=\"@https:\/\/twitter.com\/geziyoo\" \/>\n<meta name=\"twitter:site\" content=\"@geziyoo\" \/>\n<meta name=\"twitter:label1\" content=\"Yazan:\" \/>\n\t<meta name=\"twitter:data1\" content=\"Geziyoo\" \/>\n\t<meta name=\"twitter:label2\" content=\"Tahmini okuma s\u00fcresi\" \/>\n\t<meta name=\"twitter:data2\" content=\"4 dakika\" \/>\n<script type=\"application\/ld+json\" class=\"yoast-schema-graph\">{\"@context\":\"https:\/\/schema.org\",\"@graph\":[{\"@type\":\"Article\",\"@id\":\"http:\/\/geziyoo.co\/blog\/geyve-kamp-alanlari-ve-karavan-alanlari\/#article\",\"isPartOf\":{\"@id\":\"http:\/\/geziyoo.co\/blog\/geyve-kamp-alanlari-ve-karavan-alanlari\/\"},\"author\":{\"name\":\"Geziyoo\",\"@id\":\"https:\/\/geziyoo.co\/blog\/#\/schema\/person\/032acb2436540ed14784e7d978aef0e4\"},\"headline\":\"Geyve Geneli \u00dccretli ve \u00dccretsiz 3+ Kamp Alan\u0131 (\u0130leti\u015fim ve Konum)\",\"datePublished\":\"2022-12-17T14:18:12+00:00\",\"dateModified\":\"2026-01-29T11:55:08+00:00\",\"mainEntityOfPage\":{\"@id\":\"http:\/\/geziyoo.co\/blog\/geyve-kamp-alanlari-ve-karavan-alanlari\/\"},\"wordCount\":800,\"commentCount\":0,\"publisher\":{\"@id\":\"https:\/\/geziyoo.co\/blog\/#organization\"},\"image\":{\"@id\":\"http:\/\/geziyoo.co\/blog\/geyve-kamp-alanlari-ve-karavan-alanlari\/#primaryimage\"},\"thumbnailUrl\":\"http:\/\/geziyoo.co\/blog\/wp-content\/uploads\/2022\/12\/geyve-kamp-alanlari.jpg\",\"articleSection\":[\"Kamp\",\"Kamp Alanlar\u0131\"],\"inLanguage\":\"tr\",\"potentialAction\":[{\"@type\":\"CommentAction\",\"name\":\"Comment\",\"target\":[\"http:\/\/geziyoo.co\/blog\/geyve-kamp-alanlari-ve-karavan-alanlari\/#respond\"]}]},{\"@type\":\"WebPage\",\"@id\":\"http:\/\/geziyoo.co\/blog\/geyve-kamp-alanlari-ve-karavan-alanlari\/\",\"url\":\"http:\/\/geziyoo.co\/blog\/geyve-kamp-alanlari-ve-karavan-alanlari\/\",\"name\":\"Geyve\u2019de En \u0130yi 3 Kamp Alan\u0131: \u00dccretli, \u00dccretsiz ve Tesisli | Geziyoo\",\"isPartOf\":{\"@id\":\"https:\/\/geziyoo.co\/blog\/#website\"},\"primaryImageOfPage\":{\"@id\":\"http:\/\/geziyoo.co\/blog\/geyve-kamp-alanlari-ve-karavan-alanlari\/#primaryimage\"},\"image\":{\"@id\":\"http:\/\/geziyoo.co\/blog\/geyve-kamp-alanlari-ve-karavan-alanlari\/#primaryimage\"},\"thumbnailUrl\":\"http:\/\/geziyoo.co\/blog\/wp-content\/uploads\/2022\/12\/geyve-kamp-alanlari.jpg\",\"datePublished\":\"2022-12-17T14:18:12+00:00\",\"dateModified\":\"2026-01-29T11:55:08+00:00\",\"description\":\"Sakarya Geyve, Do\u011fan\u00e7ay \u015eelalesi Tabiat Park\u0131, K\u00f6m\u00fcrl\u00fck Yaylas\u0131 ve Sakarya Nehri k\u0131y\u0131s\u0131 dahil \u00fccretli ve \u00fccretsiz 3 kamp alan\u0131n\u0131 listeledik. Konumlar Geziyoo'da.\",\"breadcrumb\":{\"@id\":\"http:\/\/geziyoo.co\/blog\/geyve-kamp-alanlari-ve-karavan-alanlari\/#breadcrumb\"},\"inLanguage\":\"tr\",\"potentialAction\":[{\"@type\":\"ReadAction\",\"target\":[\"http:\/\/geziyoo.co\/blog\/geyve-kamp-alanlari-ve-karavan-alanlari\/\"]}]},{\"@type\":\"ImageObject\",\"inLanguage\":\"tr\",\"@id\":\"http:\/\/geziyoo.co\/blog\/geyve-kamp-alanlari-ve-karavan-alanlari\/#primaryimage\",\"url\":\"http:\/\/geziyoo.co\/blog\/wp-content\/uploads\/2022\/12\/geyve-kamp-alanlari.jpg\",\"contentUrl\":\"http:\/\/geziyoo.co\/blog\/wp-content\/uploads\/2022\/12\/geyve-kamp-alanlari.jpg\",\"width\":533,\"height\":357},{\"@type\":\"BreadcrumbList\",\"@id\":\"http:\/\/geziyoo.co\/blog\/geyve-kamp-alanlari-ve-karavan-alanlari\/#breadcrumb\",\"itemListElement\":[{\"@type\":\"ListItem\",\"position\":1,\"name\":\"Ana sayfa\",\"item\":\"https:\/\/geziyoo.co\/blog\/\"},{\"@type\":\"ListItem\",\"position\":2,\"name\":\"Geyve Geneli \u00dccretli ve \u00dccretsiz 3+ Kamp Alan\u0131 (\u0130leti\u015fim ve Konum)\"}]},{\"@type\":\"WebSite\",\"@id\":\"https:\/\/geziyoo.co\/blog\/#website\",\"url\":\"https:\/\/geziyoo.co\/blog\/\",\"name\":\"Geziyoo Blog\",\"description\":\"GeziYoo Blog&#039;da T\u00fcrkiye&#039;nin en iyi kamp alanlar\u0131ndan bungalov tatillerine, karavan ipu\u00e7lar\u0131ndan gezi rehberlerine kadar her t\u00fcrl\u00fc do\u011fa deneyimini ke\u015ffedin.\",\"publisher\":{\"@id\":\"https:\/\/geziyoo.co\/blog\/#organization\"},\"potentialAction\":[{\"@type\":\"SearchAction\",\"target\":{\"@type\":\"EntryPoint\",\"urlTemplate\":\"https:\/\/geziyoo.co\/blog\/?s={search_term_string}\"},\"query-input\":{\"@type\":\"PropertyValueSpecification\",\"valueRequired\":true,\"valueName\":\"search_term_string\"}}],\"inLanguage\":\"tr\"},{\"@type\":\"Organization\",\"@id\":\"https:\/\/geziyoo.co\/blog\/#organization\",\"name\":\"Geziyoo.co\",\"url\":\"https:\/\/geziyoo.co\/blog\/\",\"logo\":{\"@type\":\"ImageObject\",\"inLanguage\":\"tr\",\"@id\":\"https:\/\/geziyoo.co\/blog\/#\/schema\/logo\/image\/\",\"url\":\"https:\/\/geziyoo.co\/blog\/wp-content\/uploads\/2025\/01\/Paragraf-metniniz-3.png\",\"contentUrl\":\"https:\/\/geziyoo.co\/blog\/wp-content\/uploads\/2025\/01\/Paragraf-metniniz-3.png\",\"width\":270,\"height\":50,\"caption\":\"Geziyoo.co\"},\"image\":{\"@id\":\"https:\/\/geziyoo.co\/blog\/#\/schema\/logo\/image\/\"},\"sameAs\":[\"https:\/\/www.facebook.com\/Geziyooco\",\"https:\/\/x.com\/geziyoo\",\"https:\/\/tr.pinterest.com\/geziyooco\/\",\"https:\/\/www.youtube.com\/@geziyoo\",\"https:\/\/www.instagram.com\/geziyoo.co\/\"]},{\"@type\":\"Person\",\"@id\":\"https:\/\/geziyoo.co\/blog\/#\/schema\/person\/032acb2436540ed14784e7d978aef0e4\",\"name\":\"Geziyoo\",\"image\":{\"@type\":\"ImageObject\",\"inLanguage\":\"tr\",\"@id\":\"https:\/\/geziyoo.co\/blog\/#\/schema\/person\/image\/\",\"url\":\"https:\/\/secure.gravatar.com\/avatar\/ae212a4514471fdb8cab6e5af4f3c99b940a2d0a16713ea0392c8d7c8a64f30a?s=96&d=mm&r=g\",\"contentUrl\":\"https:\/\/secure.gravatar.com\/avatar\/ae212a4514471fdb8cab6e5af4f3c99b940a2d0a16713ea0392c8d7c8a64f30a?s=96&d=mm&r=g\",\"caption\":\"Geziyoo\"},\"description\":\"Do\u011fa ile i\u00e7 i\u00e7e olabilece\u011finiz yerler,do\u011fa aktivite alanlar\u0131,kamp alanlar\u0131,bungalov oteller,Tiny House Oteller, Galampingler ve da\u011f evlerinin herkes i\u00e7in ula\u015f\u0131labilir olmas\u0131n\u0131 sa\u011flamak amac\u0131yla Geziyoo\u2019ya 2019 y\u0131l\u0131nda ba\u015flad\u0131k.Do\u011fal Tatil konseptini uygulayan en geni\u015f kapsaml\u0131 sitedir.\",\"sameAs\":[\"https:\/\/geziyoo.co\/\",\"https:\/\/www.facebook.com\/geziyoo.co\",\"https:\/\/www.instagram.com\/geziyoo.co\/\",\"https:\/\/tr.pinterest.com\/geziyooco\/\",\"https:\/\/x.com\/https:\/\/twitter.com\/geziyoo\",\"https:\/\/www.youtube.com\/channel\/UCdiSMa6pe17KEY7DP1Ug4ag\"]}]}<\/script>\n<!-- \/ Yoast SEO plugin. -->","yoast_head_json":{"title":"Geyve\u2019de En \u0130yi 3 Kamp Alan\u0131: \u00dccretli, \u00dccretsiz ve Tesisli | Geziyoo","description":"Sakarya Geyve, Do\u011fan\u00e7ay \u015eelalesi Tabiat Park\u0131, K\u00f6m\u00fcrl\u00fck Yaylas\u0131 ve Sakarya Nehri k\u0131y\u0131s\u0131 dahil \u00fccretli ve \u00fccretsiz 3 kamp alan\u0131n\u0131 listeledik. Konumlar Geziyoo'da.","robots":{"index":"index","follow":"follow","max-snippet":"max-snippet:-1","max-image-preview":"max-image-preview:large","max-video-preview":"max-video-preview:-1"},"canonical":"http:\/\/geziyoo.co\/blog\/geyve-kamp-alanlari-ve-karavan-alanlari\/","og_locale":"tr_TR","og_type":"article","og_title":"Geyve\u2019de En \u0130yi 3 Kamp Alan\u0131: \u00dccretli, \u00dccretsiz ve Tesisli | Geziyoo","og_description":"Sakarya Geyve, Do\u011fan\u00e7ay \u015eelalesi Tabiat Park\u0131, K\u00f6m\u00fcrl\u00fck Yaylas\u0131 ve Sakarya Nehri k\u0131y\u0131s\u0131 dahil \u00fccretli ve \u00fccretsiz 3 kamp alan\u0131n\u0131 listeledik. Konumlar Geziyoo'da.","og_url":"http:\/\/geziyoo.co\/blog\/geyve-kamp-alanlari-ve-karavan-alanlari\/","og_site_name":"Geziyoo.co","article_publisher":"https:\/\/www.facebook.com\/Geziyooco","article_author":"https:\/\/www.facebook.com\/geziyoo.co","article_published_time":"2022-12-17T14:18:12+00:00","article_modified_time":"2026-01-29T11:55:08+00:00","og_image":[{"width":533,"height":357,"url":"http:\/\/geziyoo.co\/blog\/wp-content\/uploads\/2022\/12\/geyve-kamp-alanlari.jpg","type":"image\/jpeg"}],"author":"Geziyoo","twitter_card":"summary_large_image","twitter_creator":"@https:\/\/twitter.com\/geziyoo","twitter_site":"@geziyoo","twitter_misc":{"Yazan:":"Geziyoo","Tahmini okuma s\u00fcresi":"4 dakika"},"schema":{"@context":"https:\/\/schema.org","@graph":[{"@type":"Article","@id":"http:\/\/geziyoo.co\/blog\/geyve-kamp-alanlari-ve-karavan-alanlari\/#article","isPartOf":{"@id":"http:\/\/geziyoo.co\/blog\/geyve-kamp-alanlari-ve-karavan-alanlari\/"},"author":{"name":"Geziyoo","@id":"https:\/\/geziyoo.co\/blog\/#\/schema\/person\/032acb2436540ed14784e7d978aef0e4"},"headline":"Geyve Geneli \u00dccretli ve \u00dccretsiz 3+ Kamp Alan\u0131 (\u0130leti\u015fim ve Konum)","datePublished":"2022-12-17T14:18:12+00:00","dateModified":"2026-01-29T11:55:08+00:00","mainEntityOfPage":{"@id":"http:\/\/geziyoo.co\/blog\/geyve-kamp-alanlari-ve-karavan-alanlari\/"},"wordCount":800,"commentCount":0,"publisher":{"@id":"https:\/\/geziyoo.co\/blog\/#organization"},"image":{"@id":"http:\/\/geziyoo.co\/blog\/geyve-kamp-alanlari-ve-karavan-alanlari\/#primaryimage"},"thumbnailUrl":"http:\/\/geziyoo.co\/blog\/wp-content\/uploads\/2022\/12\/geyve-kamp-alanlari.jpg","articleSection":["Kamp","Kamp Alanlar\u0131"],"inLanguage":"tr","potentialAction":[{"@type":"CommentAction","name":"Comment","target":["http:\/\/geziyoo.co\/blog\/geyve-kamp-alanlari-ve-karavan-alanlari\/#respond"]}]},{"@type":"WebPage","@id":"http:\/\/geziyoo.co\/blog\/geyve-kamp-alanlari-ve-karavan-alanlari\/","url":"http:\/\/geziyoo.co\/blog\/geyve-kamp-alanlari-ve-karavan-alanlari\/","name":"Geyve\u2019de En \u0130yi 3 Kamp Alan\u0131: \u00dccretli, \u00dccretsiz ve Tesisli | Geziyoo","isPartOf":{"@id":"https:\/\/geziyoo.co\/blog\/#website"},"primaryImageOfPage":{"@id":"http:\/\/geziyoo.co\/blog\/geyve-kamp-alanlari-ve-karavan-alanlari\/#primaryimage"},"image":{"@id":"http:\/\/geziyoo.co\/blog\/geyve-kamp-alanlari-ve-karavan-alanlari\/#primaryimage"},"thumbnailUrl":"http:\/\/geziyoo.co\/blog\/wp-content\/uploads\/2022\/12\/geyve-kamp-alanlari.jpg","datePublished":"2022-12-17T14:18:12+00:00","dateModified":"2026-01-29T11:55:08+00:00","description":"Sakarya Geyve, Do\u011fan\u00e7ay \u015eelalesi Tabiat Park\u0131, K\u00f6m\u00fcrl\u00fck Yaylas\u0131 ve Sakarya Nehri k\u0131y\u0131s\u0131 dahil \u00fccretli ve \u00fccretsiz 3 kamp alan\u0131n\u0131 listeledik. Konumlar Geziyoo'da.","breadcrumb":{"@id":"http:\/\/geziyoo.co\/blog\/geyve-kamp-alanlari-ve-karavan-alanlari\/#breadcrumb"},"inLanguage":"tr","potentialAction":[{"@type":"ReadAction","target":["http:\/\/geziyoo.co\/blog\/geyve-kamp-alanlari-ve-karavan-alanlari\/"]}]},{"@type":"ImageObject","inLanguage":"tr","@id":"http:\/\/geziyoo.co\/blog\/geyve-kamp-alanlari-ve-karavan-alanlari\/#primaryimage","url":"http:\/\/geziyoo.co\/blog\/wp-content\/uploads\/2022\/12\/geyve-kamp-alanlari.jpg","contentUrl":"http:\/\/geziyoo.co\/blog\/wp-content\/uploads\/2022\/12\/geyve-kamp-alanlari.jpg","width":533,"height":357},{"@type":"BreadcrumbList","@id":"http:\/\/geziyoo.co\/blog\/geyve-kamp-alanlari-ve-karavan-alanlari\/#breadcrumb","itemListElement":[{"@type":"ListItem","position":1,"name":"Ana sayfa","item":"https:\/\/geziyoo.co\/blog\/"},{"@type":"ListItem","position":2,"name":"Geyve Geneli \u00dccretli ve \u00dccretsiz 3+ Kamp Alan\u0131 (\u0130leti\u015fim ve Konum)"}]},{"@type":"WebSite","@id":"https:\/\/geziyoo.co\/blog\/#website","url":"https:\/\/geziyoo.co\/blog\/","name":"Geziyoo Blog","description":"GeziYoo Blog&#039;da T\u00fcrkiye&#039;nin en iyi kamp alanlar\u0131ndan bungalov tatillerine, karavan ipu\u00e7lar\u0131ndan gezi rehberlerine kadar her t\u00fcrl\u00fc do\u011fa deneyimini ke\u015ffedin.","publisher":{"@id":"https:\/\/geziyoo.co\/blog\/#organization"},"potentialAction":[{"@type":"SearchAction","target":{"@type":"EntryPoint","urlTemplate":"https:\/\/geziyoo.co\/blog\/?s={search_term_string}"},"query-input":{"@type":"PropertyValueSpecification","valueRequired":true,"valueName":"search_term_string"}}],"inLanguage":"tr"},{"@type":"Organization","@id":"https:\/\/geziyoo.co\/blog\/#organization","name":"Geziyoo.co","url":"https:\/\/geziyoo.co\/blog\/","logo":{"@type":"ImageObject","inLanguage":"tr","@id":"https:\/\/geziyoo.co\/blog\/#\/schema\/logo\/image\/","url":"https:\/\/geziyoo.co\/blog\/wp-content\/uploads\/2025\/01\/Paragraf-metniniz-3.png","contentUrl":"https:\/\/geziyoo.co\/blog\/wp-content\/uploads\/2025\/01\/Paragraf-metniniz-3.png","width":270,"height":50,"caption":"Geziyoo.co"},"image":{"@id":"https:\/\/geziyoo.co\/blog\/#\/schema\/logo\/image\/"},"sameAs":["https:\/\/www.facebook.com\/Geziyooco","https:\/\/x.com\/geziyoo","https:\/\/tr.pinterest.com\/geziyooco\/","https:\/\/www.youtube.com\/@geziyoo","https:\/\/www.instagram.com\/geziyoo.co\/"]},{"@type":"Person","@id":"https:\/\/geziyoo.co\/blog\/#\/schema\/person\/032acb2436540ed14784e7d978aef0e4","name":"Geziyoo","image":{"@type":"ImageObject","inLanguage":"tr","@id":"https:\/\/geziyoo.co\/blog\/#\/schema\/person\/image\/","url":"https:\/\/secure.gravatar.com\/avatar\/ae212a4514471fdb8cab6e5af4f3c99b940a2d0a16713ea0392c8d7c8a64f30a?s=96&d=mm&r=g","contentUrl":"https:\/\/secure.gravatar.com\/avatar\/ae212a4514471fdb8cab6e5af4f3c99b940a2d0a16713ea0392c8d7c8a64f30a?s=96&d=mm&r=g","caption":"Geziyoo"},"description":"Do\u011fa ile i\u00e7 i\u00e7e olabilece\u011finiz yerler,do\u011fa aktivite alanlar\u0131,kamp alanlar\u0131,bungalov oteller,Tiny House Oteller, Galampingler ve da\u011f evlerinin herkes i\u00e7in ula\u015f\u0131labilir olmas\u0131n\u0131 sa\u011flamak amac\u0131yla Geziyoo\u2019ya 2019 y\u0131l\u0131nda ba\u015flad\u0131k.Do\u011fal Tatil konseptini uygulayan en geni\u015f kapsaml\u0131 sitedir.","sameAs":["https:\/\/geziyoo.co\/","https:\/\/www.facebook.com\/geziyoo.co","https:\/\/www.instagram.com\/geziyoo.co\/","https:\/\/tr.pinterest.com\/geziyooco\/","https:\/\/x.com\/https:\/\/twitter.com\/geziyoo","https:\/\/www.youtube.com\/channel\/UCdiSMa6pe17KEY7DP1Ug4ag"]}]}},"amp_enabled":true,"_links":{"self":[{"href":"http:\/\/geziyoo.co\/blog\/wp-json\/wp\/v2\/posts\/10946","targetHints":{"allow":["GET"]}}],"collection":[{"href":"http:\/\/geziyoo.co\/blog\/wp-json\/wp\/v2\/posts"}],"about":[{"href":"http:\/\/geziyoo.co\/blog\/wp-json\/wp\/v2\/types\/post"}],"author":[{"embeddable":true,"href":"http:\/\/geziyoo.co\/blog\/wp-json\/wp\/v2\/users\/1"}],"replies":[{"embeddable":true,"href":"http:\/\/geziyoo.co\/blog\/wp-json\/wp\/v2\/comments?post=10946"}],"version-history":[{"count":0,"href":"http:\/\/geziyoo.co\/blog\/wp-json\/wp\/v2\/posts\/10946\/revisions"}],"wp:featuredmedia":[{"embeddable":true,"href":"http:\/\/geziyoo.co\/blog\/wp-json\/wp\/v2\/media\/10952"}],"wp:attachment":[{"href":"http:\/\/geziyoo.co\/blog\/wp-json\/wp\/v2\/media?parent=10946"}],"wp:term":[{"taxonomy":"category","embeddable":true,"href":"http:\/\/geziyoo.co\/blog\/wp-json\/wp\/v2\/categories?post=10946"},{"taxonomy":"post_tag","embeddable":true,"href":"http:\/\/geziyoo.co\/blog\/wp-json\/wp\/v2\/tags?post=10946"}],"curies":[{"name":"wp","href":"https:\/\/api.w.org\/{rel}","templated":true}]}}