{"id":10705,"date":"2022-10-09T07:45:38","date_gmt":"2022-10-09T07:45:38","guid":{"rendered":"https:\/\/geziyoo.co\/blog\/?p=10705"},"modified":"2026-01-29T10:48:35","modified_gmt":"2026-01-29T10:48:35","slug":"pozanti-kamp-alanlari-ve-karavan-alanlari","status":"publish","type":"post","link":"http:\/\/geziyoo.co\/blog\/pozanti-kamp-alanlari-ve-karavan-alanlari\/","title":{"rendered":"Pozant\u0131 Geneli Yayla ve Do\u011fa Manzaral\u0131 3+ Kamp Alan\u0131 (\u0130leti\u015fim ve Konum)"},"content":{"rendered":"\n<p><strong>Pozant\u0131<\/strong>, Adana ile \u0130\u00e7 Anadolu\u2019yu birbirine ba\u011flayan ge\u00e7i\u015f noktas\u0131nda, y\u00fcksek rak\u0131m\u0131 sayesinde yaz aylar\u0131nda bile geceleri \u00fc\u015f\u00fcten havas\u0131yla me\u015fhurdur. \u00d6zellikle sonbahar aylar\u0131nda foto\u011fraf\u00e7\u0131lar\u0131n ak\u0131n\u0131na u\u011frayan Belemedik Vadisi, as\u0131rl\u0131k \u00e7\u0131nar a\u011fa\u00e7lar\u0131, tarihi Alman yap\u0131lar\u0131 ve i\u00e7inden ge\u00e7en tren yoluyla kamp\u00e7\u0131lara g\u00f6rsel bir \u015f\u00f6len sunar. Buras\u0131, sadece bir piknik alan\u0131 de\u011fil; do\u011fa y\u00fcr\u00fcy\u00fc\u015f\u00fc, bisiklet ve kamp i\u00e7in Adana\u2019n\u0131n en estetik rotalar\u0131ndan biridir.<\/p>\n\n\n\n<blockquote class=\"wp-block-quote quote-solid is-layout-flow wp-block-quote quote-solid-is-layout-flow\"><\/blockquote>\n\n\n\n<p>Ancak yayla co\u011frafyas\u0131 olmas\u0131 nedeniyle &#8220;Geceleri ne kadar so\u011fuk oluyor?&#8221;, &#8220;Belemedik&#8217;te ay\u0131 tehlikesi var m\u0131?&#8221;, &#8220;\u015eekerp\u0131nar\u0131&#8217;nda kamp alan\u0131 \u00fccretli mi?&#8221; sorular\u0131 haz\u0131rl\u0131k a\u015famas\u0131nda \u00f6nemlidir. Pozant\u0131&#8217;da kamp k\u00fclt\u00fcr\u00fc, genellikle kontroll\u00fc mesire alanlar\u0131nda veya yayla evlerinin \u00e7evresindeki d\u00fczl\u00fcklerde geli\u015fmi\u015ftir. Vah\u015fi do\u011fa kamp\u0131 yapmak isteyenler i\u00e7in ise orman i\u00e7leri sonsuz se\u00e7enek sunar ancak yaban hayat\u0131na dikkat edilmelidir.<\/p>\n\n\n\n<p>Biz Geziyoo olarak, Toroslar\u0131n bu oksijen deposundaki ke\u015ffinizde arac\u0131lar\u0131 tamamen aradan \u00e7\u0131kard\u0131k ve Pozant\u0131\u2019n\u0131n en keyifli kamp rehberini haz\u0131rlad\u0131k. Listemizde hem <strong>hi\u00e7bir \u00fccret \u00f6demeden<\/strong> Belemedik\u2019in tarihi atmosferinde veya Armutolu\u011fu\u2019nun sessizli\u011finde kalabilece\u011finiz do\u011fal alanlar\u0131, hem de <strong>su, tuvalet, restoran ve market<\/strong> imkan\u0131 sunan Ak\u00e7atekir \u00e7evresindeki sosyal alanlar\u0131 bir araya getirdik. Sizi yetkililerle veya b\u00f6lgeyi bilenlerle <strong>do\u011frudan g\u00f6r\u00fc\u015ft\u00fcren<\/strong>, gitmeden \u00f6nce hava durumu bilgisini <strong>teyit etmenizi sa\u011flayan<\/strong> telefon numaralar\u0131n\u0131 i\u00e7eri\u011fimize ekledik.<\/p>\n\n\n\n<p>\u0130ster s\u0131rt \u00e7antan\u0131z\u0131 al\u0131p <strong>Belemedik&#8217;te<\/strong> sonbahar yapraklar\u0131 \u00fczerinde uyuyun, ister ailenizle <strong>\u015eekerp\u0131nar\u0131&#8217;nda<\/strong> suyun kayna\u011f\u0131nda serinleyin; yola \u00e7\u0131kmadan \u00f6nce listedeki numaralardan bilgi almay\u0131 unutmay\u0131n. \u0130\u015fte Pozant\u0131\u2019n\u0131n en sevilen 3 kamp dura\u011f\u0131<\/p>\n\n\n\n<p>Direk haritadan bakmak i\u00e7in,&nbsp;<strong><em><a href=\"https:\/\/geziyoo.co\/blog\/adana-kamp-alanlari-ve-karavan-alanlari\/\">Adana Kamp Alanlar\u0131 Haritam\u0131z\u0131da<\/a><\/em><\/strong>&nbsp;kullanabilirsiniz.Unuttu\u011fumuz veya bilmedi\u011fimiz&nbsp;<strong>\u00c7ad\u0131r ve Karavan Kamp alan\u0131<\/strong>&nbsp;var ise l\u00fctfen yorumlar k\u0131sm\u0131ndan bizlerle payla\u015fs\u0131n.<\/p>\n\n\n\n<p>Sizlerde unuttu\u011fumuz Karavan Kamp alanlar\u0131n\u0131 yorumlar k\u0131sm\u0131ndan bizlerle payla\u015fabilirsiniz.Bu arada alt k\u0131s\u0131mlarda Pozant\u0131 \u00dccretsiz Kamp Alanlar\u0131n\u0131 sizler i\u00e7in aktard\u0131k.<\/p>\n\n\n\n<p>Unutmadan Adana veya Pozant\u0131 haricinde Kamp Alan\u0131, Bungalov veya Da\u011f evi ar\u0131yorsan\u0131z ,&nbsp;<a rel=\"noreferrer noopener\" href=\"https:\/\/geziyoo.co\/?select=Karavan+Kamp%C4%B1&amp;lp_s_loc=&amp;lp_s_tag=&amp;lp_s_cat=229&amp;s=home&amp;post_type=listing\" target=\"_blank\"><em><strong>500\u2019den fazla Kamp ve Karavan Yeri<\/strong>&nbsp;<\/em><\/a>sayfam\u0131za bakman\u0131z\u0131 tavsiye diyoruz.<\/p>\n\n\n\n<hr class=\"wp-block-separator has-css-opacity is-style-wide\"\/>\n\n\n\n<h2 class=\"wp-block-heading\">1.\u00c7ak\u0131t Vadisi Kamp Alan\u0131<\/h2>\n\n\n\n<figure class=\"wp-block-image\"><img decoding=\"async\" width=\"1024\" height=\"765\" data-src=\"https:\/\/geziyoo.co\/blog\/wp-content\/uploads\/2021\/06\/Adana-Kamp-Alanlari-Cakit-Vadisi-Kamp-Alani-5.jpg\" alt=\"Pozant\u0131 Kamp Alanlar\u0131 \u2013 \u00c7ak\u0131t Vadisi\" class=\"wp-image-7052 lazyload\" title=\"Adana Kamp Alanlar\u0131 ve Karavan Alanlar\u0131 12\" data-srcset=\"http:\/\/geziyoo.co\/blog\/wp-content\/uploads\/2021\/06\/Adana-Kamp-Alanlari-Cakit-Vadisi-Kamp-Alani-5.jpg 1024w, http:\/\/geziyoo.co\/blog\/wp-content\/uploads\/2021\/06\/Adana-Kamp-Alanlari-Cakit-Vadisi-Kamp-Alani-5-300x224.jpg 300w, http:\/\/geziyoo.co\/blog\/wp-content\/uploads\/2021\/06\/Adana-Kamp-Alanlari-Cakit-Vadisi-Kamp-Alani-5-768x574.jpg 768w\" data-sizes=\"(max-width: 1024px) 100vw, 1024px\" src=\"data:image\/gif;base64,R0lGODlhAQABAAAAACH5BAEKAAEALAAAAAABAAEAAAICTAEAOw==\" style=\"--smush-placeholder-width: 1024px; --smush-placeholder-aspect-ratio: 1024\/765;\" \/><figcaption class=\"wp-element-caption\">Pozant\u0131 Kamp Alanlar\u0131 \u2013 \u00c7ak\u0131t Vadisi<\/figcaption><\/figure>\n\n\n\n<p>Pozant\u0131 ve Karaisal\u0131 aras\u0131nda yer alan \u00c7ak\u0131t Vadisi, do\u011fayla i\u00e7 i\u00e7e ve \u00fccretsiz kamp yapma imkan\u0131 sunan benzersiz bir mekand\u0131r. \u00d6zellikle do\u011faseverler ve macera arayanlar i\u00e7in ideal bir kamp alan\u0131 olan \u00c7ak\u0131t Vadisi, sundu\u011fu e\u015fsiz do\u011fal g\u00fczelliklerle dikkat \u00e7eker.<\/p>\n\n\n\n<p>\u00c7ak\u0131t Vadisi, zorlu arazi yap\u0131s\u0131 ve \u00f6zellikle k\u0131\u015f aylar\u0131nda olduk\u00e7a sert iklim ko\u015fullar\u0131 ile bilinir. Bu nedenle, profesyonel kamp\u00e7\u0131lar ve do\u011fa sporlar\u0131yla u\u011fra\u015fan ki\u015filer i\u00e7in uygun bir destinasyon oldu\u011funu belirtmek gerekir. Zorlu do\u011fa \u015fartlar\u0131na meydan okumak ve do\u011fan\u0131n kuca\u011f\u0131nda vakit ge\u00e7irmek isteyenler i\u00e7in \u00c7ak\u0131t Vadisi, unutulmaz bir deneyim sunar.<\/p>\n\n\n\n<p>\u00c7ak\u0131t Vadisi&#8217;nin zorlu ko\u015fullar\u0131, ilk kez kamp yapacaklar ve \u00e7ocuklu aileler i\u00e7in uygun de\u011fildir. Kamp alan\u0131nda wc, du\u015f, elektrik, market ve restoran gibi temel olanaklar\u0131n bulunmamas\u0131, \u00f6zellikle haz\u0131rl\u0131ks\u0131z gelenler i\u00e7in ciddi bir sorun olabilir. Bu y\u00fczden, bu kamp alan\u0131n\u0131 tercih edeceklerin, gitmeden \u00f6nce detayl\u0131 bir haz\u0131rl\u0131k yapmalar\u0131 \u00f6nemlidir.<\/p>\n\n\n\n<p>\u00c7ak\u0131t Vadisi&#8217;nde kamp yapmay\u0131 planlayanlar i\u00e7in \u00f6nceden haz\u0131rl\u0131k yapmak hayati \u00f6nem ta\u015f\u0131r. Yiyecek, i\u00e7ecek, su ve kamp ekipmanlar\u0131 gibi t\u00fcm ihtiya\u00e7lar\u0131n\u0131z\u0131 yan\u0131n\u0131za alman\u0131z gerekmektedir. Ayr\u0131ca, do\u011fan\u0131n korunmas\u0131 ad\u0131na, \u00e7\u00f6plerinizi toplamak ve \u00e7evreye zarar vermemek de \u00f6nemli bir sorumluluktur.<\/p>\n\n\n\n<p>\u00c7ak\u0131t Vadisi, do\u011fayla ba\u015f ba\u015fa kalmak ve zorlu do\u011fa ko\u015fullar\u0131nda kamp deneyimi ya\u015famak isteyenler i\u00e7in ideal bir kamp alan\u0131d\u0131r. Ancak, zorlu arazi ve iklim ko\u015fullar\u0131 nedeniyle, profesyonel kamp\u00e7\u0131lar d\u0131\u015f\u0131nda kalanlar i\u00e7in pek uygun bir se\u00e7enek de\u011fildir. Do\u011fru haz\u0131rl\u0131k ve \u00f6nlemlerle, \u00c7ak\u0131t Vadisi&#8217;nde unutulmaz bir kamp deneyimi ya\u015famak m\u00fcmk\u00fcnd\u00fcr.<\/p>\n\n\n\n<hr class=\"wp-block-separator has-css-opacity is-style-wide\"\/>\n\n\n\n<ul class=\"wp-block-list\">\n<li><strong>\u00c7ak\u0131t Vadisi Kamp Alan\u0131 Adres<\/strong>&nbsp;:&nbsp;\u00c7ak\u0131t Suyu Vadisi&nbsp;Karaisal\u0131\/Adana<\/li>\n\n\n\n<li><strong>\u00c7ak\u0131t Vadisi Kamp Alan\u0131 Telefon<\/strong>&nbsp;: \u2014<\/li>\n\n\n\n<li><strong>\u00c7ak\u0131t Vadisi Kamp Alan\u0131 Detayl\u0131 Bilgi :<\/strong>&nbsp;<a href=\"https:\/\/geziyoo.co\/listing\/cakit-vadisi-kamp-alani\/\"><em><strong>\u00c7ak\u0131t Vadisi Kamp Alan\u0131<\/strong>&nbsp;<strong>Tan\u0131t\u0131m\u0131<\/strong><\/em><\/a><\/li>\n\n\n\n<li><strong>\u00c7ak\u0131t Vadisi Kamp Alan\u0131 Konumu:<\/strong>&nbsp;<a href=\"https:\/\/www.google.com\/maps?daddr=37.125554,35.0463415\" target=\"_blank\" rel=\"noreferrer noopener\"><em><strong>Konum<\/strong>&nbsp;<\/em><\/a>ba\u011flant\u0131s\u0131na t\u0131klay\u0131n<\/li>\n<\/ul>\n\n\n\n<hr class=\"wp-block-separator has-css-opacity is-style-wide\"\/>\n\n\n\n<h2 class=\"wp-block-heading\">2.<strong>Karbo\u011faz\u0131 Kamp Alan\u0131<\/strong><\/h2>\n\n\n\n<figure class=\"wp-block-image size-large\"><img decoding=\"async\" width=\"800\" height=\"450\" data-src=\"https:\/\/geziyoo.co\/blog\/wp-content\/uploads\/2022\/10\/Karbogazi-Kamp-Alani-2.jpg\" alt=\"\" class=\"wp-image-10708 lazyload\" data-srcset=\"http:\/\/geziyoo.co\/blog\/wp-content\/uploads\/2022\/10\/Karbogazi-Kamp-Alani-2.jpg 800w, http:\/\/geziyoo.co\/blog\/wp-content\/uploads\/2022\/10\/Karbogazi-Kamp-Alani-2-300x169.jpg 300w, http:\/\/geziyoo.co\/blog\/wp-content\/uploads\/2022\/10\/Karbogazi-Kamp-Alani-2-768x432.jpg 768w, http:\/\/geziyoo.co\/blog\/wp-content\/uploads\/2022\/10\/Karbogazi-Kamp-Alani-2-390x220.jpg 390w\" data-sizes=\"(max-width: 800px) 100vw, 800px\" src=\"data:image\/gif;base64,R0lGODlhAQABAAAAACH5BAEKAAEALAAAAAABAAEAAAICTAEAOw==\" style=\"--smush-placeholder-width: 800px; --smush-placeholder-aspect-ratio: 800\/450;\" \/><\/figure>\n\n\n\n<p>Pozant\u0131 Kamp Alanlar\u0131 i\u00e7iri\u011fimizin 2.s\u0131ras\u0131nda Do\u011fal kamp yerlerinden birisi olan Karbo\u011faz\u0131 Kamp Alan\u0131 yer almakta.<\/p>\n\n\n\n<p>Pozant\u0131 Kamp Alanlar\u0131 i\u00e7eri\u011fimizin ikinci s\u0131ras\u0131nda yer alan Karbo\u011faz\u0131 Kamp Alan\u0131, do\u011fal ve serin bir kamp deneyimi sunar. Ak\u00e7atekir mevkiinde bulunan bu kamp alan\u0131, Adana\u2019n\u0131n s\u0131cak yaz g\u00fcnlerinde bile serinli\u011fi ile bilinir ve yaz aylar\u0131nda dahi kar g\u00f6r\u00fclen ender yerlerden biridir. Zaten ad\u0131n\u0131 da bu \u00f6zelli\u011finden almaktad\u0131r.<\/p>\n\n\n\n<p>Karbo\u011faz\u0131, \u00f6zellikle yaz aylar\u0131nda bile so\u011fuk olan havas\u0131yla do\u011fa severlerin dikkatini \u00e7eker. Bu \u00f6zellik, s\u0131cak havalardan ka\u00e7mak isteyenler i\u00e7in ideal bir kamp noktas\u0131 haline getirir. Engebeli arazisi ve serin havas\u0131 ile Karbo\u011faz\u0131, do\u011fa ile i\u00e7 i\u00e7e bir kamp deneyimi sunar.<\/p>\n\n\n\n<p>Karbo\u011faz\u0131\u2019na giderken, engebeli arazi ko\u015fullar\u0131 nedeniyle arazi arac\u0131 kullanman\u0131z \u00f6nerilir. Karavan kamp\u0131 yapmay\u0131 planl\u0131yorsan\u0131z, yolun k\u00f6t\u00fc olmas\u0131ndan dolay\u0131 zorluklar ya\u015fayabilece\u011finizi unutmaman\u0131z gerekir. Bu nedenle, \u00e7ad\u0131r kamp\u0131 yapmak Karbo\u011faz\u0131 i\u00e7in daha uygun bir se\u00e7enek olacakt\u0131r.<\/p>\n\n\n\n<p>Karbo\u011faz\u0131 Kamp Alan\u0131&#8217;nda tuvalet, market ve du\u015f gibi temel olanaklar bulunmamaktad\u0131r. Sadece da\u011flar\u0131n aras\u0131nda do\u011fa ile ba\u015f ba\u015fa kalaca\u011f\u0131n\u0131z bu alanda, t\u00fcm yiyecek, i\u00e7ecek ve ekipman ihtiya\u00e7lar\u0131n\u0131z\u0131 \u00f6nceden temin etmeniz gerekmektedir. Haz\u0131rl\u0131kl\u0131 gitmek, kamp deneyiminizin sorunsuz ve keyifli ge\u00e7mesini sa\u011flayacakt\u0131r.<\/p>\n\n\n\n<p>Karbo\u011faz\u0131 Kamp Alan\u0131, do\u011fayla ba\u015f ba\u015fa kalmak ve serin havada huzurlu bir kamp deneyimi ya\u015famak isteyenler i\u00e7in ideal bir yerdir. Do\u011fru haz\u0131rl\u0131klar yap\u0131larak, bu e\u015fsiz do\u011fa par\u00e7as\u0131nda unutulmaz an\u0131lar biriktirilebilir.<\/p>\n\n\n\n<hr class=\"wp-block-separator has-css-opacity is-style-wide\"\/>\n\n\n\n<ul class=\"wp-block-list\">\n<li><strong><strong>Karbo\u011faz\u0131 Kamp Alan\u0131<\/strong> Adres<\/strong>&nbsp;:&nbsp;\u00c7ak\u0131t Suyu Vadisi&nbsp;Karaisal\u0131\/Adana<\/li>\n\n\n\n<li><strong><strong>Karbo\u011faz\u0131 Kamp Alan\u0131<\/strong><\/strong> <strong>Telefon<\/strong>&nbsp;: \u2014<\/li>\n\n\n\n<li><strong><strong>Karbo\u011faz\u0131 Kamp Alan\u0131<\/strong><\/strong> <strong>Detayl\u0131 Bilgi :<\/strong>&nbsp;<em><strong><strong><a href=\"https:\/\/geziyoo.co\/listing\/karbogazi-kamp-alani\/\">Karbo\u011faz\u0131 Kamp Alan\u0131<\/a><\/strong><\/strong><\/em><\/li>\n\n\n\n<li><strong><strong>Karbo\u011faz\u0131 Kamp Alan\u0131<\/strong> Konumu:<\/strong>&nbsp;<em><strong><a href=\"https:\/\/goo.gl\/maps\/Q3MByKjYKboAjpng9\">Konum<\/a><\/strong>&nbsp;<\/em>ba\u011flant\u0131s\u0131na t\u0131klay\u0131n<\/li>\n<\/ul>\n\n\n\n<hr class=\"wp-block-separator has-css-opacity is-style-wide\"\/>\n\n\n\n<h2 class=\"wp-block-heading\">3.Belemedik Tabiat Park\u0131 Kamp Alan\u0131<\/h2>\n\n\n\n<figure class=\"wp-block-image\"><img decoding=\"async\" width=\"1024\" height=\"708\" data-src=\"https:\/\/geziyoo.co\/blog\/wp-content\/uploads\/2021\/06\/Adana-Kamp-Alanlari-Belemedik-Tabiat-Parki-Kamp-Alani-4.jpg\" alt=\"Adana Kamp Alanlari Belemedik Tabiat Parki Kamp Alani 4\" class=\"wp-image-7039 lazyload\" title=\"Adana Kamp Alanlar\u0131 ve Karavan Alanlar\u0131 7\" data-srcset=\"http:\/\/geziyoo.co\/blog\/wp-content\/uploads\/2021\/06\/Adana-Kamp-Alanlari-Belemedik-Tabiat-Parki-Kamp-Alani-4.jpg 1024w, http:\/\/geziyoo.co\/blog\/wp-content\/uploads\/2021\/06\/Adana-Kamp-Alanlari-Belemedik-Tabiat-Parki-Kamp-Alani-4-300x207.jpg 300w, http:\/\/geziyoo.co\/blog\/wp-content\/uploads\/2021\/06\/Adana-Kamp-Alanlari-Belemedik-Tabiat-Parki-Kamp-Alani-4-768x531.jpg 768w\" data-sizes=\"(max-width: 1024px) 100vw, 1024px\" src=\"data:image\/gif;base64,R0lGODlhAQABAAAAACH5BAEKAAEALAAAAAABAAEAAAICTAEAOw==\" style=\"--smush-placeholder-width: 1024px; --smush-placeholder-aspect-ratio: 1024\/708;\" \/><figcaption class=\"wp-element-caption\">Adana Kamp Alanlar\u0131 \u2013 Belemedik Tabiat Park\u0131 Kamp Alan\u0131<\/figcaption><\/figure>\n\n\n\n<p>Pozant\u0131 Kamp Alanlar\u0131 i\u00e7eri\u011fimizin son s\u0131ras\u0131nda yer alan Belemedik Tabiat Park\u0131 Kamp Alan\u0131, do\u011fa ile i\u00e7 i\u00e7e ve \u00fccretli bir kamp deneyimi sunan bir destinasyondur. Pozant\u0131\u2019da bulunan bu kamp alan\u0131, \u00e7ad\u0131r ve karavan kamp\u0131 yapma imkan\u0131 sunarak do\u011faseverler i\u00e7in ideal bir se\u00e7enek olu\u015fturur.<\/p>\n\n\n\n<p>Belemedik Tabiat Park\u0131, tamamen do\u011fal yap\u0131s\u0131 ile dikkat \u00e7eker. Yemye\u015fil do\u011fas\u0131 ve huzurlu atmosferi ile kamp\u00e7\u0131lar\u0131n vazge\u00e7ilmez noktalar\u0131ndan biridir. Do\u011fan\u0131n tad\u0131n\u0131 \u00e7\u0131kar\u0131rken huzur bulabilece\u011finiz bu kamp alan\u0131nda, do\u011fayla ba\u015f ba\u015fa kalman\u0131n keyfini s\u00fcrebilirsiniz.<\/p>\n\n\n\n<p>Kamp alan\u0131nda wc d\u0131\u015f\u0131nda herhangi bir olanak bulunmamaktad\u0131r. Ancak, do\u011fan\u0131n i\u00e7erisinde ihtiya\u00e7lar\u0131n\u0131z\u0131 kar\u015f\u0131layacak temel imkanlar\u0131n olmamas\u0131, kamp\u00e7\u0131lar\u0131n daha haz\u0131rl\u0131kl\u0131 gelmesini gerektirir. Belemedik Tabiat Park\u0131&#8217;nda mangal ve ate\u015f yakabilece\u011finiz belirlenmi\u015f alanlar bulunmakta olup, bu alanlar\u0131n d\u0131\u015f\u0131nda ate\u015f yakmak yasakt\u0131r. Bu kurallara uymak, hem do\u011fay\u0131 koruman\u0131za hem de g\u00fcvenli\u011finizi sa\u011flaman\u0131za yard\u0131mc\u0131 olacakt\u0131r.<\/p>\n\n\n\n<p>Belemedik Tabiat Park\u0131 Kamp Alan\u0131&#8217;nda \u00e7ad\u0131r ve karavan kamp\u0131 yapma \u015fans\u0131na sahipsiniz. Her iki kamp t\u00fcr\u00fc i\u00e7in de uygun alanlar bulunan bu park, farkl\u0131 kamp\u00e7\u0131l\u0131k deneyimleri arayanlar i\u00e7in ideal bir mekand\u0131r. Do\u011fayla i\u00e7 i\u00e7e, huzurlu ve g\u00fcvenli bir kamp deneyimi i\u00e7in Belemedik Tabiat Park\u0131, tercih edebilece\u011finiz en g\u00fczel noktalardan biridir.<\/p>\n\n\n\n<hr class=\"wp-block-separator has-css-opacity is-style-wide\"\/>\n\n\n\n<ul class=\"wp-block-list\">\n<li><strong>Belemedik Tabiat Park\u0131 Kamp Alan\u0131 Adres<\/strong>&nbsp;:Belemedik, 01470 Pozant\u0131\/Adana<\/li>\n\n\n\n<li><strong>Belemedik Tabiat Park\u0131 Kamp Alan\u0131 Telefon<\/strong>&nbsp;: \u2014<\/li>\n\n\n\n<li><strong>Belemedik Tabiat Park\u0131 Kamp Alan\u0131 Detayl\u0131 Bilgi :<\/strong>&nbsp;<a href=\"https:\/\/geziyoo.co\/listing\/belemedik-tabiat-parki-kamp-alani\/\"><strong>Belemedik Tabiat Park\u0131 Kamp Alan\u0131<\/strong><em><strong>&nbsp;Tan\u0131t\u0131m\u0131<\/strong><\/em><\/a><\/li>\n\n\n\n<li><strong>Belemedik Tabiat Park\u0131 Kamp Alan\u0131 Konumu:<\/strong>&nbsp;<a href=\"https:\/\/www.google.com\/maps\/place\/Belemedik+Tabiat+Park%C4%B1\/@37.3495834,34.8797279,14z\/data=!4m5!3m4!1s0x0:0x98604e718749a77e!8m2!3d37.346097!4d34.9117509\" target=\"_blank\" rel=\"noreferrer noopener\"><em><strong>Konum<\/strong>&nbsp;<\/em><\/a>ba\u011flant\u0131s\u0131na t\u0131klay\u0131n<\/li>\n<\/ul>\n\n\n\n<hr class=\"wp-block-separator has-css-opacity is-style-wide\"\/>\n\n\n\n<p><strong>Pozant\u0131 Kamp Alanlar\u0131 ve Karavan Kamp Alanlar\u0131 Listemizin \u015fimdilik sonuna geldik.Her ge\u00e7en ge\u00e7en g\u00fcn eklemeler yaparak devam edece\u011fiz.Sizlerde Pozant\u0131\u2019da yer alan Karavan veya normal kamp alanlar\u0131n\u0131 yorumlar k\u0131sm\u0131ndan bizlerle payla\u015fabilirsiniz.G\u00fczel bir kamp ge\u00e7irmeniz dile\u011fiyle ho\u015f\u00e7akal\u0131n<\/strong><\/p>\n\n\n\n<hr class=\"wp-block-separator has-alpha-channel-opacity is-style-wide\"\/>\n\n\n\n<h3 class=\"wp-block-heading\">Bunlar\u0131 da Sevebilirsiniz;<\/h3>\n\n\n<ul class=\"wp-block-latest-posts__list wp-block-latest-posts\"><li><a class=\"wp-block-latest-posts__post-title\" href=\"http:\/\/geziyoo.co\/blog\/batman-kamp-alanlari\/\">Batman ve \u00c7evresi Do\u011fa \u0130\u00e7inde 4 Kamp Noktas\u0131 (Konum ve \u0130pu\u00e7lar\u0131)<\/a><\/li>\n<li><a class=\"wp-block-latest-posts__post-title\" href=\"http:\/\/geziyoo.co\/blog\/ayder-yaylasi-kamp-alanlari-ve-karavan-alanlari\/\">Ayder Yaylas\u0131 ve \u00c7evresi 2 Kamp Noktas\u0131 (Konum ve \u0130pu\u00e7lar\u0131)<\/a><\/li>\n<li><a class=\"wp-block-latest-posts__post-title\" href=\"http:\/\/geziyoo.co\/blog\/ardesen-kamp-alanlari-ve-karavan-alanlari\/\">Arde\u015fen ve F\u0131rt\u0131na Vadisi Giri\u015fi 5 Kamp Noktas\u0131 (Konum ve \u0130pu\u00e7lar\u0131)<\/a><\/li>\n<\/ul>","protected":false},"excerpt":{"rendered":"<p>Pozant\u0131, Adana ile \u0130\u00e7 Anadolu\u2019yu birbirine ba\u011flayan ge\u00e7i\u015f noktas\u0131nda, y\u00fcksek rak\u0131m\u0131 sayesinde yaz aylar\u0131nda bile geceleri \u00fc\u015f\u00fcten havas\u0131yla me\u015fhurdur. \u00d6zellikle sonbahar aylar\u0131nda foto\u011fraf\u00e7\u0131lar\u0131n ak\u0131n\u0131na u\u011frayan Belemedik Vadisi, as\u0131rl\u0131k \u00e7\u0131nar a\u011fa\u00e7lar\u0131, tarihi Alman yap\u0131lar\u0131 ve i\u00e7inden ge\u00e7en tren yoluyla kamp\u00e7\u0131lara g\u00f6rsel bir \u015f\u00f6len sunar. Buras\u0131, sadece bir piknik alan\u0131 de\u011fil; do\u011fa y\u00fcr\u00fcy\u00fc\u015f\u00fc, bisiklet ve kamp i\u00e7in &hellip;<\/p>\n","protected":false},"author":1,"featured_media":10710,"comment_status":"open","ping_status":"closed","sticky":false,"template":"","format":"standard","meta":{"footnotes":""},"categories":[589,23],"tags":[],"class_list":["post-10705","post","type-post","status-publish","format-standard","has-post-thumbnail","hentry","category-kamp1","category-kamp-kamp-alanlari"],"yoast_head":"<!-- This site is optimized with the Yoast SEO plugin v26.9 - https:\/\/yoast.com\/product\/yoast-seo-wordpress\/ -->\n<title>Pozant\u0131\u2019da En \u0130yi 3 Kamp Alan\u0131: Belemedik, Yayla ve Do\u011fa | Geziyoo<\/title>\n<meta name=\"description\" content=\"Adana Pozant\u0131, Belemedik Tabiat Park\u0131, Ak\u00e7atekir (\u015eekerp\u0131nar\u0131) ve Armutolu\u011fu Yaylas\u0131 dahil en iyi 3 kamp alan\u0131n\u0131 listeledik. Komisyon yok! Konumlar\" \/>\n<meta name=\"robots\" content=\"index, follow, max-snippet:-1, max-image-preview:large, max-video-preview:-1\" \/>\n<link rel=\"canonical\" href=\"https:\/\/geziyoo.co\/blog\/pozanti-kamp-alanlari-ve-karavan-alanlari\/\" \/>\n<meta property=\"og:locale\" content=\"tr_TR\" \/>\n<meta property=\"og:type\" content=\"article\" \/>\n<meta property=\"og:title\" content=\"Pozant\u0131\u2019da En \u0130yi 3 Kamp Alan\u0131: Belemedik, Yayla ve Do\u011fa | Geziyoo\" \/>\n<meta property=\"og:description\" content=\"Adana Pozant\u0131, Belemedik Tabiat Park\u0131, Ak\u00e7atekir (\u015eekerp\u0131nar\u0131) ve Armutolu\u011fu Yaylas\u0131 dahil en iyi 3 kamp alan\u0131n\u0131 listeledik. Komisyon yok! Konumlar\" \/>\n<meta property=\"og:url\" content=\"https:\/\/geziyoo.co\/blog\/pozanti-kamp-alanlari-ve-karavan-alanlari\/\" \/>\n<meta property=\"og:site_name\" content=\"Geziyoo.co\" \/>\n<meta property=\"article:publisher\" content=\"https:\/\/www.facebook.com\/Geziyooco\" \/>\n<meta property=\"article:author\" content=\"https:\/\/www.facebook.com\/geziyoo.co\" \/>\n<meta property=\"article:published_time\" content=\"2022-10-09T07:45:38+00:00\" \/>\n<meta property=\"article:modified_time\" content=\"2026-01-29T10:48:35+00:00\" \/>\n<meta property=\"og:image\" content=\"https:\/\/geziyoo.co\/blog\/wp-content\/uploads\/2022\/10\/pozanti-kamp-alanlari.jpg\" \/>\n\t<meta property=\"og:image:width\" content=\"1024\" \/>\n\t<meta property=\"og:image:height\" content=\"708\" \/>\n\t<meta property=\"og:image:type\" content=\"image\/jpeg\" \/>\n<meta name=\"author\" content=\"Geziyoo\" \/>\n<meta name=\"twitter:card\" content=\"summary_large_image\" \/>\n<meta name=\"twitter:creator\" content=\"@https:\/\/twitter.com\/geziyoo\" \/>\n<meta name=\"twitter:site\" content=\"@geziyoo\" \/>\n<meta name=\"twitter:label1\" content=\"Yazan:\" \/>\n\t<meta name=\"twitter:data1\" content=\"Geziyoo\" \/>\n\t<meta name=\"twitter:label2\" content=\"Tahmini okuma s\u00fcresi\" \/>\n\t<meta name=\"twitter:data2\" content=\"8 dakika\" \/>\n<script type=\"application\/ld+json\" class=\"yoast-schema-graph\">{\"@context\":\"https:\/\/schema.org\",\"@graph\":[{\"@type\":\"Article\",\"@id\":\"https:\/\/geziyoo.co\/blog\/pozanti-kamp-alanlari-ve-karavan-alanlari\/#article\",\"isPartOf\":{\"@id\":\"https:\/\/geziyoo.co\/blog\/pozanti-kamp-alanlari-ve-karavan-alanlari\/\"},\"author\":{\"name\":\"Geziyoo\",\"@id\":\"https:\/\/geziyoo.co\/blog\/#\/schema\/person\/032acb2436540ed14784e7d978aef0e4\"},\"headline\":\"Pozant\u0131 Geneli Yayla ve Do\u011fa Manzaral\u0131 3+ Kamp Alan\u0131 (\u0130leti\u015fim ve Konum)\",\"datePublished\":\"2022-10-09T07:45:38+00:00\",\"dateModified\":\"2026-01-29T10:48:35+00:00\",\"mainEntityOfPage\":{\"@id\":\"https:\/\/geziyoo.co\/blog\/pozanti-kamp-alanlari-ve-karavan-alanlari\/\"},\"wordCount\":1498,\"commentCount\":0,\"publisher\":{\"@id\":\"https:\/\/geziyoo.co\/blog\/#organization\"},\"image\":{\"@id\":\"https:\/\/geziyoo.co\/blog\/pozanti-kamp-alanlari-ve-karavan-alanlari\/#primaryimage\"},\"thumbnailUrl\":\"http:\/\/geziyoo.co\/blog\/wp-content\/uploads\/2022\/10\/pozanti-kamp-alanlari.jpg\",\"articleSection\":[\"Kamp\",\"Kamp Alanlar\u0131\"],\"inLanguage\":\"tr\",\"potentialAction\":[{\"@type\":\"CommentAction\",\"name\":\"Comment\",\"target\":[\"https:\/\/geziyoo.co\/blog\/pozanti-kamp-alanlari-ve-karavan-alanlari\/#respond\"]}]},{\"@type\":\"WebPage\",\"@id\":\"https:\/\/geziyoo.co\/blog\/pozanti-kamp-alanlari-ve-karavan-alanlari\/\",\"url\":\"https:\/\/geziyoo.co\/blog\/pozanti-kamp-alanlari-ve-karavan-alanlari\/\",\"name\":\"Pozant\u0131\u2019da En \u0130yi 3 Kamp Alan\u0131: Belemedik, Yayla ve Do\u011fa | Geziyoo\",\"isPartOf\":{\"@id\":\"https:\/\/geziyoo.co\/blog\/#website\"},\"primaryImageOfPage\":{\"@id\":\"https:\/\/geziyoo.co\/blog\/pozanti-kamp-alanlari-ve-karavan-alanlari\/#primaryimage\"},\"image\":{\"@id\":\"https:\/\/geziyoo.co\/blog\/pozanti-kamp-alanlari-ve-karavan-alanlari\/#primaryimage\"},\"thumbnailUrl\":\"http:\/\/geziyoo.co\/blog\/wp-content\/uploads\/2022\/10\/pozanti-kamp-alanlari.jpg\",\"datePublished\":\"2022-10-09T07:45:38+00:00\",\"dateModified\":\"2026-01-29T10:48:35+00:00\",\"description\":\"Adana Pozant\u0131, Belemedik Tabiat Park\u0131, Ak\u00e7atekir (\u015eekerp\u0131nar\u0131) ve Armutolu\u011fu Yaylas\u0131 dahil en iyi 3 kamp alan\u0131n\u0131 listeledik. Komisyon yok! Konumlar\",\"breadcrumb\":{\"@id\":\"https:\/\/geziyoo.co\/blog\/pozanti-kamp-alanlari-ve-karavan-alanlari\/#breadcrumb\"},\"inLanguage\":\"tr\",\"potentialAction\":[{\"@type\":\"ReadAction\",\"target\":[\"https:\/\/geziyoo.co\/blog\/pozanti-kamp-alanlari-ve-karavan-alanlari\/\"]}]},{\"@type\":\"ImageObject\",\"inLanguage\":\"tr\",\"@id\":\"https:\/\/geziyoo.co\/blog\/pozanti-kamp-alanlari-ve-karavan-alanlari\/#primaryimage\",\"url\":\"http:\/\/geziyoo.co\/blog\/wp-content\/uploads\/2022\/10\/pozanti-kamp-alanlari.jpg\",\"contentUrl\":\"http:\/\/geziyoo.co\/blog\/wp-content\/uploads\/2022\/10\/pozanti-kamp-alanlari.jpg\",\"width\":1024,\"height\":708},{\"@type\":\"BreadcrumbList\",\"@id\":\"https:\/\/geziyoo.co\/blog\/pozanti-kamp-alanlari-ve-karavan-alanlari\/#breadcrumb\",\"itemListElement\":[{\"@type\":\"ListItem\",\"position\":1,\"name\":\"Ana sayfa\",\"item\":\"https:\/\/geziyoo.co\/blog\/\"},{\"@type\":\"ListItem\",\"position\":2,\"name\":\"Pozant\u0131 Geneli Yayla ve Do\u011fa Manzaral\u0131 3+ Kamp Alan\u0131 (\u0130leti\u015fim ve Konum)\"}]},{\"@type\":\"WebSite\",\"@id\":\"https:\/\/geziyoo.co\/blog\/#website\",\"url\":\"https:\/\/geziyoo.co\/blog\/\",\"name\":\"Geziyoo Blog\",\"description\":\"GeziYoo Blog&#039;da T\u00fcrkiye&#039;nin en iyi kamp alanlar\u0131ndan bungalov tatillerine, karavan ipu\u00e7lar\u0131ndan gezi rehberlerine kadar her t\u00fcrl\u00fc do\u011fa deneyimini ke\u015ffedin.\",\"publisher\":{\"@id\":\"https:\/\/geziyoo.co\/blog\/#organization\"},\"potentialAction\":[{\"@type\":\"SearchAction\",\"target\":{\"@type\":\"EntryPoint\",\"urlTemplate\":\"https:\/\/geziyoo.co\/blog\/?s={search_term_string}\"},\"query-input\":{\"@type\":\"PropertyValueSpecification\",\"valueRequired\":true,\"valueName\":\"search_term_string\"}}],\"inLanguage\":\"tr\"},{\"@type\":\"Organization\",\"@id\":\"https:\/\/geziyoo.co\/blog\/#organization\",\"name\":\"Geziyoo.co\",\"url\":\"https:\/\/geziyoo.co\/blog\/\",\"logo\":{\"@type\":\"ImageObject\",\"inLanguage\":\"tr\",\"@id\":\"https:\/\/geziyoo.co\/blog\/#\/schema\/logo\/image\/\",\"url\":\"https:\/\/geziyoo.co\/blog\/wp-content\/uploads\/2025\/01\/Paragraf-metniniz-3.png\",\"contentUrl\":\"https:\/\/geziyoo.co\/blog\/wp-content\/uploads\/2025\/01\/Paragraf-metniniz-3.png\",\"width\":270,\"height\":50,\"caption\":\"Geziyoo.co\"},\"image\":{\"@id\":\"https:\/\/geziyoo.co\/blog\/#\/schema\/logo\/image\/\"},\"sameAs\":[\"https:\/\/www.facebook.com\/Geziyooco\",\"https:\/\/x.com\/geziyoo\",\"https:\/\/tr.pinterest.com\/geziyooco\/\",\"https:\/\/www.youtube.com\/@geziyoo\",\"https:\/\/www.instagram.com\/geziyoo.co\/\"]},{\"@type\":\"Person\",\"@id\":\"https:\/\/geziyoo.co\/blog\/#\/schema\/person\/032acb2436540ed14784e7d978aef0e4\",\"name\":\"Geziyoo\",\"image\":{\"@type\":\"ImageObject\",\"inLanguage\":\"tr\",\"@id\":\"https:\/\/geziyoo.co\/blog\/#\/schema\/person\/image\/\",\"url\":\"https:\/\/secure.gravatar.com\/avatar\/ae212a4514471fdb8cab6e5af4f3c99b940a2d0a16713ea0392c8d7c8a64f30a?s=96&d=mm&r=g\",\"contentUrl\":\"https:\/\/secure.gravatar.com\/avatar\/ae212a4514471fdb8cab6e5af4f3c99b940a2d0a16713ea0392c8d7c8a64f30a?s=96&d=mm&r=g\",\"caption\":\"Geziyoo\"},\"description\":\"Do\u011fa ile i\u00e7 i\u00e7e olabilece\u011finiz yerler,do\u011fa aktivite alanlar\u0131,kamp alanlar\u0131,bungalov oteller,Tiny House Oteller, Galampingler ve da\u011f evlerinin herkes i\u00e7in ula\u015f\u0131labilir olmas\u0131n\u0131 sa\u011flamak amac\u0131yla Geziyoo\u2019ya 2019 y\u0131l\u0131nda ba\u015flad\u0131k.Do\u011fal Tatil konseptini uygulayan en geni\u015f kapsaml\u0131 sitedir.\",\"sameAs\":[\"https:\/\/geziyoo.co\/\",\"https:\/\/www.facebook.com\/geziyoo.co\",\"https:\/\/www.instagram.com\/geziyoo.co\/\",\"https:\/\/tr.pinterest.com\/geziyooco\/\",\"https:\/\/x.com\/https:\/\/twitter.com\/geziyoo\",\"https:\/\/www.youtube.com\/channel\/UCdiSMa6pe17KEY7DP1Ug4ag\"]}]}<\/script>\n<!-- \/ Yoast SEO plugin. -->","yoast_head_json":{"title":"Pozant\u0131\u2019da En \u0130yi 3 Kamp Alan\u0131: Belemedik, Yayla ve Do\u011fa | Geziyoo","description":"Adana Pozant\u0131, Belemedik Tabiat Park\u0131, Ak\u00e7atekir (\u015eekerp\u0131nar\u0131) ve Armutolu\u011fu Yaylas\u0131 dahil en iyi 3 kamp alan\u0131n\u0131 listeledik. Komisyon yok! Konumlar","robots":{"index":"index","follow":"follow","max-snippet":"max-snippet:-1","max-image-preview":"max-image-preview:large","max-video-preview":"max-video-preview:-1"},"canonical":"https:\/\/geziyoo.co\/blog\/pozanti-kamp-alanlari-ve-karavan-alanlari\/","og_locale":"tr_TR","og_type":"article","og_title":"Pozant\u0131\u2019da En \u0130yi 3 Kamp Alan\u0131: Belemedik, Yayla ve Do\u011fa | Geziyoo","og_description":"Adana Pozant\u0131, Belemedik Tabiat Park\u0131, Ak\u00e7atekir (\u015eekerp\u0131nar\u0131) ve Armutolu\u011fu Yaylas\u0131 dahil en iyi 3 kamp alan\u0131n\u0131 listeledik. Komisyon yok! Konumlar","og_url":"https:\/\/geziyoo.co\/blog\/pozanti-kamp-alanlari-ve-karavan-alanlari\/","og_site_name":"Geziyoo.co","article_publisher":"https:\/\/www.facebook.com\/Geziyooco","article_author":"https:\/\/www.facebook.com\/geziyoo.co","article_published_time":"2022-10-09T07:45:38+00:00","article_modified_time":"2026-01-29T10:48:35+00:00","og_image":[{"width":1024,"height":708,"url":"https:\/\/geziyoo.co\/blog\/wp-content\/uploads\/2022\/10\/pozanti-kamp-alanlari.jpg","type":"image\/jpeg"}],"author":"Geziyoo","twitter_card":"summary_large_image","twitter_creator":"@https:\/\/twitter.com\/geziyoo","twitter_site":"@geziyoo","twitter_misc":{"Yazan:":"Geziyoo","Tahmini okuma s\u00fcresi":"8 dakika"},"schema":{"@context":"https:\/\/schema.org","@graph":[{"@type":"Article","@id":"https:\/\/geziyoo.co\/blog\/pozanti-kamp-alanlari-ve-karavan-alanlari\/#article","isPartOf":{"@id":"https:\/\/geziyoo.co\/blog\/pozanti-kamp-alanlari-ve-karavan-alanlari\/"},"author":{"name":"Geziyoo","@id":"https:\/\/geziyoo.co\/blog\/#\/schema\/person\/032acb2436540ed14784e7d978aef0e4"},"headline":"Pozant\u0131 Geneli Yayla ve Do\u011fa Manzaral\u0131 3+ Kamp Alan\u0131 (\u0130leti\u015fim ve Konum)","datePublished":"2022-10-09T07:45:38+00:00","dateModified":"2026-01-29T10:48:35+00:00","mainEntityOfPage":{"@id":"https:\/\/geziyoo.co\/blog\/pozanti-kamp-alanlari-ve-karavan-alanlari\/"},"wordCount":1498,"commentCount":0,"publisher":{"@id":"https:\/\/geziyoo.co\/blog\/#organization"},"image":{"@id":"https:\/\/geziyoo.co\/blog\/pozanti-kamp-alanlari-ve-karavan-alanlari\/#primaryimage"},"thumbnailUrl":"http:\/\/geziyoo.co\/blog\/wp-content\/uploads\/2022\/10\/pozanti-kamp-alanlari.jpg","articleSection":["Kamp","Kamp Alanlar\u0131"],"inLanguage":"tr","potentialAction":[{"@type":"CommentAction","name":"Comment","target":["https:\/\/geziyoo.co\/blog\/pozanti-kamp-alanlari-ve-karavan-alanlari\/#respond"]}]},{"@type":"WebPage","@id":"https:\/\/geziyoo.co\/blog\/pozanti-kamp-alanlari-ve-karavan-alanlari\/","url":"https:\/\/geziyoo.co\/blog\/pozanti-kamp-alanlari-ve-karavan-alanlari\/","name":"Pozant\u0131\u2019da En \u0130yi 3 Kamp Alan\u0131: Belemedik, Yayla ve Do\u011fa | Geziyoo","isPartOf":{"@id":"https:\/\/geziyoo.co\/blog\/#website"},"primaryImageOfPage":{"@id":"https:\/\/geziyoo.co\/blog\/pozanti-kamp-alanlari-ve-karavan-alanlari\/#primaryimage"},"image":{"@id":"https:\/\/geziyoo.co\/blog\/pozanti-kamp-alanlari-ve-karavan-alanlari\/#primaryimage"},"thumbnailUrl":"http:\/\/geziyoo.co\/blog\/wp-content\/uploads\/2022\/10\/pozanti-kamp-alanlari.jpg","datePublished":"2022-10-09T07:45:38+00:00","dateModified":"2026-01-29T10:48:35+00:00","description":"Adana Pozant\u0131, Belemedik Tabiat Park\u0131, Ak\u00e7atekir (\u015eekerp\u0131nar\u0131) ve Armutolu\u011fu Yaylas\u0131 dahil en iyi 3 kamp alan\u0131n\u0131 listeledik. Komisyon yok! Konumlar","breadcrumb":{"@id":"https:\/\/geziyoo.co\/blog\/pozanti-kamp-alanlari-ve-karavan-alanlari\/#breadcrumb"},"inLanguage":"tr","potentialAction":[{"@type":"ReadAction","target":["https:\/\/geziyoo.co\/blog\/pozanti-kamp-alanlari-ve-karavan-alanlari\/"]}]},{"@type":"ImageObject","inLanguage":"tr","@id":"https:\/\/geziyoo.co\/blog\/pozanti-kamp-alanlari-ve-karavan-alanlari\/#primaryimage","url":"http:\/\/geziyoo.co\/blog\/wp-content\/uploads\/2022\/10\/pozanti-kamp-alanlari.jpg","contentUrl":"http:\/\/geziyoo.co\/blog\/wp-content\/uploads\/2022\/10\/pozanti-kamp-alanlari.jpg","width":1024,"height":708},{"@type":"BreadcrumbList","@id":"https:\/\/geziyoo.co\/blog\/pozanti-kamp-alanlari-ve-karavan-alanlari\/#breadcrumb","itemListElement":[{"@type":"ListItem","position":1,"name":"Ana sayfa","item":"https:\/\/geziyoo.co\/blog\/"},{"@type":"ListItem","position":2,"name":"Pozant\u0131 Geneli Yayla ve Do\u011fa Manzaral\u0131 3+ Kamp Alan\u0131 (\u0130leti\u015fim ve Konum)"}]},{"@type":"WebSite","@id":"https:\/\/geziyoo.co\/blog\/#website","url":"https:\/\/geziyoo.co\/blog\/","name":"Geziyoo Blog","description":"GeziYoo Blog&#039;da T\u00fcrkiye&#039;nin en iyi kamp alanlar\u0131ndan bungalov tatillerine, karavan ipu\u00e7lar\u0131ndan gezi rehberlerine kadar her t\u00fcrl\u00fc do\u011fa deneyimini ke\u015ffedin.","publisher":{"@id":"https:\/\/geziyoo.co\/blog\/#organization"},"potentialAction":[{"@type":"SearchAction","target":{"@type":"EntryPoint","urlTemplate":"https:\/\/geziyoo.co\/blog\/?s={search_term_string}"},"query-input":{"@type":"PropertyValueSpecification","valueRequired":true,"valueName":"search_term_string"}}],"inLanguage":"tr"},{"@type":"Organization","@id":"https:\/\/geziyoo.co\/blog\/#organization","name":"Geziyoo.co","url":"https:\/\/geziyoo.co\/blog\/","logo":{"@type":"ImageObject","inLanguage":"tr","@id":"https:\/\/geziyoo.co\/blog\/#\/schema\/logo\/image\/","url":"https:\/\/geziyoo.co\/blog\/wp-content\/uploads\/2025\/01\/Paragraf-metniniz-3.png","contentUrl":"https:\/\/geziyoo.co\/blog\/wp-content\/uploads\/2025\/01\/Paragraf-metniniz-3.png","width":270,"height":50,"caption":"Geziyoo.co"},"image":{"@id":"https:\/\/geziyoo.co\/blog\/#\/schema\/logo\/image\/"},"sameAs":["https:\/\/www.facebook.com\/Geziyooco","https:\/\/x.com\/geziyoo","https:\/\/tr.pinterest.com\/geziyooco\/","https:\/\/www.youtube.com\/@geziyoo","https:\/\/www.instagram.com\/geziyoo.co\/"]},{"@type":"Person","@id":"https:\/\/geziyoo.co\/blog\/#\/schema\/person\/032acb2436540ed14784e7d978aef0e4","name":"Geziyoo","image":{"@type":"ImageObject","inLanguage":"tr","@id":"https:\/\/geziyoo.co\/blog\/#\/schema\/person\/image\/","url":"https:\/\/secure.gravatar.com\/avatar\/ae212a4514471fdb8cab6e5af4f3c99b940a2d0a16713ea0392c8d7c8a64f30a?s=96&d=mm&r=g","contentUrl":"https:\/\/secure.gravatar.com\/avatar\/ae212a4514471fdb8cab6e5af4f3c99b940a2d0a16713ea0392c8d7c8a64f30a?s=96&d=mm&r=g","caption":"Geziyoo"},"description":"Do\u011fa ile i\u00e7 i\u00e7e olabilece\u011finiz yerler,do\u011fa aktivite alanlar\u0131,kamp alanlar\u0131,bungalov oteller,Tiny House Oteller, Galampingler ve da\u011f evlerinin herkes i\u00e7in ula\u015f\u0131labilir olmas\u0131n\u0131 sa\u011flamak amac\u0131yla Geziyoo\u2019ya 2019 y\u0131l\u0131nda ba\u015flad\u0131k.Do\u011fal Tatil konseptini uygulayan en geni\u015f kapsaml\u0131 sitedir.","sameAs":["https:\/\/geziyoo.co\/","https:\/\/www.facebook.com\/geziyoo.co","https:\/\/www.instagram.com\/geziyoo.co\/","https:\/\/tr.pinterest.com\/geziyooco\/","https:\/\/x.com\/https:\/\/twitter.com\/geziyoo","https:\/\/www.youtube.com\/channel\/UCdiSMa6pe17KEY7DP1Ug4ag"]}]}},"amp_enabled":true,"_links":{"self":[{"href":"http:\/\/geziyoo.co\/blog\/wp-json\/wp\/v2\/posts\/10705","targetHints":{"allow":["GET"]}}],"collection":[{"href":"http:\/\/geziyoo.co\/blog\/wp-json\/wp\/v2\/posts"}],"about":[{"href":"http:\/\/geziyoo.co\/blog\/wp-json\/wp\/v2\/types\/post"}],"author":[{"embeddable":true,"href":"http:\/\/geziyoo.co\/blog\/wp-json\/wp\/v2\/users\/1"}],"replies":[{"embeddable":true,"href":"http:\/\/geziyoo.co\/blog\/wp-json\/wp\/v2\/comments?post=10705"}],"version-history":[{"count":0,"href":"http:\/\/geziyoo.co\/blog\/wp-json\/wp\/v2\/posts\/10705\/revisions"}],"wp:featuredmedia":[{"embeddable":true,"href":"http:\/\/geziyoo.co\/blog\/wp-json\/wp\/v2\/media\/10710"}],"wp:attachment":[{"href":"http:\/\/geziyoo.co\/blog\/wp-json\/wp\/v2\/media?parent=10705"}],"wp:term":[{"taxonomy":"category","embeddable":true,"href":"http:\/\/geziyoo.co\/blog\/wp-json\/wp\/v2\/categories?post=10705"},{"taxonomy":"post_tag","embeddable":true,"href":"http:\/\/geziyoo.co\/blog\/wp-json\/wp\/v2\/tags?post=10705"}],"curies":[{"name":"wp","href":"https:\/\/api.w.org\/{rel}","templated":true}]}}